{"id":11705,"date":"2026-04-22T12:24:37","date_gmt":"2026-04-22T15:24:37","guid":{"rendered":"https:\/\/meunegocio.uol.com.br\/blog\/?p=11705"},"modified":"2026-04-22T12:25:14","modified_gmt":"2026-04-22T15:25:14","slug":"maes-empreendedoras-desafios","status":"publish","type":"post","link":"https:\/\/uolhost.uol.com.br\/blog\/maes-empreendedoras-desafios\/","title":{"rendered":"M\u00e3es empreendedoras: desafios reais e caminhos para crescer seu neg\u00f3cio"},"content":{"rendered":"\n<h2 class=\"wp-block-heading\">M\u00e3es empreendedoras equilibram a gest\u00e3o dos neg\u00f3cios com a rotina familiar, transformando desafios em oportunidades de crescimento. Com organiza\u00e7\u00e3o, autonomia e vis\u00e3o estrat\u00e9gica, elas criam solu\u00e7\u00f5es inovadoras, fortalecem a renda e conquistam independ\u00eancia, enquanto redefinem o papel da mulher no mercado e na sociedade.<\/h2>\n\n\n\n<p>A maternidade traz muitos desafios para as m\u00e3es. De um lado, est\u00e3o as que, mesmo cansadas, continuam a sua dupla jornada para dar conta de todas as obriga\u00e7\u00f5es. \u00c9 em meio a esse cen\u00e1rio que surgem as <strong>m\u00e3es empreendedoras<\/strong>!&nbsp;<\/p>\n\n\n\n<p>Pensando em aumentar a renda da fam\u00edlia, passar mais tempo com os filhos ou realizar um sonho, o fato \u00e9 que elas est\u00e3o cada vez mais presentes no <a href=\"https:\/\/uolhost.uol.com.br\/blog\/empreendedorismo-em-alta\/\">mercado empreendedor.<\/a>&nbsp;<\/p>\n\n\n\n<p>Uma <a href=\"https:\/\/rme.net.br\/perfil-das-empreendedoras-brasileiras-em-2025\/\">pesquisa realizada pela Rede Mulher Empreendedora (RME)<\/a> mostrou que 7 em cada 10 empreendedoras no Brasil s\u00e3o m\u00e3es, e 1 em cada 3 s\u00e3o m\u00e3es solos.&nbsp;<\/p>\n\n\n\n<p>Conciliar maternidade e empreendedorismo exige organiza\u00e7\u00e3o, escolhas conscientes e adapta\u00e7\u00e3o constante \u00e0 rotina. Muitas mulheres tamb\u00e9m encontram no digital uma forma de viabilizar esse equil\u00edbrio, ao <a href=\"https:\/\/uolhost.uol.com.br\/criador-de-sites\">criar site<\/a> para vender produtos ou servi\u00e7os com mais flexibilidade.&nbsp;<\/p>\n\n\n\n<p>Neste artigo, confira caminhos pr\u00e1ticos para empreender sem abrir m\u00e3o da sua presen\u00e7a como m\u00e3e e sem carregar culpa nesse processo.<\/p>\n\n\n\n<h3 class=\"wp-block-heading\">Como come\u00e7ar a empreender sendo m\u00e3e?<\/h3>\n\n\n\n<p>Empreender sendo m\u00e3e envolve conciliar gera\u00e7\u00e3o de renda com a rotina familiar, usando o tempo de forma estrat\u00e9gica e escolhendo um modelo de neg\u00f3cio compat\u00edvel com a realidade da casa. O ponto de partida n\u00e3o \u00e9 ter tudo pronto, e sim clareza sobre prioridades, disponibilidade e <a href=\"https:\/\/uolhost.uol.com.br\/blog\/como-definir-metas-para-o-meu-negocio\/\">objetivo financeiro e de neg\u00f3cio<\/a>.<\/p>\n\n\n\n<p>O primeiro passo \u00e9 <a href=\"https:\/\/uolhost.uol.com.br\/blog\/produtos-mais-vendidos-na-internet\/\">definir o que vender<\/a> ou oferecer. Avalie habilidades j\u00e1 dominadas, experi\u00eancias profissionais e demandas do mercado. Servi\u00e7os digitais, revenda, produ\u00e7\u00e3o artesanal, consultorias e infoprodutos costumam funcionar bem por permitirem flexibilidade.&nbsp;<\/p>\n\n\n\n<p>A escolha deve considerar margem de lucro, facilidade de execu\u00e7\u00e3o e possibilidade de escala.<\/p>\n\n\n\n<p>Em seguida, organize a rotina. Estabele\u00e7a blocos de trabalho realistas, respeitando hor\u00e1rios das crian\u00e7as, apoio dispon\u00edvel e momentos de descanso. Planejamento simples, com metas semanais e tarefas bem definidas, ajuda a manter consist\u00eancia mesmo com imprevistos.<\/p>\n\n\n\n<h3 class=\"wp-block-heading\">Quais s\u00e3o os principais desafios das m\u00e3es empreendedoras e como super\u00e1-los?<\/h3>\n\n\n\n<p>M\u00e3es empreendedoras lidam com uma combina\u00e7\u00e3o de press\u00f5es profissionais e responsabilidades familiares que exige organiza\u00e7\u00e3o, clareza de prioridades e adapta\u00e7\u00e3o constante. A seguir, est\u00e3o os principais desafios e caminhos pr\u00e1ticos para lidar com cada um deles:<\/p>\n\n\n\n<h4 class=\"wp-block-heading\">1. Gest\u00e3o do tempo<\/h4>\n\n\n\n<p>Conciliar demandas do neg\u00f3cio com cuidados com os filhos costuma gerar sobrecarga.&nbsp;<\/p>\n\n\n\n<p>A solu\u00e7\u00e3o passa por estruturar uma rotina flex\u00edvel, definir hor\u00e1rios produtivos e usar ferramentas simples de planejamento. Delegar tarefas dom\u00e9sticas ou operacionais tamb\u00e9m libera energia para <a href=\"https:\/\/uolhost.uol.com.br\/blog\/6-dicas-para-tomar-melhores-decisoes-para-sua-pequena-empresa\/\">decis\u00f5es estrat\u00e9gicas<\/a>.<\/p>\n\n\n\n<h4 class=\"wp-block-heading\">2. Culpa e press\u00e3o social<\/h4>\n\n\n\n<p>Muitas mulheres enfrentam cobran\u00e7as externas e internas por n\u00e3o estarem \u201cpresentes o suficiente\u201d em todas as \u00e1reas.&nbsp;<\/p>\n\n\n\n<p>Trabalhar a autopercep\u00e7\u00e3o \u00e9 importante: entender que equil\u00edbrio n\u00e3o significa perfei\u00e7\u00e3o ajuda a reduzir esse peso. Redes de apoio, conversas com outras m\u00e3es e acompanhamento psicol\u00f3gico podem contribuir.<\/p>\n\n\n\n<h4 class=\"wp-block-heading\">3. Instabilidade financeira<\/h4>\n\n\n\n<p>Empreender envolve riscos, e a renda pode variar, principalmente no in\u00edcio. Para lidar com isso, \u00e9 recomend\u00e1vel montar uma reserva de seguran\u00e7a, separar finan\u00e7as pessoais das empresariais e acompanhar indicadores b\u00e1sicos do neg\u00f3cio. <a href=\"https:\/\/uolhost.uol.com.br\/blog\/ferramenta-planejamento-financeiro\/\">Planejamento financeiro<\/a> simples j\u00e1 traz mais previsibilidade.<br><\/p>\n\n\n\n<h4 class=\"wp-block-heading\">4. Falta de rede de apoio<\/h4>\n\n\n\n<p>Sem suporte, a rotina fica mais dif\u00edcil de sustentar. Buscar ajuda na fam\u00edlia, amigos ou servi\u00e7os especializados faz diferen\u00e7a. Al\u00e9m disso, comunidades de m\u00e3es empreendedoras oferecem troca de experi\u00eancias, indica\u00e7\u00f5es e at\u00e9 parcerias profissionais.<\/p>\n\n\n\n<h4 class=\"wp-block-heading\">5. Dificuldade de crescimento do neg\u00f3cio<\/h4>\n\n\n\n<p>Com menos tempo dispon\u00edvel, expandir pode parecer mais lento. A sa\u00edda est\u00e1 em otimizar processos, automatizar tarefas repetitivas e focar em atividades que geram mais retorno. Investir em capacita\u00e7\u00e3o direcionada tamb\u00e9m acelera resultados sem exigir carga excessiva de trabalho.<\/p>\n\n\n\n<h4 class=\"wp-block-heading\">6. Sa\u00fade f\u00edsica e mental<\/h4>\n\n\n\n<p>A sobrecarga pode levar ao esgotamento. Criar pausas ao longo do dia, manter h\u00e1bitos b\u00e1sicos de autocuidado e respeitar limites evita quedas de produtividade e problemas mais s\u00e9rios. Pequenas mudan\u00e7as consistentes t\u00eam impacto real.<\/p>\n\n\n\n<p><strong>Veja mais: <\/strong><a href=\"https:\/\/uolhost.uol.com.br\/blog\/empreendedor-competencias-e-visoes\/\"><strong>O que \u00e9 preciso para ser empreendedor no Brasil? Compet\u00eancias e vis\u00f5es<\/strong><\/a><\/p>\n\n\n\n<h3 class=\"wp-block-heading\">Dicas para m\u00e3es empreendedoras conciliarem neg\u00f3cios e maternidade<\/h3>\n\n\n\n<p>Como se dedicar a uma empresa e, ao mesmo tempo, cuidar dos filhos? A resposta n\u00e3o \u00e9 \u00fanica, j\u00e1 que cada fam\u00edlia tem sua pr\u00f3pria din\u00e2mica.<\/p>\n\n\n\n<p>Ainda assim, esse \u00e9 o desafio de milhares de mulheres no pa\u00eds. Conciliar carreira e maternidade pode gerar culpa, com d\u00favidas sobre o pr\u00f3prio desempenho como m\u00e3e e empreendedora.<\/p>\n\n\n\n<p>Antes das dicas, vale um ponto importante: com equil\u00edbrio entre vida pessoal e profissional e uma boa <a href=\"https:\/\/meunegocio.uol.com.br\/blog\/gestao-do-tempo\/\">gest\u00e3o do tempo<\/a>, a rotina tende a fluir melhor. Vamos \u00e0s dicas?<\/p>\n\n\n\n<h4 class=\"wp-block-heading\">Disciplina para separar fun\u00e7\u00f5es<\/h4>\n\n\n\n<p>A disciplina \u00e9 importante em qualquer \u00e1rea da vida, pois permite organizar o tempo com mais clareza e efici\u00eancia.<\/p>\n\n\n\n<p>Conciliar <a href=\"https:\/\/uolhost.uol.com.br\/blog\/maternidade-e-empreendedorismo\/\">maternidade e empreendedorismo<\/a> traz desafios. \u00c9 poss\u00edvel ter boas ideias de neg\u00f3cio sendo m\u00e3e, e contar com apoio para dividir as tarefas torna a rotina mais leve.<\/p>\n\n\n\n<p>A partir disso, fica mais f\u00e1cil estruturar o dia e distribuir as atividades pessoais e profissionais de forma equilibrada.<\/p>\n\n\n\n<ul class=\"wp-block-list\">\n<li>Coloque tudo o que precisa ser feito no papel (ou aplicativo de organiza\u00e7\u00e3o, se preferir);<br><\/li>\n\n\n\n<li>Separe por categorias: pessoal e profissional;<\/li>\n<\/ul>\n\n\n\n<p><strong>Do lado profissional:<\/strong> inclua todas as tarefas da sua vida pessoal, como levar os filhos ao m\u00e9dico, ir ao supermercado, frequentar a academia e reservar um tempo para cuidar de si.<br><\/p>\n\n\n\n<p><strong>Na parte profissional:<\/strong> voc\u00ea pode incluir demandas da vida profissional, como escolher fornecedores, conversar com clientes e cuidar do pagamento das contas da empresa.<\/p>\n\n\n\n<h4 class=\"wp-block-heading\">Buscar uma rede de apoio<\/h4>\n\n\n\n<p>Quando se pode contar com a ajuda de pessoas pr\u00f3ximas ou at\u00e9 familiares, tudo fica mais f\u00e1cil. Quando a mulher tem ajuda, ela conseguir\u00e1 ter tempo para realizar outras tarefas igualmente importantes.&nbsp;<\/p>\n\n\n\n<p>Al\u00e9m disso, existem in\u00fameros projetos que apoiam as m\u00e3es que est\u00e3o \u00e0 frente do seu neg\u00f3cio, como:<br><\/p>\n\n\n\n<ul class=\"wp-block-list\">\n<li>Maternativa, uma startup que re\u00fane mais de 22 mil m\u00e3es e organiza encontros gratuitos entre elas.<\/li>\n\n\n\n<li>B2Mamy, uma aceleradora de neg\u00f3cios que promove a intera\u00e7\u00e3o entre as m\u00e3es, realizando cursos, congressos e um clube exclusivo para divulgar produtos e uma mentoria.<\/li>\n\n\n\n<li>Rede Mulher Empreendedora, uma das primeiras redes de apoio ao empreendedorismo feminino no pa\u00eds.<\/li>\n<\/ul>\n\n\n\n<h4 class=\"wp-block-heading\">Ter resili\u00eancia \u00e9 essencial&nbsp;<\/h4>\n\n\n\n<p>Enfrentar momentos dif\u00edceis fortalece a resili\u00eancia. Quando cada desafio \u00e9 superado com determina\u00e7\u00e3o, aceita\u00e7\u00e3o e calma, o cen\u00e1rio se reorganiza e os resultados positivos come\u00e7am a surgir.<\/p>\n\n\n\n<p>M\u00e3es empreendedoras reconhecem os obst\u00e1culos tanto na cria\u00e7\u00e3o dos filhos quanto na gest\u00e3o do neg\u00f3cio. Ainda assim, mant\u00e9m o foco no crescimento e na diferencia\u00e7\u00e3o no mercado, persistindo at\u00e9 <a href=\"https:\/\/uolhost.uol.com.br\/blog\/plano-de-metas\/\">alcan\u00e7ar seus objetivos<\/a>.<\/p>\n\n\n\n<h4 class=\"wp-block-heading\">Desenvolver capacidade de autogest\u00e3o&nbsp;<\/h4>\n\n\n\n<p>A autogest\u00e3o ajuda a equilibrar as demandas do neg\u00f3cio e da rotina dom\u00e9stica, permitindo que voc\u00ea organize melhor o tempo e mantenha momentos dedicados \u00e0 fam\u00edlia, com hor\u00e1rios definidos para as atividades profissionais.<\/p>\n\n\n\n<p>Criar uma rotina para os filhos facilita a identifica\u00e7\u00e3o das necessidades di\u00e1rias, como hor\u00e1rios para dormir, acordar, se alimentar, tomar banho, passear e realizar tarefas escolares.<\/p>\n\n\n\n<p>Com essa organiza\u00e7\u00e3o, fica mais simples estruturar a agenda da empresa, definindo per\u00edodos para elaborar relat\u00f3rios, entrar em contato com fornecedores e clientes e conduzir as demais atividades do neg\u00f3cio.<\/p>\n\n\n\n<p>Para te ajudar nessa jornada de m\u00e3e empreendedora, <a href=\"https:\/\/meunegocio.uol.com.br\/blog\/conheca-todos-os-produtos-do-uol-meu-negocio\/\">confira todos os produtos do UOL Host<\/a> e escolha o que mais tem a ver com as necessidades do seu neg\u00f3cio!<\/p>\n","protected":false},"excerpt":{"rendered":"<p>M\u00e3es empreendedoras equilibram a gest\u00e3o dos neg\u00f3cios com a rotina familiar, transformando desafios em oportunidades de crescimento. Com organiza\u00e7\u00e3o, autonomia e vis\u00e3o estrat\u00e9gica, elas criam solu\u00e7\u00f5es inovadoras, fortalecem a renda e conquistam independ\u00eancia, enquanto redefinem o papel da mulher no mercado e na sociedade. A maternidade traz muitos desafios para as m\u00e3es. De um lado, [&hellip;]<\/p>\n","protected":false},"author":24,"featured_media":20599,"comment_status":"closed","ping_status":"closed","sticky":false,"template":"","format":"standard","meta":{"footnotes":""},"categories":[11,1464,1441],"tags":[687,688,689],"class_list":["post-11705","post","type-post","status-publish","format-standard","has-post-thumbnail","hentry","category-aprendizado-formalizacao","category-jornada-do-empreendedor","category-motivacao","tag-mae-empreendedora","tag-mae-empreendedora-digital","tag-maes-empreendedoras"],"gutentor_comment":0,"yoast_head":"<!-- This site is optimized with the Yoast SEO plugin v26.4 - https:\/\/yoast.com\/wordpress\/plugins\/seo\/ -->\n<title>M\u00e3es empreendedoras: desafios e oportunidades<\/title>\n<meta name=\"description\" content=\"M\u00e3es empreendedoras podem impulsionar seus neg\u00f3cios com planejamento, produtividade e boas estrat\u00e9gias aplicadas.\" \/>\n<meta name=\"robots\" content=\"index, follow, max-snippet:-1, max-image-preview:large, max-video-preview:-1\" \/>\n<link rel=\"canonical\" href=\"https:\/\/uolhost.uol.com.br\/blog\/maes-empreendedoras-desafios\/\" \/>\n<meta property=\"og:locale\" content=\"pt_BR\" \/>\n<meta property=\"og:type\" content=\"article\" \/>\n<meta property=\"og:title\" content=\"M\u00e3es empreendedoras: desafios e oportunidades\" \/>\n<meta property=\"og:description\" content=\"M\u00e3es empreendedoras podem impulsionar seus neg\u00f3cios com planejamento, produtividade e boas estrat\u00e9gias aplicadas.\" \/>\n<meta property=\"og:url\" content=\"https:\/\/uolhost.uol.com.br\/blog\/maes-empreendedoras-desafios\/\" \/>\n<meta property=\"article:published_time\" content=\"2026-04-22T15:24:37+00:00\" \/>\n<meta property=\"article:modified_time\" content=\"2026-04-22T15:25:14+00:00\" \/>\n<meta property=\"og:image\" content=\"https:\/\/uolhost.uol.com.br\/blog\/wp-content\/uploads\/2021\/09\/maes-empreendedoras.jpg\" \/>\n\t<meta property=\"og:image:width\" content=\"1200\" \/>\n\t<meta property=\"og:image:height\" content=\"800\" \/>\n\t<meta property=\"og:image:type\" content=\"image\/jpeg\" \/>\n<meta name=\"author\" content=\"Yuri Torres\" \/>\n<meta name=\"twitter:card\" content=\"summary_large_image\" \/>\n<meta name=\"twitter:label1\" content=\"Escrito por\" \/>\n\t<meta name=\"twitter:data1\" content=\"Yuri Torres\" \/>\n\t<meta name=\"twitter:label2\" content=\"Est. tempo de leitura\" \/>\n\t<meta name=\"twitter:data2\" content=\"7 minutos\" \/>\n<script type=\"application\/ld+json\" class=\"yoast-schema-graph\">{\"@context\":\"https:\/\/schema.org\",\"@graph\":[{\"@type\":\"Article\",\"@id\":\"https:\/\/uolhost.uol.com.br\/blog\/maes-empreendedoras-desafios\/#article\",\"isPartOf\":{\"@id\":\"https:\/\/uolhost.uol.com.br\/blog\/maes-empreendedoras-desafios\/\"},\"author\":{\"name\":\"Yuri Torres\",\"@id\":\"https:\/\/uolhost.uol.com.br\/blog\/#\/schema\/person\/41505c2cd07dc07109e30bea51edee93\"},\"headline\":\"M\u00e3es empreendedoras: desafios reais e caminhos para crescer seu neg\u00f3cio\",\"datePublished\":\"2026-04-22T15:24:37+00:00\",\"dateModified\":\"2026-04-22T15:25:14+00:00\",\"mainEntityOfPage\":{\"@id\":\"https:\/\/uolhost.uol.com.br\/blog\/maes-empreendedoras-desafios\/\"},\"wordCount\":1353,\"publisher\":{\"@id\":\"https:\/\/uolhost.uol.com.br\/blog\/#organization\"},\"image\":{\"@id\":\"https:\/\/uolhost.uol.com.br\/blog\/maes-empreendedoras-desafios\/#primaryimage\"},\"thumbnailUrl\":\"https:\/\/uolhost.uol.com.br\/blog\/wp-content\/uploads\/2021\/09\/maes-empreendedoras.jpg?wsr\",\"keywords\":[\"m\u00e3e empreendedora\",\"m\u00e3e empreendedora digital\",\"m\u00e3es empreendedoras\"],\"articleSection\":[\"Aprendizado e Formaliza\u00e7\u00e3o\",\"Jornada do Empreendedor\",\"Motiva\u00e7\u00e3o\"],\"inLanguage\":\"pt-BR\"},{\"@type\":\"WebPage\",\"@id\":\"https:\/\/uolhost.uol.com.br\/blog\/maes-empreendedoras-desafios\/\",\"url\":\"https:\/\/uolhost.uol.com.br\/blog\/maes-empreendedoras-desafios\/\",\"name\":\"M\u00e3es empreendedoras: desafios e oportunidades\",\"isPartOf\":{\"@id\":\"https:\/\/uolhost.uol.com.br\/blog\/#website\"},\"primaryImageOfPage\":{\"@id\":\"https:\/\/uolhost.uol.com.br\/blog\/maes-empreendedoras-desafios\/#primaryimage\"},\"image\":{\"@id\":\"https:\/\/uolhost.uol.com.br\/blog\/maes-empreendedoras-desafios\/#primaryimage\"},\"thumbnailUrl\":\"https:\/\/uolhost.uol.com.br\/blog\/wp-content\/uploads\/2021\/09\/maes-empreendedoras.jpg?wsr\",\"datePublished\":\"2026-04-22T15:24:37+00:00\",\"dateModified\":\"2026-04-22T15:25:14+00:00\",\"description\":\"M\u00e3es empreendedoras podem impulsionar seus neg\u00f3cios com planejamento, produtividade e boas estrat\u00e9gias aplicadas.\",\"breadcrumb\":{\"@id\":\"https:\/\/uolhost.uol.com.br\/blog\/maes-empreendedoras-desafios\/#breadcrumb\"},\"inLanguage\":\"pt-BR\",\"potentialAction\":[{\"@type\":\"ReadAction\",\"target\":[\"https:\/\/uolhost.uol.com.br\/blog\/maes-empreendedoras-desafios\/\"]}]},{\"@type\":\"ImageObject\",\"inLanguage\":\"pt-BR\",\"@id\":\"https:\/\/uolhost.uol.com.br\/blog\/maes-empreendedoras-desafios\/#primaryimage\",\"url\":\"https:\/\/uolhost.uol.com.br\/blog\/wp-content\/uploads\/2021\/09\/maes-empreendedoras.jpg?wsr\",\"contentUrl\":\"https:\/\/uolhost.uol.com.br\/blog\/wp-content\/uploads\/2021\/09\/maes-empreendedoras.jpg?wsr\",\"width\":1200,\"height\":800,\"caption\":\"M\u00e3e empreendedora trabalhando no laptop enquanto segura o filho no colo, conciliando rotina profissional e cuidados com a fam\u00edlia em casa.\"},{\"@type\":\"BreadcrumbList\",\"@id\":\"https:\/\/uolhost.uol.com.br\/blog\/maes-empreendedoras-desafios\/#breadcrumb\",\"itemListElement\":[{\"@type\":\"ListItem\",\"position\":1,\"name\":\"In\u00edcio\",\"item\":\"https:\/\/uolhost.uol.com.br\/blog\/\"},{\"@type\":\"ListItem\",\"position\":2,\"name\":\"M\u00e3es empreendedoras: desafios reais e caminhos para crescer seu neg\u00f3cio\"}]},{\"@type\":\"WebSite\",\"@id\":\"https:\/\/uolhost.uol.com.br\/blog\/#website\",\"url\":\"https:\/\/uolhost.uol.com.br\/blog\/\",\"name\":\"Blog UOL Host\",\"description\":\"\",\"publisher\":{\"@id\":\"https:\/\/uolhost.uol.com.br\/blog\/#organization\"},\"potentialAction\":[{\"@type\":\"SearchAction\",\"target\":{\"@type\":\"EntryPoint\",\"urlTemplate\":\"https:\/\/uolhost.uol.com.br\/blog\/?s={search_term_string}\"},\"query-input\":{\"@type\":\"PropertyValueSpecification\",\"valueRequired\":true,\"valueName\":\"search_term_string\"}}],\"inLanguage\":\"pt-BR\"},{\"@type\":\"Organization\",\"@id\":\"https:\/\/uolhost.uol.com.br\/blog\/#organization\",\"name\":\"Blog UOL Host\",\"url\":\"https:\/\/uolhost.uol.com.br\/blog\/\",\"logo\":{\"@type\":\"ImageObject\",\"inLanguage\":\"pt-BR\",\"@id\":\"https:\/\/uolhost.uol.com.br\/blog\/#\/schema\/logo\/image\/\",\"url\":\"https:\/\/uolhost.uol.com.br\/blog\/wp-content\/uploads\/2025\/01\/UOL_Host.png?wsr\",\"contentUrl\":\"https:\/\/uolhost.uol.com.br\/blog\/wp-content\/uploads\/2025\/01\/UOL_Host.png?wsr\",\"width\":2000,\"height\":393,\"caption\":\"Blog UOL Host\"},\"image\":{\"@id\":\"https:\/\/uolhost.uol.com.br\/blog\/#\/schema\/logo\/image\/\"}},{\"@type\":\"Person\",\"@id\":\"https:\/\/uolhost.uol.com.br\/blog\/#\/schema\/person\/41505c2cd07dc07109e30bea51edee93\",\"name\":\"Yuri Torres\",\"image\":{\"@type\":\"ImageObject\",\"inLanguage\":\"pt-BR\",\"@id\":\"https:\/\/uolhost.uol.com.br\/blog\/#\/schema\/person\/image\/\",\"url\":\"https:\/\/secure.gravatar.com\/avatar\/4c96a05faea9fdf86f95d5b723e438c9cc14ad5c342d76486e5a4c8ac8259492?s=96&d=mm&r=g\",\"contentUrl\":\"https:\/\/secure.gravatar.com\/avatar\/4c96a05faea9fdf86f95d5b723e438c9cc14ad5c342d76486e5a4c8ac8259492?s=96&d=mm&r=g\",\"caption\":\"Yuri Torres\"},\"description\":\"Profissional de Reda\u00e7\u00e3o e Marketing, com 10 anos de experi\u00eancia no desenvolvimento de estrat\u00e9gias de conte\u00fado voltadas \u00e0 comunica\u00e7\u00e3o de marcas. Atua na cria\u00e7\u00e3o de materiais que fortalecem a presen\u00e7a digital, ampliam o engajamento e contribuem para o alcance de resultados alinhados aos objetivos de neg\u00f3cio, com experi\u00eancia no atendimento a empresas de diferentes segmentos. LinkedIn\",\"sameAs\":[\"https:\/\/www.linkedin.com\/in\/yuri-torres-271093108\/\"],\"url\":\"https:\/\/uolhost.uol.com.br\/blog\/author\/yuri-torres\/\"}]}<\/script>\n<!-- \/ Yoast SEO plugin. -->","yoast_head_json":{"title":"M\u00e3es empreendedoras: desafios e oportunidades","description":"M\u00e3es empreendedoras podem impulsionar seus neg\u00f3cios com planejamento, produtividade e boas estrat\u00e9gias aplicadas.","robots":{"index":"index","follow":"follow","max-snippet":"max-snippet:-1","max-image-preview":"max-image-preview:large","max-video-preview":"max-video-preview:-1"},"canonical":"https:\/\/uolhost.uol.com.br\/blog\/maes-empreendedoras-desafios\/","og_locale":"pt_BR","og_type":"article","og_title":"M\u00e3es empreendedoras: desafios e oportunidades","og_description":"M\u00e3es empreendedoras podem impulsionar seus neg\u00f3cios com planejamento, produtividade e boas estrat\u00e9gias aplicadas.","og_url":"https:\/\/uolhost.uol.com.br\/blog\/maes-empreendedoras-desafios\/","article_published_time":"2026-04-22T15:24:37+00:00","article_modified_time":"2026-04-22T15:25:14+00:00","og_image":[{"width":1200,"height":800,"url":"https:\/\/uolhost.uol.com.br\/blog\/wp-content\/uploads\/2021\/09\/maes-empreendedoras.jpg","type":"image\/jpeg"}],"author":"Yuri Torres","twitter_card":"summary_large_image","twitter_misc":{"Escrito por":"Yuri Torres","Est. tempo de leitura":"7 minutos"},"schema":{"@context":"https:\/\/schema.org","@graph":[{"@type":"Article","@id":"https:\/\/uolhost.uol.com.br\/blog\/maes-empreendedoras-desafios\/#article","isPartOf":{"@id":"https:\/\/uolhost.uol.com.br\/blog\/maes-empreendedoras-desafios\/"},"author":{"name":"Yuri Torres","@id":"https:\/\/uolhost.uol.com.br\/blog\/#\/schema\/person\/41505c2cd07dc07109e30bea51edee93"},"headline":"M\u00e3es empreendedoras: desafios reais e caminhos para crescer seu neg\u00f3cio","datePublished":"2026-04-22T15:24:37+00:00","dateModified":"2026-04-22T15:25:14+00:00","mainEntityOfPage":{"@id":"https:\/\/uolhost.uol.com.br\/blog\/maes-empreendedoras-desafios\/"},"wordCount":1353,"publisher":{"@id":"https:\/\/uolhost.uol.com.br\/blog\/#organization"},"image":{"@id":"https:\/\/uolhost.uol.com.br\/blog\/maes-empreendedoras-desafios\/#primaryimage"},"thumbnailUrl":"https:\/\/uolhost.uol.com.br\/blog\/wp-content\/uploads\/2021\/09\/maes-empreendedoras.jpg?wsr","keywords":["m\u00e3e empreendedora","m\u00e3e empreendedora digital","m\u00e3es empreendedoras"],"articleSection":["Aprendizado e Formaliza\u00e7\u00e3o","Jornada do Empreendedor","Motiva\u00e7\u00e3o"],"inLanguage":"pt-BR"},{"@type":"WebPage","@id":"https:\/\/uolhost.uol.com.br\/blog\/maes-empreendedoras-desafios\/","url":"https:\/\/uolhost.uol.com.br\/blog\/maes-empreendedoras-desafios\/","name":"M\u00e3es empreendedoras: desafios e oportunidades","isPartOf":{"@id":"https:\/\/uolhost.uol.com.br\/blog\/#website"},"primaryImageOfPage":{"@id":"https:\/\/uolhost.uol.com.br\/blog\/maes-empreendedoras-desafios\/#primaryimage"},"image":{"@id":"https:\/\/uolhost.uol.com.br\/blog\/maes-empreendedoras-desafios\/#primaryimage"},"thumbnailUrl":"https:\/\/uolhost.uol.com.br\/blog\/wp-content\/uploads\/2021\/09\/maes-empreendedoras.jpg?wsr","datePublished":"2026-04-22T15:24:37+00:00","dateModified":"2026-04-22T15:25:14+00:00","description":"M\u00e3es empreendedoras podem impulsionar seus neg\u00f3cios com planejamento, produtividade e boas estrat\u00e9gias aplicadas.","breadcrumb":{"@id":"https:\/\/uolhost.uol.com.br\/blog\/maes-empreendedoras-desafios\/#breadcrumb"},"inLanguage":"pt-BR","potentialAction":[{"@type":"ReadAction","target":["https:\/\/uolhost.uol.com.br\/blog\/maes-empreendedoras-desafios\/"]}]},{"@type":"ImageObject","inLanguage":"pt-BR","@id":"https:\/\/uolhost.uol.com.br\/blog\/maes-empreendedoras-desafios\/#primaryimage","url":"https:\/\/uolhost.uol.com.br\/blog\/wp-content\/uploads\/2021\/09\/maes-empreendedoras.jpg?wsr","contentUrl":"https:\/\/uolhost.uol.com.br\/blog\/wp-content\/uploads\/2021\/09\/maes-empreendedoras.jpg?wsr","width":1200,"height":800,"caption":"M\u00e3e empreendedora trabalhando no laptop enquanto segura o filho no colo, conciliando rotina profissional e cuidados com a fam\u00edlia em casa."},{"@type":"BreadcrumbList","@id":"https:\/\/uolhost.uol.com.br\/blog\/maes-empreendedoras-desafios\/#breadcrumb","itemListElement":[{"@type":"ListItem","position":1,"name":"In\u00edcio","item":"https:\/\/uolhost.uol.com.br\/blog\/"},{"@type":"ListItem","position":2,"name":"M\u00e3es empreendedoras: desafios reais e caminhos para crescer seu neg\u00f3cio"}]},{"@type":"WebSite","@id":"https:\/\/uolhost.uol.com.br\/blog\/#website","url":"https:\/\/uolhost.uol.com.br\/blog\/","name":"Blog UOL Host","description":"","publisher":{"@id":"https:\/\/uolhost.uol.com.br\/blog\/#organization"},"potentialAction":[{"@type":"SearchAction","target":{"@type":"EntryPoint","urlTemplate":"https:\/\/uolhost.uol.com.br\/blog\/?s={search_term_string}"},"query-input":{"@type":"PropertyValueSpecification","valueRequired":true,"valueName":"search_term_string"}}],"inLanguage":"pt-BR"},{"@type":"Organization","@id":"https:\/\/uolhost.uol.com.br\/blog\/#organization","name":"Blog UOL Host","url":"https:\/\/uolhost.uol.com.br\/blog\/","logo":{"@type":"ImageObject","inLanguage":"pt-BR","@id":"https:\/\/uolhost.uol.com.br\/blog\/#\/schema\/logo\/image\/","url":"https:\/\/uolhost.uol.com.br\/blog\/wp-content\/uploads\/2025\/01\/UOL_Host.png?wsr","contentUrl":"https:\/\/uolhost.uol.com.br\/blog\/wp-content\/uploads\/2025\/01\/UOL_Host.png?wsr","width":2000,"height":393,"caption":"Blog UOL Host"},"image":{"@id":"https:\/\/uolhost.uol.com.br\/blog\/#\/schema\/logo\/image\/"}},{"@type":"Person","@id":"https:\/\/uolhost.uol.com.br\/blog\/#\/schema\/person\/41505c2cd07dc07109e30bea51edee93","name":"Yuri Torres","image":{"@type":"ImageObject","inLanguage":"pt-BR","@id":"https:\/\/uolhost.uol.com.br\/blog\/#\/schema\/person\/image\/","url":"https:\/\/secure.gravatar.com\/avatar\/4c96a05faea9fdf86f95d5b723e438c9cc14ad5c342d76486e5a4c8ac8259492?s=96&d=mm&r=g","contentUrl":"https:\/\/secure.gravatar.com\/avatar\/4c96a05faea9fdf86f95d5b723e438c9cc14ad5c342d76486e5a4c8ac8259492?s=96&d=mm&r=g","caption":"Yuri Torres"},"description":"Profissional de Reda\u00e7\u00e3o e Marketing, com 10 anos de experi\u00eancia no desenvolvimento de estrat\u00e9gias de conte\u00fado voltadas \u00e0 comunica\u00e7\u00e3o de marcas. Atua na cria\u00e7\u00e3o de materiais que fortalecem a presen\u00e7a digital, ampliam o engajamento e contribuem para o alcance de resultados alinhados aos objetivos de neg\u00f3cio, com experi\u00eancia no atendimento a empresas de diferentes segmentos. LinkedIn","sameAs":["https:\/\/www.linkedin.com\/in\/yuri-torres-271093108\/"],"url":"https:\/\/uolhost.uol.com.br\/blog\/author\/yuri-torres\/"}]}},"_links":{"self":[{"href":"https:\/\/uolhost.uol.com.br\/blog\/wp-json\/wp\/v2\/posts\/11705","targetHints":{"allow":["GET"]}}],"collection":[{"href":"https:\/\/uolhost.uol.com.br\/blog\/wp-json\/wp\/v2\/posts"}],"about":[{"href":"https:\/\/uolhost.uol.com.br\/blog\/wp-json\/wp\/v2\/types\/post"}],"author":[{"embeddable":true,"href":"https:\/\/uolhost.uol.com.br\/blog\/wp-json\/wp\/v2\/users\/24"}],"replies":[{"embeddable":true,"href":"https:\/\/uolhost.uol.com.br\/blog\/wp-json\/wp\/v2\/comments?post=11705"}],"version-history":[{"count":3,"href":"https:\/\/uolhost.uol.com.br\/blog\/wp-json\/wp\/v2\/posts\/11705\/revisions"}],"predecessor-version":[{"id":20601,"href":"https:\/\/uolhost.uol.com.br\/blog\/wp-json\/wp\/v2\/posts\/11705\/revisions\/20601"}],"wp:featuredmedia":[{"embeddable":true,"href":"https:\/\/uolhost.uol.com.br\/blog\/wp-json\/wp\/v2\/media\/20599"}],"wp:attachment":[{"href":"https:\/\/uolhost.uol.com.br\/blog\/wp-json\/wp\/v2\/media?parent=11705"}],"wp:term":[{"taxonomy":"category","embeddable":true,"href":"https:\/\/uolhost.uol.com.br\/blog\/wp-json\/wp\/v2\/categories?post=11705"},{"taxonomy":"post_tag","embeddable":true,"href":"https:\/\/uolhost.uol.com.br\/blog\/wp-json\/wp\/v2\/tags?post=11705"}],"curies":[{"name":"wp","href":"https:\/\/api.w.org\/{rel}","templated":true}]}}