{"id":11727,"date":"2021-09-20T14:50:26","date_gmt":"2021-09-20T17:50:26","guid":{"rendered":"https:\/\/meunegocio.uol.com.br\/blog\/?p=11727"},"modified":"2026-01-14T22:25:51","modified_gmt":"2026-01-15T01:25:51","slug":"09-melhores-podcasts-para-empreendedores","status":"publish","type":"post","link":"https:\/\/uolhost.uol.com.br\/blog\/09-melhores-podcasts-para-empreendedores\/","title":{"rendered":"09 Melhores podcasts para empreendedores"},"content":{"rendered":"\n<p>Os podcasts est\u00e3o super em alta! Aqui no Brasil, por exemplo, aumenta a cada dia o n\u00famero de pessoas que escutam podcasts de diferentes assuntos, principalmente depois da pandemia, j\u00e1 que elas passaram a ficar mais tempo online e a consumir mais conte\u00fado na internet.<\/p>\n\n\n\n<p>Essa \u00e9 uma forma simples de transmitir a mensagem \u00e0s pessoas, levando conhecimento e interatividade atrav\u00e9s do \u00e1udio. Listamos neste artigo os 9 melhores <strong>podcasts para empreendedores <\/strong>serem ainda mais produtivos no dia a dia!<\/p>\n\n\n\n<h2 class=\"wp-block-heading\">Os melhores podcasts para empreendedores<\/h2>\n\n\n\n<p>Os podcasts j\u00e1 conquistaram mais de 34,6 milh\u00f5es de brasileiros, de acordo com a <a href=\"https:\/\/abpod.org\/wp-content\/uploads\/2020\/12\/Podpesquisa-Produtor-2020-2021_Abpod-Resultados.pdf\" target=\"_blank\" rel=\"noreferrer noopener\"><strong>Pod Pesquisa<\/strong><\/a>, realizada em 2020.<\/p>\n\n\n\n<p>Voc\u00ea pode escutar um \u00e1udio a qualquer hora do dia, enquanto est\u00e1 trabalhando, praticando atividades f\u00edsicas e at\u00e9 mesmo dirigindo pela cidade.&nbsp;<\/p>\n\n\n\n<p>Essa \u00e9 uma das fun\u00e7\u00f5es do podcast: unir conhecimento de valor, com a praticidade de acess\u00e1-lo a qualquer momento.&nbsp;<\/p>\n\n\n\n<p>As pessoas podem escutar podcast de diferentes assuntos para enriquecer em seu trabalho, tornando-se um diferencial para aumentar a criatividade e otimiza\u00e7\u00e3o de tempo. Vamos \u00e0 lista de <strong>podcasts para empreendedores<\/strong>?&nbsp;<\/p>\n\n\n\n<ol class=\"wp-block-list\"><li><a href=\"https:\/\/www.ted.com\/talks?language=pt-br\" target=\"_blank\" rel=\"noreferrer noopener\"><strong>TED Talks Neg\u00f3cios&nbsp;<\/strong><\/a><\/li><\/ol>\n\n\n\n<p>TED \u00e9 a sigla para Tecnologia, Entretenimento e Design, sendo um evento voltado para o mundo dos neg\u00f3cios que \u00e9 realizado nas Am\u00e9ricas, \u00c1sia e Europa, transmitido em 18 minutos para o mundo todo na internet.&nbsp;<\/p>\n\n\n\n<p>Quem come\u00e7ou com o projeto de TED Talks foi Richard Wurman, em 1984. A ideia era criar algo \u00fanico e que inspirasse a contar hist\u00f3rias de sucesso. Depois de seis anos, a primeira confer\u00eancia foi ao ar voltada para o tema de tecnologia.&nbsp;<\/p>\n\n\n\n<p>Ap\u00f3s isso, Chris Anderson come\u00e7ou a trazer novos temas e formatos para que os podcasts passassem a acontecer com mais frequ\u00eancia, alcan\u00e7ando novos pa\u00edses para al\u00e9m dos Estados Unidos.&nbsp;<\/p>\n\n\n\n<ol class=\"wp-block-list\" start=\"2\"><li><a href=\"https:\/\/jovemnerd.com.br\/nerdcast\/empreendedor\/medo-de-empreender\/\" target=\"_blank\" rel=\"noreferrer noopener\"><strong>Nerdcast Empreendedor<\/strong><\/a><\/li><\/ol>\n\n\n\n<p>Esse \u00e9 um dos <strong>podcasts para empreendedores<\/strong> que re\u00fanem li\u00e7\u00f5es de como ser dono do seu pr\u00f3prio neg\u00f3cio, tornando-se um dos mais ouvidos do Brasil. O assunto principal \u00e9 cultura geek (para pessoas f\u00e3s de tecnologia, jogos eletr\u00f4nicos e etc).&nbsp;<\/p>\n\n\n\n<p>Com o passar do tempo, o Nerdcast Empreendedor foi abordando novos temas, tais como o empreendedorismo e neg\u00f3cios, contando com a presen\u00e7a de Fl\u00e1vio Augusto, um dos maiores empres\u00e1rios &#8211; dono da Wise Up e Orlando City Soccer Club &#8211; do Brasil.&nbsp;&nbsp;<\/p>\n\n\n\n<p>Portanto, se voc\u00ea \u00e9 um empreendedor que gosta desse universo de tecnologia e mundo eletr\u00f4nico, esse podcast \u00e9 o ideal!<\/p>\n\n\n\n<ol class=\"wp-block-list\" start=\"3\"><li><a href=\"https:\/\/www.likeaboss.com.br\/\" target=\"_blank\" rel=\"noreferrer noopener\"><strong>Like a Boss<\/strong><\/a><\/li><\/ol>\n\n\n\n<p>Esse podcast foi criado em formato de s\u00e9rie, com epis\u00f3dios e temporadas, onde cada \u00e1udio faz parte de uma certa hist\u00f3ria. Criado por Paulo Silveira, que \u00e9 CEO do grupo Caelum Alura, juntamente com Rodrigo Dantas, da Vindi.&nbsp;<\/p>\n\n\n\n<p>A cada seis meses os conte\u00fados v\u00e3o ao ar e contam com a participa\u00e7\u00e3o de empreendedores como por exemplo, Diego Gomes da Rock Content e tamb\u00e9m Erick Santos, da Resultados Digitais.&nbsp;&nbsp;&nbsp;&nbsp;<\/p>\n\n\n\n<p>A principal inspira\u00e7\u00e3o para os empreendedores que acessarem esse podcast, \u00e9 gerar ainda mais confian\u00e7a para aqueles que possuem um neg\u00f3cio 100% digital, j\u00e1 que muitas vezes \u00e9 dif\u00edcil competir com grandes empresas.&nbsp;<\/p>\n\n\n\n<ol class=\"wp-block-list\" start=\"4\"><li><a href=\"https:\/\/soundcloud.com\/murilogun\" target=\"_blank\" rel=\"noreferrer noopener\"><strong>Guncast<\/strong><\/a><\/li><\/ol>\n\n\n\n<p>Esse podcast \u00e9 comandado pelo professor Murilo Gun, que \u00e9 fundador da Keep Learning School (Escola de Aprendizagem Criativa, localizada em S\u00e3o Paulo) e tamb\u00e9m \u00e9 palestrante na \u00e1rea de empreendedorismo.&nbsp;<\/p>\n\n\n\n<p>A principal sacada desse podcast \u00e9 mais em performance mental para quem est\u00e1 \u00e0 frente do pr\u00f3prio neg\u00f3cio e precisa de uma dose extra de criatividade para lidar psicologicamente com os desafios de ser um empreendedor.&nbsp;<\/p>\n\n\n\n<ol class=\"wp-block-list\" start=\"5\"><li><a href=\"https:\/\/podtail.com\/pt-BR\/podcast\/podcast-6-em-7-erico-rocha\/\" target=\"_blank\" rel=\"noreferrer noopener\"><strong>Podcast 6 em 7<\/strong><\/a><\/li><\/ol>\n\n\n\n<p>Erico Rocha \u00e9 um dos empreendedores da \u00e1rea do marketing digital que comanda o Podcast 6 em 7. Famoso por realizar in\u00fameros lan\u00e7amentos de produtos digitais, Erico ensina aos empreendedores como faturar 6 d\u00edgitos &#8211; ou seja, R$ 100.000,00 &#8211; em 7 dias.<\/p>\n\n\n\n<p>Al\u00e9m disso, ele d\u00e1 dicas de como divulgar melhor o seu neg\u00f3cio, lidar com as rotinas de uma empresa e claro, conseguir fazer os seis d\u00edgitos em sete dias. Vale a pena conferir e aplicar no seu empreendimento para que ele cres\u00e7a ainda mais.<\/p>\n\n\n\n<ol class=\"wp-block-list\" start=\"6\"><li><a href=\"https:\/\/www.oprimorico.com.br\/podcasts\/\" target=\"_blank\" rel=\"noreferrer noopener\"><strong>Primo Cast<\/strong><\/a><\/li><\/ol>\n\n\n\n<p>Quem comanda o Primo Cast \u00e9 Thiago Nigro, fundador do canal do YouTube Primo Rico que tem foco em educa\u00e7\u00e3o financeira. O podcast vai ao ar toda semana.&nbsp;<\/p>\n\n\n\n<p>Thiago \u00e9 considerado hoje como uma das pessoas mais influentes do mundo das finan\u00e7as na internet, dando dicas valiosas e descontra\u00eddas aos empreendedores que desejam melhorar o seu desempenho na <a href=\"https:\/\/meunegocio.uol.com.br\/blog\/04-dicas-para-organizar-o-financeiro-do-seu-negocio\/\" target=\"_blank\" rel=\"noreferrer noopener\"><strong>vida financeira pessoal e profissional<\/strong><\/a>.&nbsp;<\/p>\n\n\n\n<ol class=\"wp-block-list\" start=\"7\"><li><a href=\"https:\/\/www.b9.com.br\/shows\/codigoaberto\/\" target=\"_blank\" rel=\"noreferrer noopener\"><strong>C\u00f3digo Aberto<\/strong><\/a><strong>&nbsp;<\/strong><\/li><\/ol>\n\n\n\n<p>O podcast C\u00f3digo Aberto \u00e9 realizado pela B9, uma ag\u00eancia que cria podcasts com tem\u00e1ticas voltadas para a tecnologia e o futuro das profiss\u00f5es.&nbsp;<\/p>\n\n\n\n<p>Apresentado por Ju Wallauer e Carlos Merigo, esse podcast j\u00e1 entrevistou in\u00fameros representantes de grandes empresas, tais como: Facebook, Rappi, Uber, Ambev, Nestl\u00e9 e Netflix.&nbsp;<\/p>\n\n\n\n<ol class=\"wp-block-list\" start=\"8\"><li><a href=\"https:\/\/www.b9.com.br\/shows\/braincast\/\" target=\"_blank\" rel=\"noreferrer noopener\"><strong>Braincast<\/strong><\/a><\/li><\/ol>\n\n\n\n<p>O Braincast tamb\u00e9m foi criado pela B9, a ag\u00eancia que cria podcasts com tem\u00e1ticas do mundo da tecnologia e de profiss\u00f5es, mas aqui o tema \u00e9 voltado para a cultura, os neg\u00f3cios e a criatividade.&nbsp;<\/p>\n\n\n\n<p>Al\u00e9m disso, ele traz tamb\u00e9m muitas tend\u00eancias de mercado e dicas preciosas para quem est\u00e1 come\u00e7ando a empreender.&nbsp;<\/p>\n\n\n\n<p>Por meio do acesso a esses materiais, como podcasts, <strong>e-books, livros f\u00edsicos e artigos em blogs<\/strong>, os empreendedores conseguem aumentar o seu conhecimento sobre neg\u00f3cios e assim aplicarem no dia a dia.&nbsp;<\/p>\n\n\n\n<ol class=\"wp-block-list\" start=\"9\"><li><strong>Do Zero ao Topo<\/strong><\/li><\/ol>\n\n\n\n<p>Como o nome mesmo j\u00e1 lembra, esse podcast conta os cases de sucesso de milhares de empreendedores que come\u00e7aram do zero e chegaram ao topo. Esse \u00e9 um dos podcasts mais ricos sobre empreendedorismo e de comunica\u00e7\u00e3o do mercado das finan\u00e7as.&nbsp;<\/p>\n\n\n\n<p>As entrevistas s\u00e3o realizadas com representantes de startups como a Gympass, Quinto Andar, Embraer, Renner e Smartfit.&nbsp;<\/p>\n\n\n\n<p>Toda semana tem epis\u00f3dio novo de podcast Do Zero ao topo, cada <a href=\"https:\/\/meunegocio.uol.com.br\/blog\/5-discursos-que-farao-voce-chorar-prepare-os-lencinhos-e-a-pipoca\/\" target=\"_blank\" rel=\"noreferrer noopener\"><strong>hist\u00f3ria diferente e inspiradora <\/strong><\/a>para que os empreendedores possam aproveitar e aplicar no seu neg\u00f3cio.<\/p>\n\n\n\n<p>E por falar em cases de sucesso, no blog do <strong>UOL Meu Neg\u00f3cio<\/strong> voc\u00ea vai conferir in\u00fameras hist\u00f3rias de empreendedores que acreditaram nos seus sonhos e conseguiram vencer na vida.<\/p>\n\n\n\n<p>Os podcasts para empreendedores que mencionamos aqui s\u00e3o materiais que podem ser acessados diariamente, servindo como um guia que traz inspira\u00e7\u00e3o e aquela ideia de: \u201cvoc\u00ea est\u00e1 no caminho certo, ent\u00e3o continue!\u201d<br>Voc\u00ea poder\u00e1 encontrar inspira\u00e7\u00e3o at\u00e9 mesmo nos filmes e hist\u00f3rias em quadrinhos. <a href=\"https:\/\/meunegocio.uol.com.br\/blog\/empreendedorismo\/cases-de-sucessos\/\" target=\"_blank\" rel=\"noreferrer noopener\"><strong>Clique aqui <\/strong><\/a>para conferir o material!<\/p>\n","protected":false},"excerpt":{"rendered":"<p>Os podcasts est\u00e3o super em alta! Aqui no Brasil, por exemplo, aumenta a cada dia o n\u00famero de pessoas que escutam podcasts de diferentes assuntos, principalmente depois da pandemia, j\u00e1 que elas passaram a ficar mais tempo online e a consumir mais conte\u00fado na internet. Essa \u00e9 uma forma simples de transmitir a mensagem \u00e0s [&hellip;]<\/p>\n","protected":false},"author":24,"featured_media":11728,"comment_status":"closed","ping_status":"closed","sticky":false,"template":"","format":"standard","meta":{"footnotes":""},"categories":[18,1441],"tags":[724,875,1033,1034,1035,1036],"class_list":["post-11727","post","type-post","status-publish","format-standard","has-post-thumbnail","hentry","category-ideias-de-negocio","category-motivacao","tag-melhores-podcasts-para-empreendedores","tag-o-que-e-podcast","tag-podcast","tag-podcast-de-empreendedorismo","tag-podcast-para-empreendedores","tag-podcast-sobre-empreendedorismo"],"gutentor_comment":0,"yoast_head":"<!-- This site is optimized with the Yoast SEO plugin v26.4 - https:\/\/yoast.com\/wordpress\/plugins\/seo\/ -->\n<title>09 Melhores podcasts para empreendedores -<\/title>\n<meta name=\"description\" content=\"Que tal aumentar o seu conhecimento por meio de materiais em \u00e1udio? Convidamos voc\u00ea a conferir os melhores podcasts para empreendedores neste artigo!\" \/>\n<meta name=\"robots\" content=\"index, follow, max-snippet:-1, max-image-preview:large, max-video-preview:-1\" \/>\n<link rel=\"canonical\" href=\"https:\/\/uolhost.uol.com.br\/blog\/09-melhores-podcasts-para-empreendedores\/\" \/>\n<meta property=\"og:locale\" content=\"pt_BR\" \/>\n<meta property=\"og:type\" content=\"article\" \/>\n<meta property=\"og:title\" content=\"09 Melhores podcasts para empreendedores -\" \/>\n<meta property=\"og:description\" content=\"Que tal aumentar o seu conhecimento por meio de materiais em \u00e1udio? Convidamos voc\u00ea a conferir os melhores podcasts para empreendedores neste artigo!\" \/>\n<meta property=\"og:url\" content=\"https:\/\/uolhost.uol.com.br\/blog\/09-melhores-podcasts-para-empreendedores\/\" \/>\n<meta property=\"article:published_time\" content=\"2021-09-20T17:50:26+00:00\" \/>\n<meta property=\"article:modified_time\" content=\"2026-01-15T01:25:51+00:00\" \/>\n<meta property=\"og:image\" content=\"https:\/\/uolhost.uol.com.br\/blog\/wp-content\/uploads\/2021\/09\/img-BP_6.png\" \/>\n\t<meta property=\"og:image:width\" content=\"770\" \/>\n\t<meta property=\"og:image:height\" content=\"540\" \/>\n\t<meta property=\"og:image:type\" content=\"image\/png\" \/>\n<meta name=\"author\" content=\"Yuri Torres\" \/>\n<meta name=\"twitter:card\" content=\"summary_large_image\" \/>\n<meta name=\"twitter:label1\" content=\"Escrito por\" \/>\n\t<meta name=\"twitter:data1\" content=\"Yuri Torres\" \/>\n\t<meta name=\"twitter:label2\" content=\"Est. tempo de leitura\" \/>\n\t<meta name=\"twitter:data2\" content=\"6 minutos\" \/>\n<script type=\"application\/ld+json\" class=\"yoast-schema-graph\">{\"@context\":\"https:\/\/schema.org\",\"@graph\":[{\"@type\":\"Article\",\"@id\":\"https:\/\/uolhost.uol.com.br\/blog\/09-melhores-podcasts-para-empreendedores\/#article\",\"isPartOf\":{\"@id\":\"https:\/\/uolhost.uol.com.br\/blog\/09-melhores-podcasts-para-empreendedores\/\"},\"author\":{\"name\":\"Yuri Torres\",\"@id\":\"https:\/\/uolhost.uol.com.br\/blog\/#\/schema\/person\/41505c2cd07dc07109e30bea51edee93\"},\"headline\":\"09 Melhores podcasts para empreendedores\",\"datePublished\":\"2021-09-20T17:50:26+00:00\",\"dateModified\":\"2026-01-15T01:25:51+00:00\",\"mainEntityOfPage\":{\"@id\":\"https:\/\/uolhost.uol.com.br\/blog\/09-melhores-podcasts-para-empreendedores\/\"},\"wordCount\":1111,\"publisher\":{\"@id\":\"https:\/\/uolhost.uol.com.br\/blog\/#organization\"},\"image\":{\"@id\":\"https:\/\/uolhost.uol.com.br\/blog\/09-melhores-podcasts-para-empreendedores\/#primaryimage\"},\"thumbnailUrl\":\"https:\/\/uolhost.uol.com.br\/blog\/wp-content\/uploads\/2021\/09\/img-BP_6.png?wsr\",\"keywords\":[\"melhores podcasts para empreendedores\",\"o que \u00e9 podcast\",\"podcast\",\"podcast de empreendedorismo\",\"podcast para empreendedores\",\"podcast sobre empreendedorismo\"],\"articleSection\":[\"Inspira\u00e7\u00e3o e Ideias de Neg\u00f3cio\",\"Motiva\u00e7\u00e3o\"],\"inLanguage\":\"pt-BR\"},{\"@type\":\"WebPage\",\"@id\":\"https:\/\/uolhost.uol.com.br\/blog\/09-melhores-podcasts-para-empreendedores\/\",\"url\":\"https:\/\/uolhost.uol.com.br\/blog\/09-melhores-podcasts-para-empreendedores\/\",\"name\":\"09 Melhores podcasts para empreendedores -\",\"isPartOf\":{\"@id\":\"https:\/\/uolhost.uol.com.br\/blog\/#website\"},\"primaryImageOfPage\":{\"@id\":\"https:\/\/uolhost.uol.com.br\/blog\/09-melhores-podcasts-para-empreendedores\/#primaryimage\"},\"image\":{\"@id\":\"https:\/\/uolhost.uol.com.br\/blog\/09-melhores-podcasts-para-empreendedores\/#primaryimage\"},\"thumbnailUrl\":\"https:\/\/uolhost.uol.com.br\/blog\/wp-content\/uploads\/2021\/09\/img-BP_6.png?wsr\",\"datePublished\":\"2021-09-20T17:50:26+00:00\",\"dateModified\":\"2026-01-15T01:25:51+00:00\",\"description\":\"Que tal aumentar o seu conhecimento por meio de materiais em \u00e1udio? Convidamos voc\u00ea a conferir os melhores podcasts para empreendedores neste artigo!\",\"breadcrumb\":{\"@id\":\"https:\/\/uolhost.uol.com.br\/blog\/09-melhores-podcasts-para-empreendedores\/#breadcrumb\"},\"inLanguage\":\"pt-BR\",\"potentialAction\":[{\"@type\":\"ReadAction\",\"target\":[\"https:\/\/uolhost.uol.com.br\/blog\/09-melhores-podcasts-para-empreendedores\/\"]}]},{\"@type\":\"ImageObject\",\"inLanguage\":\"pt-BR\",\"@id\":\"https:\/\/uolhost.uol.com.br\/blog\/09-melhores-podcasts-para-empreendedores\/#primaryimage\",\"url\":\"https:\/\/uolhost.uol.com.br\/blog\/wp-content\/uploads\/2021\/09\/img-BP_6.png?wsr\",\"contentUrl\":\"https:\/\/uolhost.uol.com.br\/blog\/wp-content\/uploads\/2021\/09\/img-BP_6.png?wsr\",\"width\":770,\"height\":540,\"caption\":\"Podcast\"},{\"@type\":\"BreadcrumbList\",\"@id\":\"https:\/\/uolhost.uol.com.br\/blog\/09-melhores-podcasts-para-empreendedores\/#breadcrumb\",\"itemListElement\":[{\"@type\":\"ListItem\",\"position\":1,\"name\":\"In\u00edcio\",\"item\":\"https:\/\/uolhost.uol.com.br\/blog\/\"},{\"@type\":\"ListItem\",\"position\":2,\"name\":\"09 Melhores podcasts para empreendedores\"}]},{\"@type\":\"WebSite\",\"@id\":\"https:\/\/uolhost.uol.com.br\/blog\/#website\",\"url\":\"https:\/\/uolhost.uol.com.br\/blog\/\",\"name\":\"Blog UOL Host\",\"description\":\"\",\"publisher\":{\"@id\":\"https:\/\/uolhost.uol.com.br\/blog\/#organization\"},\"potentialAction\":[{\"@type\":\"SearchAction\",\"target\":{\"@type\":\"EntryPoint\",\"urlTemplate\":\"https:\/\/uolhost.uol.com.br\/blog\/?s={search_term_string}\"},\"query-input\":{\"@type\":\"PropertyValueSpecification\",\"valueRequired\":true,\"valueName\":\"search_term_string\"}}],\"inLanguage\":\"pt-BR\"},{\"@type\":\"Organization\",\"@id\":\"https:\/\/uolhost.uol.com.br\/blog\/#organization\",\"name\":\"Blog UOL Host\",\"url\":\"https:\/\/uolhost.uol.com.br\/blog\/\",\"logo\":{\"@type\":\"ImageObject\",\"inLanguage\":\"pt-BR\",\"@id\":\"https:\/\/uolhost.uol.com.br\/blog\/#\/schema\/logo\/image\/\",\"url\":\"https:\/\/uolhost.uol.com.br\/blog\/wp-content\/uploads\/2025\/01\/UOL_Host.png?wsr\",\"contentUrl\":\"https:\/\/uolhost.uol.com.br\/blog\/wp-content\/uploads\/2025\/01\/UOL_Host.png?wsr\",\"width\":2000,\"height\":393,\"caption\":\"Blog UOL Host\"},\"image\":{\"@id\":\"https:\/\/uolhost.uol.com.br\/blog\/#\/schema\/logo\/image\/\"}},{\"@type\":\"Person\",\"@id\":\"https:\/\/uolhost.uol.com.br\/blog\/#\/schema\/person\/41505c2cd07dc07109e30bea51edee93\",\"name\":\"Yuri Torres\",\"image\":{\"@type\":\"ImageObject\",\"inLanguage\":\"pt-BR\",\"@id\":\"https:\/\/uolhost.uol.com.br\/blog\/#\/schema\/person\/image\/\",\"url\":\"https:\/\/secure.gravatar.com\/avatar\/4c96a05faea9fdf86f95d5b723e438c9cc14ad5c342d76486e5a4c8ac8259492?s=96&d=mm&r=g\",\"contentUrl\":\"https:\/\/secure.gravatar.com\/avatar\/4c96a05faea9fdf86f95d5b723e438c9cc14ad5c342d76486e5a4c8ac8259492?s=96&d=mm&r=g\",\"caption\":\"Yuri Torres\"},\"description\":\"Profissional de Reda\u00e7\u00e3o e Marketing, com 10 anos de experi\u00eancia no desenvolvimento de estrat\u00e9gias de conte\u00fado voltadas \u00e0 comunica\u00e7\u00e3o de marcas. Atua na cria\u00e7\u00e3o de materiais que fortalecem a presen\u00e7a digital, ampliam o engajamento e contribuem para o alcance de resultados alinhados aos objetivos de neg\u00f3cio, com experi\u00eancia no atendimento a empresas de diferentes segmentos. LinkedIn\",\"sameAs\":[\"https:\/\/www.linkedin.com\/in\/yuri-torres-271093108\/\"],\"url\":\"https:\/\/uolhost.uol.com.br\/blog\/author\/yuri-torres\/\"}]}<\/script>\n<!-- \/ Yoast SEO plugin. -->","yoast_head_json":{"title":"09 Melhores podcasts para empreendedores -","description":"Que tal aumentar o seu conhecimento por meio de materiais em \u00e1udio? Convidamos voc\u00ea a conferir os melhores podcasts para empreendedores neste artigo!","robots":{"index":"index","follow":"follow","max-snippet":"max-snippet:-1","max-image-preview":"max-image-preview:large","max-video-preview":"max-video-preview:-1"},"canonical":"https:\/\/uolhost.uol.com.br\/blog\/09-melhores-podcasts-para-empreendedores\/","og_locale":"pt_BR","og_type":"article","og_title":"09 Melhores podcasts para empreendedores -","og_description":"Que tal aumentar o seu conhecimento por meio de materiais em \u00e1udio? Convidamos voc\u00ea a conferir os melhores podcasts para empreendedores neste artigo!","og_url":"https:\/\/uolhost.uol.com.br\/blog\/09-melhores-podcasts-para-empreendedores\/","article_published_time":"2021-09-20T17:50:26+00:00","article_modified_time":"2026-01-15T01:25:51+00:00","og_image":[{"width":770,"height":540,"url":"https:\/\/uolhost.uol.com.br\/blog\/wp-content\/uploads\/2021\/09\/img-BP_6.png","type":"image\/png"}],"author":"Yuri Torres","twitter_card":"summary_large_image","twitter_misc":{"Escrito por":"Yuri Torres","Est. tempo de leitura":"6 minutos"},"schema":{"@context":"https:\/\/schema.org","@graph":[{"@type":"Article","@id":"https:\/\/uolhost.uol.com.br\/blog\/09-melhores-podcasts-para-empreendedores\/#article","isPartOf":{"@id":"https:\/\/uolhost.uol.com.br\/blog\/09-melhores-podcasts-para-empreendedores\/"},"author":{"name":"Yuri Torres","@id":"https:\/\/uolhost.uol.com.br\/blog\/#\/schema\/person\/41505c2cd07dc07109e30bea51edee93"},"headline":"09 Melhores podcasts para empreendedores","datePublished":"2021-09-20T17:50:26+00:00","dateModified":"2026-01-15T01:25:51+00:00","mainEntityOfPage":{"@id":"https:\/\/uolhost.uol.com.br\/blog\/09-melhores-podcasts-para-empreendedores\/"},"wordCount":1111,"publisher":{"@id":"https:\/\/uolhost.uol.com.br\/blog\/#organization"},"image":{"@id":"https:\/\/uolhost.uol.com.br\/blog\/09-melhores-podcasts-para-empreendedores\/#primaryimage"},"thumbnailUrl":"https:\/\/uolhost.uol.com.br\/blog\/wp-content\/uploads\/2021\/09\/img-BP_6.png?wsr","keywords":["melhores podcasts para empreendedores","o que \u00e9 podcast","podcast","podcast de empreendedorismo","podcast para empreendedores","podcast sobre empreendedorismo"],"articleSection":["Inspira\u00e7\u00e3o e Ideias de Neg\u00f3cio","Motiva\u00e7\u00e3o"],"inLanguage":"pt-BR"},{"@type":"WebPage","@id":"https:\/\/uolhost.uol.com.br\/blog\/09-melhores-podcasts-para-empreendedores\/","url":"https:\/\/uolhost.uol.com.br\/blog\/09-melhores-podcasts-para-empreendedores\/","name":"09 Melhores podcasts para empreendedores -","isPartOf":{"@id":"https:\/\/uolhost.uol.com.br\/blog\/#website"},"primaryImageOfPage":{"@id":"https:\/\/uolhost.uol.com.br\/blog\/09-melhores-podcasts-para-empreendedores\/#primaryimage"},"image":{"@id":"https:\/\/uolhost.uol.com.br\/blog\/09-melhores-podcasts-para-empreendedores\/#primaryimage"},"thumbnailUrl":"https:\/\/uolhost.uol.com.br\/blog\/wp-content\/uploads\/2021\/09\/img-BP_6.png?wsr","datePublished":"2021-09-20T17:50:26+00:00","dateModified":"2026-01-15T01:25:51+00:00","description":"Que tal aumentar o seu conhecimento por meio de materiais em \u00e1udio? Convidamos voc\u00ea a conferir os melhores podcasts para empreendedores neste artigo!","breadcrumb":{"@id":"https:\/\/uolhost.uol.com.br\/blog\/09-melhores-podcasts-para-empreendedores\/#breadcrumb"},"inLanguage":"pt-BR","potentialAction":[{"@type":"ReadAction","target":["https:\/\/uolhost.uol.com.br\/blog\/09-melhores-podcasts-para-empreendedores\/"]}]},{"@type":"ImageObject","inLanguage":"pt-BR","@id":"https:\/\/uolhost.uol.com.br\/blog\/09-melhores-podcasts-para-empreendedores\/#primaryimage","url":"https:\/\/uolhost.uol.com.br\/blog\/wp-content\/uploads\/2021\/09\/img-BP_6.png?wsr","contentUrl":"https:\/\/uolhost.uol.com.br\/blog\/wp-content\/uploads\/2021\/09\/img-BP_6.png?wsr","width":770,"height":540,"caption":"Podcast"},{"@type":"BreadcrumbList","@id":"https:\/\/uolhost.uol.com.br\/blog\/09-melhores-podcasts-para-empreendedores\/#breadcrumb","itemListElement":[{"@type":"ListItem","position":1,"name":"In\u00edcio","item":"https:\/\/uolhost.uol.com.br\/blog\/"},{"@type":"ListItem","position":2,"name":"09 Melhores podcasts para empreendedores"}]},{"@type":"WebSite","@id":"https:\/\/uolhost.uol.com.br\/blog\/#website","url":"https:\/\/uolhost.uol.com.br\/blog\/","name":"Blog UOL Host","description":"","publisher":{"@id":"https:\/\/uolhost.uol.com.br\/blog\/#organization"},"potentialAction":[{"@type":"SearchAction","target":{"@type":"EntryPoint","urlTemplate":"https:\/\/uolhost.uol.com.br\/blog\/?s={search_term_string}"},"query-input":{"@type":"PropertyValueSpecification","valueRequired":true,"valueName":"search_term_string"}}],"inLanguage":"pt-BR"},{"@type":"Organization","@id":"https:\/\/uolhost.uol.com.br\/blog\/#organization","name":"Blog UOL Host","url":"https:\/\/uolhost.uol.com.br\/blog\/","logo":{"@type":"ImageObject","inLanguage":"pt-BR","@id":"https:\/\/uolhost.uol.com.br\/blog\/#\/schema\/logo\/image\/","url":"https:\/\/uolhost.uol.com.br\/blog\/wp-content\/uploads\/2025\/01\/UOL_Host.png?wsr","contentUrl":"https:\/\/uolhost.uol.com.br\/blog\/wp-content\/uploads\/2025\/01\/UOL_Host.png?wsr","width":2000,"height":393,"caption":"Blog UOL Host"},"image":{"@id":"https:\/\/uolhost.uol.com.br\/blog\/#\/schema\/logo\/image\/"}},{"@type":"Person","@id":"https:\/\/uolhost.uol.com.br\/blog\/#\/schema\/person\/41505c2cd07dc07109e30bea51edee93","name":"Yuri Torres","image":{"@type":"ImageObject","inLanguage":"pt-BR","@id":"https:\/\/uolhost.uol.com.br\/blog\/#\/schema\/person\/image\/","url":"https:\/\/secure.gravatar.com\/avatar\/4c96a05faea9fdf86f95d5b723e438c9cc14ad5c342d76486e5a4c8ac8259492?s=96&d=mm&r=g","contentUrl":"https:\/\/secure.gravatar.com\/avatar\/4c96a05faea9fdf86f95d5b723e438c9cc14ad5c342d76486e5a4c8ac8259492?s=96&d=mm&r=g","caption":"Yuri Torres"},"description":"Profissional de Reda\u00e7\u00e3o e Marketing, com 10 anos de experi\u00eancia no desenvolvimento de estrat\u00e9gias de conte\u00fado voltadas \u00e0 comunica\u00e7\u00e3o de marcas. Atua na cria\u00e7\u00e3o de materiais que fortalecem a presen\u00e7a digital, ampliam o engajamento e contribuem para o alcance de resultados alinhados aos objetivos de neg\u00f3cio, com experi\u00eancia no atendimento a empresas de diferentes segmentos. LinkedIn","sameAs":["https:\/\/www.linkedin.com\/in\/yuri-torres-271093108\/"],"url":"https:\/\/uolhost.uol.com.br\/blog\/author\/yuri-torres\/"}]}},"_links":{"self":[{"href":"https:\/\/uolhost.uol.com.br\/blog\/wp-json\/wp\/v2\/posts\/11727","targetHints":{"allow":["GET"]}}],"collection":[{"href":"https:\/\/uolhost.uol.com.br\/blog\/wp-json\/wp\/v2\/posts"}],"about":[{"href":"https:\/\/uolhost.uol.com.br\/blog\/wp-json\/wp\/v2\/types\/post"}],"author":[{"embeddable":true,"href":"https:\/\/uolhost.uol.com.br\/blog\/wp-json\/wp\/v2\/users\/24"}],"replies":[{"embeddable":true,"href":"https:\/\/uolhost.uol.com.br\/blog\/wp-json\/wp\/v2\/comments?post=11727"}],"version-history":[{"count":1,"href":"https:\/\/uolhost.uol.com.br\/blog\/wp-json\/wp\/v2\/posts\/11727\/revisions"}],"predecessor-version":[{"id":18859,"href":"https:\/\/uolhost.uol.com.br\/blog\/wp-json\/wp\/v2\/posts\/11727\/revisions\/18859"}],"wp:featuredmedia":[{"embeddable":true,"href":"https:\/\/uolhost.uol.com.br\/blog\/wp-json\/wp\/v2\/media\/11728"}],"wp:attachment":[{"href":"https:\/\/uolhost.uol.com.br\/blog\/wp-json\/wp\/v2\/media?parent=11727"}],"wp:term":[{"taxonomy":"category","embeddable":true,"href":"https:\/\/uolhost.uol.com.br\/blog\/wp-json\/wp\/v2\/categories?post=11727"},{"taxonomy":"post_tag","embeddable":true,"href":"https:\/\/uolhost.uol.com.br\/blog\/wp-json\/wp\/v2\/tags?post=11727"}],"curies":[{"name":"wp","href":"https:\/\/api.w.org\/{rel}","templated":true}]}}