{"id":12212,"date":"2021-12-09T12:00:00","date_gmt":"2021-12-09T14:00:00","guid":{"rendered":"https:\/\/meunegocio.uol.com.br\/blog\/?p=12212"},"modified":"2026-01-15T09:02:17","modified_gmt":"2026-01-15T12:02:17","slug":"retrospectiva-2021-sob-a-otica-do-mundo-dos-negocios","status":"publish","type":"post","link":"https:\/\/uolhost.uol.com.br\/blog\/retrospectiva-2021-sob-a-otica-do-mundo-dos-negocios\/","title":{"rendered":"Retrospectiva: 2021 sob a \u00f3tica do mundo dos neg\u00f3cios"},"content":{"rendered":"\n<p>O mundo dos neg\u00f3cios em 2021 foi marcado por v\u00e1rias transforma\u00e7\u00f5es e novos h\u00e1bitos de consumo por parte das pessoas. Um dos fatores que contribu\u00edram para acelerar essas mudan\u00e7as foi a pandemia e podemos dizer que elas ainda v\u00e3o nos acompanhar por muito tempo.<\/p>\n\n\n\n<p>Sob a \u00f3tica dos neg\u00f3cios, as empresas precisaram se reinventar para se manterem no mercado. Nesse sentido, enquanto as pessoas precisaram ficar em casa para se protegerem, as empresas foram para a internet.<\/p>\n\n\n\n<p>Apesar desse cen\u00e1rio desafiador para empresas e consumidores, \u00e9 necess\u00e1rio ir um pouco al\u00e9m para enxergar as oportunidades para o seu neg\u00f3cio.&nbsp;<\/p>\n\n\n\n<p>Veja o que voc\u00ea vai encontrar neste artigo:&nbsp;<\/p>\n\n\n\n<ul class=\"wp-block-list\"><li><strong>Mudan\u00e7as que 2020 trouxe para o mercado brasileiro em 2021<\/strong><\/li><li><strong>Principais tend\u00eancias do mundo dos neg\u00f3cios&nbsp;<\/strong><\/li><li><strong>Retrospectiva: Neg\u00f3cios que estiveram em alta em 2021<\/strong><\/li><li><strong>Cen\u00e1rio atual e expectativas do mundo dos neg\u00f3cios para o pr\u00f3ximo ano<\/strong><\/li><\/ul>\n\n\n\n<h2 class=\"wp-block-heading\">Mundo dos neg\u00f3cios: mudan\u00e7as que 2020 trouxe para o mercado brasileiro em 2021&nbsp;<\/h2>\n\n\n\n<p>Vamos parar para refletir sobre as mudan\u00e7as que 2020 trouxe para o mercado brasileiro em 2021, tanto para as empresas como aos consumidores, j\u00e1 que manter o neg\u00f3cio funcionando foi um desafio e tanto como:<\/p>\n\n\n\n<ul class=\"wp-block-list\"><li>Quem trabalhava presencialmente em uma empresa precisou aprender a trabalhar de casa, equilibrando as outras tarefas dom\u00e9sticas e manter a produtividade<\/li><\/ul>\n\n\n\n<ul class=\"wp-block-list\"><li>A pessoa empreendedora tamb\u00e9m teve que adaptar o seu trabalho em casa<\/li><\/ul>\n\n\n\n<ul class=\"wp-block-list\"><li>A concentra\u00e7\u00e3o no trabalho tamb\u00e9m foi um desafio, j\u00e1 que os ru\u00eddos externos, como dos vizinhos e at\u00e9 mesmo da rua, passaram a fazer parte do dia a dia das pessoas<\/li><\/ul>\n\n\n\n<ul class=\"wp-block-list\"><li>Os passeios em fam\u00edlia, encontros de amigos, shows, comemora\u00e7\u00f5es e celebra\u00e7\u00f5es foram suspensos, diminuindo as vendas de produtos e servi\u00e7os desses setores<\/li><\/ul>\n\n\n\n<ul class=\"wp-block-list\"><li>A m\u00e1scara no rosto e o \u00e1lcool em gel nas m\u00e3os passaram a ser os nossos companheiros di\u00e1rios para proteger nossa sa\u00fade contra a contamina\u00e7\u00e3o do coronav\u00edrus, o que aumentou as vendas desses produtos, chegando a ficar at\u00e9 em falta no mercado<\/li><\/ul>\n\n\n\n<ul class=\"wp-block-list\"><li>As vendas presenciais em 2020 foram praticamente suspensas \u2014 salvo aqueles que eram de setores essenciais \u2014, obrigando as empresas a enviarem as mercadorias por frete, Correios e <em>deliverys<\/em> (principalmente os restaurantes, lanchonetes, sorveterias, etc)<\/li><\/ul>\n\n\n\n<h3 class=\"wp-block-heading\">A pandemia X Micro e pequenos empreendedores<\/h3>\n\n\n\n<p>Trazendo dados relevantes sobre o mundo dos neg\u00f3cios e empreendedorismo no Brasil em 2020 e 2021, veremos um cen\u00e1rio onde muitas empresas fecharam as portas por causa da pandemia.<\/p>\n\n\n\n<p>De acordo com a <a href=\"https:\/\/covid19.ibge.gov.br\/\">Pesquisa<strong> <\/strong>Pulso Empresa: Impacto da Covid-19<\/a>, feita pelo Instituto Brasileiro de Geografia e Estat\u00edstica (IBGE) nas empresas, mostrou que a pandemia do coronav\u00edrus provocou o fechamento tempor\u00e1rio ou definitivo de neg\u00f3cios dos setores de:<\/p>\n\n\n\n<ul class=\"wp-block-list\"><li><strong>40,9% Com\u00e9rcio<\/strong><\/li><li><strong>39,4% Servi\u00e7os&nbsp;<\/strong><\/li><li><strong>37,0% Constru\u00e7\u00e3o<\/strong><\/li><li><strong>35,1% Ind\u00fastria<\/strong><\/li><\/ul>\n\n\n\n<p>Nas empresas que ainda est\u00e3o em atividade, <strong>mais de 70% delas indicaram na pesquisa que a pandemia impactou diretamente o seu neg\u00f3cio<\/strong>. Outras 16,2% declararam que o impacto foi menor ou inexistente. Por outro lado, cerca de <strong>13,6% das empresas afirmaram que encontraram oportunidades de neg\u00f3cios mesmo na pandemia.<\/strong>&nbsp;<\/p>\n\n\n\n<p>A pesquisa mostrou tamb\u00e9m quais foram os quatro setores que mais sofreram com a pandemia do coronav\u00edrus, s\u00e3o eles:&nbsp;<\/p>\n\n\n\n<ul class=\"wp-block-list\"><li><strong>74,4% Servi\u00e7os<\/strong><\/li><li><strong>72,9% Ind\u00fastria<\/strong><\/li><li><strong>72,6% Constru\u00e7\u00e3o<\/strong><\/li><li><strong>65,3% Com\u00e9rcio<\/strong><\/li><\/ul>\n\n\n\n<p>Dentro da perspectiva da pesquisa, podemos destacar ainda que as maiores dificuldades que as pessoas empreendedoras enfrentaram na pandemia foram a <strong>queda nas vendas<\/strong> e o <strong>desafio de manter as contas em dia<\/strong>, j\u00e1 que a renda mensal da empresa foi comprometida de certa forma.<\/p>\n\n\n\n<p>Nesse sentido, as empresas precisaram recorrer ao empr\u00e9stimo de bancos ou financeiras para conseguir pagar as contas e tamb\u00e9m continuar comprando mercadorias com os fornecedores.&nbsp;<\/p>\n\n\n\n<p>Mesmo com os apertos financeiros e a necessidade de enxugar custos, <strong>os micro e pequenos empreendedores est\u00e3o conseguindo enxergar oportunidades e se reinventarem no mundo dos neg\u00f3cios<\/strong>.<\/p>\n\n\n\n<h3 class=\"wp-block-heading\">Novos h\u00e1bitos do consumidor<\/h3>\n\n\n\n<p>Depois de tantas mudan\u00e7as envolvendo a forma das empresas atuarem no mundo dos neg\u00f3cios, <strong>o comportamento do consumidor tamb\u00e9m se transformou<\/strong>.&nbsp;<\/p>\n\n\n\n<p>Agora, o chamado \u201cnovo normal\u201d (que compreende os h\u00e1bitos das pessoas adquiridos em meio \u00e0 pandemia), revelou o que os consumidores desejam:&nbsp;<\/p>\n\n\n\n<ul class=\"wp-block-list\"><li>Manter a sa\u00fade da fam\u00edlia em primeiro lugar, buscando solu\u00e7\u00f5es pr\u00e1ticas para n\u00e3o precisar comer fora todos os dias, contando com servi\u00e7os de delivery para entrega de itens de supermercado, farm\u00e1cia, etc<\/li><\/ul>\n\n\n\n<ul class=\"wp-block-list\"><li>Investir em boas plataformas de entretenimento online para assistir s\u00e9ries, filmes, document\u00e1rios, programas, etc<\/li><\/ul>\n\n\n\n<ul class=\"wp-block-list\"><li>O novo consumidor n\u00e3o est\u00e1 t\u00e3o ligado \u00e0s marcas, ou seja, ele prefere comprar itens de qualidade a um pre\u00e7o acess\u00edvel, do que escolher apenas uma <a href=\"https:\/\/meunegocio.uol.com.br\/blog\/importancia-marca\/\">marca<\/a> para comprar<\/li><\/ul>\n\n\n\n<ul class=\"wp-block-list\"><li>As compras de itens essenciais passaram a ser prioridade na vida dos consumidores, deixando de lado as compras de produtos sup\u00e9rfluos<\/li><\/ul>\n\n\n\n<ul class=\"wp-block-list\"><li>Preocupa\u00e7\u00e3o com a higiene e limpeza dos estabelecimentos onde os consumidores podem frequentar, j\u00e1 que se sentem mais seguros quando as empresas adotam essas medidas (medi\u00e7\u00e3o de temperatura na entrada, \u00e1lcool em gel dispon\u00edvel para uso e funcion\u00e1rios de m\u00e1scara todo o tempo) <strong>&nbsp;<\/strong><\/li><\/ul>\n\n\n\n<h3 class=\"wp-block-heading\">Ambiente virtual<\/h3>\n\n\n\n<p><strong>Comprar e vender pela internet \u00e9 uma pr\u00e1tica cada vez mais comum no nosso dia a dia<\/strong>. As empresas vendem mais quando anunciam seus produtos e servi\u00e7os e os consumidores est\u00e3o mais familiarizados em comprar no <a href=\"https:\/\/meunegocio.uol.com.br\/blog\/4-dicas-para-entrar-no-mundo-digital-e-aumentar-suas-vendas\/\">mundo digital<\/a>.&nbsp;<\/p>\n\n\n\n<p>Portanto, as empresas que trabalham a presen\u00e7a digital e buscam estar em v\u00e1rios <a href=\"https:\/\/meunegocio.uol.com.br\/blog\/como-aproveitar-melhor-os-seus-canais-de-venda\/\">canais<\/a> de comunica\u00e7\u00e3o, alcan\u00e7am mais clientes e se destacam mais no mercado:&nbsp;<\/p>\n\n\n\n<ul class=\"wp-block-list\"><li><strong>Redes sociais:<\/strong> o <a href=\"https:\/\/meunegocio.uol.com.br\/blog\/como-criar-conteudos-para-instagram\/\">Instagram<\/a> e Facebook s\u00e3o \u00f3timas ferramentas para divulgar os seus produtos e servi\u00e7os na internet, aproveitando a visualiza\u00e7\u00e3o e o alcance das publica\u00e7\u00f5es<\/li><\/ul>\n\n\n\n<ul class=\"wp-block-list\"><li><a href=\"https:\/\/meunegocio.uol.com.br\/blog\/loja-virtuol\/\"><strong>Lojas<\/strong><\/a><strong>: <\/strong>ter uma loja na internet \u00e9 uma das facilidades que a modernidade trouxe aos consumidores e que ganhou for\u00e7a durante a pandemia. Se o cliente n\u00e3o pode ir at\u00e9 \u00e0 loja, basta acessar o endere\u00e7o virtual&nbsp;&nbsp;<\/li><\/ul>\n\n\n\n<ul class=\"wp-block-list\"><li><a href=\"https:\/\/meunegocio.uol.com.br\/blog\/criador-de-site-uol\/\"><strong>Sites<\/strong><\/a><strong>: <\/strong>s\u00e3o considerados o cart\u00e3o de visitas do seu neg\u00f3cio, por onde os clientes acessam, visualizam a sua empresa na internet e isso gera uma primeira impress\u00e3o positiva e a contrata\u00e7\u00e3o dos seus servi\u00e7os<\/li><\/ul>\n\n\n\n<p>E por falar em mudan\u00e7as e tend\u00eancias do mundo dos neg\u00f3cios, vamos conferir quais foram os destaques de 2021 no pr\u00f3ximo t\u00f3pico.&nbsp;<\/p>\n\n\n\n<h2 class=\"wp-block-heading\">Principais tend\u00eancias do mundo dos neg\u00f3cios que ocorreram em 2021<\/h2>\n\n\n\n<p>De acordo com os dados apurados pelo Minist\u00e9rio da Economia e publicados no <a href=\"https:\/\/economia.estadao.com.br\/noticias\/geral,mesmo-com-pandemia-782-mil-empresas-abriram-as-portas-entre-maio-e-agosto,70003442316\">Estad\u00e3o<\/a>, <strong>mais de 782 mil novos neg\u00f3cios nasceram em 2020<\/strong> e se firmaram ainda mais em 2021.<\/p>\n\n\n\n<p>Isso mostra mais uma vez que a<strong>s pessoas empreendedoras est\u00e3o buscando solu\u00e7\u00f5es para sa\u00edrem da crise atrav\u00e9s da abertura e desenvolvimento de uma empresa<\/strong>.&nbsp;<\/p>\n\n\n\n<p>Vamos conferir as principais destaques de atividades em 2021:<\/p>\n\n\n\n<h3 class=\"wp-block-heading\">Trabalho remoto<\/h3>\n\n\n\n<p>O trabalho remoto j\u00e1 era um assunto familiar entre colaboradores e empresas, sendo essa uma iniciativa para economizar recursos. Depois que a pandemia come\u00e7ou em 2020, essa realidade passou a ser ainda mais presente na vida dos brasileiros.&nbsp;<\/p>\n\n\n\n<p>Os empreendedores tamb\u00e9m tiveram que se adaptar ainda mais para <em>levar o trabalho para casa<\/em>, dando conta dos pedidos dos clientes e de toda a parte de <a href=\"https:\/\/meunegocio.uol.com.br\/blog\/como-escolher-meios-de-envio\/\">entrega das mercadorias<\/a>.&nbsp; <strong>&nbsp;<\/strong><\/p>\n\n\n\n<h3 class=\"wp-block-heading\">Lojas virtuais<\/h3>\n\n\n\n<p>As lojas virtuais tamb\u00e9m ocupam esse p\u00f3dio das tend\u00eancias do mundo dos neg\u00f3cios. Afinal, <strong>foram mais de 1,6 milh\u00e3o de novas lojas virtuais abertas em 2021,<\/strong> de acordo com a pesquisa <a href=\"https:\/\/public.flourish.studio\/story\/947803\/\">Perfil do E-commerce Brasileiro<\/a>.<\/p>\n\n\n\n<p>Com uma loja virtual a pessoa que empreende pode alcan\u00e7ar mais clientes atrav\u00e9s da internet, criando um ambiente online pronto para vender.&nbsp;<\/p>\n\n\n\n<p>&gt;&gt; E para te ajudar a colocar a sua empresa na internet, d\u00ea um passo \u00e0 frente da concorr\u00eancia agora mesmo! <strong>Invista na sua Loja VirtUOL por apenas R$29,99 nos tr\u00eas primeiros meses. Quer saber como? <\/strong><a href=\"https:\/\/meunegocio.uol.com.br\/lp\/loja-virtual\/3meses29#rmcl\"><strong>Clique aqui e aproveite<\/strong><\/a><strong> esse desconto especial!<\/strong><\/p>\n\n\n\n<h3 class=\"wp-block-heading\">Produtos Artesanais<\/h3>\n\n\n\n<p>Valorizar os produtos feitos por artes\u00e3os \u00e9 uma tend\u00eancia que teve um crescimento em 2021 e tem grande potencial para 2022.&nbsp;<\/p>\n\n\n\n<p>Isso porque as pessoas t\u00eam prazer em saber como foi feita aquela mercadoria e tamb\u00e9m \u00e9 uma oportunidade de ter um produto personalizado e s\u00f3 seu.&nbsp;<\/p>\n\n\n\n<h3 class=\"wp-block-heading\">Aplicativos de entregas<\/h3>\n\n\n\n<p>Os <a href=\"https:\/\/meunegocio.uol.com.br\/blog\/20-aplicativos-essenciais-para-empreendedor\/\">aplicativos<\/a> de entregas facilitam e muito a nossa vida, principalmente das pessoas empreendedoras.<\/p>\n\n\n\n<p>Basta escolher, baixar no celular e come\u00e7ar a usar. Em poucos cliques, temos uma refei\u00e7\u00e3o deliciosa em casa, a entrega das compras de supermercado, itens de feira e muito mais.&nbsp;<\/p>\n\n\n\n<h3 class=\"wp-block-heading\">Vendas online<\/h3>\n\n\n\n<p><a href=\"https:\/\/meunegocio.uol.com.br\/blog\/diferenca-entre-vender-online-e-usar-a-internet-nas-vendas\/\">Vender online<\/a> passou a ser a principal atividade das empresas, j\u00e1 que \u00e9 na internet que os consumidores est\u00e3o. Portanto, destacar o seu neg\u00f3cio na internet passou a ser quase uma necessidade para continuar alcan\u00e7ando mais clientes.&nbsp;<\/p>\n\n\n\n<h2 class=\"wp-block-heading\">Retrospectiva: Neg\u00f3cios que estiveram em alta em 2021<\/h2>\n\n\n\n<p>Por fim, vamos acompanhar agora os neg\u00f3cios que estiveram em alta em 2021, sendo aqueles que conseguiram se adaptar ao novo normal e se posicionar no mercado p\u00f3s-pandemia.&nbsp;<\/p>\n\n\n\n<h3 class=\"wp-block-heading\">Brech\u00f3s Online<\/h3>\n\n\n\n<p>As roupas paradas que n\u00e3o usamos mais, os cal\u00e7ados que n\u00e3o servem e at\u00e9 mesmo produtos eletr\u00f4nicos podem ser vendidos no brech\u00f3. Essa \u00e9 a oportunidade perfeita de vender desapegos das pessoas na internet e auxiliar no consumo sustent\u00e1vel.&nbsp;&nbsp;<\/p>\n\n\n\n<h3 class=\"wp-block-heading\">Clubes de assinatura<\/h3>\n\n\n\n<p>Os clubes de assinatura s\u00e3o tend\u00eancias que vieram para ficar. Em 2020, houve um aumento de novas assinaturas de 10 a 12%, de acordo com a <a href=\"https:\/\/valorinveste.globo.com\/mercados\/renda-variavel\/empresas\/noticia\/2020\/10\/11\/faturamento-de-clubes-de-assinatura-crescem-10percent-em-2020.ghtml\">pesquisa da Betalabs<\/a>.<\/p>\n\n\n\n<p>Trata-se de oferecer produtos e servi\u00e7os com recorr\u00eancia aos clientes por meio de uma assinatura mensal ou quinzenal. Alguns exemplos de clubes de assinaturas s\u00e3o:<\/p>\n\n\n\n<ul class=\"wp-block-list\"><li>Cosm\u00e9ticos e produtos de beleza<\/li><li>Livros e revistas<\/li><li>Bijouterias<\/li><li>Vinhos e cervejas<\/li><li>P\u00e3es e caf\u00e9<\/li><li>Comidas saud\u00e1veis<\/li><li>Roupas e acess\u00f3rios<\/li><\/ul>\n\n\n\n<h3 class=\"wp-block-heading\">Produtos vegetarianos e veganos<\/h3>\n\n\n\n<p>O n\u00famero de pessoas vegetarianas e veganas no Brasil est\u00e1 em alta a cada ano. De olho nessa tend\u00eancia, muitas empresas t\u00eam investido em produtos e servi\u00e7os nesse setor.&nbsp;<\/p>\n\n\n\n<p>Al\u00e9m de se preocupar com a sa\u00fade e de n\u00e3o consumir nada de origem animal, a iniciativa chama a aten\u00e7\u00e3o tamb\u00e9m para produtos de beleza que n\u00e3o sejam testados em animais.<\/p>\n\n\n\n<h3 class=\"wp-block-heading\">Produtos naturais e caseiros<\/h3>\n\n\n\n<p>Al\u00e9m de valorizar os produtos feitos por comerciantes locais, os consumidores est\u00e3o de olho em mercadorias naturais e de origem caseira, o que garante o sabor e qualidade sempre.<\/p>\n\n\n\n<p>&nbsp;Exemplos de produtos naturais e caseiros:<\/p>\n\n\n\n<ul class=\"wp-block-list\"><li>Bolos, p\u00e3es, tortas e biscoitos<\/li><li>Sabonetes caseiros<\/li><li>Velas arom\u00e1ticas<\/li><li>Cosm\u00e9ticos feitos em casa<\/li><li>Amaciante e sab\u00e3o<\/li><\/ul>\n\n\n\n<h3 class=\"wp-block-heading\">Sa\u00fade e higieniza\u00e7\u00e3o<\/h3>\n\n\n\n<p>A pandemia deixou a popula\u00e7\u00e3o em alerta sobre a sa\u00fade, principalmente quando precisamos sair para resolver algo na rua ou mesmo trabalhar.&nbsp;<\/p>\n\n\n\n<p>Nesse sentido, a preocupa\u00e7\u00e3o com a sa\u00fade e higiene se expandiu para a forma como as empresas embalam os produtos, se a higiene foi refor\u00e7ada no processo, etc.<\/p>\n\n\n\n<p>At\u00e9 mesmo com os bichos de estima\u00e7\u00e3o, esses cuidados foram refor\u00e7ados por <a href=\"https:\/\/meunegocio.uol.com.br\/blog\/pet-shop-dicas\/\">pet shops<\/a> para cuidar bem dos pets enquanto s\u00e3o atendidos.&nbsp;<\/p>\n\n\n\n<h2 class=\"wp-block-heading\">Cen\u00e1rio atual e expectativas do mundo dos neg\u00f3cios para 2022<\/h2>\n\n\n\n<p>Diante desse terreno f\u00e9rtil que foi o ano de 2021 para o mundo dos neg\u00f3cios, \u00e9 hora de mirarmos em 2022: <strong>o que podemos esperar no ano seguinte?<\/strong> <strong>Como <\/strong><a href=\"https:\/\/meunegocio.uol.com.br\/blog\/matriz-swot-conheca-melhor-seu-negocio-e-otimize-suas-estrategias\/\"><strong>preparar a empresa<\/strong><\/a><strong> para isso?<\/strong> Vamos conferir a seguir.<\/p>\n\n\n\n<h3 class=\"wp-block-heading\">Como preparar seu neg\u00f3cio para o pr\u00f3ximo ano<\/h3>\n\n\n\n<p>Pensar em adotar cada vez mais a tecnologia nos processos da empresa \u00e9 o primeiro passo para se preparar para o futuro.&nbsp;<\/p>\n\n\n\n<p>O mundo mudou depois da pandemia e as tend\u00eancias mostram isso.<\/p>\n\n\n\n<ul class=\"wp-block-list\"><li>Investir cada vez mais em uma <a href=\"https:\/\/meunegocio.uol.com.br\/blog\/site-ou-loja-virtual-qual-o-melhor-para-o-meu-negocio\/\">loja virtual ou site<\/a> para divulgar o seu neg\u00f3cio com mais solidez no mercado<\/li><\/ul>\n\n\n\n<ul class=\"wp-block-list\"><li>Usar a tecnologia ao seu favor, tendo acesso a programas de controle de estoque, contas a pagar, vendas a receber e tudo o que for facilitar a sua rotina empreendedora<\/li><\/ul>\n\n\n\n<ul class=\"wp-block-list\"><li><a href=\"https:\/\/meunegocio.uol.com.br\/blog\/5-livros-para-empreendedores-iniciantes\/\">Ler bastante<\/a> sobre empreendedorismo, bem como a \u00e1rea em que a sua empresa est\u00e1. <strong>Na Academia do UOL Meu Neg\u00f3cio <\/strong>voc\u00ea tem acesso aos melhores conte\u00fados para micro e pequenas empresas se destacarem no mercado, usando o marketing digital ao seu favor<\/li><\/ul>\n\n\n\n<ul class=\"wp-block-list\"><li>Estudar a concorr\u00eancia, como ela est\u00e1 se comportando diante do cen\u00e1rio desafiador p\u00f3s-pandemia \u00e9 uma excelente op\u00e7\u00e3o para a pessoa empreendedora aprender e tirar boas li\u00e7\u00f5es<\/li><\/ul>\n\n\n\n<ul class=\"wp-block-list\"><li>Criar um relacionamento cada vez mais s\u00f3lido com os seus clientes, oferecendo mimos e brindes nas compras, cupons de desconto e perguntar o que acharam dos produtos. Essas s\u00e3o formas de aumentar as buscas da sua empresa na internet, sem deixar de lado a humaniza\u00e7\u00e3o dos processos.<\/li><\/ul>\n\n\n\n<p><strong>O ano de 2022 promete!<\/strong> Portanto, esse \u00e9 o momento de refletir e se preparar para as tend\u00eancias e oportunidades de expandir ou come\u00e7ar o seu neg\u00f3cio do zero.&nbsp;<\/p>\n\n\n\n<p>E para te ajudar ainda mais, disponibilizamos um e-book gratuito para voc\u00ea criar o seu plano de neg\u00f3cios gratuitamente!&nbsp;<\/p>\n\n\n\n<p>Nele, h\u00e1 espa\u00e7os para voc\u00ea preencher as informa\u00e7\u00f5es da sua empresa e tamb\u00e9m as suas metas, valores e desejos para o pr\u00f3ximo ano, podendo imprimir as folhas depois. <strong>Basta <a href=\"https:\/\/meunegocio.uol.com.br\/blog\/modelo-de-plano-de-negocios\/\" target=\"_blank\" rel=\"noreferrer noopener\">clicar aqui <\/a>e baixar o seu material de maneira f\u00e1cil e r\u00e1pida!<\/strong><\/p>\n","protected":false},"excerpt":{"rendered":"<p>O mundo dos neg\u00f3cios em 2021 foi marcado por v\u00e1rias transforma\u00e7\u00f5es e novos h\u00e1bitos de consumo por parte das pessoas. Um dos fatores que contribu\u00edram para acelerar essas mudan\u00e7as foi a pandemia e podemos dizer que elas ainda v\u00e3o nos acompanhar por muito tempo. Sob a \u00f3tica dos neg\u00f3cios, as empresas precisaram se reinventar para [&hellip;]<\/p>\n","protected":false},"author":24,"featured_media":12214,"comment_status":"closed","ping_status":"closed","sticky":false,"template":"","format":"standard","meta":{"footnotes":""},"categories":[14,36],"tags":[],"class_list":["post-12212","post","type-post","status-publish","format-standard","has-post-thumbnail","hentry","category-empreendedorismo","category-sem-categoria"],"gutentor_comment":0,"yoast_head":"<!-- This site is optimized with the Yoast SEO plugin v26.4 - https:\/\/yoast.com\/wordpress\/plugins\/seo\/ -->\n<title>Mundo dos Neg\u00f3cios: confira o que impactou as empresas em 2021 | UMN<\/title>\n<meta name=\"description\" content=\"O mundo dos neg\u00f3cios em 2021 foi marcado por desafios, tend\u00eancias e supera\u00e7\u00f5es dentro da realidade do mercado. Portanto, o que esperar de 2022? Confira aqui!\" \/>\n<meta name=\"robots\" content=\"index, follow, max-snippet:-1, max-image-preview:large, max-video-preview:-1\" \/>\n<link rel=\"canonical\" href=\"https:\/\/uolhost.uol.com.br\/blog\/retrospectiva-2021-sob-a-otica-do-mundo-dos-negocios\/\" \/>\n<meta property=\"og:locale\" content=\"pt_BR\" \/>\n<meta property=\"og:type\" content=\"article\" \/>\n<meta property=\"og:title\" content=\"Mundo dos Neg\u00f3cios: confira o que impactou as empresas em 2021 | UMN\" \/>\n<meta property=\"og:description\" content=\"O mundo dos neg\u00f3cios em 2021 foi marcado por desafios, tend\u00eancias e supera\u00e7\u00f5es dentro da realidade do mercado. Portanto, o que esperar de 2022? Confira aqui!\" \/>\n<meta property=\"og:url\" content=\"https:\/\/uolhost.uol.com.br\/blog\/retrospectiva-2021-sob-a-otica-do-mundo-dos-negocios\/\" \/>\n<meta property=\"article:published_time\" content=\"2021-12-09T14:00:00+00:00\" \/>\n<meta property=\"article:modified_time\" content=\"2026-01-15T12:02:17+00:00\" \/>\n<meta property=\"og:image\" content=\"https:\/\/uolhost.uol.com.br\/blog\/wp-content\/uploads\/2021\/12\/Retrospectiva_2021.jpg\" \/>\n\t<meta property=\"og:image:width\" content=\"770\" \/>\n\t<meta property=\"og:image:height\" content=\"540\" \/>\n\t<meta property=\"og:image:type\" content=\"image\/jpeg\" \/>\n<meta name=\"author\" content=\"Yuri Torres\" \/>\n<meta name=\"twitter:card\" content=\"summary_large_image\" \/>\n<meta name=\"twitter:label1\" content=\"Escrito por\" \/>\n\t<meta name=\"twitter:data1\" content=\"Yuri Torres\" \/>\n\t<meta name=\"twitter:label2\" content=\"Est. tempo de leitura\" \/>\n\t<meta name=\"twitter:data2\" content=\"11 minutos\" \/>\n<script type=\"application\/ld+json\" class=\"yoast-schema-graph\">{\"@context\":\"https:\/\/schema.org\",\"@graph\":[{\"@type\":\"Article\",\"@id\":\"https:\/\/uolhost.uol.com.br\/blog\/retrospectiva-2021-sob-a-otica-do-mundo-dos-negocios\/#article\",\"isPartOf\":{\"@id\":\"https:\/\/uolhost.uol.com.br\/blog\/retrospectiva-2021-sob-a-otica-do-mundo-dos-negocios\/\"},\"author\":{\"name\":\"Yuri Torres\",\"@id\":\"https:\/\/uolhost.uol.com.br\/blog\/#\/schema\/person\/41505c2cd07dc07109e30bea51edee93\"},\"headline\":\"Retrospectiva: 2021 sob a \u00f3tica do mundo dos neg\u00f3cios\",\"datePublished\":\"2021-12-09T14:00:00+00:00\",\"dateModified\":\"2026-01-15T12:02:17+00:00\",\"mainEntityOfPage\":{\"@id\":\"https:\/\/uolhost.uol.com.br\/blog\/retrospectiva-2021-sob-a-otica-do-mundo-dos-negocios\/\"},\"wordCount\":2249,\"publisher\":{\"@id\":\"https:\/\/uolhost.uol.com.br\/blog\/#organization\"},\"image\":{\"@id\":\"https:\/\/uolhost.uol.com.br\/blog\/retrospectiva-2021-sob-a-otica-do-mundo-dos-negocios\/#primaryimage\"},\"thumbnailUrl\":\"https:\/\/uolhost.uol.com.br\/blog\/wp-content\/uploads\/2021\/12\/Retrospectiva_2021.jpg?wsr\",\"articleSection\":[\"Empreendedorismo\"],\"inLanguage\":\"pt-BR\"},{\"@type\":\"WebPage\",\"@id\":\"https:\/\/uolhost.uol.com.br\/blog\/retrospectiva-2021-sob-a-otica-do-mundo-dos-negocios\/\",\"url\":\"https:\/\/uolhost.uol.com.br\/blog\/retrospectiva-2021-sob-a-otica-do-mundo-dos-negocios\/\",\"name\":\"Mundo dos Neg\u00f3cios: confira o que impactou as empresas em 2021 | UMN\",\"isPartOf\":{\"@id\":\"https:\/\/uolhost.uol.com.br\/blog\/#website\"},\"primaryImageOfPage\":{\"@id\":\"https:\/\/uolhost.uol.com.br\/blog\/retrospectiva-2021-sob-a-otica-do-mundo-dos-negocios\/#primaryimage\"},\"image\":{\"@id\":\"https:\/\/uolhost.uol.com.br\/blog\/retrospectiva-2021-sob-a-otica-do-mundo-dos-negocios\/#primaryimage\"},\"thumbnailUrl\":\"https:\/\/uolhost.uol.com.br\/blog\/wp-content\/uploads\/2021\/12\/Retrospectiva_2021.jpg?wsr\",\"datePublished\":\"2021-12-09T14:00:00+00:00\",\"dateModified\":\"2026-01-15T12:02:17+00:00\",\"description\":\"O mundo dos neg\u00f3cios em 2021 foi marcado por desafios, tend\u00eancias e supera\u00e7\u00f5es dentro da realidade do mercado. Portanto, o que esperar de 2022? Confira aqui!\",\"breadcrumb\":{\"@id\":\"https:\/\/uolhost.uol.com.br\/blog\/retrospectiva-2021-sob-a-otica-do-mundo-dos-negocios\/#breadcrumb\"},\"inLanguage\":\"pt-BR\",\"potentialAction\":[{\"@type\":\"ReadAction\",\"target\":[\"https:\/\/uolhost.uol.com.br\/blog\/retrospectiva-2021-sob-a-otica-do-mundo-dos-negocios\/\"]}]},{\"@type\":\"ImageObject\",\"inLanguage\":\"pt-BR\",\"@id\":\"https:\/\/uolhost.uol.com.br\/blog\/retrospectiva-2021-sob-a-otica-do-mundo-dos-negocios\/#primaryimage\",\"url\":\"https:\/\/uolhost.uol.com.br\/blog\/wp-content\/uploads\/2021\/12\/Retrospectiva_2021.jpg?wsr\",\"contentUrl\":\"https:\/\/uolhost.uol.com.br\/blog\/wp-content\/uploads\/2021\/12\/Retrospectiva_2021.jpg?wsr\",\"width\":770,\"height\":540},{\"@type\":\"BreadcrumbList\",\"@id\":\"https:\/\/uolhost.uol.com.br\/blog\/retrospectiva-2021-sob-a-otica-do-mundo-dos-negocios\/#breadcrumb\",\"itemListElement\":[{\"@type\":\"ListItem\",\"position\":1,\"name\":\"In\u00edcio\",\"item\":\"https:\/\/uolhost.uol.com.br\/blog\/\"},{\"@type\":\"ListItem\",\"position\":2,\"name\":\"Retrospectiva: 2021 sob a \u00f3tica do mundo dos neg\u00f3cios\"}]},{\"@type\":\"WebSite\",\"@id\":\"https:\/\/uolhost.uol.com.br\/blog\/#website\",\"url\":\"https:\/\/uolhost.uol.com.br\/blog\/\",\"name\":\"Blog UOL Host\",\"description\":\"\",\"publisher\":{\"@id\":\"https:\/\/uolhost.uol.com.br\/blog\/#organization\"},\"potentialAction\":[{\"@type\":\"SearchAction\",\"target\":{\"@type\":\"EntryPoint\",\"urlTemplate\":\"https:\/\/uolhost.uol.com.br\/blog\/?s={search_term_string}\"},\"query-input\":{\"@type\":\"PropertyValueSpecification\",\"valueRequired\":true,\"valueName\":\"search_term_string\"}}],\"inLanguage\":\"pt-BR\"},{\"@type\":\"Organization\",\"@id\":\"https:\/\/uolhost.uol.com.br\/blog\/#organization\",\"name\":\"Blog UOL Host\",\"url\":\"https:\/\/uolhost.uol.com.br\/blog\/\",\"logo\":{\"@type\":\"ImageObject\",\"inLanguage\":\"pt-BR\",\"@id\":\"https:\/\/uolhost.uol.com.br\/blog\/#\/schema\/logo\/image\/\",\"url\":\"https:\/\/uolhost.uol.com.br\/blog\/wp-content\/uploads\/2025\/01\/UOL_Host.png?wsr\",\"contentUrl\":\"https:\/\/uolhost.uol.com.br\/blog\/wp-content\/uploads\/2025\/01\/UOL_Host.png?wsr\",\"width\":2000,\"height\":393,\"caption\":\"Blog UOL Host\"},\"image\":{\"@id\":\"https:\/\/uolhost.uol.com.br\/blog\/#\/schema\/logo\/image\/\"}},{\"@type\":\"Person\",\"@id\":\"https:\/\/uolhost.uol.com.br\/blog\/#\/schema\/person\/41505c2cd07dc07109e30bea51edee93\",\"name\":\"Yuri Torres\",\"image\":{\"@type\":\"ImageObject\",\"inLanguage\":\"pt-BR\",\"@id\":\"https:\/\/uolhost.uol.com.br\/blog\/#\/schema\/person\/image\/\",\"url\":\"https:\/\/secure.gravatar.com\/avatar\/4c96a05faea9fdf86f95d5b723e438c9cc14ad5c342d76486e5a4c8ac8259492?s=96&d=mm&r=g\",\"contentUrl\":\"https:\/\/secure.gravatar.com\/avatar\/4c96a05faea9fdf86f95d5b723e438c9cc14ad5c342d76486e5a4c8ac8259492?s=96&d=mm&r=g\",\"caption\":\"Yuri Torres\"},\"description\":\"Profissional de Reda\u00e7\u00e3o e Marketing, com 10 anos de experi\u00eancia no desenvolvimento de estrat\u00e9gias de conte\u00fado voltadas \u00e0 comunica\u00e7\u00e3o de marcas. Atua na cria\u00e7\u00e3o de materiais que fortalecem a presen\u00e7a digital, ampliam o engajamento e contribuem para o alcance de resultados alinhados aos objetivos de neg\u00f3cio, com experi\u00eancia no atendimento a empresas de diferentes segmentos. LinkedIn\",\"sameAs\":[\"https:\/\/www.linkedin.com\/in\/yuri-torres-271093108\/\"],\"url\":\"https:\/\/uolhost.uol.com.br\/blog\/author\/yuri-torres\/\"}]}<\/script>\n<!-- \/ Yoast SEO plugin. -->","yoast_head_json":{"title":"Mundo dos Neg\u00f3cios: confira o que impactou as empresas em 2021 | UMN","description":"O mundo dos neg\u00f3cios em 2021 foi marcado por desafios, tend\u00eancias e supera\u00e7\u00f5es dentro da realidade do mercado. Portanto, o que esperar de 2022? Confira aqui!","robots":{"index":"index","follow":"follow","max-snippet":"max-snippet:-1","max-image-preview":"max-image-preview:large","max-video-preview":"max-video-preview:-1"},"canonical":"https:\/\/uolhost.uol.com.br\/blog\/retrospectiva-2021-sob-a-otica-do-mundo-dos-negocios\/","og_locale":"pt_BR","og_type":"article","og_title":"Mundo dos Neg\u00f3cios: confira o que impactou as empresas em 2021 | UMN","og_description":"O mundo dos neg\u00f3cios em 2021 foi marcado por desafios, tend\u00eancias e supera\u00e7\u00f5es dentro da realidade do mercado. Portanto, o que esperar de 2022? Confira aqui!","og_url":"https:\/\/uolhost.uol.com.br\/blog\/retrospectiva-2021-sob-a-otica-do-mundo-dos-negocios\/","article_published_time":"2021-12-09T14:00:00+00:00","article_modified_time":"2026-01-15T12:02:17+00:00","og_image":[{"width":770,"height":540,"url":"https:\/\/uolhost.uol.com.br\/blog\/wp-content\/uploads\/2021\/12\/Retrospectiva_2021.jpg","type":"image\/jpeg"}],"author":"Yuri Torres","twitter_card":"summary_large_image","twitter_misc":{"Escrito por":"Yuri Torres","Est. tempo de leitura":"11 minutos"},"schema":{"@context":"https:\/\/schema.org","@graph":[{"@type":"Article","@id":"https:\/\/uolhost.uol.com.br\/blog\/retrospectiva-2021-sob-a-otica-do-mundo-dos-negocios\/#article","isPartOf":{"@id":"https:\/\/uolhost.uol.com.br\/blog\/retrospectiva-2021-sob-a-otica-do-mundo-dos-negocios\/"},"author":{"name":"Yuri Torres","@id":"https:\/\/uolhost.uol.com.br\/blog\/#\/schema\/person\/41505c2cd07dc07109e30bea51edee93"},"headline":"Retrospectiva: 2021 sob a \u00f3tica do mundo dos neg\u00f3cios","datePublished":"2021-12-09T14:00:00+00:00","dateModified":"2026-01-15T12:02:17+00:00","mainEntityOfPage":{"@id":"https:\/\/uolhost.uol.com.br\/blog\/retrospectiva-2021-sob-a-otica-do-mundo-dos-negocios\/"},"wordCount":2249,"publisher":{"@id":"https:\/\/uolhost.uol.com.br\/blog\/#organization"},"image":{"@id":"https:\/\/uolhost.uol.com.br\/blog\/retrospectiva-2021-sob-a-otica-do-mundo-dos-negocios\/#primaryimage"},"thumbnailUrl":"https:\/\/uolhost.uol.com.br\/blog\/wp-content\/uploads\/2021\/12\/Retrospectiva_2021.jpg?wsr","articleSection":["Empreendedorismo"],"inLanguage":"pt-BR"},{"@type":"WebPage","@id":"https:\/\/uolhost.uol.com.br\/blog\/retrospectiva-2021-sob-a-otica-do-mundo-dos-negocios\/","url":"https:\/\/uolhost.uol.com.br\/blog\/retrospectiva-2021-sob-a-otica-do-mundo-dos-negocios\/","name":"Mundo dos Neg\u00f3cios: confira o que impactou as empresas em 2021 | UMN","isPartOf":{"@id":"https:\/\/uolhost.uol.com.br\/blog\/#website"},"primaryImageOfPage":{"@id":"https:\/\/uolhost.uol.com.br\/blog\/retrospectiva-2021-sob-a-otica-do-mundo-dos-negocios\/#primaryimage"},"image":{"@id":"https:\/\/uolhost.uol.com.br\/blog\/retrospectiva-2021-sob-a-otica-do-mundo-dos-negocios\/#primaryimage"},"thumbnailUrl":"https:\/\/uolhost.uol.com.br\/blog\/wp-content\/uploads\/2021\/12\/Retrospectiva_2021.jpg?wsr","datePublished":"2021-12-09T14:00:00+00:00","dateModified":"2026-01-15T12:02:17+00:00","description":"O mundo dos neg\u00f3cios em 2021 foi marcado por desafios, tend\u00eancias e supera\u00e7\u00f5es dentro da realidade do mercado. Portanto, o que esperar de 2022? Confira aqui!","breadcrumb":{"@id":"https:\/\/uolhost.uol.com.br\/blog\/retrospectiva-2021-sob-a-otica-do-mundo-dos-negocios\/#breadcrumb"},"inLanguage":"pt-BR","potentialAction":[{"@type":"ReadAction","target":["https:\/\/uolhost.uol.com.br\/blog\/retrospectiva-2021-sob-a-otica-do-mundo-dos-negocios\/"]}]},{"@type":"ImageObject","inLanguage":"pt-BR","@id":"https:\/\/uolhost.uol.com.br\/blog\/retrospectiva-2021-sob-a-otica-do-mundo-dos-negocios\/#primaryimage","url":"https:\/\/uolhost.uol.com.br\/blog\/wp-content\/uploads\/2021\/12\/Retrospectiva_2021.jpg?wsr","contentUrl":"https:\/\/uolhost.uol.com.br\/blog\/wp-content\/uploads\/2021\/12\/Retrospectiva_2021.jpg?wsr","width":770,"height":540},{"@type":"BreadcrumbList","@id":"https:\/\/uolhost.uol.com.br\/blog\/retrospectiva-2021-sob-a-otica-do-mundo-dos-negocios\/#breadcrumb","itemListElement":[{"@type":"ListItem","position":1,"name":"In\u00edcio","item":"https:\/\/uolhost.uol.com.br\/blog\/"},{"@type":"ListItem","position":2,"name":"Retrospectiva: 2021 sob a \u00f3tica do mundo dos neg\u00f3cios"}]},{"@type":"WebSite","@id":"https:\/\/uolhost.uol.com.br\/blog\/#website","url":"https:\/\/uolhost.uol.com.br\/blog\/","name":"Blog UOL Host","description":"","publisher":{"@id":"https:\/\/uolhost.uol.com.br\/blog\/#organization"},"potentialAction":[{"@type":"SearchAction","target":{"@type":"EntryPoint","urlTemplate":"https:\/\/uolhost.uol.com.br\/blog\/?s={search_term_string}"},"query-input":{"@type":"PropertyValueSpecification","valueRequired":true,"valueName":"search_term_string"}}],"inLanguage":"pt-BR"},{"@type":"Organization","@id":"https:\/\/uolhost.uol.com.br\/blog\/#organization","name":"Blog UOL Host","url":"https:\/\/uolhost.uol.com.br\/blog\/","logo":{"@type":"ImageObject","inLanguage":"pt-BR","@id":"https:\/\/uolhost.uol.com.br\/blog\/#\/schema\/logo\/image\/","url":"https:\/\/uolhost.uol.com.br\/blog\/wp-content\/uploads\/2025\/01\/UOL_Host.png?wsr","contentUrl":"https:\/\/uolhost.uol.com.br\/blog\/wp-content\/uploads\/2025\/01\/UOL_Host.png?wsr","width":2000,"height":393,"caption":"Blog UOL Host"},"image":{"@id":"https:\/\/uolhost.uol.com.br\/blog\/#\/schema\/logo\/image\/"}},{"@type":"Person","@id":"https:\/\/uolhost.uol.com.br\/blog\/#\/schema\/person\/41505c2cd07dc07109e30bea51edee93","name":"Yuri Torres","image":{"@type":"ImageObject","inLanguage":"pt-BR","@id":"https:\/\/uolhost.uol.com.br\/blog\/#\/schema\/person\/image\/","url":"https:\/\/secure.gravatar.com\/avatar\/4c96a05faea9fdf86f95d5b723e438c9cc14ad5c342d76486e5a4c8ac8259492?s=96&d=mm&r=g","contentUrl":"https:\/\/secure.gravatar.com\/avatar\/4c96a05faea9fdf86f95d5b723e438c9cc14ad5c342d76486e5a4c8ac8259492?s=96&d=mm&r=g","caption":"Yuri Torres"},"description":"Profissional de Reda\u00e7\u00e3o e Marketing, com 10 anos de experi\u00eancia no desenvolvimento de estrat\u00e9gias de conte\u00fado voltadas \u00e0 comunica\u00e7\u00e3o de marcas. Atua na cria\u00e7\u00e3o de materiais que fortalecem a presen\u00e7a digital, ampliam o engajamento e contribuem para o alcance de resultados alinhados aos objetivos de neg\u00f3cio, com experi\u00eancia no atendimento a empresas de diferentes segmentos. LinkedIn","sameAs":["https:\/\/www.linkedin.com\/in\/yuri-torres-271093108\/"],"url":"https:\/\/uolhost.uol.com.br\/blog\/author\/yuri-torres\/"}]}},"_links":{"self":[{"href":"https:\/\/uolhost.uol.com.br\/blog\/wp-json\/wp\/v2\/posts\/12212","targetHints":{"allow":["GET"]}}],"collection":[{"href":"https:\/\/uolhost.uol.com.br\/blog\/wp-json\/wp\/v2\/posts"}],"about":[{"href":"https:\/\/uolhost.uol.com.br\/blog\/wp-json\/wp\/v2\/types\/post"}],"author":[{"embeddable":true,"href":"https:\/\/uolhost.uol.com.br\/blog\/wp-json\/wp\/v2\/users\/24"}],"replies":[{"embeddable":true,"href":"https:\/\/uolhost.uol.com.br\/blog\/wp-json\/wp\/v2\/comments?post=12212"}],"version-history":[{"count":1,"href":"https:\/\/uolhost.uol.com.br\/blog\/wp-json\/wp\/v2\/posts\/12212\/revisions"}],"predecessor-version":[{"id":20047,"href":"https:\/\/uolhost.uol.com.br\/blog\/wp-json\/wp\/v2\/posts\/12212\/revisions\/20047"}],"wp:featuredmedia":[{"embeddable":true,"href":"https:\/\/uolhost.uol.com.br\/blog\/wp-json\/wp\/v2\/media\/12214"}],"wp:attachment":[{"href":"https:\/\/uolhost.uol.com.br\/blog\/wp-json\/wp\/v2\/media?parent=12212"}],"wp:term":[{"taxonomy":"category","embeddable":true,"href":"https:\/\/uolhost.uol.com.br\/blog\/wp-json\/wp\/v2\/categories?post=12212"},{"taxonomy":"post_tag","embeddable":true,"href":"https:\/\/uolhost.uol.com.br\/blog\/wp-json\/wp\/v2\/tags?post=12212"}],"curies":[{"name":"wp","href":"https:\/\/api.w.org\/{rel}","templated":true}]}}