{"id":13271,"date":"2022-03-16T16:30:00","date_gmt":"2022-03-16T19:30:00","guid":{"rendered":"https:\/\/meunegocio.uol.com.br\/blog\/?p=13271"},"modified":"2026-01-14T22:24:20","modified_gmt":"2026-01-15T01:24:20","slug":"conheca-mais-sobre-o-conecte","status":"publish","type":"post","link":"https:\/\/uolhost.uol.com.br\/blog\/conheca-mais-sobre-o-conecte\/","title":{"rendered":"Conhe\u00e7a mais sobre o Conecte do UOL Meu Neg\u00f3cio e tenha sua presen\u00e7a digital agora mesmo!"},"content":{"rendered":"\n<p>Voc\u00ea lembra do cart\u00e3o de visitas? Aquele tradicional mesmo, em papel. Nele, s\u00e3o colocadas todas as informa\u00e7\u00f5es sobre um neg\u00f3cio ou um profissional, certo? Agora, <strong>e se voc\u00ea pudesse ter um desse, mas que fosse interativo?<\/strong><\/p>\n\n\n\n<p>E voc\u00ea pode! O <strong>Conecte Uol Meu Neg\u00f3cio<\/strong> te d\u00e1 a op\u00e7\u00e3o de criar um cart\u00e3o de visitas virtual!<\/p>\n\n\n\n<p>Mas, por qual motivo usar um cart\u00e3o virtual? Simples, ao inv\u00e9s do seu cliente ter que digitar o telefone para mandar mensagem, ele s\u00f3 vai clicar em um \u00edcone e pronto! O Whatsapp abre diretamente na conversa. E se a pessoa preferir, pode ainda seguir o perfil do seu neg\u00f3cio nas redes sociais ou entrar em contato por e-mail. <strong>Tudo isso, no mesmo lugar!<\/strong><\/p>\n\n\n\n<p><strong>O Conecte \u00e9 gratuito e faz com que a sua marca tenha um <\/strong><a href=\"https:\/\/meunegocio.uol.com.br\/registro-de-dominio?utm_source=blog&amp;utm_medium=textos&amp;utm_content=conheca-mais-sobre-o-conecte\" target=\"_blank\" rel=\"noreferrer noopener\"><strong>endere\u00e7o pr\u00f3prio na internet<\/strong><\/a>, ou seja, aquele link que digitamos na barra de endere\u00e7os. \u00c9 s\u00f3 se cadastrar e voc\u00ea ter\u00e1 um <em>www.conecte.online\/nomedomeuneg\u00f3cio<\/em> personalizado com o nome da sua empresa.<\/p>\n\n\n\n<p>J\u00e1 pensou como seria bom ter um \u00fanico link para divulgar todas as redes sociais, e-mail, telefone e Whatsapp? <strong>Ent\u00e3o veja como tornar isso realidade!<\/strong><\/p>\n\n\n\n<h2 class=\"wp-block-heading\">O que \u00e9 o Conecte do UOL Meu Neg\u00f3cio?<\/h2>\n\n\n\n<p>O Conecte \u00e9 uma solu\u00e7\u00e3o para quem quer aumentar o alcance da marca na internet, mas sem precisar ter um site completo. Com ele, voc\u00ea vai conseguir divulgar os principais links da sua empresa a partir de uma \u00fanica p\u00e1gina.<\/p>\n\n\n\n<p>Assim, quando seu cliente procurar pelo nome da empresa no <a href=\"https:\/\/meunegocio.uol.com.br\/blog\/10-ferramentas-do-google-que-voce-precisa-conhecer\/\">google<\/a>, ele vai conseguir encontrar sua p\u00e1gina, conhecer mais sobre o seu neg\u00f3cio, ver as op\u00e7\u00f5es de contato e as suas <a href=\"https:\/\/meunegocio.uol.com.br\/blog\/diferenca-entre-vender-online-e-usar-a-internet-nas-vendas\/\" target=\"_blank\" rel=\"noreferrer noopener\">redes sociais<\/a>.<\/p>\n\n\n\n<p><strong>O melhor \u00e9 que voc\u00ea n\u00e3o precisa de desenvolvedor ou designer,<\/strong> o processo \u00e9 simples e, em poucos minutos, sua p\u00e1gina est\u00e1 pronta. Mas lembre-se, s\u00f3 \u00e9 permitido uma p\u00e1gina por CPF, ok?<\/p>\n\n\n\n<p>E n\u00e3o se preocupe caso voc\u00ea n\u00e3o seja cliente UOL Meu Neg\u00f3cio, <strong>o Conecte pode ser usado por qualquer empreendedor que queira aumentar sua presen\u00e7a na internet <\/strong>de forma simples, r\u00e1pida e gratuita!<\/p>\n\n\n\n<p><strong>&gt;&gt; N\u00e3o perca tempo! Se voc\u00ea est\u00e1 interessado, j\u00e1 pode <\/strong><a href=\"https:\/\/meunegocio.uol.com.br\/conecte?utm_source=blog&amp;utm_medium=textos&amp;utm_content=conheca-mais-sobre-o-conecte\" target=\"_blank\" rel=\"noreferrer noopener\"><strong>criar seu Conecte<\/strong><\/a><strong> agora mesmo<\/strong>.&nbsp;<\/p>\n\n\n\n<figure class=\"wp-block-image size-large\"><a href=\"https:\/\/meunegocio.uol.com.br\/conecte?utm_source=blog&amp;utm_medium=banner&amp;utm_content=conheca-mais-sobre-o-conecte\"><img loading=\"lazy\" decoding=\"async\" width=\"1024\" height=\"512\" src=\"https:\/\/uolhost.uol.com.br\/blog\/wp-content\/uploads\/2022\/03\/conecte_banner-1024x512.png\" alt=\"\" class=\"wp-image-13354\" srcset=\"https:\/\/uolhost.uol.com.br\/blog\/wp-content\/uploads\/2022\/03\/conecte_banner-1024x512.png 1024w, https:\/\/uolhost.uol.com.br\/blog\/wp-content\/uploads\/2022\/03\/conecte_banner-300x150.png 300w, https:\/\/uolhost.uol.com.br\/blog\/wp-content\/uploads\/2022\/03\/conecte_banner-768x384.png 768w, https:\/\/uolhost.uol.com.br\/blog\/wp-content\/uploads\/2022\/03\/conecte_banner.png 1500w\" sizes=\"auto, (max-width: 1024px) 100vw, 1024px\" \/><\/a><\/figure>\n\n\n\n<h3 class=\"wp-block-heading\">Por que ter presen\u00e7a na internet \u00e9 importante?<\/h3>\n\n\n\n<p>Quando voc\u00ea faz um post no Instagram divulgando seu produto, <a href=\"https:\/\/meunegocio.uol.com.br\/blog\/venda-pessoal\/\" target=\"_blank\" rel=\"noreferrer noopener\">servi\u00e7o<\/a> ou marca, quer que o usu\u00e1rio tome uma atitude depois, certo?<\/p>\n\n\n\n<p>Essa atitude pode ser uma mensagem, uma curtida ou um clique no <a href=\"https:\/\/meunegocio.uol.com.br\/blog\/link-nos-stories\/\" target=\"_blank\" rel=\"noreferrer noopener\">link<\/a> da bio. E quando o cliente clica nesse link, ele deve poder enxergar muito mais!&nbsp;<\/p>\n\n\n\n<p>Ao abrir a p\u00e1gina, todas as informa\u00e7\u00f5es que o usu\u00e1rio precisa estar\u00e3o ali, na palma da m\u00e3o dele, ele vai poder ver a descri\u00e7\u00e3o da sua marca, as redes sociais que a empresa est\u00e1 presente e os meios de contato, como <a href=\"https:\/\/meunegocio.uol.com.br\/blog\/como-o-whatsapp-pode-ajudar-no-dia-a-dia-de-sua-empresa\/\" target=\"_blank\" rel=\"noreferrer noopener\">Whatsapp<\/a>, e-mail e telefone.<\/p>\n\n\n\n<h3 class=\"wp-block-heading\">Diferen\u00e7as entre o Criador de Site e o Conecte<\/h3>\n\n\n\n<p>O Conecte \u00e9 uma ferramenta que oferece praticidade e simplicidade. Com ele, <strong>voc\u00ea ter\u00e1 apenas uma p\u00e1gina, que vai reunir outros links sobre o seu neg\u00f3cio.<\/strong><\/p>\n\n\n\n<p>Com o <a href=\"https:\/\/meunegocio.uol.com.br\/criador-de-sites\" target=\"_blank\" rel=\"noreferrer noopener\">Criador de Sites do UOL<\/a>, <strong>voc\u00ea pode criar um ambiente digital mais completo<\/strong>, com m\u00faltiplas p\u00e1ginas, como Blog, Quem somos e Contato, por exemplo. Al\u00e9m disso, voc\u00ea pode escolher diferentes planos para <a href=\"https:\/\/meunegocio.uol.com.br\/blog\/criador-de-sites-guia-rapido-e-completo-para-voce\/\" target=\"_blank\" rel=\"noreferrer noopener\">criar o site<\/a> que o seu neg\u00f3cio precisa.<\/p>\n\n\n\n<h2 class=\"wp-block-heading\">Vantagens de ter o Conecte do UOL Meu Neg\u00f3cio<\/h2>\n\n\n\n<p>Al\u00e9m de ter um \u00fanico link, personalizado, que vai conter todas as informa\u00e7\u00f5es do seu neg\u00f3cio, o Conecte ainda traz outros benef\u00edcios, como:<\/p>\n\n\n\n<ul class=\"wp-block-list\"><li><strong>Uma p\u00e1gina responsiva: <\/strong>Isso quer dizer que o link vai se adaptar a qualquer tipo de aparelho. Isto \u00e9, n\u00e3o tem problema se o cliente estiver no celular, tablet ou no computador, ele vai visualizar as informa\u00e7\u00f5es de forma clara e transparente.<\/li><\/ul>\n\n\n\n<ul class=\"wp-block-list\"><li><strong>Tudo em um s\u00f3 lugar: <\/strong>Imagine se um cliente pede mais informa\u00e7\u00f5es sobre o seu neg\u00f3cio e voc\u00ea encaminha 5 links diferentes? A chance dele deixar de clicar em apenas um e n\u00e3o abrir os outros \u00e9 grande. Com o Conecte, voc\u00ea compartilha apenas um endere\u00e7o e l\u00e1 tem todos os links \u00fateis com seus direcionamentos.<\/li><\/ul>\n\n\n\n<ul class=\"wp-block-list\"><li><strong>Nenhum custo adicional! <\/strong>Seu <a href=\"https:\/\/meunegocio.uol.com.br\/blog\/tendencias-tecnologia-para-pequenas-empresas\/\" target=\"_blank\" rel=\"noreferrer noopener\">neg\u00f3cio est\u00e1 come\u00e7ando<\/a> e voc\u00ea est\u00e1 com as contas apertadas? Tudo bem, a gente entende! \u00c9 por isso que com o Conecte voc\u00ea aumenta o alcance da marca sem pagar nada. \u00c9 s\u00f3 acessar o site, fazer o cadastro e compartilhar!<\/li><\/ul>\n\n\n\n<h2 class=\"wp-block-heading\">Crie sua p\u00e1gina em 3 passos!<\/h2>\n\n\n\n<p><strong>Est\u00e1 pronto para criar o Conecte para o seu neg\u00f3cio? <\/strong>A simplicidade \u00e9 tanta que voc\u00ea precisa, apenas, de 3 passos. Veja s\u00f3:<\/p>\n\n\n\n<ol class=\"wp-block-list\"><li><strong>Acesse o Painel de Controle e fa\u00e7a login com usu\u00e1rio e senha<\/strong>. Caso n\u00e3o tenha ainda, \u00e9 s\u00f3 realizar um novo cadastro.<\/li><\/ol>\n\n\n\n<ol class=\"wp-block-list\" start=\"2\"><li><strong>Preencha as informa\u00e7\u00f5es sobre a sua empresa:<\/strong><\/li><\/ol>\n\n\n\n<ol class=\"wp-block-list\"><li>Nome da empresa<\/li><li>Descri\u00e7\u00e3o da empresa<\/li><li>Telefone<\/li><li>E-mail<\/li><\/ol>\n\n\n\n<ol class=\"wp-block-list\" start=\"3\"><li><strong>Pronto!<\/strong> Agora \u00e9 s\u00f3 compartilhar o link!<\/li><\/ol>\n\n\n\n<p>O template da p\u00e1gina j\u00e1 est\u00e1 pronto, assim, voc\u00ea n\u00e3o tem nenhum trabalho extra. Basta preencher as informa\u00e7\u00f5es necess\u00e1rias e obrigat\u00f3rias que o Conecte estar\u00e1 pronto para ser usado e compartilhado.<\/p>\n\n\n\n<p>E n\u00e3o \u00e9 s\u00f3 isso! <strong>A nossa equipe est\u00e1 trabalhando para trazer ainda mais benef\u00edcios para o Conecte. <\/strong>Veja o que vem por a\u00ed em breve:<\/p>\n\n\n\n<ul class=\"wp-block-list\"><li>Possibilidade de colocar hor\u00e1rio de funcionamento da <a href=\"https:\/\/meunegocio.uol.com.br\/blog\/como-a-loja-virtuol-ajuda-o-seu-negocio\/\" target=\"_blank\" rel=\"noreferrer noopener\">loja<\/a><\/li><li>Cadastro de e-mail para contato<\/li><li>Espa\u00e7o para endere\u00e7o<\/li><li>Inclus\u00e3o de logo<\/li><li>Mudan\u00e7a da imagem de plano de fundo<\/li><li>Escolha da fonte que mais combina com sua marca<\/li><\/ul>\n\n\n\n<p>E a\u00ed, pronto para marcar sua presen\u00e7a na internet gratuitamente? <strong>Acesse o <\/strong><a href=\"https:\/\/meunegocio.uol.com.br\/conecte?utm_source=blog&amp;utm_medium=textos&amp;utm_content=conheca-mais-sobre-o-conecte\" target=\"_blank\" rel=\"noreferrer noopener\"><strong>Conecte<\/strong><\/a><strong> e transforme o seu neg\u00f3cio!<\/strong><\/p>\n","protected":false},"excerpt":{"rendered":"<p>Voc\u00ea lembra do cart\u00e3o de visitas? Aquele tradicional mesmo, em papel. Nele, s\u00e3o colocadas todas as informa\u00e7\u00f5es sobre um neg\u00f3cio ou um profissional, certo? Agora, e se voc\u00ea pudesse ter um desse, mas que fosse interativo? E voc\u00ea pode! O Conecte Uol Meu Neg\u00f3cio te d\u00e1 a op\u00e7\u00e3o de criar um cart\u00e3o de visitas virtual! [&hellip;]<\/p>\n","protected":false},"author":24,"featured_media":13272,"comment_status":"closed","ping_status":"closed","sticky":false,"template":"","format":"standard","meta":{"footnotes":""},"categories":[38],"tags":[1065],"class_list":["post-13271","post","type-post","status-publish","format-standard","has-post-thumbnail","hentry","category-solucoes","tag-presenca-na-internet"],"gutentor_comment":0,"yoast_head":"<!-- This site is optimized with the Yoast SEO plugin v26.4 - https:\/\/yoast.com\/wordpress\/plugins\/seo\/ -->\n<title>Conecte do UOL Meu Neg\u00f3cio: veja como criar seu cart\u00e3o digital<\/title>\n<meta name=\"description\" content=\"Crie seu cart\u00e3o digital com o Conecte do Uol Meu Neg\u00f3cio e tenha uma p\u00e1gina que re\u00fana seu WhatsApp, redes sociais, e-mail e telefone gratuitamente! Veja como!\" \/>\n<meta name=\"robots\" content=\"index, follow, max-snippet:-1, max-image-preview:large, max-video-preview:-1\" \/>\n<link rel=\"canonical\" href=\"https:\/\/uolhost.uol.com.br\/blog\/conheca-mais-sobre-o-conecte\/\" \/>\n<meta property=\"og:locale\" content=\"pt_BR\" \/>\n<meta property=\"og:type\" content=\"article\" \/>\n<meta property=\"og:title\" content=\"Conecte do UOL Meu Neg\u00f3cio: veja como criar seu cart\u00e3o digital\" \/>\n<meta property=\"og:description\" content=\"Crie seu cart\u00e3o digital com o Conecte do Uol Meu Neg\u00f3cio e tenha uma p\u00e1gina que re\u00fana seu WhatsApp, redes sociais, e-mail e telefone gratuitamente! Veja como!\" \/>\n<meta property=\"og:url\" content=\"https:\/\/uolhost.uol.com.br\/blog\/conheca-mais-sobre-o-conecte\/\" \/>\n<meta property=\"article:published_time\" content=\"2022-03-16T19:30:00+00:00\" \/>\n<meta property=\"article:modified_time\" content=\"2026-01-15T01:24:20+00:00\" \/>\n<meta property=\"og:image\" content=\"https:\/\/uolhost.uol.com.br\/blog\/wp-content\/uploads\/2022\/03\/Imagem-para-conteudo-de-Conecte.png\" \/>\n\t<meta property=\"og:image:width\" content=\"979\" \/>\n\t<meta property=\"og:image:height\" content=\"450\" \/>\n\t<meta property=\"og:image:type\" content=\"image\/png\" \/>\n<meta name=\"author\" content=\"Yuri Torres\" \/>\n<meta name=\"twitter:card\" content=\"summary_large_image\" \/>\n<meta name=\"twitter:label1\" content=\"Escrito por\" \/>\n\t<meta name=\"twitter:data1\" content=\"Yuri Torres\" \/>\n\t<meta name=\"twitter:label2\" content=\"Est. tempo de leitura\" \/>\n\t<meta name=\"twitter:data2\" content=\"5 minutos\" \/>\n<script type=\"application\/ld+json\" class=\"yoast-schema-graph\">{\"@context\":\"https:\/\/schema.org\",\"@graph\":[{\"@type\":\"Article\",\"@id\":\"https:\/\/uolhost.uol.com.br\/blog\/conheca-mais-sobre-o-conecte\/#article\",\"isPartOf\":{\"@id\":\"https:\/\/uolhost.uol.com.br\/blog\/conheca-mais-sobre-o-conecte\/\"},\"author\":{\"name\":\"Yuri Torres\",\"@id\":\"https:\/\/uolhost.uol.com.br\/blog\/#\/schema\/person\/41505c2cd07dc07109e30bea51edee93\"},\"headline\":\"Conhe\u00e7a mais sobre o Conecte do UOL Meu Neg\u00f3cio e tenha sua presen\u00e7a digital agora mesmo!\",\"datePublished\":\"2022-03-16T19:30:00+00:00\",\"dateModified\":\"2026-01-15T01:24:20+00:00\",\"mainEntityOfPage\":{\"@id\":\"https:\/\/uolhost.uol.com.br\/blog\/conheca-mais-sobre-o-conecte\/\"},\"wordCount\":974,\"publisher\":{\"@id\":\"https:\/\/uolhost.uol.com.br\/blog\/#organization\"},\"image\":{\"@id\":\"https:\/\/uolhost.uol.com.br\/blog\/conheca-mais-sobre-o-conecte\/#primaryimage\"},\"thumbnailUrl\":\"https:\/\/uolhost.uol.com.br\/blog\/wp-content\/uploads\/2022\/03\/Imagem-para-conteudo-de-Conecte.png?wsr\",\"keywords\":[\"presen\u00e7a na internet\"],\"articleSection\":[\"Solu\u00e7\u00f5es\"],\"inLanguage\":\"pt-BR\"},{\"@type\":\"WebPage\",\"@id\":\"https:\/\/uolhost.uol.com.br\/blog\/conheca-mais-sobre-o-conecte\/\",\"url\":\"https:\/\/uolhost.uol.com.br\/blog\/conheca-mais-sobre-o-conecte\/\",\"name\":\"Conecte do UOL Meu Neg\u00f3cio: veja como criar seu cart\u00e3o digital\",\"isPartOf\":{\"@id\":\"https:\/\/uolhost.uol.com.br\/blog\/#website\"},\"primaryImageOfPage\":{\"@id\":\"https:\/\/uolhost.uol.com.br\/blog\/conheca-mais-sobre-o-conecte\/#primaryimage\"},\"image\":{\"@id\":\"https:\/\/uolhost.uol.com.br\/blog\/conheca-mais-sobre-o-conecte\/#primaryimage\"},\"thumbnailUrl\":\"https:\/\/uolhost.uol.com.br\/blog\/wp-content\/uploads\/2022\/03\/Imagem-para-conteudo-de-Conecte.png?wsr\",\"datePublished\":\"2022-03-16T19:30:00+00:00\",\"dateModified\":\"2026-01-15T01:24:20+00:00\",\"description\":\"Crie seu cart\u00e3o digital com o Conecte do Uol Meu Neg\u00f3cio e tenha uma p\u00e1gina que re\u00fana seu WhatsApp, redes sociais, e-mail e telefone gratuitamente! Veja como!\",\"breadcrumb\":{\"@id\":\"https:\/\/uolhost.uol.com.br\/blog\/conheca-mais-sobre-o-conecte\/#breadcrumb\"},\"inLanguage\":\"pt-BR\",\"potentialAction\":[{\"@type\":\"ReadAction\",\"target\":[\"https:\/\/uolhost.uol.com.br\/blog\/conheca-mais-sobre-o-conecte\/\"]}]},{\"@type\":\"ImageObject\",\"inLanguage\":\"pt-BR\",\"@id\":\"https:\/\/uolhost.uol.com.br\/blog\/conheca-mais-sobre-o-conecte\/#primaryimage\",\"url\":\"https:\/\/uolhost.uol.com.br\/blog\/wp-content\/uploads\/2022\/03\/Imagem-para-conteudo-de-Conecte.png?wsr\",\"contentUrl\":\"https:\/\/uolhost.uol.com.br\/blog\/wp-content\/uploads\/2022\/03\/Imagem-para-conteudo-de-Conecte.png?wsr\",\"width\":979,\"height\":450,\"caption\":\"Conhe\u00e7a conecte\"},{\"@type\":\"BreadcrumbList\",\"@id\":\"https:\/\/uolhost.uol.com.br\/blog\/conheca-mais-sobre-o-conecte\/#breadcrumb\",\"itemListElement\":[{\"@type\":\"ListItem\",\"position\":1,\"name\":\"In\u00edcio\",\"item\":\"https:\/\/uolhost.uol.com.br\/blog\/\"},{\"@type\":\"ListItem\",\"position\":2,\"name\":\"Conhe\u00e7a mais sobre o Conecte do UOL Meu Neg\u00f3cio e tenha sua presen\u00e7a digital agora mesmo!\"}]},{\"@type\":\"WebSite\",\"@id\":\"https:\/\/uolhost.uol.com.br\/blog\/#website\",\"url\":\"https:\/\/uolhost.uol.com.br\/blog\/\",\"name\":\"Blog UOL Host\",\"description\":\"\",\"publisher\":{\"@id\":\"https:\/\/uolhost.uol.com.br\/blog\/#organization\"},\"potentialAction\":[{\"@type\":\"SearchAction\",\"target\":{\"@type\":\"EntryPoint\",\"urlTemplate\":\"https:\/\/uolhost.uol.com.br\/blog\/?s={search_term_string}\"},\"query-input\":{\"@type\":\"PropertyValueSpecification\",\"valueRequired\":true,\"valueName\":\"search_term_string\"}}],\"inLanguage\":\"pt-BR\"},{\"@type\":\"Organization\",\"@id\":\"https:\/\/uolhost.uol.com.br\/blog\/#organization\",\"name\":\"Blog UOL Host\",\"url\":\"https:\/\/uolhost.uol.com.br\/blog\/\",\"logo\":{\"@type\":\"ImageObject\",\"inLanguage\":\"pt-BR\",\"@id\":\"https:\/\/uolhost.uol.com.br\/blog\/#\/schema\/logo\/image\/\",\"url\":\"https:\/\/uolhost.uol.com.br\/blog\/wp-content\/uploads\/2025\/01\/UOL_Host.png?wsr\",\"contentUrl\":\"https:\/\/uolhost.uol.com.br\/blog\/wp-content\/uploads\/2025\/01\/UOL_Host.png?wsr\",\"width\":2000,\"height\":393,\"caption\":\"Blog UOL Host\"},\"image\":{\"@id\":\"https:\/\/uolhost.uol.com.br\/blog\/#\/schema\/logo\/image\/\"}},{\"@type\":\"Person\",\"@id\":\"https:\/\/uolhost.uol.com.br\/blog\/#\/schema\/person\/41505c2cd07dc07109e30bea51edee93\",\"name\":\"Yuri Torres\",\"image\":{\"@type\":\"ImageObject\",\"inLanguage\":\"pt-BR\",\"@id\":\"https:\/\/uolhost.uol.com.br\/blog\/#\/schema\/person\/image\/\",\"url\":\"https:\/\/secure.gravatar.com\/avatar\/4c96a05faea9fdf86f95d5b723e438c9cc14ad5c342d76486e5a4c8ac8259492?s=96&d=mm&r=g\",\"contentUrl\":\"https:\/\/secure.gravatar.com\/avatar\/4c96a05faea9fdf86f95d5b723e438c9cc14ad5c342d76486e5a4c8ac8259492?s=96&d=mm&r=g\",\"caption\":\"Yuri Torres\"},\"description\":\"Profissional de Reda\u00e7\u00e3o e Marketing, com 10 anos de experi\u00eancia no desenvolvimento de estrat\u00e9gias de conte\u00fado voltadas \u00e0 comunica\u00e7\u00e3o de marcas. Atua na cria\u00e7\u00e3o de materiais que fortalecem a presen\u00e7a digital, ampliam o engajamento e contribuem para o alcance de resultados alinhados aos objetivos de neg\u00f3cio, com experi\u00eancia no atendimento a empresas de diferentes segmentos. LinkedIn\",\"sameAs\":[\"https:\/\/www.linkedin.com\/in\/yuri-torres-271093108\/\"],\"url\":\"https:\/\/uolhost.uol.com.br\/blog\/author\/yuri-torres\/\"}]}<\/script>\n<!-- \/ Yoast SEO plugin. -->","yoast_head_json":{"title":"Conecte do UOL Meu Neg\u00f3cio: veja como criar seu cart\u00e3o digital","description":"Crie seu cart\u00e3o digital com o Conecte do Uol Meu Neg\u00f3cio e tenha uma p\u00e1gina que re\u00fana seu WhatsApp, redes sociais, e-mail e telefone gratuitamente! Veja como!","robots":{"index":"index","follow":"follow","max-snippet":"max-snippet:-1","max-image-preview":"max-image-preview:large","max-video-preview":"max-video-preview:-1"},"canonical":"https:\/\/uolhost.uol.com.br\/blog\/conheca-mais-sobre-o-conecte\/","og_locale":"pt_BR","og_type":"article","og_title":"Conecte do UOL Meu Neg\u00f3cio: veja como criar seu cart\u00e3o digital","og_description":"Crie seu cart\u00e3o digital com o Conecte do Uol Meu Neg\u00f3cio e tenha uma p\u00e1gina que re\u00fana seu WhatsApp, redes sociais, e-mail e telefone gratuitamente! Veja como!","og_url":"https:\/\/uolhost.uol.com.br\/blog\/conheca-mais-sobre-o-conecte\/","article_published_time":"2022-03-16T19:30:00+00:00","article_modified_time":"2026-01-15T01:24:20+00:00","og_image":[{"width":979,"height":450,"url":"https:\/\/uolhost.uol.com.br\/blog\/wp-content\/uploads\/2022\/03\/Imagem-para-conteudo-de-Conecte.png","type":"image\/png"}],"author":"Yuri Torres","twitter_card":"summary_large_image","twitter_misc":{"Escrito por":"Yuri Torres","Est. tempo de leitura":"5 minutos"},"schema":{"@context":"https:\/\/schema.org","@graph":[{"@type":"Article","@id":"https:\/\/uolhost.uol.com.br\/blog\/conheca-mais-sobre-o-conecte\/#article","isPartOf":{"@id":"https:\/\/uolhost.uol.com.br\/blog\/conheca-mais-sobre-o-conecte\/"},"author":{"name":"Yuri Torres","@id":"https:\/\/uolhost.uol.com.br\/blog\/#\/schema\/person\/41505c2cd07dc07109e30bea51edee93"},"headline":"Conhe\u00e7a mais sobre o Conecte do UOL Meu Neg\u00f3cio e tenha sua presen\u00e7a digital agora mesmo!","datePublished":"2022-03-16T19:30:00+00:00","dateModified":"2026-01-15T01:24:20+00:00","mainEntityOfPage":{"@id":"https:\/\/uolhost.uol.com.br\/blog\/conheca-mais-sobre-o-conecte\/"},"wordCount":974,"publisher":{"@id":"https:\/\/uolhost.uol.com.br\/blog\/#organization"},"image":{"@id":"https:\/\/uolhost.uol.com.br\/blog\/conheca-mais-sobre-o-conecte\/#primaryimage"},"thumbnailUrl":"https:\/\/uolhost.uol.com.br\/blog\/wp-content\/uploads\/2022\/03\/Imagem-para-conteudo-de-Conecte.png?wsr","keywords":["presen\u00e7a na internet"],"articleSection":["Solu\u00e7\u00f5es"],"inLanguage":"pt-BR"},{"@type":"WebPage","@id":"https:\/\/uolhost.uol.com.br\/blog\/conheca-mais-sobre-o-conecte\/","url":"https:\/\/uolhost.uol.com.br\/blog\/conheca-mais-sobre-o-conecte\/","name":"Conecte do UOL Meu Neg\u00f3cio: veja como criar seu cart\u00e3o digital","isPartOf":{"@id":"https:\/\/uolhost.uol.com.br\/blog\/#website"},"primaryImageOfPage":{"@id":"https:\/\/uolhost.uol.com.br\/blog\/conheca-mais-sobre-o-conecte\/#primaryimage"},"image":{"@id":"https:\/\/uolhost.uol.com.br\/blog\/conheca-mais-sobre-o-conecte\/#primaryimage"},"thumbnailUrl":"https:\/\/uolhost.uol.com.br\/blog\/wp-content\/uploads\/2022\/03\/Imagem-para-conteudo-de-Conecte.png?wsr","datePublished":"2022-03-16T19:30:00+00:00","dateModified":"2026-01-15T01:24:20+00:00","description":"Crie seu cart\u00e3o digital com o Conecte do Uol Meu Neg\u00f3cio e tenha uma p\u00e1gina que re\u00fana seu WhatsApp, redes sociais, e-mail e telefone gratuitamente! Veja como!","breadcrumb":{"@id":"https:\/\/uolhost.uol.com.br\/blog\/conheca-mais-sobre-o-conecte\/#breadcrumb"},"inLanguage":"pt-BR","potentialAction":[{"@type":"ReadAction","target":["https:\/\/uolhost.uol.com.br\/blog\/conheca-mais-sobre-o-conecte\/"]}]},{"@type":"ImageObject","inLanguage":"pt-BR","@id":"https:\/\/uolhost.uol.com.br\/blog\/conheca-mais-sobre-o-conecte\/#primaryimage","url":"https:\/\/uolhost.uol.com.br\/blog\/wp-content\/uploads\/2022\/03\/Imagem-para-conteudo-de-Conecte.png?wsr","contentUrl":"https:\/\/uolhost.uol.com.br\/blog\/wp-content\/uploads\/2022\/03\/Imagem-para-conteudo-de-Conecte.png?wsr","width":979,"height":450,"caption":"Conhe\u00e7a conecte"},{"@type":"BreadcrumbList","@id":"https:\/\/uolhost.uol.com.br\/blog\/conheca-mais-sobre-o-conecte\/#breadcrumb","itemListElement":[{"@type":"ListItem","position":1,"name":"In\u00edcio","item":"https:\/\/uolhost.uol.com.br\/blog\/"},{"@type":"ListItem","position":2,"name":"Conhe\u00e7a mais sobre o Conecte do UOL Meu Neg\u00f3cio e tenha sua presen\u00e7a digital agora mesmo!"}]},{"@type":"WebSite","@id":"https:\/\/uolhost.uol.com.br\/blog\/#website","url":"https:\/\/uolhost.uol.com.br\/blog\/","name":"Blog UOL Host","description":"","publisher":{"@id":"https:\/\/uolhost.uol.com.br\/blog\/#organization"},"potentialAction":[{"@type":"SearchAction","target":{"@type":"EntryPoint","urlTemplate":"https:\/\/uolhost.uol.com.br\/blog\/?s={search_term_string}"},"query-input":{"@type":"PropertyValueSpecification","valueRequired":true,"valueName":"search_term_string"}}],"inLanguage":"pt-BR"},{"@type":"Organization","@id":"https:\/\/uolhost.uol.com.br\/blog\/#organization","name":"Blog UOL Host","url":"https:\/\/uolhost.uol.com.br\/blog\/","logo":{"@type":"ImageObject","inLanguage":"pt-BR","@id":"https:\/\/uolhost.uol.com.br\/blog\/#\/schema\/logo\/image\/","url":"https:\/\/uolhost.uol.com.br\/blog\/wp-content\/uploads\/2025\/01\/UOL_Host.png?wsr","contentUrl":"https:\/\/uolhost.uol.com.br\/blog\/wp-content\/uploads\/2025\/01\/UOL_Host.png?wsr","width":2000,"height":393,"caption":"Blog UOL Host"},"image":{"@id":"https:\/\/uolhost.uol.com.br\/blog\/#\/schema\/logo\/image\/"}},{"@type":"Person","@id":"https:\/\/uolhost.uol.com.br\/blog\/#\/schema\/person\/41505c2cd07dc07109e30bea51edee93","name":"Yuri Torres","image":{"@type":"ImageObject","inLanguage":"pt-BR","@id":"https:\/\/uolhost.uol.com.br\/blog\/#\/schema\/person\/image\/","url":"https:\/\/secure.gravatar.com\/avatar\/4c96a05faea9fdf86f95d5b723e438c9cc14ad5c342d76486e5a4c8ac8259492?s=96&d=mm&r=g","contentUrl":"https:\/\/secure.gravatar.com\/avatar\/4c96a05faea9fdf86f95d5b723e438c9cc14ad5c342d76486e5a4c8ac8259492?s=96&d=mm&r=g","caption":"Yuri Torres"},"description":"Profissional de Reda\u00e7\u00e3o e Marketing, com 10 anos de experi\u00eancia no desenvolvimento de estrat\u00e9gias de conte\u00fado voltadas \u00e0 comunica\u00e7\u00e3o de marcas. Atua na cria\u00e7\u00e3o de materiais que fortalecem a presen\u00e7a digital, ampliam o engajamento e contribuem para o alcance de resultados alinhados aos objetivos de neg\u00f3cio, com experi\u00eancia no atendimento a empresas de diferentes segmentos. LinkedIn","sameAs":["https:\/\/www.linkedin.com\/in\/yuri-torres-271093108\/"],"url":"https:\/\/uolhost.uol.com.br\/blog\/author\/yuri-torres\/"}]}},"_links":{"self":[{"href":"https:\/\/uolhost.uol.com.br\/blog\/wp-json\/wp\/v2\/posts\/13271","targetHints":{"allow":["GET"]}}],"collection":[{"href":"https:\/\/uolhost.uol.com.br\/blog\/wp-json\/wp\/v2\/posts"}],"about":[{"href":"https:\/\/uolhost.uol.com.br\/blog\/wp-json\/wp\/v2\/types\/post"}],"author":[{"embeddable":true,"href":"https:\/\/uolhost.uol.com.br\/blog\/wp-json\/wp\/v2\/users\/24"}],"replies":[{"embeddable":true,"href":"https:\/\/uolhost.uol.com.br\/blog\/wp-json\/wp\/v2\/comments?post=13271"}],"version-history":[{"count":1,"href":"https:\/\/uolhost.uol.com.br\/blog\/wp-json\/wp\/v2\/posts\/13271\/revisions"}],"predecessor-version":[{"id":19583,"href":"https:\/\/uolhost.uol.com.br\/blog\/wp-json\/wp\/v2\/posts\/13271\/revisions\/19583"}],"wp:featuredmedia":[{"embeddable":true,"href":"https:\/\/uolhost.uol.com.br\/blog\/wp-json\/wp\/v2\/media\/13272"}],"wp:attachment":[{"href":"https:\/\/uolhost.uol.com.br\/blog\/wp-json\/wp\/v2\/media?parent=13271"}],"wp:term":[{"taxonomy":"category","embeddable":true,"href":"https:\/\/uolhost.uol.com.br\/blog\/wp-json\/wp\/v2\/categories?post=13271"},{"taxonomy":"post_tag","embeddable":true,"href":"https:\/\/uolhost.uol.com.br\/blog\/wp-json\/wp\/v2\/tags?post=13271"}],"curies":[{"name":"wp","href":"https:\/\/api.w.org\/{rel}","templated":true}]}}