{"id":15670,"date":"2023-05-17T14:03:00","date_gmt":"2023-05-17T17:03:00","guid":{"rendered":"https:\/\/meunegocio.uol.com.br\/blog\/?p=15670"},"modified":"2026-01-13T10:45:54","modified_gmt":"2026-01-13T13:45:54","slug":"empreender-instagram","status":"publish","type":"post","link":"https:\/\/uolhost.uol.com.br\/blog\/empreender-instagram\/","title":{"rendered":"Perfil profissional ou perfil pessoal? Dicas de como come\u00e7ar a empreender no Instagram"},"content":{"rendered":"\n<p>Empreender no Instagram \u00e9 uma das principais estrat\u00e9gias de promo\u00e7\u00e3o de um neg\u00f3cio na internet!<\/p>\n\n\n\n<p>Com recursos visuais impressionantes e milh\u00f5es de usu\u00e1rios em todo o mundo, \u00e9 poss\u00edvel <strong>criar conte\u00fado incr\u00edvel e engajar seu p\u00fablico de forma \u00fanica<\/strong>. Por\u00e9m, diante de tantas possibilidades, \u00e9 comum que surjam algumas d\u00favidas.&nbsp;<\/p>\n\n\n\n<p>Como criar um perfil atraente e profissional? Qual tipo de perfil \u00e9 o mais adequado para o seu neg\u00f3cio? Qual a diferen\u00e7a entre perfil pessoal ou profissional no Instagram? <strong>Devo criar um perfil profissional para come\u00e7ar a empreender no Instagram<\/strong>?<\/p>\n\n\n\n<p>Se essas s\u00e3o algumas das suas d\u00favidas, fique tranquilo! <strong>O UOL Meu Neg\u00f3cio est\u00e1 aqui para ajudar<\/strong>!<\/p>\n\n\n\n<p>Vamos mostrar as melhores estrat\u00e9gias para criar um perfil de sucesso que chame a aten\u00e7\u00e3o do seu p\u00fablico. <strong>Aprenda como vender pelo Instagram e surpreenda-se com o que essa rede social pode fazer pelo seu neg\u00f3cio<\/strong>!<\/p>\n\n\n\n<h2 class=\"wp-block-heading\">Perfil pessoal X Perfil profissional<\/h2>\n\n\n\n<p>Ao criar uma conta no Instagram para seu neg\u00f3cio, \u00e9 importante saber que existem duas op\u00e7\u00f5es: o perfil pessoal e o perfil profissional.<\/p>\n\n\n\n<p><strong>Embora ambos possam ser utilizados para divulgar produtos e servi\u00e7os, \u00e9 importante saber que existem diferen\u00e7as significativas entre eles<\/strong>.<\/p>\n\n\n\n<p><strong>>> <\/strong><a href=\"https:\/\/meunegocio.uol.com.br\/blog\/ebook-instagram-para-iniciantes\/\" target=\"_blank\" rel=\"noreferrer noopener\"><strong>Como usar o Instagram: guia para iniciantes<\/strong><\/a><\/p>\n\n\n\n<h3 class=\"wp-block-heading\">Como funciona o perfil pessoal no Instagram?<\/h3>\n\n\n\n<p>Indicado para uso pessoal, o objetivo \u00e9 compartilhar momentos e interagir com amigos e familiares. Nele, \u00e9 poss\u00edvel compartilhar fotos, v\u00eddeos, stories e fazer publica\u00e7\u00f5es.<\/p>\n\n\n\n<p>Entretanto, se voc\u00ea deseja empreender no Instagram, n\u00e3o vai conseguir acessar recursos importantes para o seu neg\u00f3cio com o perfil pessoal.<\/p>\n\n\n\n<p>Entre essas funcionalidades est\u00e3o o ambiente de cria\u00e7\u00e3o de an\u00fancios pagos, estat\u00edsticas e integra\u00e7\u00e3o com outras ferramentas de marketing.<\/p>\n\n\n\n<h2 class=\"wp-block-heading\">Por que investir em um perfil profissional para empreender no Instagram?<\/h2>\n\n\n\n<p>Por outro lado, <strong>o <\/strong><a href=\"https:\/\/blog.pagseguro.uol.com.br\/instagram-profissional-motivos-para-investir-nessa-rede-social\/\" target=\"_blank\" rel=\"noreferrer noopener\"><strong>perfil profissional<\/strong><\/a><strong> \u00e9 voltado para empresas e empreendedores que desejam usar a plataforma como uma <\/strong><a href=\"https:\/\/meunegocio.uol.com.br\/blog\/6-vantagens-do-instagram-para-promover-seus-negocios\/\" target=\"_blank\" rel=\"noreferrer noopener\"><strong>ferramenta de neg\u00f3cios<\/strong><\/a><strong>! <\/strong>Com ele, voc\u00ea pode gerenciar e medir o desempenho das suas publica\u00e7\u00f5es e campanhas.<\/p>\n\n\n\n<p><strong>Al\u00e9m disso, \u00e9 poss\u00edvel <\/strong><a href=\"https:\/\/meunegocio.uol.com.br\/blog\/agendar-post-instagram\/\" target=\"_blank\" rel=\"noreferrer noopener\"><strong>integr\u00e1-lo com outras ferramentas<\/strong><\/a><strong> e otimizar a presen\u00e7a online da sua marca<\/strong>! Confira agora em detalhes as ferramentas dispon\u00edveis no seu perfil profissional no Instagram:<\/p>\n\n\n\n<h3 class=\"wp-block-heading\">Acesso \u00e0s estat\u00edsticas<\/h3>\n\n\n\n<p>Ao contr\u00e1rio do perfil pessoal, o perfil profissional do Instagram oferece acesso detalhado sobre o desempenho de suas atividades na plataforma.<\/p>\n\n\n\n<p>Com as m\u00e9tricas dispon\u00edveis, <strong>\u00e9 poss\u00edvel saber quantas pessoas viram suas postagens, al\u00e9m de dados sobre a idade, localiza\u00e7\u00e3o e g\u00eanero de seus seguidores<\/strong>.<\/p>\n\n\n\n<p>Al\u00e9m disso, voc\u00ea pode visualizar dados como:<\/p>\n\n\n\n<ul class=\"wp-block-list\"><li><strong>Impress\u00f5es:<\/strong> quantidade de visualiza\u00e7\u00f5es do seu post<\/li><li><strong>Alcance:<\/strong> quantas pessoas voc\u00ea alcan\u00e7ou com o post<\/li><li><strong>Descoberta:<\/strong> quantidade de pessoas que n\u00e3o eram seguidoras e que foram alcan\u00e7adas com o post<\/li><li><strong>Visitas ao perfil:<\/strong> quantas vezes o seu perfil foi visualizado por pessoas<\/li><li><strong>Principais publica\u00e7\u00f5es:<\/strong> posts organizados em uma lista decrescente de impress\u00f5es<\/li><li><strong>Cliques em \u201cLigar\u201d:<\/strong> quantidade de vezes que as pessoas clicaram no bot\u00e3o \u201cLigar\u201d para a sua empresa a partir do perfil no Instagram<\/li><li><strong>Cliques em \u201cComo chegar\u201d:<\/strong> quantidade de cliques que as pessoas deram para saber como chegar at\u00e9 o seu estabelecimento<\/li><li><strong>Envolvimento:<\/strong> quantidade de vezes que as pessoas interagiram com a sua publica\u00e7\u00e3o (curtindo, comentando ou salvando o post)<\/li><li><strong>Salvos:<\/strong> quantidade de perfis que salvaram sua publica\u00e7\u00e3o<\/li><li><strong>Visualiza\u00e7\u00f5es do v\u00eddeo:<\/strong> quantidade de vezes que o v\u00eddeo foi visualizado<\/li><li><strong>Cliques no site:<\/strong> quantidade de vezes que as pessoas clicaram para acessar o seu site a partir do perfil no Instagram;<\/li><\/ul>\n\n\n\n<p><strong>\u00c9 importante ressaltar que essas informa\u00e7\u00f5es s\u00f3 est\u00e3o dispon\u00edveis em contas comerciais<\/strong>, o que torna a cria\u00e7\u00e3o de um perfil profissional essencial para quem deseja empreender no Instagram.<\/p>\n\n\n\n<h3 class=\"wp-block-heading\">Bot\u00f5es personalizados com CTAs<\/h3>\n\n\n\n<p>Os bot\u00f5es Call to Action (CTA) dispon\u00edveis no perfil profissional do Instagram s\u00e3o uma op\u00e7\u00e3o muito vantajosa. Afinal, eles <strong>simplificam a comunica\u00e7\u00e3o entre os clientes e a marca<\/strong>.<\/p>\n\n\n\n<p>Para us\u00e1-los no seu perfil comercial, basta ir at\u00e9 as configura\u00e7\u00f5es e inserir seu telefone, e-mail e endere\u00e7o nos bot\u00f5es de \u201cLigar\u201d, \u201cEnviar e-mail\u201d e \u201cComo chegar\u201d, respectivamente.<\/p>\n\n\n\n<p>Assim, os <strong>usu\u00e1rios poder\u00e3o interagir de forma mais f\u00e1cil e r\u00e1pida com o seu neg\u00f3cio<\/strong>, encurtando o caminho entre cliente e empresa.<\/p>\n\n\n\n<h3 class=\"wp-block-heading\">Criar uma lojinha<\/h3>\n\n\n\n<p>O recurso &#8220;<a href=\"https:\/\/meunegocio.uol.com.br\/blog\/como-usar-sacolinha-instagram\/\" target=\"_blank\" rel=\"noreferrer noopener\">Compras no Instagram<\/a>&#8221; funciona como uma vitrine virtual para a sua loja, permitindo aos usu\u00e1rios ter mais <strong>informa\u00e7\u00f5es sobre seus produtos de forma f\u00e1cil e r\u00e1pida<\/strong>.<\/p>\n\n\n\n<p>Essa visualiza\u00e7\u00e3o facilitada permite aos usu\u00e1rios explorar cole\u00e7\u00f5es e comprar itens, seja pelo smartphone ou desktop.<\/p>\n\n\n\n<h3 class=\"wp-block-heading\">Personaliza\u00e7\u00e3o do contato no perfil<\/h3>\n\n\n\n<p><strong>Adicione detalhes importantes na sua Bio (biografia), especificando os servi\u00e7os ou produtos que voc\u00ea oferece<\/strong>.<\/p>\n\n\n\n<p>Tamb\u00e9m \u00e9 importante incluir algum n\u00famero de impacto ou valor da sua marca \u2014 assim, o p\u00fablico consegue identificar seu prop\u00f3sito. Inclua tamb\u00e9m um <a href=\"https:\/\/meunegocio.uol.com.br\/blog\/como-vender-pelo-facebook-e-instagram-com-a-sua-loja-virtuol\/\">link para o seu site<\/a><a href=\"https:\/\/meunegocio.uol.com.br\/blog\/como-vender-pelo-facebook-e-instagram-com-a-sua-loja-virtuol\/\" target=\"_blank\" rel=\"noreferrer noopener\"> <\/a><a href=\"https:\/\/meunegocio.uol.com.br\/blog\/como-vender-pelo-facebook-e-instagram-com-a-sua-loja-virtuol\/\">ou loja virtual<\/a>.<\/p>\n\n\n\n<p><strong>>> <\/strong><a href=\"https:\/\/meunegocio.uol.com.br\/blog\/lucrando-com-instagram\/\" target=\"_blank\" rel=\"noreferrer noopener\"><strong>Aprenda a integrar sua Loja VirtUOL com as redes sociais e lucrar com o Instagram!<\/strong><\/a><\/p>\n\n\n\n<h3 class=\"wp-block-heading\">Possibilidade de fazer an\u00fancios<\/h3>\n\n\n\n<p><strong>Atrav\u00e9s do Facebook Ads voc\u00ea pode criar campanhas de an\u00fancios no Instagram com o seu perfil profissional<\/strong>. J\u00e1 o Impulsionamento de posts \u00e9 uma op\u00e7\u00e3o que permite ampliar o alcance de uma publica\u00e7\u00e3o de forma \u00e1gil e independente.<\/p>\n\n\n\n<p>Bom, agora que voc\u00ea j\u00e1 conhece todas as funcionalidades de um perfil profissional, pode come\u00e7ar a empreender no Instagram!<\/p>\n\n\n\n<h2 class=\"wp-block-heading\">Como criar um perfil profissional no Instagram?<\/h2>\n\n\n\n<p>O primeiro passo \u00e9 criar uma conta ou usar uma j\u00e1 existente.<\/p>\n\n\n\n<ul class=\"wp-block-list\"><li>Em seguida, acesse o \u00edcone com tr\u00eas linhas paralelas no canto superior direito e v\u00e1 em Configura\u00e7\u00f5es &gt; Conta &gt; Mudar para conta profissional.<\/li><li>O Instagram mostrar\u00e1 informa\u00e7\u00f5es sobre o que \u00e9 poss\u00edvel fazer com um perfil profissional e, ent\u00e3o, selecione uma categoria para o seu perfil.<\/li><li>Adicione um n\u00famero de telefone ou endere\u00e7o de e-mail e escolha se quer ser identificado como \u201cCriador de conte\u00fado\u201d ou \u201cEmpresa\u201d.<\/li><li>Tamb\u00e9m \u00e9 poss\u00edvel conectar uma p\u00e1gina do Facebook ao seu perfil profissional.<\/li><li>Ap\u00f3s essas etapas, o seu perfil profissional estar\u00e1 criado e voc\u00ea ter\u00e1 acesso aos recursos exclusivos da rede.<\/li><\/ul>\n\n\n\n<p>E para divulgar seu perfil profissional e conquistar mais seguidores, \u00e9 importante utilizar estrat\u00e9gias como o uso de hashtags relevantes, <a href=\"https:\/\/meunegocio.uol.com.br\/blog\/como-criar-conteudos-para-instagram\/\" target=\"_blank\" rel=\"noreferrer noopener\">produ\u00e7\u00e3o de conte\u00fado de qualidade<\/a> e intera\u00e7\u00e3o com o p\u00fablico.<\/p>\n\n\n\n<h2 class=\"wp-block-heading\">De que forma voc\u00ea pode divulgar o Instagram e come\u00e7ar a vender?<\/h2>\n\n\n\n<p>Os an\u00fancios pagos s\u00e3o uma estrat\u00e9gia eficiente para divulgar o seu perfil do Instagram. Com eles, voc\u00ea atrai um p\u00fablico qualificado e pode <a href=\"https:\/\/meunegocio.uol.com.br\/blog\/como-vender-no-instagram\/\" target=\"_blank\" rel=\"noreferrer noopener\">direcion\u00e1-lo para as vendas<\/a>. Ou seja:<strong> s\u00e3o pessoas que est\u00e3o realmente interessadas em seu produto ou servi\u00e7o!<\/strong><\/p>\n\n\n\n<p><strong>N\u00e3o perca mais tempo e comece a empreender no Instagram hoje mesmo!<\/strong><\/p>\n\n\n\n<p>Se voc\u00ea nunca criou um an\u00fancio no Instagram e quer aprender como utilizar a plataforma para divulgar o seu neg\u00f3cio, <a href=\"https:\/\/meunegocio.uol.com.br\/blog\/ebook-instagram-para-iniciantes\/\" target=\"_blank\" rel=\"noreferrer noopener\">baixe agora o e-book gratuito<\/a> do UOL Meu Neg\u00f3cio <strong>&#8220;Como usar o Instagram: guia para iniciantes&#8221;<\/strong>.<\/p>\n\n\n\n<p>Aprenda dicas valiosas e comece a atrair um p\u00fablico qualificado para o seu perfil!<\/p>\n","protected":false},"excerpt":{"rendered":"<p>Empreender no Instagram \u00e9 uma das principais estrat\u00e9gias de promo\u00e7\u00e3o de um neg\u00f3cio na internet! Com recursos visuais impressionantes e milh\u00f5es de usu\u00e1rios em todo o mundo, \u00e9 poss\u00edvel criar conte\u00fado incr\u00edvel e engajar seu p\u00fablico de forma \u00fanica. Por\u00e9m, diante de tantas possibilidades, \u00e9 comum que surjam algumas d\u00favidas.&nbsp; Como criar um perfil atraente [&hellip;]<\/p>\n","protected":false},"author":24,"featured_media":15671,"comment_status":"closed","ping_status":"closed","sticky":false,"template":"","format":"standard","meta":{"footnotes":""},"categories":[22,1447,35],"tags":[461,978,979,1370],"class_list":["post-15670","post","type-post","status-publish","format-standard","has-post-thumbnail","hentry","category-marketing-digital","category-midias-sociais","category-redes-sociais","tag-facebook-ads","tag-perfil-pessoal-ou-profissional-no-instagram","tag-perfil-profissional-no-instagram","tag-vender-pelo-instagram"],"gutentor_comment":0,"yoast_head":"<!-- This site is optimized with the Yoast SEO plugin v26.4 - https:\/\/yoast.com\/wordpress\/plugins\/seo\/ -->\n<title>Perfil profissional ou perfil pessoal? Dicas de como come\u00e7ar a empreender no Instagram -<\/title>\n<meta name=\"robots\" content=\"index, follow, max-snippet:-1, max-image-preview:large, max-video-preview:-1\" \/>\n<link rel=\"canonical\" href=\"https:\/\/uolhost.uol.com.br\/blog\/empreender-instagram\/\" \/>\n<meta property=\"og:locale\" content=\"pt_BR\" \/>\n<meta property=\"og:type\" content=\"article\" \/>\n<meta property=\"og:title\" content=\"Perfil profissional ou perfil pessoal? Dicas de como come\u00e7ar a empreender no Instagram -\" \/>\n<meta property=\"og:description\" content=\"Empreender no Instagram \u00e9 uma das principais estrat\u00e9gias de promo\u00e7\u00e3o de um neg\u00f3cio na internet! Com recursos visuais impressionantes e milh\u00f5es de usu\u00e1rios em todo o mundo, \u00e9 poss\u00edvel criar conte\u00fado incr\u00edvel e engajar seu p\u00fablico de forma \u00fanica. Por\u00e9m, diante de tantas possibilidades, \u00e9 comum que surjam algumas d\u00favidas.&nbsp; Como criar um perfil atraente [&hellip;]\" \/>\n<meta property=\"og:url\" content=\"https:\/\/uolhost.uol.com.br\/blog\/empreender-instagram\/\" \/>\n<meta property=\"article:published_time\" content=\"2023-05-17T17:03:00+00:00\" \/>\n<meta property=\"article:modified_time\" content=\"2026-01-13T13:45:54+00:00\" \/>\n<meta property=\"og:image\" content=\"https:\/\/uolhost.uol.com.br\/blog\/wp-content\/uploads\/2023\/05\/BP14-Perfil-profissional-ou-perfil-pessoal_-Dicas-de-como-comecar-a-empreender-no-instagram.png\" \/>\n\t<meta property=\"og:image:width\" content=\"1400\" \/>\n\t<meta property=\"og:image:height\" content=\"540\" \/>\n\t<meta property=\"og:image:type\" content=\"image\/png\" \/>\n<meta name=\"author\" content=\"Yuri Torres\" \/>\n<meta name=\"twitter:card\" content=\"summary_large_image\" \/>\n<meta name=\"twitter:label1\" content=\"Escrito por\" \/>\n\t<meta name=\"twitter:data1\" content=\"Yuri Torres\" \/>\n\t<meta name=\"twitter:label2\" content=\"Est. tempo de leitura\" \/>\n\t<meta name=\"twitter:data2\" content=\"6 minutos\" \/>\n<script type=\"application\/ld+json\" class=\"yoast-schema-graph\">{\"@context\":\"https:\/\/schema.org\",\"@graph\":[{\"@type\":\"Article\",\"@id\":\"https:\/\/uolhost.uol.com.br\/blog\/empreender-instagram\/#article\",\"isPartOf\":{\"@id\":\"https:\/\/uolhost.uol.com.br\/blog\/empreender-instagram\/\"},\"author\":{\"name\":\"Yuri Torres\",\"@id\":\"https:\/\/uolhost.uol.com.br\/blog\/#\/schema\/person\/41505c2cd07dc07109e30bea51edee93\"},\"headline\":\"Perfil profissional ou perfil pessoal? Dicas de como come\u00e7ar a empreender no Instagram\",\"datePublished\":\"2023-05-17T17:03:00+00:00\",\"dateModified\":\"2026-01-13T13:45:54+00:00\",\"mainEntityOfPage\":{\"@id\":\"https:\/\/uolhost.uol.com.br\/blog\/empreender-instagram\/\"},\"wordCount\":1228,\"publisher\":{\"@id\":\"https:\/\/uolhost.uol.com.br\/blog\/#organization\"},\"image\":{\"@id\":\"https:\/\/uolhost.uol.com.br\/blog\/empreender-instagram\/#primaryimage\"},\"thumbnailUrl\":\"https:\/\/uolhost.uol.com.br\/blog\/wp-content\/uploads\/2023\/05\/BP14-Perfil-profissional-ou-perfil-pessoal_-Dicas-de-como-comecar-a-empreender-no-instagram.png?wsr\",\"keywords\":[\"Facebook Ads\",\"perfil pessoal ou profissional no instagram\",\"perfil profissional no instagram\",\"vender pelo instagram\"],\"articleSection\":[\"Marketing Digital\",\"M\u00eddias Sociais\",\"Redes Sociais\"],\"inLanguage\":\"pt-BR\"},{\"@type\":\"WebPage\",\"@id\":\"https:\/\/uolhost.uol.com.br\/blog\/empreender-instagram\/\",\"url\":\"https:\/\/uolhost.uol.com.br\/blog\/empreender-instagram\/\",\"name\":\"Perfil profissional ou perfil pessoal? Dicas de como come\u00e7ar a empreender no Instagram -\",\"isPartOf\":{\"@id\":\"https:\/\/uolhost.uol.com.br\/blog\/#website\"},\"primaryImageOfPage\":{\"@id\":\"https:\/\/uolhost.uol.com.br\/blog\/empreender-instagram\/#primaryimage\"},\"image\":{\"@id\":\"https:\/\/uolhost.uol.com.br\/blog\/empreender-instagram\/#primaryimage\"},\"thumbnailUrl\":\"https:\/\/uolhost.uol.com.br\/blog\/wp-content\/uploads\/2023\/05\/BP14-Perfil-profissional-ou-perfil-pessoal_-Dicas-de-como-comecar-a-empreender-no-instagram.png?wsr\",\"datePublished\":\"2023-05-17T17:03:00+00:00\",\"dateModified\":\"2026-01-13T13:45:54+00:00\",\"breadcrumb\":{\"@id\":\"https:\/\/uolhost.uol.com.br\/blog\/empreender-instagram\/#breadcrumb\"},\"inLanguage\":\"pt-BR\",\"potentialAction\":[{\"@type\":\"ReadAction\",\"target\":[\"https:\/\/uolhost.uol.com.br\/blog\/empreender-instagram\/\"]}]},{\"@type\":\"ImageObject\",\"inLanguage\":\"pt-BR\",\"@id\":\"https:\/\/uolhost.uol.com.br\/blog\/empreender-instagram\/#primaryimage\",\"url\":\"https:\/\/uolhost.uol.com.br\/blog\/wp-content\/uploads\/2023\/05\/BP14-Perfil-profissional-ou-perfil-pessoal_-Dicas-de-como-comecar-a-empreender-no-instagram.png?wsr\",\"contentUrl\":\"https:\/\/uolhost.uol.com.br\/blog\/wp-content\/uploads\/2023\/05\/BP14-Perfil-profissional-ou-perfil-pessoal_-Dicas-de-como-comecar-a-empreender-no-instagram.png?wsr\",\"width\":1400,\"height\":540,\"caption\":\"empreender instagram\"},{\"@type\":\"BreadcrumbList\",\"@id\":\"https:\/\/uolhost.uol.com.br\/blog\/empreender-instagram\/#breadcrumb\",\"itemListElement\":[{\"@type\":\"ListItem\",\"position\":1,\"name\":\"In\u00edcio\",\"item\":\"https:\/\/uolhost.uol.com.br\/blog\/\"},{\"@type\":\"ListItem\",\"position\":2,\"name\":\"Perfil profissional ou perfil pessoal? Dicas de como come\u00e7ar a empreender no Instagram\"}]},{\"@type\":\"WebSite\",\"@id\":\"https:\/\/uolhost.uol.com.br\/blog\/#website\",\"url\":\"https:\/\/uolhost.uol.com.br\/blog\/\",\"name\":\"Blog UOL Host\",\"description\":\"\",\"publisher\":{\"@id\":\"https:\/\/uolhost.uol.com.br\/blog\/#organization\"},\"potentialAction\":[{\"@type\":\"SearchAction\",\"target\":{\"@type\":\"EntryPoint\",\"urlTemplate\":\"https:\/\/uolhost.uol.com.br\/blog\/?s={search_term_string}\"},\"query-input\":{\"@type\":\"PropertyValueSpecification\",\"valueRequired\":true,\"valueName\":\"search_term_string\"}}],\"inLanguage\":\"pt-BR\"},{\"@type\":\"Organization\",\"@id\":\"https:\/\/uolhost.uol.com.br\/blog\/#organization\",\"name\":\"Blog UOL Host\",\"url\":\"https:\/\/uolhost.uol.com.br\/blog\/\",\"logo\":{\"@type\":\"ImageObject\",\"inLanguage\":\"pt-BR\",\"@id\":\"https:\/\/uolhost.uol.com.br\/blog\/#\/schema\/logo\/image\/\",\"url\":\"https:\/\/uolhost.uol.com.br\/blog\/wp-content\/uploads\/2025\/01\/UOL_Host.png?wsr\",\"contentUrl\":\"https:\/\/uolhost.uol.com.br\/blog\/wp-content\/uploads\/2025\/01\/UOL_Host.png?wsr\",\"width\":2000,\"height\":393,\"caption\":\"Blog UOL Host\"},\"image\":{\"@id\":\"https:\/\/uolhost.uol.com.br\/blog\/#\/schema\/logo\/image\/\"}},{\"@type\":\"Person\",\"@id\":\"https:\/\/uolhost.uol.com.br\/blog\/#\/schema\/person\/41505c2cd07dc07109e30bea51edee93\",\"name\":\"Yuri Torres\",\"image\":{\"@type\":\"ImageObject\",\"inLanguage\":\"pt-BR\",\"@id\":\"https:\/\/uolhost.uol.com.br\/blog\/#\/schema\/person\/image\/\",\"url\":\"https:\/\/secure.gravatar.com\/avatar\/4c96a05faea9fdf86f95d5b723e438c9cc14ad5c342d76486e5a4c8ac8259492?s=96&d=mm&r=g\",\"contentUrl\":\"https:\/\/secure.gravatar.com\/avatar\/4c96a05faea9fdf86f95d5b723e438c9cc14ad5c342d76486e5a4c8ac8259492?s=96&d=mm&r=g\",\"caption\":\"Yuri Torres\"},\"description\":\"Profissional de Reda\u00e7\u00e3o e Marketing, com 10 anos de experi\u00eancia no desenvolvimento de estrat\u00e9gias de conte\u00fado voltadas \u00e0 comunica\u00e7\u00e3o de marcas. Atua na cria\u00e7\u00e3o de materiais que fortalecem a presen\u00e7a digital, ampliam o engajamento e contribuem para o alcance de resultados alinhados aos objetivos de neg\u00f3cio, com experi\u00eancia no atendimento a empresas de diferentes segmentos. LinkedIn\",\"sameAs\":[\"https:\/\/www.linkedin.com\/in\/yuri-torres-271093108\/\"],\"url\":\"https:\/\/uolhost.uol.com.br\/blog\/author\/yuri-torres\/\"}]}<\/script>\n<!-- \/ Yoast SEO plugin. -->","yoast_head_json":{"title":"Perfil profissional ou perfil pessoal? Dicas de como come\u00e7ar a empreender no Instagram -","robots":{"index":"index","follow":"follow","max-snippet":"max-snippet:-1","max-image-preview":"max-image-preview:large","max-video-preview":"max-video-preview:-1"},"canonical":"https:\/\/uolhost.uol.com.br\/blog\/empreender-instagram\/","og_locale":"pt_BR","og_type":"article","og_title":"Perfil profissional ou perfil pessoal? Dicas de como come\u00e7ar a empreender no Instagram -","og_description":"Empreender no Instagram \u00e9 uma das principais estrat\u00e9gias de promo\u00e7\u00e3o de um neg\u00f3cio na internet! Com recursos visuais impressionantes e milh\u00f5es de usu\u00e1rios em todo o mundo, \u00e9 poss\u00edvel criar conte\u00fado incr\u00edvel e engajar seu p\u00fablico de forma \u00fanica. Por\u00e9m, diante de tantas possibilidades, \u00e9 comum que surjam algumas d\u00favidas.&nbsp; Como criar um perfil atraente [&hellip;]","og_url":"https:\/\/uolhost.uol.com.br\/blog\/empreender-instagram\/","article_published_time":"2023-05-17T17:03:00+00:00","article_modified_time":"2026-01-13T13:45:54+00:00","og_image":[{"width":1400,"height":540,"url":"https:\/\/uolhost.uol.com.br\/blog\/wp-content\/uploads\/2023\/05\/BP14-Perfil-profissional-ou-perfil-pessoal_-Dicas-de-como-comecar-a-empreender-no-instagram.png","type":"image\/png"}],"author":"Yuri Torres","twitter_card":"summary_large_image","twitter_misc":{"Escrito por":"Yuri Torres","Est. tempo de leitura":"6 minutos"},"schema":{"@context":"https:\/\/schema.org","@graph":[{"@type":"Article","@id":"https:\/\/uolhost.uol.com.br\/blog\/empreender-instagram\/#article","isPartOf":{"@id":"https:\/\/uolhost.uol.com.br\/blog\/empreender-instagram\/"},"author":{"name":"Yuri Torres","@id":"https:\/\/uolhost.uol.com.br\/blog\/#\/schema\/person\/41505c2cd07dc07109e30bea51edee93"},"headline":"Perfil profissional ou perfil pessoal? Dicas de como come\u00e7ar a empreender no Instagram","datePublished":"2023-05-17T17:03:00+00:00","dateModified":"2026-01-13T13:45:54+00:00","mainEntityOfPage":{"@id":"https:\/\/uolhost.uol.com.br\/blog\/empreender-instagram\/"},"wordCount":1228,"publisher":{"@id":"https:\/\/uolhost.uol.com.br\/blog\/#organization"},"image":{"@id":"https:\/\/uolhost.uol.com.br\/blog\/empreender-instagram\/#primaryimage"},"thumbnailUrl":"https:\/\/uolhost.uol.com.br\/blog\/wp-content\/uploads\/2023\/05\/BP14-Perfil-profissional-ou-perfil-pessoal_-Dicas-de-como-comecar-a-empreender-no-instagram.png?wsr","keywords":["Facebook Ads","perfil pessoal ou profissional no instagram","perfil profissional no instagram","vender pelo instagram"],"articleSection":["Marketing Digital","M\u00eddias Sociais","Redes Sociais"],"inLanguage":"pt-BR"},{"@type":"WebPage","@id":"https:\/\/uolhost.uol.com.br\/blog\/empreender-instagram\/","url":"https:\/\/uolhost.uol.com.br\/blog\/empreender-instagram\/","name":"Perfil profissional ou perfil pessoal? Dicas de como come\u00e7ar a empreender no Instagram -","isPartOf":{"@id":"https:\/\/uolhost.uol.com.br\/blog\/#website"},"primaryImageOfPage":{"@id":"https:\/\/uolhost.uol.com.br\/blog\/empreender-instagram\/#primaryimage"},"image":{"@id":"https:\/\/uolhost.uol.com.br\/blog\/empreender-instagram\/#primaryimage"},"thumbnailUrl":"https:\/\/uolhost.uol.com.br\/blog\/wp-content\/uploads\/2023\/05\/BP14-Perfil-profissional-ou-perfil-pessoal_-Dicas-de-como-comecar-a-empreender-no-instagram.png?wsr","datePublished":"2023-05-17T17:03:00+00:00","dateModified":"2026-01-13T13:45:54+00:00","breadcrumb":{"@id":"https:\/\/uolhost.uol.com.br\/blog\/empreender-instagram\/#breadcrumb"},"inLanguage":"pt-BR","potentialAction":[{"@type":"ReadAction","target":["https:\/\/uolhost.uol.com.br\/blog\/empreender-instagram\/"]}]},{"@type":"ImageObject","inLanguage":"pt-BR","@id":"https:\/\/uolhost.uol.com.br\/blog\/empreender-instagram\/#primaryimage","url":"https:\/\/uolhost.uol.com.br\/blog\/wp-content\/uploads\/2023\/05\/BP14-Perfil-profissional-ou-perfil-pessoal_-Dicas-de-como-comecar-a-empreender-no-instagram.png?wsr","contentUrl":"https:\/\/uolhost.uol.com.br\/blog\/wp-content\/uploads\/2023\/05\/BP14-Perfil-profissional-ou-perfil-pessoal_-Dicas-de-como-comecar-a-empreender-no-instagram.png?wsr","width":1400,"height":540,"caption":"empreender instagram"},{"@type":"BreadcrumbList","@id":"https:\/\/uolhost.uol.com.br\/blog\/empreender-instagram\/#breadcrumb","itemListElement":[{"@type":"ListItem","position":1,"name":"In\u00edcio","item":"https:\/\/uolhost.uol.com.br\/blog\/"},{"@type":"ListItem","position":2,"name":"Perfil profissional ou perfil pessoal? Dicas de como come\u00e7ar a empreender no Instagram"}]},{"@type":"WebSite","@id":"https:\/\/uolhost.uol.com.br\/blog\/#website","url":"https:\/\/uolhost.uol.com.br\/blog\/","name":"Blog UOL Host","description":"","publisher":{"@id":"https:\/\/uolhost.uol.com.br\/blog\/#organization"},"potentialAction":[{"@type":"SearchAction","target":{"@type":"EntryPoint","urlTemplate":"https:\/\/uolhost.uol.com.br\/blog\/?s={search_term_string}"},"query-input":{"@type":"PropertyValueSpecification","valueRequired":true,"valueName":"search_term_string"}}],"inLanguage":"pt-BR"},{"@type":"Organization","@id":"https:\/\/uolhost.uol.com.br\/blog\/#organization","name":"Blog UOL Host","url":"https:\/\/uolhost.uol.com.br\/blog\/","logo":{"@type":"ImageObject","inLanguage":"pt-BR","@id":"https:\/\/uolhost.uol.com.br\/blog\/#\/schema\/logo\/image\/","url":"https:\/\/uolhost.uol.com.br\/blog\/wp-content\/uploads\/2025\/01\/UOL_Host.png?wsr","contentUrl":"https:\/\/uolhost.uol.com.br\/blog\/wp-content\/uploads\/2025\/01\/UOL_Host.png?wsr","width":2000,"height":393,"caption":"Blog UOL Host"},"image":{"@id":"https:\/\/uolhost.uol.com.br\/blog\/#\/schema\/logo\/image\/"}},{"@type":"Person","@id":"https:\/\/uolhost.uol.com.br\/blog\/#\/schema\/person\/41505c2cd07dc07109e30bea51edee93","name":"Yuri Torres","image":{"@type":"ImageObject","inLanguage":"pt-BR","@id":"https:\/\/uolhost.uol.com.br\/blog\/#\/schema\/person\/image\/","url":"https:\/\/secure.gravatar.com\/avatar\/4c96a05faea9fdf86f95d5b723e438c9cc14ad5c342d76486e5a4c8ac8259492?s=96&d=mm&r=g","contentUrl":"https:\/\/secure.gravatar.com\/avatar\/4c96a05faea9fdf86f95d5b723e438c9cc14ad5c342d76486e5a4c8ac8259492?s=96&d=mm&r=g","caption":"Yuri Torres"},"description":"Profissional de Reda\u00e7\u00e3o e Marketing, com 10 anos de experi\u00eancia no desenvolvimento de estrat\u00e9gias de conte\u00fado voltadas \u00e0 comunica\u00e7\u00e3o de marcas. Atua na cria\u00e7\u00e3o de materiais que fortalecem a presen\u00e7a digital, ampliam o engajamento e contribuem para o alcance de resultados alinhados aos objetivos de neg\u00f3cio, com experi\u00eancia no atendimento a empresas de diferentes segmentos. LinkedIn","sameAs":["https:\/\/www.linkedin.com\/in\/yuri-torres-271093108\/"],"url":"https:\/\/uolhost.uol.com.br\/blog\/author\/yuri-torres\/"}]}},"_links":{"self":[{"href":"https:\/\/uolhost.uol.com.br\/blog\/wp-json\/wp\/v2\/posts\/15670","targetHints":{"allow":["GET"]}}],"collection":[{"href":"https:\/\/uolhost.uol.com.br\/blog\/wp-json\/wp\/v2\/posts"}],"about":[{"href":"https:\/\/uolhost.uol.com.br\/blog\/wp-json\/wp\/v2\/types\/post"}],"author":[{"embeddable":true,"href":"https:\/\/uolhost.uol.com.br\/blog\/wp-json\/wp\/v2\/users\/24"}],"replies":[{"embeddable":true,"href":"https:\/\/uolhost.uol.com.br\/blog\/wp-json\/wp\/v2\/comments?post=15670"}],"version-history":[{"count":1,"href":"https:\/\/uolhost.uol.com.br\/blog\/wp-json\/wp\/v2\/posts\/15670\/revisions"}],"predecessor-version":[{"id":19100,"href":"https:\/\/uolhost.uol.com.br\/blog\/wp-json\/wp\/v2\/posts\/15670\/revisions\/19100"}],"wp:featuredmedia":[{"embeddable":true,"href":"https:\/\/uolhost.uol.com.br\/blog\/wp-json\/wp\/v2\/media\/15671"}],"wp:attachment":[{"href":"https:\/\/uolhost.uol.com.br\/blog\/wp-json\/wp\/v2\/media?parent=15670"}],"wp:term":[{"taxonomy":"category","embeddable":true,"href":"https:\/\/uolhost.uol.com.br\/blog\/wp-json\/wp\/v2\/categories?post=15670"},{"taxonomy":"post_tag","embeddable":true,"href":"https:\/\/uolhost.uol.com.br\/blog\/wp-json\/wp\/v2\/tags?post=15670"}],"curies":[{"name":"wp","href":"https:\/\/api.w.org\/{rel}","templated":true}]}}