{"id":15954,"date":"2023-08-04T11:00:00","date_gmt":"2023-08-04T14:00:00","guid":{"rendered":"https:\/\/meunegocio.uol.com.br\/blog\/?p=15954"},"modified":"2025-11-06T14:10:58","modified_gmt":"2025-11-06T17:10:58","slug":"nuvem-hibrida","status":"publish","type":"post","link":"https:\/\/uolhost.uol.com.br\/blog\/nuvem-hibrida\/","title":{"rendered":"Arquitetura de nuvem h\u00edbrida: integrando infraestruturas locais e em nuvem"},"content":{"rendered":"\n<p>computa\u00e7\u00e3o em nuvem tem se tornado uma tend\u00eancia cada vez mais presente nas empresas, oferecendo diversos benef\u00edcios como agilidade, escalabilidade e economia de custos. Contudo, muitas organiza\u00e7\u00f5es ainda enfrentam desafios ao migrar completamente para nuvem p\u00fablica, como preocupa\u00e7\u00f5es com seguran\u00e7a, depend\u00eancia de uma \u00fanica provedora de servi\u00e7os e conformidade regulat\u00f3ria. E \u00e9 aqui que a arquitetura de nuvem h\u00edbrida entra.&nbsp;&nbsp;<\/p>\n\n\n\n<p>Neste artigo vamos falar mis detalhadamente sobre a nuvem h\u00edbrida, seus principais benef\u00edcios, como a otimiza\u00e7\u00e3o de recursos, maior seguran\u00e7a e agilidade operacional. Al\u00e9m disso, ainda vamos discutir sobre as melhores pr\u00e1ticas para implementa\u00e7\u00e3o e os desafios a serem superados ao adotar essa abordagem h\u00edbrida. Prepare-se para descobrir como a arquitetura de nuvem h\u00edbrida pode impulsionar a transforma\u00e7\u00e3o digital em sua empresa. Vamos l\u00e1!&nbsp;<\/p>\n\n\n\n<h2 class=\"wp-block-heading\">O que \u00e9 a nuvem h\u00edbrida?\u00a0<\/h2>\n\n\n\n<p>A nuvem h\u00edbrida \u00e9 um modelo de computa\u00e7\u00e3o que combina recursos e funcionalidades em um ambiente integrado de nuvens p\u00fablicas e privadas. Na nuvem h\u00edbrida, as organiza\u00e7\u00f5es podem aproveitar os benef\u00edcios da p\u00fablica, como flexibilidade, economia de custos e escalabilidade, ao mesmo tempo em que mant\u00eam um maior controle sobre seus dados e aplicativos cr\u00edticos na nuvem privada.&nbsp;&nbsp;<\/p>\n\n\n\n<p>Nela, os dados e aplicativos s\u00e3o distribu\u00eddos entre a nuvem p\u00fablica e a nuvem privada, de acordo com as necessidades e requisitos espec\u00edficos de cada empresa. Isso permite que as organiza\u00e7\u00f5es gerenciem suas cargas de trabalho de forma mais eficiente, aproveitando assim, a elasticidade da nuvem p\u00fablica para lidar com picos de demanda e mantendo a seguran\u00e7a e o controle dos dados confidenciais em sua nuvem privada.&nbsp;&nbsp;<\/p>\n\n\n\n<h2 class=\"wp-block-heading\">Qual \u00e9 a diferen\u00e7a entre nuvem p\u00fablica, h\u00edbrida e privada?\u00a0<\/h2>\n\n\n\n<p>A nuvem p\u00fablica \u00e9 uma infraestrutura de computa\u00e7\u00e3o em nuvem compartilhada e oferecida por provedores de servi\u00e7os como o UOL Cloud, por exemplo. Os recursos s\u00e3o disponibilizados pela internet para qualquer usu\u00e1rio que os contrate, permitindo redu\u00e7\u00e3o de custos e escalabilidade.&nbsp;<\/p>\n\n\n\n<p>A nuvem privada, no entanto, \u00e9 uma infraestrutura dedicada a uma \u00fanica organiza\u00e7\u00e3o, fornecendo controle total sobre os recursos e maior seguran\u00e7a, normalmente hospedada internamente ou em um data center privado.&nbsp;<\/p>\n\n\n\n<p>Por fim, a nuvem h\u00edbrida, como j\u00e1 mencionamos, \u00e9 uma combina\u00e7\u00e3o entre as duas anteriores, permitindo que a organiza\u00e7\u00e3o aproveite o melhor dos dois mundos, com escalabilidade, flexibilidade e controle personalizado de acordo com as necessidades.&nbsp;&nbsp;<\/p>\n\n\n\n<h2 class=\"wp-block-heading\">Nuvem h\u00edbrida: vantagens\u00a0\u00a0<\/h2>\n\n\n\n<p>Pronto, agora que as informa\u00e7\u00f5es sobre a arquitetura de nuvem h\u00edbrida foram detalhadas, \u00e9 importante saber quais s\u00e3o suas vantagens para entender se vale ou n\u00e3o para o seu tipo de neg\u00f3cio. S\u00e3o elas:&nbsp;<\/p>\n\n\n\n<h3 class=\"wp-block-heading\">Flexibilidade\u00a0<\/h3>\n\n\n\n<p>Entenda que a nuvem h\u00edbrida permite que as organiza\u00e7\u00f5es tenham mais flexibilidade em termos de onde e como armazenar seus dados e executar seus aplicativos. Isso possibilita a combina\u00e7\u00e3o de recursos locais e em nuvem, possibilitando a adapta\u00e7\u00e3o \u00e0s necessidades espec\u00edficas de uma empresa.&nbsp;&nbsp;<\/p>\n\n\n\n<h3 class=\"wp-block-heading\">Escalabilidade\u00a0<\/h3>\n\n\n\n<p>Com a nuvem h\u00edbrida, \u00e9 poss\u00edvel aproveitar a escalabilidade da nuvem p\u00fablica para lidar com picos de demanda, enquanto os recursos locais podem ser utilizados para cargas de trabalho regulares ou sens\u00edveis \u00e0 lat\u00eancia. Isso vai evitar custos desnecess\u00e1rios de infraestrutura, pois voc\u00ea paga apenas pelo que utiliza.&nbsp;&nbsp;<\/p>\n\n\n\n<h3 class=\"wp-block-heading\">Seguran\u00e7a aprimorada\u00a0<\/h3>\n\n\n\n<p>Quando uma abordagem h\u00edbrida \u00e9 utilizada, as organiza\u00e7\u00f5es podem manter dados sens\u00edveis ou cr\u00edticos localmente, garantindo assim, um maior controle e seguran\u00e7a. Por outro lado, dados menos sens\u00edveis podem ser armazenados em nuvem, aproveitando as medidas de seguran\u00e7a que s\u00e3o oferecidas pelos provedores de nuvem.&nbsp;&nbsp;<\/p>\n\n\n\n<h3 class=\"wp-block-heading\">Conformidade regulat\u00f3ria\u00a0<\/h3>\n\n\n\n<p>Algumas empresas, principalmente em setores regulamentados, contam com requisitos espec\u00edficos de conformidade. A nuvem h\u00edbrida permite que essas organiza\u00e7\u00f5es cumpram esses requisitos, mantendo dados cr\u00edticos internamente, enquanto aproveitam os benef\u00edcios da nuvem para outras cargas de trabalho.&nbsp;&nbsp;<\/p>\n\n\n\n<h2 class=\"wp-block-heading\">Como implementar a nuvem h\u00edbrida\u00a0<\/h2>\n\n\n\n<p>A implementa\u00e7\u00e3o de uma nuvem h\u00edbrida depene de uma s\u00e9rie de recursos e servi\u00e7os de nuvem p\u00fablica e privada para que um ambiente de computa\u00e7\u00e3o unificado seja criado. Aqui est\u00e3o os passos b\u00e1sicos para implement\u00e1-la:&nbsp;<\/p>\n\n\n\n<h3 class=\"wp-block-heading\">Avalia\u00e7\u00e3o dos requisitos\u00a0<\/h3>\n\n\n\n<p>Comece o processo avaliando suas necessidades e identificando quais cargas de trabalho ou aplicativos s\u00e3o adequados para a nuvem p\u00fablica e quais precisam ser mantidos na nuvem privada. Considere fatores como conformidade, seguran\u00e7a, desempenho e custo.&nbsp;&nbsp;<\/p>\n\n\n\n<h3 class=\"wp-block-heading\">Constru\u00e7\u00e3o da nuvem privada\u00a0<\/h3>\n\n\n\n<p>Implemente uma infraestrutura de nuvem privada em um data center dedicado ou em seu ambiente local. Isso pode envolver a aquisi\u00e7\u00e3o de hardware e software adequados, como armazenamento, servidores, virtualiza\u00e7\u00e3o e ferramentas de gerenciamento de nuvem privada.&nbsp;&nbsp;<\/p>\n\n\n\n<h3 class=\"wp-block-heading\">Conectividade entre nuvens\u00a0<\/h3>\n\n\n\n<p>Estabele\u00e7a uma conex\u00e3o segura entre sua nuvem privada e a nuvem p\u00fablica escolhida. Isso pode ser realizado a partir de conex\u00f5es de rede privada (VPN), servi\u00e7os de interconex\u00e3o fornecidos pelo provedor de nuvem ou por links dedicados.&nbsp;&nbsp;<\/p>\n\n\n\n<h3 class=\"wp-block-heading\">Implementa\u00e7\u00e3o da governan\u00e7a e seguran\u00e7a\u00a0<\/h3>\n\n\n\n<p>Voc\u00ea deve definir pol\u00edticas de governan\u00e7a e seguran\u00e7a que se apliquem a ambas as nuvens. Isso inclui gest\u00e3o de identidade e acesso, criptografia de dados, controle de acesso, conformidade com regulamenta\u00e7\u00f5es aplic\u00e1veis e monitoramento de seguran\u00e7a.&nbsp;<\/p>\n\n\n\n<h3 class=\"wp-block-heading\">Migra\u00e7\u00e3o de cargas de trabalho\u00a0<\/h3>\n\n\n\n<p>Identifique aplicativos ou cargas de trabalho que ser\u00e3o migrados para a nuvem p\u00fablica e execute o processo de migra\u00e7\u00e3o. Saiba que isso pode envolver a reestrutura\u00e7\u00e3o de aplicativos, a adapta\u00e7\u00e3o de dados e a configura\u00e7\u00e3o de recursos na nuvem p\u00fablica.&nbsp;&nbsp;<\/p>\n\n\n\n<h3 class=\"wp-block-heading\">Gerenciamento cont\u00ednuo\u00a0<\/h3>\n\n\n\n<p>Implemente ferramentas de gerenciamento de nuvem h\u00edbrida que possibilitam o monitoramento e o gerenciamento de recursos em ambas as nuvens de forma centralizada. Isso pode incluir ferramentas de monitoramento de desempenho, automa\u00e7\u00e3o de processos, gerenciamento de custos e provisionamento de recursos.&nbsp;&nbsp;<\/p>\n\n\n\n<p>Monte agora um servidor personalizado com o UOL Cloud Server. <a href=\"https:\/\/uolhost.uol.com.br\/uol-cloud-computing\" target=\"_blank\" rel=\"noreferrer noopener\">Adquira j\u00e1!<\/a><\/p>\n","protected":false},"excerpt":{"rendered":"<p>computa\u00e7\u00e3o em nuvem tem se tornado uma tend\u00eancia cada vez mais presente nas empresas, oferecendo diversos benef\u00edcios como agilidade, escalabilidade e economia de custos. Contudo, muitas organiza\u00e7\u00f5es ainda enfrentam desafios ao migrar completamente para nuvem p\u00fablica, como preocupa\u00e7\u00f5es com seguran\u00e7a, depend\u00eancia de uma \u00fanica provedora de servi\u00e7os e conformidade regulat\u00f3ria. E \u00e9 aqui que a [&hellip;]<\/p>\n","protected":false},"author":24,"featured_media":15955,"comment_status":"closed","ping_status":"closed","sticky":false,"template":"","format":"standard","meta":{"footnotes":""},"categories":[1468,1444,38],"tags":[808,809],"class_list":["post-15954","post","type-post","status-publish","format-standard","has-post-thumbnail","hentry","category-desenvolvimento-web","category-fundamentos-web","category-solucoes","tag-nuvem-privada","tag-nuvem-publica"],"gutentor_comment":0,"yoast_head":"<!-- This site is optimized with the Yoast SEO plugin v26.4 - https:\/\/yoast.com\/wordpress\/plugins\/seo\/ -->\n<title>Conhecendo as vantagens da arquitetura de nuvem h\u00edbrida<\/title>\n<meta name=\"description\" content=\"Saiba o que \u00e9 a arquitetura de nuvem h\u00edbrida e entenda sua import\u00e2ncia\" \/>\n<meta name=\"robots\" content=\"index, follow, max-snippet:-1, max-image-preview:large, max-video-preview:-1\" \/>\n<link rel=\"canonical\" href=\"https:\/\/uolhost.uol.com.br\/blog\/nuvem-hibrida\/\" \/>\n<meta property=\"og:locale\" content=\"pt_BR\" \/>\n<meta property=\"og:type\" content=\"article\" \/>\n<meta property=\"og:title\" content=\"Conhecendo as vantagens da arquitetura de nuvem h\u00edbrida\" \/>\n<meta property=\"og:description\" content=\"Saiba o que \u00e9 a arquitetura de nuvem h\u00edbrida e entenda sua import\u00e2ncia\" \/>\n<meta property=\"og:url\" content=\"https:\/\/uolhost.uol.com.br\/blog\/nuvem-hibrida\/\" \/>\n<meta property=\"article:published_time\" content=\"2023-08-04T14:00:00+00:00\" \/>\n<meta property=\"article:modified_time\" content=\"2025-11-06T17:10:58+00:00\" \/>\n<meta property=\"og:image\" content=\"https:\/\/uolhost.uol.com.br\/blog\/wp-content\/uploads\/2023\/08\/nuvem-hibrida.jpg\" \/>\n\t<meta property=\"og:image:width\" content=\"1140\" \/>\n\t<meta property=\"og:image:height\" content=\"540\" \/>\n\t<meta property=\"og:image:type\" content=\"image\/jpeg\" \/>\n<meta name=\"author\" content=\"Yuri Torres\" \/>\n<meta name=\"twitter:card\" content=\"summary_large_image\" \/>\n<meta name=\"twitter:label1\" content=\"Escrito por\" \/>\n\t<meta name=\"twitter:data1\" content=\"Yuri Torres\" \/>\n\t<meta name=\"twitter:label2\" content=\"Est. tempo de leitura\" \/>\n\t<meta name=\"twitter:data2\" content=\"5 minutos\" \/>\n<script type=\"application\/ld+json\" class=\"yoast-schema-graph\">{\"@context\":\"https:\/\/schema.org\",\"@graph\":[{\"@type\":\"Article\",\"@id\":\"https:\/\/uolhost.uol.com.br\/blog\/nuvem-hibrida\/#article\",\"isPartOf\":{\"@id\":\"https:\/\/uolhost.uol.com.br\/blog\/nuvem-hibrida\/\"},\"author\":{\"name\":\"Yuri Torres\",\"@id\":\"https:\/\/uolhost.uol.com.br\/blog\/#\/schema\/person\/41505c2cd07dc07109e30bea51edee93\"},\"headline\":\"Arquitetura de nuvem h\u00edbrida: integrando infraestruturas locais e em nuvem\",\"datePublished\":\"2023-08-04T14:00:00+00:00\",\"dateModified\":\"2025-11-06T17:10:58+00:00\",\"mainEntityOfPage\":{\"@id\":\"https:\/\/uolhost.uol.com.br\/blog\/nuvem-hibrida\/\"},\"wordCount\":1052,\"publisher\":{\"@id\":\"https:\/\/uolhost.uol.com.br\/blog\/#organization\"},\"image\":{\"@id\":\"https:\/\/uolhost.uol.com.br\/blog\/nuvem-hibrida\/#primaryimage\"},\"thumbnailUrl\":\"https:\/\/uolhost.uol.com.br\/blog\/wp-content\/uploads\/2023\/08\/nuvem-hibrida.jpg?wsr\",\"keywords\":[\"nuvem privada\",\"nuvem p\u00fablica\"],\"articleSection\":[\"Desenvolvimento Web\",\"Fundamentos Web\",\"Solu\u00e7\u00f5es\"],\"inLanguage\":\"pt-BR\"},{\"@type\":\"WebPage\",\"@id\":\"https:\/\/uolhost.uol.com.br\/blog\/nuvem-hibrida\/\",\"url\":\"https:\/\/uolhost.uol.com.br\/blog\/nuvem-hibrida\/\",\"name\":\"Conhecendo as vantagens da arquitetura de nuvem h\u00edbrida\",\"isPartOf\":{\"@id\":\"https:\/\/uolhost.uol.com.br\/blog\/#website\"},\"primaryImageOfPage\":{\"@id\":\"https:\/\/uolhost.uol.com.br\/blog\/nuvem-hibrida\/#primaryimage\"},\"image\":{\"@id\":\"https:\/\/uolhost.uol.com.br\/blog\/nuvem-hibrida\/#primaryimage\"},\"thumbnailUrl\":\"https:\/\/uolhost.uol.com.br\/blog\/wp-content\/uploads\/2023\/08\/nuvem-hibrida.jpg?wsr\",\"datePublished\":\"2023-08-04T14:00:00+00:00\",\"dateModified\":\"2025-11-06T17:10:58+00:00\",\"description\":\"Saiba o que \u00e9 a arquitetura de nuvem h\u00edbrida e entenda sua import\u00e2ncia\",\"breadcrumb\":{\"@id\":\"https:\/\/uolhost.uol.com.br\/blog\/nuvem-hibrida\/#breadcrumb\"},\"inLanguage\":\"pt-BR\",\"potentialAction\":[{\"@type\":\"ReadAction\",\"target\":[\"https:\/\/uolhost.uol.com.br\/blog\/nuvem-hibrida\/\"]}]},{\"@type\":\"ImageObject\",\"inLanguage\":\"pt-BR\",\"@id\":\"https:\/\/uolhost.uol.com.br\/blog\/nuvem-hibrida\/#primaryimage\",\"url\":\"https:\/\/uolhost.uol.com.br\/blog\/wp-content\/uploads\/2023\/08\/nuvem-hibrida.jpg?wsr\",\"contentUrl\":\"https:\/\/uolhost.uol.com.br\/blog\/wp-content\/uploads\/2023\/08\/nuvem-hibrida.jpg?wsr\",\"width\":1140,\"height\":540,\"caption\":\"nuvem-h\u00edbrida\"},{\"@type\":\"BreadcrumbList\",\"@id\":\"https:\/\/uolhost.uol.com.br\/blog\/nuvem-hibrida\/#breadcrumb\",\"itemListElement\":[{\"@type\":\"ListItem\",\"position\":1,\"name\":\"In\u00edcio\",\"item\":\"https:\/\/uolhost.uol.com.br\/blog\/\"},{\"@type\":\"ListItem\",\"position\":2,\"name\":\"Arquitetura de nuvem h\u00edbrida: integrando infraestruturas locais e em nuvem\"}]},{\"@type\":\"WebSite\",\"@id\":\"https:\/\/uolhost.uol.com.br\/blog\/#website\",\"url\":\"https:\/\/uolhost.uol.com.br\/blog\/\",\"name\":\"Blog UOL Host\",\"description\":\"\",\"publisher\":{\"@id\":\"https:\/\/uolhost.uol.com.br\/blog\/#organization\"},\"potentialAction\":[{\"@type\":\"SearchAction\",\"target\":{\"@type\":\"EntryPoint\",\"urlTemplate\":\"https:\/\/uolhost.uol.com.br\/blog\/?s={search_term_string}\"},\"query-input\":{\"@type\":\"PropertyValueSpecification\",\"valueRequired\":true,\"valueName\":\"search_term_string\"}}],\"inLanguage\":\"pt-BR\"},{\"@type\":\"Organization\",\"@id\":\"https:\/\/uolhost.uol.com.br\/blog\/#organization\",\"name\":\"Blog UOL Host\",\"url\":\"https:\/\/uolhost.uol.com.br\/blog\/\",\"logo\":{\"@type\":\"ImageObject\",\"inLanguage\":\"pt-BR\",\"@id\":\"https:\/\/uolhost.uol.com.br\/blog\/#\/schema\/logo\/image\/\",\"url\":\"https:\/\/uolhost.uol.com.br\/blog\/wp-content\/uploads\/2025\/01\/UOL_Host.png?wsr\",\"contentUrl\":\"https:\/\/uolhost.uol.com.br\/blog\/wp-content\/uploads\/2025\/01\/UOL_Host.png?wsr\",\"width\":2000,\"height\":393,\"caption\":\"Blog UOL Host\"},\"image\":{\"@id\":\"https:\/\/uolhost.uol.com.br\/blog\/#\/schema\/logo\/image\/\"}},{\"@type\":\"Person\",\"@id\":\"https:\/\/uolhost.uol.com.br\/blog\/#\/schema\/person\/41505c2cd07dc07109e30bea51edee93\",\"name\":\"Yuri Torres\",\"image\":{\"@type\":\"ImageObject\",\"inLanguage\":\"pt-BR\",\"@id\":\"https:\/\/uolhost.uol.com.br\/blog\/#\/schema\/person\/image\/\",\"url\":\"https:\/\/secure.gravatar.com\/avatar\/4c96a05faea9fdf86f95d5b723e438c9cc14ad5c342d76486e5a4c8ac8259492?s=96&d=mm&r=g\",\"contentUrl\":\"https:\/\/secure.gravatar.com\/avatar\/4c96a05faea9fdf86f95d5b723e438c9cc14ad5c342d76486e5a4c8ac8259492?s=96&d=mm&r=g\",\"caption\":\"Yuri Torres\"},\"description\":\"Profissional de Reda\u00e7\u00e3o e Marketing, com 10 anos de experi\u00eancia no desenvolvimento de estrat\u00e9gias de conte\u00fado voltadas \u00e0 comunica\u00e7\u00e3o de marcas. Atua na cria\u00e7\u00e3o de materiais que fortalecem a presen\u00e7a digital, ampliam o engajamento e contribuem para o alcance de resultados alinhados aos objetivos de neg\u00f3cio, com experi\u00eancia no atendimento a empresas de diferentes segmentos. LinkedIn\",\"sameAs\":[\"https:\/\/www.linkedin.com\/in\/yuri-torres-271093108\/\"],\"url\":\"https:\/\/uolhost.uol.com.br\/blog\/author\/yuri-torres\/\"}]}<\/script>\n<!-- \/ Yoast SEO plugin. -->","yoast_head_json":{"title":"Conhecendo as vantagens da arquitetura de nuvem h\u00edbrida","description":"Saiba o que \u00e9 a arquitetura de nuvem h\u00edbrida e entenda sua import\u00e2ncia","robots":{"index":"index","follow":"follow","max-snippet":"max-snippet:-1","max-image-preview":"max-image-preview:large","max-video-preview":"max-video-preview:-1"},"canonical":"https:\/\/uolhost.uol.com.br\/blog\/nuvem-hibrida\/","og_locale":"pt_BR","og_type":"article","og_title":"Conhecendo as vantagens da arquitetura de nuvem h\u00edbrida","og_description":"Saiba o que \u00e9 a arquitetura de nuvem h\u00edbrida e entenda sua import\u00e2ncia","og_url":"https:\/\/uolhost.uol.com.br\/blog\/nuvem-hibrida\/","article_published_time":"2023-08-04T14:00:00+00:00","article_modified_time":"2025-11-06T17:10:58+00:00","og_image":[{"width":1140,"height":540,"url":"https:\/\/uolhost.uol.com.br\/blog\/wp-content\/uploads\/2023\/08\/nuvem-hibrida.jpg","type":"image\/jpeg"}],"author":"Yuri Torres","twitter_card":"summary_large_image","twitter_misc":{"Escrito por":"Yuri Torres","Est. tempo de leitura":"5 minutos"},"schema":{"@context":"https:\/\/schema.org","@graph":[{"@type":"Article","@id":"https:\/\/uolhost.uol.com.br\/blog\/nuvem-hibrida\/#article","isPartOf":{"@id":"https:\/\/uolhost.uol.com.br\/blog\/nuvem-hibrida\/"},"author":{"name":"Yuri Torres","@id":"https:\/\/uolhost.uol.com.br\/blog\/#\/schema\/person\/41505c2cd07dc07109e30bea51edee93"},"headline":"Arquitetura de nuvem h\u00edbrida: integrando infraestruturas locais e em nuvem","datePublished":"2023-08-04T14:00:00+00:00","dateModified":"2025-11-06T17:10:58+00:00","mainEntityOfPage":{"@id":"https:\/\/uolhost.uol.com.br\/blog\/nuvem-hibrida\/"},"wordCount":1052,"publisher":{"@id":"https:\/\/uolhost.uol.com.br\/blog\/#organization"},"image":{"@id":"https:\/\/uolhost.uol.com.br\/blog\/nuvem-hibrida\/#primaryimage"},"thumbnailUrl":"https:\/\/uolhost.uol.com.br\/blog\/wp-content\/uploads\/2023\/08\/nuvem-hibrida.jpg?wsr","keywords":["nuvem privada","nuvem p\u00fablica"],"articleSection":["Desenvolvimento Web","Fundamentos Web","Solu\u00e7\u00f5es"],"inLanguage":"pt-BR"},{"@type":"WebPage","@id":"https:\/\/uolhost.uol.com.br\/blog\/nuvem-hibrida\/","url":"https:\/\/uolhost.uol.com.br\/blog\/nuvem-hibrida\/","name":"Conhecendo as vantagens da arquitetura de nuvem h\u00edbrida","isPartOf":{"@id":"https:\/\/uolhost.uol.com.br\/blog\/#website"},"primaryImageOfPage":{"@id":"https:\/\/uolhost.uol.com.br\/blog\/nuvem-hibrida\/#primaryimage"},"image":{"@id":"https:\/\/uolhost.uol.com.br\/blog\/nuvem-hibrida\/#primaryimage"},"thumbnailUrl":"https:\/\/uolhost.uol.com.br\/blog\/wp-content\/uploads\/2023\/08\/nuvem-hibrida.jpg?wsr","datePublished":"2023-08-04T14:00:00+00:00","dateModified":"2025-11-06T17:10:58+00:00","description":"Saiba o que \u00e9 a arquitetura de nuvem h\u00edbrida e entenda sua import\u00e2ncia","breadcrumb":{"@id":"https:\/\/uolhost.uol.com.br\/blog\/nuvem-hibrida\/#breadcrumb"},"inLanguage":"pt-BR","potentialAction":[{"@type":"ReadAction","target":["https:\/\/uolhost.uol.com.br\/blog\/nuvem-hibrida\/"]}]},{"@type":"ImageObject","inLanguage":"pt-BR","@id":"https:\/\/uolhost.uol.com.br\/blog\/nuvem-hibrida\/#primaryimage","url":"https:\/\/uolhost.uol.com.br\/blog\/wp-content\/uploads\/2023\/08\/nuvem-hibrida.jpg?wsr","contentUrl":"https:\/\/uolhost.uol.com.br\/blog\/wp-content\/uploads\/2023\/08\/nuvem-hibrida.jpg?wsr","width":1140,"height":540,"caption":"nuvem-h\u00edbrida"},{"@type":"BreadcrumbList","@id":"https:\/\/uolhost.uol.com.br\/blog\/nuvem-hibrida\/#breadcrumb","itemListElement":[{"@type":"ListItem","position":1,"name":"In\u00edcio","item":"https:\/\/uolhost.uol.com.br\/blog\/"},{"@type":"ListItem","position":2,"name":"Arquitetura de nuvem h\u00edbrida: integrando infraestruturas locais e em nuvem"}]},{"@type":"WebSite","@id":"https:\/\/uolhost.uol.com.br\/blog\/#website","url":"https:\/\/uolhost.uol.com.br\/blog\/","name":"Blog UOL Host","description":"","publisher":{"@id":"https:\/\/uolhost.uol.com.br\/blog\/#organization"},"potentialAction":[{"@type":"SearchAction","target":{"@type":"EntryPoint","urlTemplate":"https:\/\/uolhost.uol.com.br\/blog\/?s={search_term_string}"},"query-input":{"@type":"PropertyValueSpecification","valueRequired":true,"valueName":"search_term_string"}}],"inLanguage":"pt-BR"},{"@type":"Organization","@id":"https:\/\/uolhost.uol.com.br\/blog\/#organization","name":"Blog UOL Host","url":"https:\/\/uolhost.uol.com.br\/blog\/","logo":{"@type":"ImageObject","inLanguage":"pt-BR","@id":"https:\/\/uolhost.uol.com.br\/blog\/#\/schema\/logo\/image\/","url":"https:\/\/uolhost.uol.com.br\/blog\/wp-content\/uploads\/2025\/01\/UOL_Host.png?wsr","contentUrl":"https:\/\/uolhost.uol.com.br\/blog\/wp-content\/uploads\/2025\/01\/UOL_Host.png?wsr","width":2000,"height":393,"caption":"Blog UOL Host"},"image":{"@id":"https:\/\/uolhost.uol.com.br\/blog\/#\/schema\/logo\/image\/"}},{"@type":"Person","@id":"https:\/\/uolhost.uol.com.br\/blog\/#\/schema\/person\/41505c2cd07dc07109e30bea51edee93","name":"Yuri Torres","image":{"@type":"ImageObject","inLanguage":"pt-BR","@id":"https:\/\/uolhost.uol.com.br\/blog\/#\/schema\/person\/image\/","url":"https:\/\/secure.gravatar.com\/avatar\/4c96a05faea9fdf86f95d5b723e438c9cc14ad5c342d76486e5a4c8ac8259492?s=96&d=mm&r=g","contentUrl":"https:\/\/secure.gravatar.com\/avatar\/4c96a05faea9fdf86f95d5b723e438c9cc14ad5c342d76486e5a4c8ac8259492?s=96&d=mm&r=g","caption":"Yuri Torres"},"description":"Profissional de Reda\u00e7\u00e3o e Marketing, com 10 anos de experi\u00eancia no desenvolvimento de estrat\u00e9gias de conte\u00fado voltadas \u00e0 comunica\u00e7\u00e3o de marcas. Atua na cria\u00e7\u00e3o de materiais que fortalecem a presen\u00e7a digital, ampliam o engajamento e contribuem para o alcance de resultados alinhados aos objetivos de neg\u00f3cio, com experi\u00eancia no atendimento a empresas de diferentes segmentos. LinkedIn","sameAs":["https:\/\/www.linkedin.com\/in\/yuri-torres-271093108\/"],"url":"https:\/\/uolhost.uol.com.br\/blog\/author\/yuri-torres\/"}]}},"_links":{"self":[{"href":"https:\/\/uolhost.uol.com.br\/blog\/wp-json\/wp\/v2\/posts\/15954","targetHints":{"allow":["GET"]}}],"collection":[{"href":"https:\/\/uolhost.uol.com.br\/blog\/wp-json\/wp\/v2\/posts"}],"about":[{"href":"https:\/\/uolhost.uol.com.br\/blog\/wp-json\/wp\/v2\/types\/post"}],"author":[{"embeddable":true,"href":"https:\/\/uolhost.uol.com.br\/blog\/wp-json\/wp\/v2\/users\/24"}],"replies":[{"embeddable":true,"href":"https:\/\/uolhost.uol.com.br\/blog\/wp-json\/wp\/v2\/comments?post=15954"}],"version-history":[{"count":1,"href":"https:\/\/uolhost.uol.com.br\/blog\/wp-json\/wp\/v2\/posts\/15954\/revisions"}],"predecessor-version":[{"id":18980,"href":"https:\/\/uolhost.uol.com.br\/blog\/wp-json\/wp\/v2\/posts\/15954\/revisions\/18980"}],"wp:featuredmedia":[{"embeddable":true,"href":"https:\/\/uolhost.uol.com.br\/blog\/wp-json\/wp\/v2\/media\/15955"}],"wp:attachment":[{"href":"https:\/\/uolhost.uol.com.br\/blog\/wp-json\/wp\/v2\/media?parent=15954"}],"wp:term":[{"taxonomy":"category","embeddable":true,"href":"https:\/\/uolhost.uol.com.br\/blog\/wp-json\/wp\/v2\/categories?post=15954"},{"taxonomy":"post_tag","embeddable":true,"href":"https:\/\/uolhost.uol.com.br\/blog\/wp-json\/wp\/v2\/tags?post=15954"}],"curies":[{"name":"wp","href":"https:\/\/api.w.org\/{rel}","templated":true}]}}