{"id":16090,"date":"2025-10-07T11:25:24","date_gmt":"2025-10-07T14:25:24","guid":{"rendered":"https:\/\/meunegocio.uol.com.br\/blog\/?p=16090"},"modified":"2025-10-14T17:04:48","modified_gmt":"2025-10-14T20:04:48","slug":"como-vender-mais-black-friday","status":"publish","type":"post","link":"https:\/\/uolhost.uol.com.br\/blog\/como-vender-mais-black-friday\/","title":{"rendered":"Como vender mais na Black Friday: dicas para aumentar suas vendas"},"content":{"rendered":"\n<h2 class=\"wp-block-heading\">Vender mais na Black Friday exige planejamento, promo\u00e7\u00f5es atrativas e comunica\u00e7\u00e3o clara. Invista em marketing digital, crie senso de urg\u00eancia e ofere\u00e7a descontos reais. Uma boa experi\u00eancia de compra, com site r\u00e1pido e atendimento eficiente, aumenta convers\u00f5es e fortalece a fideliza\u00e7\u00e3o de clientes.<\/h2>\n\n\n\n<p>A d\u00favida sobre <strong>como vender mais na Black Friday<\/strong> \u00e9 comum para quem tem um neg\u00f3cio. Afinal, estamos falando sobre uma das <a href=\"https:\/\/uolhost.uol.com.br\/blog\/datas-sazonais-no-e-commerce\/\">datas sazonais<\/a> mais relevantes do com\u00e9rcio brasileiro atualmente.<\/p>\n\n\n\n<p><a href=\"https:\/\/business.google.com\/br\/think\/ai-excellence\/black-friday-ia-2025\/\">De acordo com dados do Google<\/a>, 89% dos brasileiros conhecem a data e 67% j\u00e1 fizeram compras nesse per\u00edodo, o que refor\u00e7a a for\u00e7a do evento e sua ampla capacidade de alcance.<\/p>\n\n\n\n<p>Para aproveitar isso, voc\u00ea precisa conferir esse conte\u00fado, com informa\u00e7\u00f5es para potencializar as suas vendas durante um das etapas mais populares do com\u00e9rcio. Continue a leitura e confira!<\/p>\n\n\n\n<h3 class=\"wp-block-heading\">Quando devo come\u00e7ar a planejar a Black Friday?<\/h3>\n\n\n\n<p>O planejamento deve <strong>come\u00e7ar pelo menos tr\u00eas meses antes do evento<\/strong>. Esse per\u00edodo garante tempo para ajustar <a href=\"https:\/\/uolhost.uol.com.br\/blog\/metodos-de-precificacao\/\">estrat\u00e9gias de pricing<\/a>, alinhar estoques, <a href=\"https:\/\/uolhost.uol.com.br\/blog\/fornecedores\/\">negociar com fornecedores<\/a> e configurar campanhas de marketing digital.<\/p>\n\n\n\n<p>Em opera\u00e7\u00f5es maiores, \u00e9 comum iniciar o planejamento at\u00e9 seis meses antes, considerando a necessidade de revis\u00f5es da infraestrutura do site e defini\u00e7\u00e3o de metas comerciais.<\/p>\n\n\n\n<p>A antecipa\u00e7\u00e3o tamb\u00e9m permite acompanhar os concorrentes, avaliar tend\u00eancias de consumo e modelar cen\u00e1rios de demanda, reduzindo riscos de problemas e falhas de execu\u00e7\u00e3o durante o pico de vendas, atrapalhando a experi\u00eancia do cliente.<\/p>\n\n\n\n<p><strong>Veja mais: <\/strong><a href=\"https:\/\/uolhost.uol.com.br\/blog\/black-friday-como-comecar-a-preparar\/\"><strong>Black Friday: como come\u00e7ar a preparar seu e-commerce meses antes do evento<\/strong><\/a><\/p>\n\n\n\n<h3 class=\"wp-block-heading\">Como definir quais produtos entrar\u00e3o em promo\u00e7\u00e3o?<\/h3>\n\n\n\n<p>Para dar in\u00edcio ao seu planejamento, \u00e9 preciso definir o que ser\u00e1 vendido, uma escolha que afeta as margens de lucro do seu neg\u00f3cio nesse per\u00edodo. Saiba como definir as promo\u00e7\u00f5es corretas:<\/p>\n\n\n\n<h4 class=\"wp-block-heading\">Produtos de alto giro<\/h4>\n\n\n\n<p>Itens com <strong>maior sa\u00edda no dia a dia podem ser utilizados como chamariz<\/strong>. A redu\u00e7\u00e3o no pre\u00e7o desses produtos tende a atrair <a href=\"https:\/\/uolhost.uol.com.br\/blog\/trafego-do-site\/\">tr\u00e1fego qualificado para o site<\/a>, abrindo oportunidade de venda cruzada com produtos de maior margem.<\/p>\n\n\n\n<h4 class=\"wp-block-heading\">Estoques parados ou sazonais<\/h4>\n\n\n\n<p>A Black Friday \u00e9 uma oportunidade para <strong>liquidar mercadorias encalhadas ou de ciclos sazonais<\/strong> que perder\u00e3o relev\u00e2ncia nos meses seguintes. O desconto agressivo nesses casos libera espa\u00e7o f\u00edsico e reduz custos de armazenagem.<\/p>\n\n\n\n<h4 class=\"wp-block-heading\">Lan\u00e7amentos estrat\u00e9gicos<\/h4>\n\n\n\n<p>Incluir <strong>lan\u00e7amentos com pre\u00e7os promocionais<\/strong>, por exemplo, pode gerar percep\u00e7\u00e3o de exclusividade. Esse movimento ajuda a acelerar a aceita\u00e7\u00e3o do mercado e pode ser combinado a estrat\u00e9gias de pr\u00e9-venda ou bundles promocionais.<\/p>\n\n\n\n<h4 class=\"wp-block-heading\">Produtos de margem elevada<\/h4>\n\n\n\n<p>Al\u00e9m disso, <strong>itens com maiores margens para negocia\u00e7\u00e3o com os fornecedores<\/strong> permitem aplicar descontos expressivos sem comprometer a rentabilidade. Essa categoria \u00e9 ideal para criar ofertas mais agressivas e de destaque.<\/p>\n\n\n\n<h3 class=\"wp-block-heading\">Quais tipos de descontos e ofertas funcionam melhor?<\/h3>\n\n\n\n<p>Apesar de n\u00e3o existir um \u00fanico modelo para vender mais durante a Black Friday 2025, algumas estrat\u00e9gias podem gerar grandes resultados.<\/p>\n\n\n\n<h4 class=\"wp-block-heading\">Descontos progressivos<\/h4>\n\n\n\n<p>Aplicar <strong>descontos crescentes conforme o volume comprado<\/strong> incentiva compras maiores. Essa a\u00e7\u00e3o \u00e9 especialmente \u00fatil para categorias de consumo recorrente, como cosm\u00e9ticos, alimentos e bebidas.<\/p>\n\n\n\n<h4 class=\"wp-block-heading\">Frete gr\u00e1tis condicional<\/h4>\n\n\n\n<p>O <a href=\"https:\/\/uolhost.uol.com.br\/blog\/como-calcular-o-frete-certo\/\">custo do frete<\/a> costuma ser um dos principais fatores de <a href=\"https:\/\/uolhost.uol.com.br\/blog\/carrinho-abandonado\/\">abandono de carrinho<\/a> para quem est\u00e1 fazendo uma compra. Por isso, <strong>oferecer frete gr\u00e1tis acima de determinado valor<\/strong> estimula o cliente a incluir mais itens no pedido.<\/p>\n\n\n\n<h4 class=\"wp-block-heading\">Kits e bundles<\/h4>\n\n\n\n<p>A venda de combos reduz o pre\u00e7o unit\u00e1rio dos produtos, <strong>mas aumenta o valor total da transa\u00e7\u00e3o<\/strong>. Al\u00e9m disso, facilita a sa\u00edda de itens de menor giro quando combinados a produtos populares.<\/p>\n\n\n\n<h4 class=\"wp-block-heading\">Descontos exclusivos para clientes recorrentes<\/h4>\n\n\n\n<p>Esse tamb\u00e9m \u00e9 o momento de <strong>se aproximar de quem j\u00e1 confia na sua marca, com ofertas direcionadas para a base<\/strong>, fortalecendo a fideliza\u00e7\u00e3o. Essa pr\u00e1tica aumenta o LTV (Lifetime Value- Valor Vital\u00edcio do Cliente) e reduz o custo de aquisi\u00e7\u00e3o, al\u00e9m de melhorar a taxa de recompra p\u00f3s-evento.<\/p>\n\n\n\n<h4 class=\"wp-block-heading\">Ofertas rel\u00e2mpago<\/h4>\n\n\n\n<p>Como os consumidores est\u00e3o sempre de olho em ofertas, uma t\u00e1tica muito eficiente \u00e9 <strong>oferecer promo\u00e7\u00f5es de curta dura\u00e7\u00e3o<\/strong>, renovadas ao longo do dia, mantendo o cliente engajado e retornando ao site.<\/p>\n\n\n\n<h3 class=\"wp-block-heading\">Como fazer uma Black Friday de sucesso?<\/h3>\n\n\n\n<p>Para ter bons resultados, \u00e9 fundamental ter uma vis\u00e3o completa do seu neg\u00f3cio durante a Black Friday.<\/p>\n\n\n\n<h4 class=\"wp-block-heading\">1. Fa\u00e7a um planejamento antecipado para a Black Friday<\/h4>\n\n\n\n<p>Antes da Black Friday, \u00e9 fundamental <strong>criar um plano de a\u00e7\u00e3o detalhado<\/strong>. Isso inclui definir quais produtos ou servi\u00e7os ser\u00e3o oferecidos com desconto, estabelecer metas de vendas, preparar a equipe, e garantir que o estoque seja suficiente.<\/p>\n\n\n\n<h4 class=\"wp-block-heading\">2. Prepare o seu e-commerce<\/h4>\n\n\n\n<p>Garanta que a <strong>sua loja virtual esteja otimizada<\/strong>, tenha p\u00e1ginas responsivas e conte com um carregamento r\u00e1pido. Esses fatores dependem de um <a href=\"https:\/\/uolhost.uol.com.br\/hospedagem-de-sites\">servi\u00e7o de hospedagem eficiente<\/a>, melhorando a experi\u00eancia do cliente.<\/p>\n\n\n\n<p>Ao mesmo tempo, garanta que seu e-commerce atenda a todos os acessos, que costumam aumentar significativamente nessa data.&nbsp;<\/p>\n\n\n\n<h4 class=\"wp-block-heading\">3. Crie promo\u00e7\u00f5es atraentes<\/h4>\n\n\n\n<p>Os descontos s\u00e3o o grande chamariz da Black Friday. Ofere\u00e7a <strong>descontos verdadeiros e atraentes para os clientes<\/strong>. Destaque os pre\u00e7os reduzidos de forma clara e transparente para que os consumidores percebam o real benef\u00edcio da compra.<\/p>\n\n\n\n<h4 class=\"wp-block-heading\">4. Ofere\u00e7a diversos meios de pagamento<\/h4>\n\n\n\n<p>Oferecer diversas op\u00e7\u00f5es de pagamento melhora a <a href=\"https:\/\/uolhost.uol.com.br\/blog\/experiencia-de-compra\/\">experi\u00eancia de compra<\/a>. Cart\u00f5es de cr\u00e9dito e d\u00e9bito, Pix e boleto aumentam a chance de fechamento positivo, principalmente quando h\u00e1 a op\u00e7\u00e3o de parcelamento.<\/p>\n\n\n\n<h4 class=\"wp-block-heading\">5. Facilite o processo de compra<\/h4>\n\n\n\n<p>Facilite a experi\u00eancia de compra, seja online ou presencial. No ambiente digital, otimize seu site para oferecer navega\u00e7\u00e3o \u00e1gil e intuitiva. Nas lojas f\u00edsicas, organize o espa\u00e7o para reduzir filas e tornar a visita mais agrad\u00e1vel para os clientes.<\/p>\n\n\n\n<h4 class=\"wp-block-heading\">6. Execute uma boa gest\u00e3o de estoque e log\u00edstica<\/h4>\n\n\n\n<p>Uma <a href=\"https:\/\/uolhost.uol.com.br\/blog\/gestao-de-estoque\/\">gest\u00e3o de estoque<\/a> eficiente requer aten\u00e7\u00e3o \u00e0 demanda atual, equilibrando a quantidade de produtos armazenados para n\u00e3o comprometer o capital de giro. Planeje considerando as sa\u00eddas do seu e-commerce, assim ser\u00e1 poss\u00edvel identificar os itens mais procurados.<\/p>\n\n\n\n<h4 class=\"wp-block-heading\">7. Monte uma estrat\u00e9gia de marketing digital para a Black Friday<\/h4>\n\n\n\n<p>Invista em estrat\u00e9gias de marketing espec\u00edficas para essa data. Utilize as redes sociais, e-mail marketing, an\u00fancios pagos e parcerias estrat\u00e9gicas para divulgar suas promo\u00e7\u00f5es e atrair a aten\u00e7\u00e3o dos consumidores. Destaque os descontos oferecidos e crie um <a href=\"https:\/\/uolhost.uol.com.br\/blog\/use-o-senso-de-urgencia-para-aumentar-suas-vendas-ja\/\">senso de urg\u00eancia para impulsionar as vendas<\/a>.<\/p>\n\n\n\n<h4 class=\"wp-block-heading\">8. Tenha um excelente atendimento ao cliente<\/h4>\n\n\n\n<p>Proporcione aos clientes uma experi\u00eancia de compra personalizada e diferenciada. Use ferramentas de an\u00e1lise para compreender o comportamento e as prefer\u00eancias de cada consumidor, oferecendo ofertas e recomenda\u00e7\u00f5es alinhadas a seus interesses.<\/p>\n\n\n\n<p>Garanta atendimento eficiente antes, durante e ap\u00f3s a data de vendas, disponibilizando canais de suporte \u00e1geis para esclarecer d\u00favidas e solucionar problemas, fortalecendo a reputa\u00e7\u00e3o da sua marca.<\/p>\n\n\n\n<p><strong>Saiba mais: <\/strong><a href=\"https:\/\/uolhost.uol.com.br\/blog\/acoes-para-black-friday\/\"><strong>7 a\u00e7\u00f5es que v\u00e3o impulsionar as suas vendas na Black Friday&nbsp;<\/strong><\/a><\/p>\n\n\n\n<h3 class=\"wp-block-heading\">Como preparar meu site para o aumento de tr\u00e1fego?<\/h3>\n\n\n\n<p>Um dos pontos de aten\u00e7\u00e3o caso a sua <a href=\"https:\/\/uolhost.uol.com.br\/blog\/campanha-black-friday\/\">Black Friday seja um sucesso<\/a> \u00e9 justamente comportar o tr\u00e1fego gerado no per\u00edodo e n\u00e3o atrapalhar a experi\u00eancia de quem est\u00e1 visitando o seu site. Algumas dicas podem ajudar:<\/p>\n\n\n\n<ul class=\"wp-block-list\">\n<li>Realizar testes de carga para avaliar a capacidade dos servidores em momentos de pico;<\/li>\n\n\n\n<li>Usar CDNs para distribuir conte\u00fado e acelerar o tempo de carregamento das p\u00e1ginas;<\/li>\n\n\n\n<li>Implementar cache inteligente para evitar sobrecarga em requisi\u00e7\u00f5es repetitivas;<\/li>\n\n\n\n<li>Otimizar o c\u00f3digo do front-end, reduzindo scripts desnecess\u00e1rios e imagens pesadas;<\/li>\n\n\n\n<li>Integrar sistemas de monitoramento em tempo real para detectar falhas antes que impactem o usu\u00e1rio;<\/li>\n\n\n\n<li>Garantir redund\u00e2ncia na hospedagem para evitar indisponibilidade.<\/li>\n<\/ul>\n\n\n\n<h3 class=\"wp-block-heading\">Quais canais de marketing devo usar para divulgar minhas ofertas?<\/h3>\n\n\n\n<p>Al\u00e9m de pensar no destino dos usu\u00e1rios, \u00e9 importante planejar como voc\u00ea levar\u00e1 os consumidores at\u00e9 l\u00e1. Por isso, utilize canais como:<\/p>\n\n\n\n<ul class=\"wp-block-list\">\n<li><strong>E-mail marketing:<\/strong> campanhas segmentadas para diferentes perfis da base de clientes;<\/li>\n\n\n\n<li><strong>M\u00eddia paga (Google Ads e Meta Ads):<\/strong> alcance direcionado para palavras-chave e p\u00fablicos de interesse;<\/li>\n\n\n\n<li><strong>Redes sociais: <\/strong>divulga\u00e7\u00e3o de teasers, contagens regressivas e transmiss\u00f5es ao vivo com lan\u00e7amentos;<\/li>\n\n\n\n<li><strong>SMS e Push Notifications: <\/strong>mensagens r\u00e1pidas que geram tr\u00e1fego imediato;<\/li>\n\n\n\n<li><strong>Afiliados e influenciadores:<\/strong> parcerias para ampliar alcance em nichos espec\u00edficos;<\/li>\n\n\n\n<li><strong>SEO e blog posts: <\/strong>otimiza\u00e7\u00e3o de p\u00e1ginas para atrair <a href=\"https:\/\/uolhost.uol.com.br\/blog\/trafego-organico-qualificado\/\">tr\u00e1fego org\u00e2nico<\/a> antes e durante o evento.<\/li>\n<\/ul>\n\n\n\n<h3 class=\"wp-block-heading\">Como criar um senso de urg\u00eancia nos clientes?<\/h3>\n\n\n\n<p>Uma caracter\u00edstica importante das promo\u00e7\u00f5es nessa data \u00e9 a ideia de oportunidade \u00fanica, mas como estimular esse senso de urg\u00eancia nos consumidores? Separamos algumas dicas para ajudar!<\/p>\n\n\n\n<h4 class=\"wp-block-heading\">Ofertas por tempo limitado<\/h4>\n\n\n\n<p>Disponibilizar <strong>descontos v\u00e1lidos por algumas horas<\/strong> refor\u00e7a a sensa\u00e7\u00e3o de escassez e estimula a compra imediata.<\/p>\n\n\n\n<h4 class=\"wp-block-heading\">Estoque reduzido<\/h4>\n\n\n\n<p>Exibir informa\u00e7\u00f5es sobre <strong>quantidade limitada<\/strong>, como \u201c\u00faltimas unidades\u201d, aumenta a percep\u00e7\u00e3o de valor e acelera a decis\u00e3o de compra.<\/p>\n\n\n\n<h4 class=\"wp-block-heading\">Pr\u00e9-vendas exclusivas<\/h4>\n\n\n\n<p>Permitir que os clientes cadastrados tenham <strong>acesso antecipado<\/strong> \u00e0s ofertas cria exclusividade e <a href=\"https:\/\/uolhost.uol.com.br\/blog\/como-criar-uma-boa-estrategia-de-fidelizacao-de-clientes-para-o-seu-negocio\/\">fortalece a fideliza\u00e7\u00e3o<\/a>.<\/p>\n\n\n\n<h4 class=\"wp-block-heading\">Contagem regressiva no site<\/h4>\n\n\n\n<p>Inserir <strong>timers vis\u00edveis em banners e p\u00e1ginas de produto<\/strong> \u00e9 uma forma pr\u00e1tica de manter o consumidor atento ao prazo final daquela oportunidade.<\/p>\n\n\n\n<h3 class=\"wp-block-heading\">O que fazer durante o dia da Black Friday para aumentar as vendas?<\/h3>\n\n\n\n<p>Chegamos ao grande dia: tudo foi planejado e executado, mas ser\u00e1 que n\u00e3o tem mais nada que possa ser feito para gerar mais vendas? A boa not\u00edcia \u00e9 que existem algumas a\u00e7\u00f5es que podem impulsionar suas conquistas, como:<\/p>\n\n\n\n<ul class=\"wp-block-list\">\n<li>Acompanhar m\u00e9tricas em tempo real e ajustar campanhas conforme o desempenho;<\/li>\n\n\n\n<li>Atualizar ofertas rel\u00e2mpago em intervalos estrat\u00e9gicos;<\/li>\n\n\n\n<li>Refor\u00e7ar <a href=\"https:\/\/uolhost.uol.com.br\/blog\/como-escolher-os-canais-certos-para-falar-com-seus-consumidores\/\">canais de atendimento<\/a> para reduzir o tempo de resposta;<\/li>\n\n\n\n<li>Monitorar redes sociais para interagir rapidamente com men\u00e7\u00f5es e coment\u00e1rios;<\/li>\n\n\n\n<li>Criar <a href=\"https:\/\/uolhost.uol.com.br\/blog\/o-poder-do-remarketing\/\">campanhas de remarketing<\/a> para clientes que abandonaram o carrinho.<\/li>\n<\/ul>\n\n\n\n<h3 class=\"wp-block-heading\">Como lidar com a log\u00edstica e as entregas ap\u00f3s o pico de vendas?<\/h3>\n\n\n\n<p>Outra quest\u00e3o importante \u00e9 se organizar para suportar o aumento no volume das vendas do seu neg\u00f3cio. Confira o que fazer a seguir!<\/p>\n\n\n\n<h4 class=\"wp-block-heading\">Planejamento de capacidade<\/h4>\n\n\n\n<p>Dimensionar previamente centros de distribui\u00e7\u00e3o, transportadoras parceiras e equipes de opera\u00e7\u00e3o para absorver o aumento do volume.<\/p>\n\n\n\n<h4 class=\"wp-block-heading\">Gest\u00e3o de prazos realista<\/h4>\n\n\n\n<p>Definir prazos de entrega vi\u00e1veis evita frustra\u00e7\u00e3o e reduz a chance de reclama\u00e7\u00f5es. Transpar\u00eancia na comunica\u00e7\u00e3o \u00e9 fundamental.<\/p>\n\n\n\n<h4 class=\"wp-block-heading\">Monitoramento em tempo real<\/h4>\n\n\n\n<p>Utilizar sistemas de rastreamento permite oferecer visibilidade ao cliente e identificar gargalos de forma proativa.<\/p>\n\n\n\n<h4 class=\"wp-block-heading\">Log\u00edstica reversa estruturada<\/h4>\n\n\n\n<p>Considerar a taxa de devolu\u00e7\u00f5es no planejamento evita sobrecarga operacional e reduz impactos na <a href=\"https:\/\/uolhost.uol.com.br\/blog\/cresca-seu-negocio-avaliando-a-satisfacao-do-cliente\/\">satisfa\u00e7\u00e3o do consumidor<\/a>.<\/p>\n\n\n\n<h3 class=\"wp-block-heading\">O que fazer depois que a Black Friday acaba?<\/h3>\n\n\n\n<p>Encerrar a Black Friday n\u00e3o significa parar com a sua estrat\u00e9gia: ap\u00f3s o evento, \u00e9 recomend\u00e1vel <strong>analisar dados de vendas, campanhas e comportamento de compra para ajustar planejamentos futuros<\/strong>.<\/p>\n\n\n\n<p>Al\u00e9m disso, manter contato com os novos p\u00fablicos adquiridos por meio de campanhas de fideliza\u00e7\u00e3o \u00e9 essencial para transformar a compra \u00fanica em relacionamento a longo prazo.<\/p>\n\n\n\n<p>N\u00e3o esque\u00e7a de considerar outras datas, como a <a href=\"https:\/\/uolhost.uol.com.br\/blog\/cyber-monday\/\">Cyber Monday<\/a>, oportunidade em que \u00e9 poss\u00edvel enviar e-mails com sugest\u00f5es adicionais, disponibilizar cupons para pr\u00f3ximas compras e garantir a continuidade das vendas em alta.<\/p>\n\n\n\n<p><strong>Leia tamb\u00e9m: <\/strong><a href=\"https:\/\/uolhost.uol.com.br\/blog\/o-que-tem-depois-da-black-friday\/\"><strong>O que tem depois da Black Friday? Oportunidades e estrat\u00e9gias para continuar vendendo<\/strong><\/a><\/p>\n\n\n\n<p>O aprendizado coletado ao longo de um per\u00edodo t\u00e3o movimentado deve ser documentado e servir de base para o pr\u00f3ximo ciclo.<\/p>\n\n\n\n<p>Viu como saber como vender mais na Black Friday passa por muitos fatores? Essa \u00e9 a import\u00e2ncia que voc\u00ea deve dar para conseguir bons resultados com um <strong>equil\u00edbrio entre promo\u00e7\u00f5es agressivas, efici\u00eancia operacional e retornos financeiros<\/strong>.<\/p>\n\n\n\n<p>Agora que voc\u00ea j\u00e1 entendeu tudo isso, n\u00e3o acha que \u00e9 o momento de come\u00e7ar a sua loja virtual? <a href=\"https:\/\/uolhost.uol.com.br\/loja-virtual?utm_source=blog_uolhost&amp;utm_medium=banner_publicidade&amp;utm_campaign=banner_publicidade_criador_artigos\">Crie um site para o seu neg\u00f3cio agora mesmo com taxa zero e vende hoje mesmo<\/a>!<\/p>\n","protected":false},"excerpt":{"rendered":"<p>Vender mais na Black Friday exige planejamento, promo\u00e7\u00f5es atrativas e comunica\u00e7\u00e3o clara. Invista em marketing digital, crie senso de urg\u00eancia e ofere\u00e7a descontos reais. Uma boa experi\u00eancia de compra, com site r\u00e1pido e atendimento eficiente, aumenta convers\u00f5es e fortalece a fideliza\u00e7\u00e3o de clientes. A d\u00favida sobre como vender mais na Black Friday \u00e9 comum para [&hellip;]<\/p>\n","protected":false},"author":24,"featured_media":18727,"comment_status":"closed","ping_status":"closed","sticky":false,"template":"","format":"standard","meta":{"footnotes":""},"categories":[12,38],"tags":[1364],"class_list":["post-16090","post","type-post","status-publish","format-standard","has-post-thumbnail","hentry","category-black-november","category-solucoes","tag-vender-na-black-friday"],"gutentor_comment":0,"yoast_head":"<!-- This site is optimized with the Yoast SEO plugin v26.4 - https:\/\/yoast.com\/wordpress\/plugins\/seo\/ -->\n<title>Como vender mais na Black Friday e aumentar seu faturamento<\/title>\n<meta name=\"description\" content=\"Saiba como vender mais na Black Friday aplicando estrat\u00e9gias que atraem clientes e aumentam seus lucros nessa data.\" \/>\n<meta name=\"robots\" content=\"index, follow, max-snippet:-1, max-image-preview:large, max-video-preview:-1\" \/>\n<link rel=\"canonical\" href=\"https:\/\/uolhost.uol.com.br\/blog\/como-vender-mais-black-friday\/\" \/>\n<meta property=\"og:locale\" content=\"pt_BR\" \/>\n<meta property=\"og:type\" content=\"article\" \/>\n<meta property=\"og:title\" content=\"Como vender mais na Black Friday e aumentar seu faturamento\" \/>\n<meta property=\"og:description\" content=\"Saiba como vender mais na Black Friday aplicando estrat\u00e9gias que atraem clientes e aumentam seus lucros nessa data.\" \/>\n<meta property=\"og:url\" content=\"https:\/\/uolhost.uol.com.br\/blog\/como-vender-mais-black-friday\/\" \/>\n<meta property=\"article:published_time\" content=\"2025-10-07T14:25:24+00:00\" \/>\n<meta property=\"article:modified_time\" content=\"2025-10-14T20:04:48+00:00\" \/>\n<meta property=\"og:image\" content=\"https:\/\/uolhost.uol.com.br\/blog\/wp-content\/uploads\/2025\/10\/como-vender-mais-black-friday.jpg\" \/>\n\t<meta property=\"og:image:width\" content=\"1200\" \/>\n\t<meta property=\"og:image:height\" content=\"794\" \/>\n\t<meta property=\"og:image:type\" content=\"image\/jpeg\" \/>\n<meta name=\"author\" content=\"Yuri Torres\" \/>\n<meta name=\"twitter:card\" content=\"summary_large_image\" \/>\n<meta name=\"twitter:label1\" content=\"Escrito por\" \/>\n\t<meta name=\"twitter:data1\" content=\"Yuri Torres\" \/>\n\t<meta name=\"twitter:label2\" content=\"Est. tempo de leitura\" \/>\n\t<meta name=\"twitter:data2\" content=\"11 minutos\" \/>\n<script type=\"application\/ld+json\" class=\"yoast-schema-graph\">{\"@context\":\"https:\/\/schema.org\",\"@graph\":[{\"@type\":\"Article\",\"@id\":\"https:\/\/uolhost.uol.com.br\/blog\/como-vender-mais-black-friday\/#article\",\"isPartOf\":{\"@id\":\"https:\/\/uolhost.uol.com.br\/blog\/como-vender-mais-black-friday\/\"},\"author\":{\"name\":\"Yuri Torres\",\"@id\":\"https:\/\/uolhost.uol.com.br\/blog\/#\/schema\/person\/41505c2cd07dc07109e30bea51edee93\"},\"headline\":\"Como vender mais na Black Friday: dicas para aumentar suas vendas\",\"datePublished\":\"2025-10-07T14:25:24+00:00\",\"dateModified\":\"2025-10-14T20:04:48+00:00\",\"mainEntityOfPage\":{\"@id\":\"https:\/\/uolhost.uol.com.br\/blog\/como-vender-mais-black-friday\/\"},\"wordCount\":2041,\"publisher\":{\"@id\":\"https:\/\/uolhost.uol.com.br\/blog\/#organization\"},\"image\":{\"@id\":\"https:\/\/uolhost.uol.com.br\/blog\/como-vender-mais-black-friday\/#primaryimage\"},\"thumbnailUrl\":\"https:\/\/uolhost.uol.com.br\/blog\/wp-content\/uploads\/2025\/10\/como-vender-mais-black-friday.jpg?wsr\",\"keywords\":[\"vender na black friday\"],\"articleSection\":[\"Black November\",\"Solu\u00e7\u00f5es\"],\"inLanguage\":\"pt-BR\"},{\"@type\":\"WebPage\",\"@id\":\"https:\/\/uolhost.uol.com.br\/blog\/como-vender-mais-black-friday\/\",\"url\":\"https:\/\/uolhost.uol.com.br\/blog\/como-vender-mais-black-friday\/\",\"name\":\"Como vender mais na Black Friday e aumentar seu faturamento\",\"isPartOf\":{\"@id\":\"https:\/\/uolhost.uol.com.br\/blog\/#website\"},\"primaryImageOfPage\":{\"@id\":\"https:\/\/uolhost.uol.com.br\/blog\/como-vender-mais-black-friday\/#primaryimage\"},\"image\":{\"@id\":\"https:\/\/uolhost.uol.com.br\/blog\/como-vender-mais-black-friday\/#primaryimage\"},\"thumbnailUrl\":\"https:\/\/uolhost.uol.com.br\/blog\/wp-content\/uploads\/2025\/10\/como-vender-mais-black-friday.jpg?wsr\",\"datePublished\":\"2025-10-07T14:25:24+00:00\",\"dateModified\":\"2025-10-14T20:04:48+00:00\",\"description\":\"Saiba como vender mais na Black Friday aplicando estrat\u00e9gias que atraem clientes e aumentam seus lucros nessa data.\",\"breadcrumb\":{\"@id\":\"https:\/\/uolhost.uol.com.br\/blog\/como-vender-mais-black-friday\/#breadcrumb\"},\"inLanguage\":\"pt-BR\",\"potentialAction\":[{\"@type\":\"ReadAction\",\"target\":[\"https:\/\/uolhost.uol.com.br\/blog\/como-vender-mais-black-friday\/\"]}]},{\"@type\":\"ImageObject\",\"inLanguage\":\"pt-BR\",\"@id\":\"https:\/\/uolhost.uol.com.br\/blog\/como-vender-mais-black-friday\/#primaryimage\",\"url\":\"https:\/\/uolhost.uol.com.br\/blog\/wp-content\/uploads\/2025\/10\/como-vender-mais-black-friday.jpg?wsr\",\"contentUrl\":\"https:\/\/uolhost.uol.com.br\/blog\/wp-content\/uploads\/2025\/10\/como-vender-mais-black-friday.jpg?wsr\",\"width\":1200,\"height\":794,\"caption\":\"Foto de uma placa escrito \\\"black friday sale\\\" no fundo vermelho.\"},{\"@type\":\"BreadcrumbList\",\"@id\":\"https:\/\/uolhost.uol.com.br\/blog\/como-vender-mais-black-friday\/#breadcrumb\",\"itemListElement\":[{\"@type\":\"ListItem\",\"position\":1,\"name\":\"In\u00edcio\",\"item\":\"https:\/\/uolhost.uol.com.br\/blog\/\"},{\"@type\":\"ListItem\",\"position\":2,\"name\":\"Como vender mais na Black Friday: dicas para aumentar suas vendas\"}]},{\"@type\":\"WebSite\",\"@id\":\"https:\/\/uolhost.uol.com.br\/blog\/#website\",\"url\":\"https:\/\/uolhost.uol.com.br\/blog\/\",\"name\":\"Blog UOL Host\",\"description\":\"\",\"publisher\":{\"@id\":\"https:\/\/uolhost.uol.com.br\/blog\/#organization\"},\"potentialAction\":[{\"@type\":\"SearchAction\",\"target\":{\"@type\":\"EntryPoint\",\"urlTemplate\":\"https:\/\/uolhost.uol.com.br\/blog\/?s={search_term_string}\"},\"query-input\":{\"@type\":\"PropertyValueSpecification\",\"valueRequired\":true,\"valueName\":\"search_term_string\"}}],\"inLanguage\":\"pt-BR\"},{\"@type\":\"Organization\",\"@id\":\"https:\/\/uolhost.uol.com.br\/blog\/#organization\",\"name\":\"Blog UOL Host\",\"url\":\"https:\/\/uolhost.uol.com.br\/blog\/\",\"logo\":{\"@type\":\"ImageObject\",\"inLanguage\":\"pt-BR\",\"@id\":\"https:\/\/uolhost.uol.com.br\/blog\/#\/schema\/logo\/image\/\",\"url\":\"https:\/\/uolhost.uol.com.br\/blog\/wp-content\/uploads\/2025\/01\/UOL_Host.png?wsr\",\"contentUrl\":\"https:\/\/uolhost.uol.com.br\/blog\/wp-content\/uploads\/2025\/01\/UOL_Host.png?wsr\",\"width\":2000,\"height\":393,\"caption\":\"Blog UOL Host\"},\"image\":{\"@id\":\"https:\/\/uolhost.uol.com.br\/blog\/#\/schema\/logo\/image\/\"}},{\"@type\":\"Person\",\"@id\":\"https:\/\/uolhost.uol.com.br\/blog\/#\/schema\/person\/41505c2cd07dc07109e30bea51edee93\",\"name\":\"Yuri Torres\",\"image\":{\"@type\":\"ImageObject\",\"inLanguage\":\"pt-BR\",\"@id\":\"https:\/\/uolhost.uol.com.br\/blog\/#\/schema\/person\/image\/\",\"url\":\"https:\/\/secure.gravatar.com\/avatar\/4c96a05faea9fdf86f95d5b723e438c9cc14ad5c342d76486e5a4c8ac8259492?s=96&d=mm&r=g\",\"contentUrl\":\"https:\/\/secure.gravatar.com\/avatar\/4c96a05faea9fdf86f95d5b723e438c9cc14ad5c342d76486e5a4c8ac8259492?s=96&d=mm&r=g\",\"caption\":\"Yuri Torres\"},\"description\":\"Profissional de Reda\u00e7\u00e3o e Marketing, com 10 anos de experi\u00eancia no desenvolvimento de estrat\u00e9gias de conte\u00fado voltadas \u00e0 comunica\u00e7\u00e3o de marcas. Atua na cria\u00e7\u00e3o de materiais que fortalecem a presen\u00e7a digital, ampliam o engajamento e contribuem para o alcance de resultados alinhados aos objetivos de neg\u00f3cio, com experi\u00eancia no atendimento a empresas de diferentes segmentos. LinkedIn\",\"sameAs\":[\"https:\/\/www.linkedin.com\/in\/yuri-torres-271093108\/\"],\"url\":\"https:\/\/uolhost.uol.com.br\/blog\/author\/yuri-torres\/\"}]}<\/script>\n<!-- \/ Yoast SEO plugin. -->","yoast_head_json":{"title":"Como vender mais na Black Friday e aumentar seu faturamento","description":"Saiba como vender mais na Black Friday aplicando estrat\u00e9gias que atraem clientes e aumentam seus lucros nessa data.","robots":{"index":"index","follow":"follow","max-snippet":"max-snippet:-1","max-image-preview":"max-image-preview:large","max-video-preview":"max-video-preview:-1"},"canonical":"https:\/\/uolhost.uol.com.br\/blog\/como-vender-mais-black-friday\/","og_locale":"pt_BR","og_type":"article","og_title":"Como vender mais na Black Friday e aumentar seu faturamento","og_description":"Saiba como vender mais na Black Friday aplicando estrat\u00e9gias que atraem clientes e aumentam seus lucros nessa data.","og_url":"https:\/\/uolhost.uol.com.br\/blog\/como-vender-mais-black-friday\/","article_published_time":"2025-10-07T14:25:24+00:00","article_modified_time":"2025-10-14T20:04:48+00:00","og_image":[{"width":1200,"height":794,"url":"https:\/\/uolhost.uol.com.br\/blog\/wp-content\/uploads\/2025\/10\/como-vender-mais-black-friday.jpg","type":"image\/jpeg"}],"author":"Yuri Torres","twitter_card":"summary_large_image","twitter_misc":{"Escrito por":"Yuri Torres","Est. tempo de leitura":"11 minutos"},"schema":{"@context":"https:\/\/schema.org","@graph":[{"@type":"Article","@id":"https:\/\/uolhost.uol.com.br\/blog\/como-vender-mais-black-friday\/#article","isPartOf":{"@id":"https:\/\/uolhost.uol.com.br\/blog\/como-vender-mais-black-friday\/"},"author":{"name":"Yuri Torres","@id":"https:\/\/uolhost.uol.com.br\/blog\/#\/schema\/person\/41505c2cd07dc07109e30bea51edee93"},"headline":"Como vender mais na Black Friday: dicas para aumentar suas vendas","datePublished":"2025-10-07T14:25:24+00:00","dateModified":"2025-10-14T20:04:48+00:00","mainEntityOfPage":{"@id":"https:\/\/uolhost.uol.com.br\/blog\/como-vender-mais-black-friday\/"},"wordCount":2041,"publisher":{"@id":"https:\/\/uolhost.uol.com.br\/blog\/#organization"},"image":{"@id":"https:\/\/uolhost.uol.com.br\/blog\/como-vender-mais-black-friday\/#primaryimage"},"thumbnailUrl":"https:\/\/uolhost.uol.com.br\/blog\/wp-content\/uploads\/2025\/10\/como-vender-mais-black-friday.jpg?wsr","keywords":["vender na black friday"],"articleSection":["Black November","Solu\u00e7\u00f5es"],"inLanguage":"pt-BR"},{"@type":"WebPage","@id":"https:\/\/uolhost.uol.com.br\/blog\/como-vender-mais-black-friday\/","url":"https:\/\/uolhost.uol.com.br\/blog\/como-vender-mais-black-friday\/","name":"Como vender mais na Black Friday e aumentar seu faturamento","isPartOf":{"@id":"https:\/\/uolhost.uol.com.br\/blog\/#website"},"primaryImageOfPage":{"@id":"https:\/\/uolhost.uol.com.br\/blog\/como-vender-mais-black-friday\/#primaryimage"},"image":{"@id":"https:\/\/uolhost.uol.com.br\/blog\/como-vender-mais-black-friday\/#primaryimage"},"thumbnailUrl":"https:\/\/uolhost.uol.com.br\/blog\/wp-content\/uploads\/2025\/10\/como-vender-mais-black-friday.jpg?wsr","datePublished":"2025-10-07T14:25:24+00:00","dateModified":"2025-10-14T20:04:48+00:00","description":"Saiba como vender mais na Black Friday aplicando estrat\u00e9gias que atraem clientes e aumentam seus lucros nessa data.","breadcrumb":{"@id":"https:\/\/uolhost.uol.com.br\/blog\/como-vender-mais-black-friday\/#breadcrumb"},"inLanguage":"pt-BR","potentialAction":[{"@type":"ReadAction","target":["https:\/\/uolhost.uol.com.br\/blog\/como-vender-mais-black-friday\/"]}]},{"@type":"ImageObject","inLanguage":"pt-BR","@id":"https:\/\/uolhost.uol.com.br\/blog\/como-vender-mais-black-friday\/#primaryimage","url":"https:\/\/uolhost.uol.com.br\/blog\/wp-content\/uploads\/2025\/10\/como-vender-mais-black-friday.jpg?wsr","contentUrl":"https:\/\/uolhost.uol.com.br\/blog\/wp-content\/uploads\/2025\/10\/como-vender-mais-black-friday.jpg?wsr","width":1200,"height":794,"caption":"Foto de uma placa escrito \"black friday sale\" no fundo vermelho."},{"@type":"BreadcrumbList","@id":"https:\/\/uolhost.uol.com.br\/blog\/como-vender-mais-black-friday\/#breadcrumb","itemListElement":[{"@type":"ListItem","position":1,"name":"In\u00edcio","item":"https:\/\/uolhost.uol.com.br\/blog\/"},{"@type":"ListItem","position":2,"name":"Como vender mais na Black Friday: dicas para aumentar suas vendas"}]},{"@type":"WebSite","@id":"https:\/\/uolhost.uol.com.br\/blog\/#website","url":"https:\/\/uolhost.uol.com.br\/blog\/","name":"Blog UOL Host","description":"","publisher":{"@id":"https:\/\/uolhost.uol.com.br\/blog\/#organization"},"potentialAction":[{"@type":"SearchAction","target":{"@type":"EntryPoint","urlTemplate":"https:\/\/uolhost.uol.com.br\/blog\/?s={search_term_string}"},"query-input":{"@type":"PropertyValueSpecification","valueRequired":true,"valueName":"search_term_string"}}],"inLanguage":"pt-BR"},{"@type":"Organization","@id":"https:\/\/uolhost.uol.com.br\/blog\/#organization","name":"Blog UOL Host","url":"https:\/\/uolhost.uol.com.br\/blog\/","logo":{"@type":"ImageObject","inLanguage":"pt-BR","@id":"https:\/\/uolhost.uol.com.br\/blog\/#\/schema\/logo\/image\/","url":"https:\/\/uolhost.uol.com.br\/blog\/wp-content\/uploads\/2025\/01\/UOL_Host.png?wsr","contentUrl":"https:\/\/uolhost.uol.com.br\/blog\/wp-content\/uploads\/2025\/01\/UOL_Host.png?wsr","width":2000,"height":393,"caption":"Blog UOL Host"},"image":{"@id":"https:\/\/uolhost.uol.com.br\/blog\/#\/schema\/logo\/image\/"}},{"@type":"Person","@id":"https:\/\/uolhost.uol.com.br\/blog\/#\/schema\/person\/41505c2cd07dc07109e30bea51edee93","name":"Yuri Torres","image":{"@type":"ImageObject","inLanguage":"pt-BR","@id":"https:\/\/uolhost.uol.com.br\/blog\/#\/schema\/person\/image\/","url":"https:\/\/secure.gravatar.com\/avatar\/4c96a05faea9fdf86f95d5b723e438c9cc14ad5c342d76486e5a4c8ac8259492?s=96&d=mm&r=g","contentUrl":"https:\/\/secure.gravatar.com\/avatar\/4c96a05faea9fdf86f95d5b723e438c9cc14ad5c342d76486e5a4c8ac8259492?s=96&d=mm&r=g","caption":"Yuri Torres"},"description":"Profissional de Reda\u00e7\u00e3o e Marketing, com 10 anos de experi\u00eancia no desenvolvimento de estrat\u00e9gias de conte\u00fado voltadas \u00e0 comunica\u00e7\u00e3o de marcas. Atua na cria\u00e7\u00e3o de materiais que fortalecem a presen\u00e7a digital, ampliam o engajamento e contribuem para o alcance de resultados alinhados aos objetivos de neg\u00f3cio, com experi\u00eancia no atendimento a empresas de diferentes segmentos. LinkedIn","sameAs":["https:\/\/www.linkedin.com\/in\/yuri-torres-271093108\/"],"url":"https:\/\/uolhost.uol.com.br\/blog\/author\/yuri-torres\/"}]}},"_links":{"self":[{"href":"https:\/\/uolhost.uol.com.br\/blog\/wp-json\/wp\/v2\/posts\/16090","targetHints":{"allow":["GET"]}}],"collection":[{"href":"https:\/\/uolhost.uol.com.br\/blog\/wp-json\/wp\/v2\/posts"}],"about":[{"href":"https:\/\/uolhost.uol.com.br\/blog\/wp-json\/wp\/v2\/types\/post"}],"author":[{"embeddable":true,"href":"https:\/\/uolhost.uol.com.br\/blog\/wp-json\/wp\/v2\/users\/24"}],"replies":[{"embeddable":true,"href":"https:\/\/uolhost.uol.com.br\/blog\/wp-json\/wp\/v2\/comments?post=16090"}],"version-history":[{"count":1,"href":"https:\/\/uolhost.uol.com.br\/blog\/wp-json\/wp\/v2\/posts\/16090\/revisions"}],"predecessor-version":[{"id":18679,"href":"https:\/\/uolhost.uol.com.br\/blog\/wp-json\/wp\/v2\/posts\/16090\/revisions\/18679"}],"wp:featuredmedia":[{"embeddable":true,"href":"https:\/\/uolhost.uol.com.br\/blog\/wp-json\/wp\/v2\/media\/18727"}],"wp:attachment":[{"href":"https:\/\/uolhost.uol.com.br\/blog\/wp-json\/wp\/v2\/media?parent=16090"}],"wp:term":[{"taxonomy":"category","embeddable":true,"href":"https:\/\/uolhost.uol.com.br\/blog\/wp-json\/wp\/v2\/categories?post=16090"},{"taxonomy":"post_tag","embeddable":true,"href":"https:\/\/uolhost.uol.com.br\/blog\/wp-json\/wp\/v2\/tags?post=16090"}],"curies":[{"name":"wp","href":"https:\/\/api.w.org\/{rel}","templated":true}]}}