{"id":16585,"date":"2026-04-09T11:07:01","date_gmt":"2026-04-09T14:07:01","guid":{"rendered":"https:\/\/meunegocio.uol.com.br\/blog\/?p=16585"},"modified":"2026-04-09T11:07:02","modified_gmt":"2026-04-09T14:07:02","slug":"como-vender-mais-dia-das-maes","status":"publish","type":"post","link":"https:\/\/uolhost.uol.com.br\/blog\/como-vender-mais-dia-das-maes\/","title":{"rendered":"10 ideias e estrat\u00e9gias de como vender mais no Dia das M\u00e3es"},"content":{"rendered":"\n<h2 class=\"wp-block-heading\">Aprender como vender mais no Dia das M\u00e3es envolve entender o comportamento do consumidor, criar ofertas atrativas, investir em campanhas segmentadas e fortalecer a presen\u00e7a digital. Estrat\u00e9gias como kits promocionais, urg\u00eancia na comunica\u00e7\u00e3o e experi\u00eancias personalizadas ajudam a aumentar as convers\u00f5es e destacar sua marca.<\/h2>\n\n\n\n<p>O Dia das M\u00e3es \u00e9 uma das datas mais relevantes do calend\u00e1rio de vendas no Brasil, ficando atr\u00e1s apenas do Natal. Essa ocasi\u00e3o representa uma \u00f3tima oportunidade para atrair novos consumidores, movimentar o caixa e fortalecer o relacionamento com o p\u00fablico.<\/p>\n\n\n\n<p>Diante da concorr\u00eancia e da variedade de ofertas, \u00e9 preciso mais do que boas inten\u00e7\u00f5es. Aprender<strong> como vender mais no Dia das M\u00e3es<\/strong> envolve compreender os desejos de quem compra, estruturar promo\u00e7\u00f5es atrativas e <a href=\"https:\/\/uolhost.uol.com.br\/blog\/5-passos-para-executar-suas-acoes-de-marketing-digital-com-sucesso\/\">criar a\u00e7\u00f5es de marketing<\/a> que realmente engajam.<\/p>\n\n\n\n<p>Neste guia, voc\u00ea encontrar\u00e1 sugest\u00f5es pr\u00e1ticas e acess\u00edveis para aproveitar ao m\u00e1ximo o potencial dessa data comemorativa, seja em lojas f\u00edsicas ou <a href=\"https:\/\/uolhost.uol.com.br\/loja-virtual\">lojas virtuais<\/a>.<\/p>\n\n\n\n<h3 class=\"wp-block-heading\">Qual o perfil de quem compra no Dia das M\u00e3es?&nbsp;<\/h3>\n\n\n\n<p>Antes de qualquer a\u00e7\u00e3o,<strong> \u00e9 essencial entender o comportamento de quem costuma presentear nessa data<\/strong>. A motiva\u00e7\u00e3o emocional \u00e9 alta, e muitos buscam presentes que transmitam carinho.&nbsp;<\/p>\n\n\n\n<p>O <a href=\"https:\/\/globoads.globo.com\/conhecimento\/globo-ads-insights\/dia-das-maes-2026\">relat\u00f3rio da Globo Ads 2026<\/a> aponta que o consumo na data n\u00e3o \u00e9 impulsionado apenas por necessidade, mas principalmente por v\u00ednculos afetivos, com a compra funcionando como uma forma de demonstrar reconhecimento e proximidade.&nbsp;<\/p>\n\n\n\n<p>Esse fator emocional orienta toda a jornada, desde a busca por inspira\u00e7\u00e3o at\u00e9 a decis\u00e3o final. H\u00e1 predomin\u00e2ncia de consumidores que compram para presentear, como filhos, parceiros e familiares, e n\u00e3o das pr\u00f3prias m\u00e3es como principais compradoras.&nbsp;<\/p>\n\n\n\n<p>Embora seja um p\u00fablico amplo, ele compartilha um tra\u00e7o comum: a busca por significado no presente. Por isso, crescem categorias ligadas \u00e0 experi\u00eancia, personaliza\u00e7\u00e3o e mem\u00f3ria, substituindo op\u00e7\u00f5es gen\u00e9ricas por escolhas que refor\u00e7am v\u00ednculo e identidade.<\/p>\n\n\n\n<p>Os dados tamb\u00e9m mostram que <strong>64% dos brasileiros costumam prestar muita aten\u00e7\u00e3o \u00e0s campanhas de Dia das M\u00e3es e 48% planejam investir entre R$51 e R$200<\/strong> em presentes.<\/p>\n\n\n\n<p><strong>Saiba mais: <\/strong><a href=\"https:\/\/uolhost.uol.com.br\/blog\/entre-na-onda-da-personalizacao-de-produtos\/\"><strong>Personaliza\u00e7\u00e3o de produtos: veja como trazer essa experi\u00eancia para o seu cliente<\/strong><\/a><\/p>\n\n\n\n<h3 class=\"wp-block-heading\">Como vender mais no Dia das M\u00e3es? Veja 10 ideias<\/h3>\n\n\n\n<p>O Dia das M\u00e3es movimenta diferentes segmentos e abre espa\u00e7o para novas estrat\u00e9gias de venda. Com um bom planejamento, \u00e9 poss\u00edvel se destacar da concorr\u00eancia e aumentar o faturamento. A seguir, veja <strong>como vender mais no Dia das M\u00e3es com 10 ideias pr\u00e1ticas.<\/strong><\/p>\n\n\n\n<h4 class=\"wp-block-heading\">1. Crie kits prontos para presentear<\/h4>\n\n\n\n<p><a href=\"https:\/\/uolhost.uol.com.br\/blog\/5-estrategias-que-vao-tornar-a-tomada-de-decisao-mais-simples\/\">Facilite a decis\u00e3o de compra<\/a> oferecendo kits montados com bom gosto. Al\u00e9m de resolver a d\u00favida do cliente, essa estrat\u00e9gia eleva o valor percebido e estimula compras com ticket mais alto.<\/p>\n\n\n\n<p>Exemplos:<\/p>\n\n\n\n<ul class=\"wp-block-list\">\n<li>Kit de autocuidado: sabonete, hidratante, vela arom\u00e1tica;<\/li>\n\n\n\n<li>Caneca com bombons e um cart\u00e3o personalizado;<\/li>\n\n\n\n<li>Combos com produtos \u00fateis em embalagens diferenciadas.<\/li>\n<\/ul>\n\n\n\n<p>A <strong>praticidade dos kits faz com que muitos optem por eles<\/strong> logo no primeiro contato.<\/p>\n\n\n\n<h4 class=\"wp-block-heading\">2. Aposte em embalagens que encantam<\/h4>\n\n\n\n<p>O visual do presente tem grande peso na hora da escolha. <a href=\"https:\/\/uolhost.uol.com.br\/blog\/5-maneiras-de-transformar-sua-embalagem-em-uma-maquina-de-conversao\/\">Embalagens bem pensadas<\/a> \u2014 com la\u00e7os, papel decorado, tags com mensagens \u2014 elevam o valor do produto e geram conex\u00e3o emocional.<\/p>\n\n\n\n<p>Quem est\u00e1 em busca de um presente quer impactar no momento da entrega. Uma <strong>embalagem bonita transmite cuidado<\/strong>, refor\u00e7ando o valor da sua marca.<\/p>\n\n\n\n<h4 class=\"wp-block-heading\">3. Crie campanhas tem\u00e1ticas nas redes sociais<\/h4>\n\n\n\n<p>Use o Instagram, Facebook ou TikTok para gerar desejo e engajamento nos dias que antecedem a data. Algumas ideias de conte\u00fado:<\/p>\n\n\n\n<ul class=\"wp-block-list\">\n<li>Reels mostrando os bastidores da produ\u00e7\u00e3o dos kits;<\/li>\n\n\n\n<li>Dicas de presente para diferentes perfis de m\u00e3e;<\/li>\n\n\n\n<li>Enquetes ou caixinhas de perguntas nos stories;<\/li>\n\n\n\n<li>V\u00eddeos com mensagens afetivas ou depoimentos.<\/li>\n<\/ul>\n\n\n\n<p>O importante \u00e9 <strong>manter o perfil ativo e alinhado com o momento<\/strong>, mostrando que sua marca est\u00e1 preparada para a ocasi\u00e3o.<\/p>\n\n\n\n<h4 class=\"wp-block-heading\">4. Fa\u00e7a promo\u00e7\u00f5es com tempo definido<\/h4>\n\n\n\n<p>Ofertas por tempo limitado despertam <a href=\"https:\/\/uolhost.uol.com.br\/blog\/use-o-senso-de-urgencia-para-aumentar-suas-vendas-ja\/\">senso de urg\u00eancia<\/a> e incentivam decis\u00f5es r\u00e1pidas. Para funcionarem bem, devem ser simples, claras e comunicadas com destaque.<\/p>\n\n\n\n<p>Algumas sugest\u00f5es s\u00e3o:<\/p>\n\n\n\n<ul class=\"wp-block-list\">\n<li>Descontos progressivos (ex: leve 3 e pague 2);<\/li>\n\n\n\n<li>Brindes para os primeiros pedidos;<\/li>\n\n\n\n<li><a href=\"https:\/\/uolhost.uol.com.br\/blog\/como-oferecer-frete-gratis\/\">Frete gr\u00e1tis<\/a> acima de determinado valor.<\/li>\n<\/ul>\n\n\n\n<p>Esse tipo de <strong>campanha movimenta o estoque e valoriza a oportunidade da compra<\/strong> imediata.<\/p>\n\n\n\n<h4 class=\"wp-block-heading\">5. Facilite o atendimento via WhatsApp<\/h4>\n\n\n\n<p>Muitos clientes v\u00e3o preferir falar diretamente por mensagem. Ter um n\u00famero comercial bem organizado faz toda a diferen\u00e7a na convers\u00e3o.<\/p>\n\n\n\n<p>O ideal \u00e9 contar com:<\/p>\n\n\n\n<ul class=\"wp-block-list\">\n<li>Respostas r\u00e1pidas e cordiais;<\/li>\n\n\n\n<li><a href=\"https:\/\/uolhost.uol.com.br\/blog\/fotos-para-e-commerce\/\">Cat\u00e1logo com fotos<\/a> e pre\u00e7os atualizados;<\/li>\n\n\n\n<li>Link direto na bio das redes sociais;<\/li>\n\n\n\n<li>Op\u00e7\u00e3o de pagamento por link ou QR Code.<\/li>\n<\/ul>\n\n\n\n<p>Esse <strong>canal permite tirar d\u00favidas e fechar pedidos de forma pr\u00e1tica,<\/strong> mantendo a experi\u00eancia humanizada.<\/p>\n\n\n\n<h4 class=\"wp-block-heading\">6. Explore o gatilho da escassez<\/h4>\n\n\n\n<p>Frases como \u201c\u00faltimas unidades\u201d, \u201cprodu\u00e7\u00e3o limitada\u201d ou \u201cv\u00e1lido s\u00f3 at\u00e9 amanh\u00e3\u201d s\u00e3o eficazes para estimular decis\u00f5es r\u00e1pidas. A escassez ativa o medo de perder a oportunidade, o que acelera a compra.<\/p>\n\n\n\n<p>Mas aten\u00e7\u00e3o: s\u00f3 use essa t\u00e1tica se for real. Fingir urg\u00eancia compromete a confian\u00e7a na marca.<\/p>\n\n\n\n<h4 class=\"wp-block-heading\">7. Ofere\u00e7a entrega r\u00e1pida ou retirada local<\/h4>\n\n\n\n<p>Quem deixa para comprar na \u00faltima hora precisa de solu\u00e7\u00f5es \u00e1geis. Se poss\u00edvel, atenda com:<\/p>\n\n\n\n<ul class=\"wp-block-list\">\n<li>Entregas expressas em at\u00e9 24h;<\/li>\n\n\n\n<li>Retirada na loja ou ponto de apoio;<\/li>\n\n\n\n<li>Entregas personalizadas com hor\u00e1rio marcado.<\/li>\n<\/ul>\n\n\n\n<p>Esse servi\u00e7o agrega valor e pode ser decisivo para fechar <a href=\"https:\/\/uolhost.uol.com.br\/blog\/3-perguntas-simples-para-fechar-a-venda-rapido\/\">vendas de \u00faltima hora<\/a>.<\/p>\n\n\n\n<h4 class=\"wp-block-heading\">8. Destaque depoimentos de clientes<\/h4>\n\n\n\n<p>Provas sociais ajudam a convencer quem ainda est\u00e1 indeciso. Compartilhe prints de feedbacks, mensagens de quem j\u00e1 comprou ou v\u00eddeos de clientes elogiando o atendimento.<\/p>\n\n\n\n<p>Isso transmite credibilidade e refor\u00e7a a qualidade da experi\u00eancia que voc\u00ea oferece.<\/p>\n\n\n\n<h4 class=\"wp-block-heading\">9. Capriche no p\u00f3s-venda<\/h4>\n\n\n\n<p>A venda n\u00e3o termina com a entrega. Um <a href=\"https:\/\/uolhost.uol.com.br\/blog\/pos-venda\/\">bom p\u00f3s-venda<\/a> refor\u00e7a a lembran\u00e7a positiva da marca e abre espa\u00e7o para novas compras.<\/p>\n\n\n\n<p>Voc\u00ea pode:<\/p>\n\n\n\n<ul class=\"wp-block-list\">\n<li>Enviar uma mensagem agradecendo a compra;<\/li>\n\n\n\n<li>Pedir uma avalia\u00e7\u00e3o ou sugest\u00e3o;<\/li>\n\n\n\n<li>Compartilhar <a href=\"https:\/\/uolhost.uol.com.br\/blog\/10-maneiras-de-usar-cupons-de-desconto-no-seu-e-commerce\/\">cupons de desconto<\/a> para futuras datas.<\/li>\n<\/ul>\n\n\n\n<p>Pequenos gestos fidelizam e transformam compradores ocasionais em clientes recorrentes.<\/p>\n\n\n\n<h4 class=\"wp-block-heading\">10. Divulgue onde seu p\u00fablico est\u00e1<\/h4>\n\n\n\n<p>N\u00e3o adianta criar \u00f3timas ofertas se ningu\u00e9m v\u00ea. Escolha os canais onde seu p\u00fablico realmente consome conte\u00fado e esteja presente neles com frequ\u00eancia.<\/p>\n\n\n\n<ul class=\"wp-block-list\">\n<li>Grupos de bairro no Facebook;<\/li>\n\n\n\n<li>Listas de transmiss\u00e3o no WhatsApp;<\/li>\n\n\n\n<li>Colabora\u00e7\u00e3o com influenciadores locais;<\/li>\n\n\n\n<li>An\u00fancios segmentados no Instagram.<\/li>\n<\/ul>\n\n\n\n<p>A visibilidade \u00e9 parte essencial da convers\u00e3o.<\/p>\n\n\n\n<h3 class=\"wp-block-heading\">Encante do come\u00e7o ao fim<\/h3>\n\n\n\n<p>Aprender como vender mais no Dia das M\u00e3es n\u00e3o se resume a oferecer um produto. O foco est\u00e1 em construir uma <a href=\"https:\/\/uolhost.uol.com.br\/blog\/experiencia-de-compra\/\">experi\u00eancia de compra<\/a> que emocione, atenda necessidades e surpreenda o cliente.<\/p>\n\n\n\n<p>Com aten\u00e7\u00e3o aos detalhes, criatividade e um atendimento emp\u00e1tico, a data pode se tornar uma grande oportunidade de exposi\u00e7\u00e3o da marca. Mesmo com or\u00e7amento reduzido, campanhas bem estruturadas e uma comunica\u00e7\u00e3o aut\u00eantica ajudam a gerar conex\u00e3o e incentivam a fideliza\u00e7\u00e3o.<\/p>\n\n\n\n<p>O apelo emocional do per\u00edodo favorece a valoriza\u00e7\u00e3o do seu trabalho, aproxima clientes recorrentes e amplia o alcance para novos consumidores.<\/p>\n\n\n\n<p>Ideias boas merecem um espa\u00e7o para acontecer. <a href=\"https:\/\/uolhost.uol.com.br\/\">Confira todas as solu\u00e7\u00f5es do UOL Host e transforme suas estrat\u00e9gias de vendas em resultados reais!<\/a><\/p>\n","protected":false},"excerpt":{"rendered":"<p>Aprender como vender mais no Dia das M\u00e3es envolve entender o comportamento do consumidor, criar ofertas atrativas, investir em campanhas segmentadas e fortalecer a presen\u00e7a digital. Estrat\u00e9gias como kits promocionais, urg\u00eancia na comunica\u00e7\u00e3o e experi\u00eancias personalizadas ajudam a aumentar as convers\u00f5es e destacar sua marca. O Dia das M\u00e3es \u00e9 uma das datas mais relevantes [&hellip;]<\/p>\n","protected":false},"author":24,"featured_media":20576,"comment_status":"closed","ping_status":"closed","sticky":false,"template":"","format":"standard","meta":{"footnotes":""},"categories":[1451,1464],"tags":[],"class_list":["post-16585","post","type-post","status-publish","format-standard","has-post-thumbnail","hentry","category-crescimento","category-jornada-do-empreendedor"],"gutentor_comment":0,"yoast_head":"<!-- This site is optimized with the Yoast SEO plugin v26.4 - https:\/\/yoast.com\/wordpress\/plugins\/seo\/ -->\n<title>Como vender mais no Dia das M\u00e3es com 10 a\u00e7\u00f5es certeiras<\/title>\n<meta name=\"description\" content=\"Veja como vender mais no Dia das M\u00e3es usando a\u00e7\u00f5es simples, campanhas criativas e estrat\u00e9gias que aumentam o faturamento.\" \/>\n<meta name=\"robots\" content=\"index, follow, max-snippet:-1, max-image-preview:large, max-video-preview:-1\" \/>\n<link rel=\"canonical\" href=\"https:\/\/uolhost.uol.com.br\/blog\/como-vender-mais-dia-das-maes\/\" \/>\n<meta property=\"og:locale\" content=\"pt_BR\" \/>\n<meta property=\"og:type\" content=\"article\" \/>\n<meta property=\"og:title\" content=\"10 ideias e estrat\u00e9gias de como vender mais no Dia das M\u00e3es\" \/>\n<meta property=\"og:description\" content=\"Aprenda como vender mais no Dia das M\u00e3es com estrat\u00e9gias eficazes e dicas pr\u00e1ticas para aumentar suas vendas nesta data t\u00e3o importante.\" \/>\n<meta property=\"og:url\" content=\"https:\/\/uolhost.uol.com.br\/blog\/como-vender-mais-dia-das-maes\/\" \/>\n<meta property=\"article:published_time\" content=\"2026-04-09T14:07:01+00:00\" \/>\n<meta property=\"article:modified_time\" content=\"2026-04-09T14:07:02+00:00\" \/>\n<meta property=\"og:image\" content=\"https:\/\/uolhost.uol.com.br\/blog\/wp-content\/uploads\/2024\/05\/como-vender-mais-dia-das-maes-e1746195357832.webp\" \/>\n\t<meta property=\"og:image:width\" content=\"1974\" \/>\n\t<meta property=\"og:image:height\" content=\"938\" \/>\n\t<meta property=\"og:image:type\" content=\"image\/webp\" \/>\n<meta name=\"author\" content=\"Yuri Torres\" \/>\n<meta name=\"twitter:card\" content=\"summary_large_image\" \/>\n<meta name=\"twitter:label1\" content=\"Escrito por\" \/>\n\t<meta name=\"twitter:data1\" content=\"Yuri Torres\" \/>\n\t<meta name=\"twitter:label2\" content=\"Est. tempo de leitura\" \/>\n\t<meta name=\"twitter:data2\" content=\"7 minutos\" \/>\n<script type=\"application\/ld+json\" class=\"yoast-schema-graph\">{\"@context\":\"https:\/\/schema.org\",\"@graph\":[{\"@type\":\"Article\",\"@id\":\"https:\/\/uolhost.uol.com.br\/blog\/como-vender-mais-dia-das-maes\/#article\",\"isPartOf\":{\"@id\":\"https:\/\/uolhost.uol.com.br\/blog\/como-vender-mais-dia-das-maes\/\"},\"author\":{\"name\":\"Yuri Torres\",\"@id\":\"https:\/\/uolhost.uol.com.br\/blog\/#\/schema\/person\/41505c2cd07dc07109e30bea51edee93\"},\"headline\":\"10 ideias e estrat\u00e9gias de como vender mais no Dia das M\u00e3es\",\"datePublished\":\"2026-04-09T14:07:01+00:00\",\"dateModified\":\"2026-04-09T14:07:02+00:00\",\"mainEntityOfPage\":{\"@id\":\"https:\/\/uolhost.uol.com.br\/blog\/como-vender-mais-dia-das-maes\/\"},\"wordCount\":1251,\"publisher\":{\"@id\":\"https:\/\/uolhost.uol.com.br\/blog\/#organization\"},\"image\":{\"@id\":\"https:\/\/uolhost.uol.com.br\/blog\/como-vender-mais-dia-das-maes\/#primaryimage\"},\"thumbnailUrl\":\"https:\/\/uolhost.uol.com.br\/blog\/wp-content\/uploads\/2025\/05\/como-vender-mais-dia-maes.jpg?wsr\",\"articleSection\":[\"Crescimento\",\"Jornada do Empreendedor\"],\"inLanguage\":\"pt-BR\"},{\"@type\":\"WebPage\",\"@id\":\"https:\/\/uolhost.uol.com.br\/blog\/como-vender-mais-dia-das-maes\/\",\"url\":\"https:\/\/uolhost.uol.com.br\/blog\/como-vender-mais-dia-das-maes\/\",\"name\":\"Como vender mais no Dia das M\u00e3es com 10 a\u00e7\u00f5es certeiras\",\"isPartOf\":{\"@id\":\"https:\/\/uolhost.uol.com.br\/blog\/#website\"},\"primaryImageOfPage\":{\"@id\":\"https:\/\/uolhost.uol.com.br\/blog\/como-vender-mais-dia-das-maes\/#primaryimage\"},\"image\":{\"@id\":\"https:\/\/uolhost.uol.com.br\/blog\/como-vender-mais-dia-das-maes\/#primaryimage\"},\"thumbnailUrl\":\"https:\/\/uolhost.uol.com.br\/blog\/wp-content\/uploads\/2025\/05\/como-vender-mais-dia-maes.jpg?wsr\",\"datePublished\":\"2026-04-09T14:07:01+00:00\",\"dateModified\":\"2026-04-09T14:07:02+00:00\",\"description\":\"Veja como vender mais no Dia das M\u00e3es usando a\u00e7\u00f5es simples, campanhas criativas e estrat\u00e9gias que aumentam o faturamento.\",\"breadcrumb\":{\"@id\":\"https:\/\/uolhost.uol.com.br\/blog\/como-vender-mais-dia-das-maes\/#breadcrumb\"},\"inLanguage\":\"pt-BR\",\"potentialAction\":[{\"@type\":\"ReadAction\",\"target\":[\"https:\/\/uolhost.uol.com.br\/blog\/como-vender-mais-dia-das-maes\/\"]}]},{\"@type\":\"ImageObject\",\"inLanguage\":\"pt-BR\",\"@id\":\"https:\/\/uolhost.uol.com.br\/blog\/como-vender-mais-dia-das-maes\/#primaryimage\",\"url\":\"https:\/\/uolhost.uol.com.br\/blog\/wp-content\/uploads\/2025\/05\/como-vender-mais-dia-maes.jpg?wsr\",\"contentUrl\":\"https:\/\/uolhost.uol.com.br\/blog\/wp-content\/uploads\/2025\/05\/como-vender-mais-dia-maes.jpg?wsr\",\"width\":1200,\"height\":901,\"caption\":\"Pessoa criando cart\u00e3o artesanal com a mensagem \u201cHappy Mother\u2019s Day\u201d, representando ideias criativas de produtos personalizados e estrat\u00e9gias sobre como vender mais no Dia das M\u00e3es.\"},{\"@type\":\"BreadcrumbList\",\"@id\":\"https:\/\/uolhost.uol.com.br\/blog\/como-vender-mais-dia-das-maes\/#breadcrumb\",\"itemListElement\":[{\"@type\":\"ListItem\",\"position\":1,\"name\":\"In\u00edcio\",\"item\":\"https:\/\/uolhost.uol.com.br\/blog\/\"},{\"@type\":\"ListItem\",\"position\":2,\"name\":\"10 ideias e estrat\u00e9gias de como vender mais no Dia das M\u00e3es\"}]},{\"@type\":\"WebSite\",\"@id\":\"https:\/\/uolhost.uol.com.br\/blog\/#website\",\"url\":\"https:\/\/uolhost.uol.com.br\/blog\/\",\"name\":\"Blog UOL Host\",\"description\":\"\",\"publisher\":{\"@id\":\"https:\/\/uolhost.uol.com.br\/blog\/#organization\"},\"potentialAction\":[{\"@type\":\"SearchAction\",\"target\":{\"@type\":\"EntryPoint\",\"urlTemplate\":\"https:\/\/uolhost.uol.com.br\/blog\/?s={search_term_string}\"},\"query-input\":{\"@type\":\"PropertyValueSpecification\",\"valueRequired\":true,\"valueName\":\"search_term_string\"}}],\"inLanguage\":\"pt-BR\"},{\"@type\":\"Organization\",\"@id\":\"https:\/\/uolhost.uol.com.br\/blog\/#organization\",\"name\":\"Blog UOL Host\",\"url\":\"https:\/\/uolhost.uol.com.br\/blog\/\",\"logo\":{\"@type\":\"ImageObject\",\"inLanguage\":\"pt-BR\",\"@id\":\"https:\/\/uolhost.uol.com.br\/blog\/#\/schema\/logo\/image\/\",\"url\":\"https:\/\/uolhost.uol.com.br\/blog\/wp-content\/uploads\/2025\/01\/UOL_Host.png?wsr\",\"contentUrl\":\"https:\/\/uolhost.uol.com.br\/blog\/wp-content\/uploads\/2025\/01\/UOL_Host.png?wsr\",\"width\":2000,\"height\":393,\"caption\":\"Blog UOL Host\"},\"image\":{\"@id\":\"https:\/\/uolhost.uol.com.br\/blog\/#\/schema\/logo\/image\/\"}},{\"@type\":\"Person\",\"@id\":\"https:\/\/uolhost.uol.com.br\/blog\/#\/schema\/person\/41505c2cd07dc07109e30bea51edee93\",\"name\":\"Yuri Torres\",\"image\":{\"@type\":\"ImageObject\",\"inLanguage\":\"pt-BR\",\"@id\":\"https:\/\/uolhost.uol.com.br\/blog\/#\/schema\/person\/image\/\",\"url\":\"https:\/\/secure.gravatar.com\/avatar\/4c96a05faea9fdf86f95d5b723e438c9cc14ad5c342d76486e5a4c8ac8259492?s=96&d=mm&r=g\",\"contentUrl\":\"https:\/\/secure.gravatar.com\/avatar\/4c96a05faea9fdf86f95d5b723e438c9cc14ad5c342d76486e5a4c8ac8259492?s=96&d=mm&r=g\",\"caption\":\"Yuri Torres\"},\"description\":\"Profissional de Reda\u00e7\u00e3o e Marketing, com 10 anos de experi\u00eancia no desenvolvimento de estrat\u00e9gias de conte\u00fado voltadas \u00e0 comunica\u00e7\u00e3o de marcas. Atua na cria\u00e7\u00e3o de materiais que fortalecem a presen\u00e7a digital, ampliam o engajamento e contribuem para o alcance de resultados alinhados aos objetivos de neg\u00f3cio, com experi\u00eancia no atendimento a empresas de diferentes segmentos. LinkedIn\",\"sameAs\":[\"https:\/\/www.linkedin.com\/in\/yuri-torres-271093108\/\"],\"url\":\"https:\/\/uolhost.uol.com.br\/blog\/author\/yuri-torres\/\"}]}<\/script>\n<!-- \/ Yoast SEO plugin. -->","yoast_head_json":{"title":"Como vender mais no Dia das M\u00e3es com 10 a\u00e7\u00f5es certeiras","description":"Veja como vender mais no Dia das M\u00e3es usando a\u00e7\u00f5es simples, campanhas criativas e estrat\u00e9gias que aumentam o faturamento.","robots":{"index":"index","follow":"follow","max-snippet":"max-snippet:-1","max-image-preview":"max-image-preview:large","max-video-preview":"max-video-preview:-1"},"canonical":"https:\/\/uolhost.uol.com.br\/blog\/como-vender-mais-dia-das-maes\/","og_locale":"pt_BR","og_type":"article","og_title":"10 ideias e estrat\u00e9gias de como vender mais no Dia das M\u00e3es","og_description":"Aprenda como vender mais no Dia das M\u00e3es com estrat\u00e9gias eficazes e dicas pr\u00e1ticas para aumentar suas vendas nesta data t\u00e3o importante.","og_url":"https:\/\/uolhost.uol.com.br\/blog\/como-vender-mais-dia-das-maes\/","article_published_time":"2026-04-09T14:07:01+00:00","article_modified_time":"2026-04-09T14:07:02+00:00","og_image":[{"width":1974,"height":938,"url":"https:\/\/uolhost.uol.com.br\/blog\/wp-content\/uploads\/2024\/05\/como-vender-mais-dia-das-maes-e1746195357832.webp","type":"image\/webp"}],"author":"Yuri Torres","twitter_card":"summary_large_image","twitter_misc":{"Escrito por":"Yuri Torres","Est. tempo de leitura":"7 minutos"},"schema":{"@context":"https:\/\/schema.org","@graph":[{"@type":"Article","@id":"https:\/\/uolhost.uol.com.br\/blog\/como-vender-mais-dia-das-maes\/#article","isPartOf":{"@id":"https:\/\/uolhost.uol.com.br\/blog\/como-vender-mais-dia-das-maes\/"},"author":{"name":"Yuri Torres","@id":"https:\/\/uolhost.uol.com.br\/blog\/#\/schema\/person\/41505c2cd07dc07109e30bea51edee93"},"headline":"10 ideias e estrat\u00e9gias de como vender mais no Dia das M\u00e3es","datePublished":"2026-04-09T14:07:01+00:00","dateModified":"2026-04-09T14:07:02+00:00","mainEntityOfPage":{"@id":"https:\/\/uolhost.uol.com.br\/blog\/como-vender-mais-dia-das-maes\/"},"wordCount":1251,"publisher":{"@id":"https:\/\/uolhost.uol.com.br\/blog\/#organization"},"image":{"@id":"https:\/\/uolhost.uol.com.br\/blog\/como-vender-mais-dia-das-maes\/#primaryimage"},"thumbnailUrl":"https:\/\/uolhost.uol.com.br\/blog\/wp-content\/uploads\/2025\/05\/como-vender-mais-dia-maes.jpg?wsr","articleSection":["Crescimento","Jornada do Empreendedor"],"inLanguage":"pt-BR"},{"@type":"WebPage","@id":"https:\/\/uolhost.uol.com.br\/blog\/como-vender-mais-dia-das-maes\/","url":"https:\/\/uolhost.uol.com.br\/blog\/como-vender-mais-dia-das-maes\/","name":"Como vender mais no Dia das M\u00e3es com 10 a\u00e7\u00f5es certeiras","isPartOf":{"@id":"https:\/\/uolhost.uol.com.br\/blog\/#website"},"primaryImageOfPage":{"@id":"https:\/\/uolhost.uol.com.br\/blog\/como-vender-mais-dia-das-maes\/#primaryimage"},"image":{"@id":"https:\/\/uolhost.uol.com.br\/blog\/como-vender-mais-dia-das-maes\/#primaryimage"},"thumbnailUrl":"https:\/\/uolhost.uol.com.br\/blog\/wp-content\/uploads\/2025\/05\/como-vender-mais-dia-maes.jpg?wsr","datePublished":"2026-04-09T14:07:01+00:00","dateModified":"2026-04-09T14:07:02+00:00","description":"Veja como vender mais no Dia das M\u00e3es usando a\u00e7\u00f5es simples, campanhas criativas e estrat\u00e9gias que aumentam o faturamento.","breadcrumb":{"@id":"https:\/\/uolhost.uol.com.br\/blog\/como-vender-mais-dia-das-maes\/#breadcrumb"},"inLanguage":"pt-BR","potentialAction":[{"@type":"ReadAction","target":["https:\/\/uolhost.uol.com.br\/blog\/como-vender-mais-dia-das-maes\/"]}]},{"@type":"ImageObject","inLanguage":"pt-BR","@id":"https:\/\/uolhost.uol.com.br\/blog\/como-vender-mais-dia-das-maes\/#primaryimage","url":"https:\/\/uolhost.uol.com.br\/blog\/wp-content\/uploads\/2025\/05\/como-vender-mais-dia-maes.jpg?wsr","contentUrl":"https:\/\/uolhost.uol.com.br\/blog\/wp-content\/uploads\/2025\/05\/como-vender-mais-dia-maes.jpg?wsr","width":1200,"height":901,"caption":"Pessoa criando cart\u00e3o artesanal com a mensagem \u201cHappy Mother\u2019s Day\u201d, representando ideias criativas de produtos personalizados e estrat\u00e9gias sobre como vender mais no Dia das M\u00e3es."},{"@type":"BreadcrumbList","@id":"https:\/\/uolhost.uol.com.br\/blog\/como-vender-mais-dia-das-maes\/#breadcrumb","itemListElement":[{"@type":"ListItem","position":1,"name":"In\u00edcio","item":"https:\/\/uolhost.uol.com.br\/blog\/"},{"@type":"ListItem","position":2,"name":"10 ideias e estrat\u00e9gias de como vender mais no Dia das M\u00e3es"}]},{"@type":"WebSite","@id":"https:\/\/uolhost.uol.com.br\/blog\/#website","url":"https:\/\/uolhost.uol.com.br\/blog\/","name":"Blog UOL Host","description":"","publisher":{"@id":"https:\/\/uolhost.uol.com.br\/blog\/#organization"},"potentialAction":[{"@type":"SearchAction","target":{"@type":"EntryPoint","urlTemplate":"https:\/\/uolhost.uol.com.br\/blog\/?s={search_term_string}"},"query-input":{"@type":"PropertyValueSpecification","valueRequired":true,"valueName":"search_term_string"}}],"inLanguage":"pt-BR"},{"@type":"Organization","@id":"https:\/\/uolhost.uol.com.br\/blog\/#organization","name":"Blog UOL Host","url":"https:\/\/uolhost.uol.com.br\/blog\/","logo":{"@type":"ImageObject","inLanguage":"pt-BR","@id":"https:\/\/uolhost.uol.com.br\/blog\/#\/schema\/logo\/image\/","url":"https:\/\/uolhost.uol.com.br\/blog\/wp-content\/uploads\/2025\/01\/UOL_Host.png?wsr","contentUrl":"https:\/\/uolhost.uol.com.br\/blog\/wp-content\/uploads\/2025\/01\/UOL_Host.png?wsr","width":2000,"height":393,"caption":"Blog UOL Host"},"image":{"@id":"https:\/\/uolhost.uol.com.br\/blog\/#\/schema\/logo\/image\/"}},{"@type":"Person","@id":"https:\/\/uolhost.uol.com.br\/blog\/#\/schema\/person\/41505c2cd07dc07109e30bea51edee93","name":"Yuri Torres","image":{"@type":"ImageObject","inLanguage":"pt-BR","@id":"https:\/\/uolhost.uol.com.br\/blog\/#\/schema\/person\/image\/","url":"https:\/\/secure.gravatar.com\/avatar\/4c96a05faea9fdf86f95d5b723e438c9cc14ad5c342d76486e5a4c8ac8259492?s=96&d=mm&r=g","contentUrl":"https:\/\/secure.gravatar.com\/avatar\/4c96a05faea9fdf86f95d5b723e438c9cc14ad5c342d76486e5a4c8ac8259492?s=96&d=mm&r=g","caption":"Yuri Torres"},"description":"Profissional de Reda\u00e7\u00e3o e Marketing, com 10 anos de experi\u00eancia no desenvolvimento de estrat\u00e9gias de conte\u00fado voltadas \u00e0 comunica\u00e7\u00e3o de marcas. Atua na cria\u00e7\u00e3o de materiais que fortalecem a presen\u00e7a digital, ampliam o engajamento e contribuem para o alcance de resultados alinhados aos objetivos de neg\u00f3cio, com experi\u00eancia no atendimento a empresas de diferentes segmentos. LinkedIn","sameAs":["https:\/\/www.linkedin.com\/in\/yuri-torres-271093108\/"],"url":"https:\/\/uolhost.uol.com.br\/blog\/author\/yuri-torres\/"}]}},"_links":{"self":[{"href":"https:\/\/uolhost.uol.com.br\/blog\/wp-json\/wp\/v2\/posts\/16585","targetHints":{"allow":["GET"]}}],"collection":[{"href":"https:\/\/uolhost.uol.com.br\/blog\/wp-json\/wp\/v2\/posts"}],"about":[{"href":"https:\/\/uolhost.uol.com.br\/blog\/wp-json\/wp\/v2\/types\/post"}],"author":[{"embeddable":true,"href":"https:\/\/uolhost.uol.com.br\/blog\/wp-json\/wp\/v2\/users\/24"}],"replies":[{"embeddable":true,"href":"https:\/\/uolhost.uol.com.br\/blog\/wp-json\/wp\/v2\/comments?post=16585"}],"version-history":[{"count":2,"href":"https:\/\/uolhost.uol.com.br\/blog\/wp-json\/wp\/v2\/posts\/16585\/revisions"}],"predecessor-version":[{"id":20577,"href":"https:\/\/uolhost.uol.com.br\/blog\/wp-json\/wp\/v2\/posts\/16585\/revisions\/20577"}],"wp:featuredmedia":[{"embeddable":true,"href":"https:\/\/uolhost.uol.com.br\/blog\/wp-json\/wp\/v2\/media\/20576"}],"wp:attachment":[{"href":"https:\/\/uolhost.uol.com.br\/blog\/wp-json\/wp\/v2\/media?parent=16585"}],"wp:term":[{"taxonomy":"category","embeddable":true,"href":"https:\/\/uolhost.uol.com.br\/blog\/wp-json\/wp\/v2\/categories?post=16585"},{"taxonomy":"post_tag","embeddable":true,"href":"https:\/\/uolhost.uol.com.br\/blog\/wp-json\/wp\/v2\/tags?post=16585"}],"curies":[{"name":"wp","href":"https:\/\/api.w.org\/{rel}","templated":true}]}}