{"id":16664,"date":"2024-08-05T17:17:31","date_gmt":"2024-08-05T20:17:31","guid":{"rendered":"https:\/\/meunegocio.uol.com.br\/blog\/?p=16664"},"modified":"2024-08-05T17:17:31","modified_gmt":"2024-08-05T20:17:31","slug":"forum-ecommerce-brasil-2024-inteligencia-artificial","status":"publish","type":"post","link":"https:\/\/uolhost.uol.com.br\/blog\/forum-ecommerce-brasil-2024-inteligencia-artificial\/","title":{"rendered":"F\u00f3rum E-commerce Brasil 2024: Intelig\u00eancia Artificial em foco"},"content":{"rendered":"\n<p>A edi\u00e7\u00e3o de 2024 do F\u00f3rum E-commerce Brasil destacou-se pelas discuss\u00f5es inovadoras e insights profundos sobre o futuro da Intelig\u00eancia Artificial (IA) no com\u00e9rcio eletr\u00f4nico. O evento reuniu especialistas renomados que compartilharam suas vis\u00f5es e experi\u00eancias sobre a evolu\u00e7\u00e3o tecnol\u00f3gica e suas implica\u00e7\u00f5es nos neg\u00f3cios. A abertura do audit\u00f3rio de Tecnologia e Inova\u00e7\u00e3o foi marcada por uma palestra instigante de Miguel Nicolelis, neurocientista e professor, que apresentou uma perspectiva cr\u00edtica sobre a IA, abordando desde sua defini\u00e7\u00e3o at\u00e9 as consequ\u00eancias de sua aplica\u00e7\u00e3o desenfreada.<\/p>\n\n\n\n<p>&nbsp;Complementando o debate, Yuri Ramos, diretor de Parcerias do Instituto de Tecnologia do Massachusetts (MIT), trouxe uma vis\u00e3o pr\u00e1tica sobre a implementa\u00e7\u00e3o da IA nos neg\u00f3cios, destacando os desafios e oportunidades no contexto brasileiro. Este artigo explora as principais palestras sobre IA apresentadas no F\u00f3rum, oferecendo uma an\u00e1lise detalhada das ideias e reflex\u00f5es que moldaram o evento.<\/p>\n\n\n\n<figure class=\"wp-block-image size-large\"><img loading=\"lazy\" decoding=\"async\" width=\"1024\" height=\"769\" src=\"https:\/\/uolhost.uol.com.br\/blog\/wp-content\/uploads\/2024\/08\/WhatsApp-Image-2024-08-05-at-17.03.02-1024x769.jpeg\" alt=\"miguel-nicolelis-forum-ecommerce-brasil\" class=\"wp-image-16665\" srcset=\"https:\/\/uolhost.uol.com.br\/blog\/wp-content\/uploads\/2024\/08\/WhatsApp-Image-2024-08-05-at-17.03.02-1024x769.jpeg 1024w, https:\/\/uolhost.uol.com.br\/blog\/wp-content\/uploads\/2024\/08\/WhatsApp-Image-2024-08-05-at-17.03.02-300x225.jpeg 300w, https:\/\/uolhost.uol.com.br\/blog\/wp-content\/uploads\/2024\/08\/WhatsApp-Image-2024-08-05-at-17.03.02-768x576.jpeg 768w, https:\/\/uolhost.uol.com.br\/blog\/wp-content\/uploads\/2024\/08\/WhatsApp-Image-2024-08-05-at-17.03.02-1536x1153.jpeg 1536w, https:\/\/uolhost.uol.com.br\/blog\/wp-content\/uploads\/2024\/08\/WhatsApp-Image-2024-08-05-at-17.03.02.jpeg 1600w\" sizes=\"auto, (max-width: 1024px) 100vw, 1024px\" \/><figcaption>Miguel Nicolelis no F\u00f3rum E-commerce Brasil 2024<\/figcaption><\/figure>\n\n\n\n<h2 class=\"wp-block-heading\">A perspectiva de Miguel Nicolelis sobre a Intelig\u00eancia Artificial<\/h2>\n\n\n\n<p>Miguel Nicolelis iniciou sua palestra com uma analogia provocativa: estudar a atividade de um \u00fanico neur\u00f4nio no c\u00e9rebro humano \u00e9 como tentar entender a floresta amaz\u00f4nica observando uma \u00e1rvore de cada vez. Esse exemplo foi o ponto de partida para uma discuss\u00e3o profunda sobre a complexidade da mente humana e as limita\u00e7\u00f5es das atuais abordagens em IA. Nicolelis enfatizou que a verdadeira intelig\u00eancia \u00e9 uma propriedade emergente da mat\u00e9ria org\u00e2nica e n\u00e3o pode ser reduzida a c\u00f3digos bin\u00e1rios.<\/p>\n\n\n\n<p>Ele compartilhou sua experi\u00eancia de 40 anos na pesquisa sobre o c\u00e9rebro, destacando a evolu\u00e7\u00e3o das interfaces c\u00e9rebro-m\u00e1quina. Nicolelis argumentou que, apesar dos avan\u00e7os, a IA n\u00e3o pode ser considerada uma verdadeira intelig\u00eancia. Ele destacou que a IA atual \u00e9 uma ferramenta poderosa para processar grandes volumes de dados, mas suas limita\u00e7\u00f5es s\u00e3o evidentes quando se trata de replicar a complexidade da mente humana.<\/p>\n\n\n\n<p>Uma das principais cr\u00edticas de Nicolelis foi dirigida \u00e0 tend\u00eancia de ver a IA como uma substituta da cogni\u00e7\u00e3o humana. Ele ressaltou que, ao longo da hist\u00f3ria, o c\u00e9rebro foi comparado a v\u00e1rias m\u00e1quinas, desde motores a vapor at\u00e9 computadores, mas essas analogias falham em capturar a verdadeira natureza da mente. Para Nicolelis, a intelig\u00eancia n\u00e3o \u00e9 apenas anal\u00f3gica, mas tamb\u00e9m profundamente enraizada na neuroplasticidade do c\u00e9rebro, a capacidade de se adaptar e evoluir constantemente.<\/p>\n\n\n\n<p>Nicolelis tamb\u00e9m abordou o fen\u00f4meno do &#8220;data poisoning&#8221;, onde sistemas de IA que dependem de grandes quantidades de dados podem acabar se alimentando de dados sint\u00e9ticos, desconectando-se da realidade. Ele alertou para os perigos de uma bolha de IA, onde o investimento cont\u00ednuo em tecnologias de IA pode n\u00e3o resultar em lucros claros, levando a uma expans\u00e3o insustent\u00e1vel do setor.<\/p>\n\n\n\n<p>O neurocientista destacou a import\u00e2ncia da ag\u00eancia intelectual e do movimento para a sa\u00fade cerebral. Ele compartilhou um exemplo pr\u00e1tico de motoristas de t\u00e1xi na Inglaterra, que desenvolvem um hipocampo maior devido \u00e0 necessidade de memorizar rotas. Com o advento das tecnologias de navega\u00e7\u00e3o, essa habilidade est\u00e1 em decl\u00ednio, ilustrando como a conveni\u00eancia tecnol\u00f3gica pode impactar negativamente nossas capacidades cognitivas.<\/p>\n\n\n\n<p>Nicolelis argumentou que a sociedade moderna \u00e9 constru\u00edda sobre abstra\u00e7\u00f5es do c\u00e9rebro, como o valor atribu\u00eddo ao dinheiro. Ele usou o exemplo de uma nota de vinte d\u00f3lares, cujo valor real \u00e9 apenas o custo do papel e da tinta, mas \u00e9 socialmente aceito como valendo muito mais. Essa reflex\u00e3o foi usada para destacar como a tecnologia deve ser vista n\u00e3o como um fim, mas como um meio para melhorar a vida humana.<\/p>\n\n\n\n<p>Ao finalizar, Nicolelis enfatizou que a tecnologia, incluindo a IA, deve ser usada para potencializar a criatividade e a inova\u00e7\u00e3o humanas, n\u00e3o para substitu\u00ed-las. Ele afirmou que nenhuma tecnologia resolver\u00e1 os problemas da humanidade; ao contr\u00e1rio, \u00e9 a pr\u00f3pria humanidade que deve encontrar solu\u00e7\u00f5es para seus desafios, utilizando a tecnologia como uma ferramenta auxiliar.<\/p>\n\n\n\n<figure class=\"wp-block-image size-large\"><img loading=\"lazy\" decoding=\"async\" width=\"1024\" height=\"769\" src=\"https:\/\/uolhost.uol.com.br\/blog\/wp-content\/uploads\/2024\/08\/WhatsApp-Image-2024-08-05-at-17.03.43-1024x769.jpeg\" alt=\"yuri-ramos-forum-ecommerce-brasil\" class=\"wp-image-16666\" srcset=\"https:\/\/uolhost.uol.com.br\/blog\/wp-content\/uploads\/2024\/08\/WhatsApp-Image-2024-08-05-at-17.03.43-1024x769.jpeg 1024w, https:\/\/uolhost.uol.com.br\/blog\/wp-content\/uploads\/2024\/08\/WhatsApp-Image-2024-08-05-at-17.03.43-300x225.jpeg 300w, https:\/\/uolhost.uol.com.br\/blog\/wp-content\/uploads\/2024\/08\/WhatsApp-Image-2024-08-05-at-17.03.43-768x576.jpeg 768w, https:\/\/uolhost.uol.com.br\/blog\/wp-content\/uploads\/2024\/08\/WhatsApp-Image-2024-08-05-at-17.03.43-1536x1153.jpeg 1536w, https:\/\/uolhost.uol.com.br\/blog\/wp-content\/uploads\/2024\/08\/WhatsApp-Image-2024-08-05-at-17.03.43.jpeg 1600w\" sizes=\"auto, (max-width: 1024px) 100vw, 1024px\" \/><figcaption>Yuri Ramos no F\u00f3rum E-commerce Brasil 2024<\/figcaption><\/figure>\n\n\n\n<h2 class=\"wp-block-heading\">A Vis\u00e3o pr\u00e1tica de Yuri Ramos sobre a implementa\u00e7\u00e3o da IA<\/h2>\n\n\n\n<p>Yuri Ramos trouxe uma perspectiva pragm\u00e1tica sobre a aplica\u00e7\u00e3o da IA nos neg\u00f3cios durante sua palestra no \u00faltimo dia do F\u00f3rum E-commerce Brasil 2024. Ramos, diretor de Parcerias do MIT, argumentou que o termo &#8220;transforma\u00e7\u00e3o digital&#8221; j\u00e1 n\u00e3o captura a realidade atual, onde a &#8220;maestria digital&#8221; \u00e9 mais apropriada. Ele explicou que a IA n\u00e3o deve ser vista apenas como uma ferramenta, mas como um catalisador de neg\u00f3cios, integrando-se profundamente nas opera\u00e7\u00f5es e estrat\u00e9gias empresariais.<\/p>\n\n\n\n<p>Ramos destacou que o Brasil enfrenta desafios \u00fanicos em compara\u00e7\u00e3o com os EUA, especialmente em termos de pesquisa e investimento em IA. No entanto, ele v\u00ea um potencial significativo na aplica\u00e7\u00e3o de IA para an\u00e1lise de dados e m\u00eddias sociais no e-commerce brasileiro. Ferramentas de IA podem ajudar a prever comportamentos e prefer\u00eancias dos consumidores, oferecendo uma vantagem competitiva para as empresas.<\/p>\n\n\n\n<p>Ele tamb\u00e9m alertou para os perigos de uma implementa\u00e7\u00e3o desmedida da IA, sugerindo que \u00e9 crucial dosar sua aplica\u00e7\u00e3o e saber quando us\u00e1-la. Ramos enfatizou que a IA deve ser usada de forma respons\u00e1vel, evitando a cria\u00e7\u00e3o de uma depend\u00eancia excessiva que possa levar a uma desconex\u00e3o da realidade.<\/p>\n\n\n\n<p>O especialista refor\u00e7ou a import\u00e2ncia da qualifica\u00e7\u00e3o dos funcion\u00e1rios para lidar com a IA. Empresas que investem em seus colaboradores, capacitando-os a entender e utilizar essas tecnologias de forma eficaz, ser\u00e3o aquelas que prosperar\u00e3o no futuro. Ramos concluiu com uma mensagem otimista, afirmando que a chave para o sucesso na era da IA \u00e9 a combina\u00e7\u00e3o de tecnologia avan\u00e7ada com a intelig\u00eancia humana, criando um ambiente de inova\u00e7\u00e3o cont\u00ednua.<\/p>\n","protected":false},"excerpt":{"rendered":"<p>A edi\u00e7\u00e3o de 2024 do F\u00f3rum E-commerce Brasil destacou-se pelas discuss\u00f5es inovadoras e insights profundos sobre o futuro da Intelig\u00eancia Artificial (IA) no com\u00e9rcio eletr\u00f4nico. O evento reuniu especialistas renomados que compartilharam suas vis\u00f5es e experi\u00eancias sobre a evolu\u00e7\u00e3o tecnol\u00f3gica e suas implica\u00e7\u00f5es nos neg\u00f3cios. A abertura do audit\u00f3rio de Tecnologia e Inova\u00e7\u00e3o foi marcada [&hellip;]<\/p>\n","protected":false},"author":24,"featured_media":16667,"comment_status":"closed","ping_status":"closed","sticky":false,"template":"","format":"standard","meta":{"footnotes":""},"categories":[38],"tags":[507,612,1384],"class_list":["post-16664","post","type-post","status-publish","format-standard","has-post-thumbnail","hentry","category-solucoes","tag-forum-ecommerce-brasil","tag-inteligencia-artificial","tag-yuri-ramos"],"gutentor_comment":0,"yoast_head":"<!-- This site is optimized with the Yoast SEO plugin v26.4 - https:\/\/yoast.com\/wordpress\/plugins\/seo\/ -->\n<title>F\u00f3rum E-commerce Brasil 2024: Intelig\u00eancia Artificial em foco<\/title>\n<meta name=\"description\" content=\"Saiba o que rolou no F\u00f3rum E-commerce Brasil sobre Intelig\u00eancia Artificial com Miguel Nicolelis e Yuri Ramos\" \/>\n<meta name=\"robots\" content=\"index, follow, max-snippet:-1, max-image-preview:large, max-video-preview:-1\" \/>\n<link rel=\"canonical\" href=\"https:\/\/uolhost.uol.com.br\/blog\/forum-ecommerce-brasil-2024-inteligencia-artificial\/\" \/>\n<meta property=\"og:locale\" content=\"pt_BR\" \/>\n<meta property=\"og:type\" content=\"article\" \/>\n<meta property=\"og:title\" content=\"F\u00f3rum E-commerce Brasil 2024: Intelig\u00eancia Artificial em foco\" \/>\n<meta property=\"og:description\" content=\"Saiba o que rolou no F\u00f3rum E-commerce Brasil sobre Intelig\u00eancia Artificial com Miguel Nicolelis e Yuri Ramos\" \/>\n<meta property=\"og:url\" content=\"https:\/\/uolhost.uol.com.br\/blog\/forum-ecommerce-brasil-2024-inteligencia-artificial\/\" \/>\n<meta property=\"article:published_time\" content=\"2024-08-05T20:17:31+00:00\" \/>\n<meta property=\"og:image\" content=\"https:\/\/uolhost.uol.com.br\/blog\/wp-content\/uploads\/2024\/08\/Forum-24.jpg\" \/>\n\t<meta property=\"og:image:width\" content=\"1140\" \/>\n\t<meta property=\"og:image:height\" content=\"540\" \/>\n\t<meta property=\"og:image:type\" content=\"image\/jpeg\" \/>\n<meta name=\"author\" content=\"Yuri Torres\" \/>\n<meta name=\"twitter:card\" content=\"summary_large_image\" \/>\n<meta name=\"twitter:label1\" content=\"Escrito por\" \/>\n\t<meta name=\"twitter:data1\" content=\"Yuri Torres\" \/>\n\t<meta name=\"twitter:label2\" content=\"Est. tempo de leitura\" \/>\n\t<meta name=\"twitter:data2\" content=\"5 minutos\" \/>\n<script type=\"application\/ld+json\" class=\"yoast-schema-graph\">{\"@context\":\"https:\/\/schema.org\",\"@graph\":[{\"@type\":\"Article\",\"@id\":\"https:\/\/uolhost.uol.com.br\/blog\/forum-ecommerce-brasil-2024-inteligencia-artificial\/#article\",\"isPartOf\":{\"@id\":\"https:\/\/uolhost.uol.com.br\/blog\/forum-ecommerce-brasil-2024-inteligencia-artificial\/\"},\"author\":{\"name\":\"Yuri Torres\",\"@id\":\"https:\/\/uolhost.uol.com.br\/blog\/#\/schema\/person\/41505c2cd07dc07109e30bea51edee93\"},\"headline\":\"F\u00f3rum E-commerce Brasil 2024: Intelig\u00eancia Artificial em foco\",\"datePublished\":\"2024-08-05T20:17:31+00:00\",\"mainEntityOfPage\":{\"@id\":\"https:\/\/uolhost.uol.com.br\/blog\/forum-ecommerce-brasil-2024-inteligencia-artificial\/\"},\"wordCount\":1013,\"publisher\":{\"@id\":\"https:\/\/uolhost.uol.com.br\/blog\/#organization\"},\"image\":{\"@id\":\"https:\/\/uolhost.uol.com.br\/blog\/forum-ecommerce-brasil-2024-inteligencia-artificial\/#primaryimage\"},\"thumbnailUrl\":\"https:\/\/uolhost.uol.com.br\/blog\/wp-content\/uploads\/2024\/08\/Forum-24.jpg?wsr\",\"keywords\":[\"forum ecommerce brasil\",\"inteligencia artificial\",\"yuri ramos\"],\"articleSection\":[\"Solu\u00e7\u00f5es\"],\"inLanguage\":\"pt-BR\"},{\"@type\":\"WebPage\",\"@id\":\"https:\/\/uolhost.uol.com.br\/blog\/forum-ecommerce-brasil-2024-inteligencia-artificial\/\",\"url\":\"https:\/\/uolhost.uol.com.br\/blog\/forum-ecommerce-brasil-2024-inteligencia-artificial\/\",\"name\":\"F\u00f3rum E-commerce Brasil 2024: Intelig\u00eancia Artificial em foco\",\"isPartOf\":{\"@id\":\"https:\/\/uolhost.uol.com.br\/blog\/#website\"},\"primaryImageOfPage\":{\"@id\":\"https:\/\/uolhost.uol.com.br\/blog\/forum-ecommerce-brasil-2024-inteligencia-artificial\/#primaryimage\"},\"image\":{\"@id\":\"https:\/\/uolhost.uol.com.br\/blog\/forum-ecommerce-brasil-2024-inteligencia-artificial\/#primaryimage\"},\"thumbnailUrl\":\"https:\/\/uolhost.uol.com.br\/blog\/wp-content\/uploads\/2024\/08\/Forum-24.jpg?wsr\",\"datePublished\":\"2024-08-05T20:17:31+00:00\",\"description\":\"Saiba o que rolou no F\u00f3rum E-commerce Brasil sobre Intelig\u00eancia Artificial com Miguel Nicolelis e Yuri Ramos\",\"breadcrumb\":{\"@id\":\"https:\/\/uolhost.uol.com.br\/blog\/forum-ecommerce-brasil-2024-inteligencia-artificial\/#breadcrumb\"},\"inLanguage\":\"pt-BR\",\"potentialAction\":[{\"@type\":\"ReadAction\",\"target\":[\"https:\/\/uolhost.uol.com.br\/blog\/forum-ecommerce-brasil-2024-inteligencia-artificial\/\"]}]},{\"@type\":\"ImageObject\",\"inLanguage\":\"pt-BR\",\"@id\":\"https:\/\/uolhost.uol.com.br\/blog\/forum-ecommerce-brasil-2024-inteligencia-artificial\/#primaryimage\",\"url\":\"https:\/\/uolhost.uol.com.br\/blog\/wp-content\/uploads\/2024\/08\/Forum-24.jpg?wsr\",\"contentUrl\":\"https:\/\/uolhost.uol.com.br\/blog\/wp-content\/uploads\/2024\/08\/Forum-24.jpg?wsr\",\"width\":1140,\"height\":540,\"caption\":\"forum-ecommerce-brasil\"},{\"@type\":\"BreadcrumbList\",\"@id\":\"https:\/\/uolhost.uol.com.br\/blog\/forum-ecommerce-brasil-2024-inteligencia-artificial\/#breadcrumb\",\"itemListElement\":[{\"@type\":\"ListItem\",\"position\":1,\"name\":\"In\u00edcio\",\"item\":\"https:\/\/uolhost.uol.com.br\/blog\/\"},{\"@type\":\"ListItem\",\"position\":2,\"name\":\"F\u00f3rum E-commerce Brasil 2024: Intelig\u00eancia Artificial em foco\"}]},{\"@type\":\"WebSite\",\"@id\":\"https:\/\/uolhost.uol.com.br\/blog\/#website\",\"url\":\"https:\/\/uolhost.uol.com.br\/blog\/\",\"name\":\"Blog UOL Host\",\"description\":\"\",\"publisher\":{\"@id\":\"https:\/\/uolhost.uol.com.br\/blog\/#organization\"},\"potentialAction\":[{\"@type\":\"SearchAction\",\"target\":{\"@type\":\"EntryPoint\",\"urlTemplate\":\"https:\/\/uolhost.uol.com.br\/blog\/?s={search_term_string}\"},\"query-input\":{\"@type\":\"PropertyValueSpecification\",\"valueRequired\":true,\"valueName\":\"search_term_string\"}}],\"inLanguage\":\"pt-BR\"},{\"@type\":\"Organization\",\"@id\":\"https:\/\/uolhost.uol.com.br\/blog\/#organization\",\"name\":\"Blog UOL Host\",\"url\":\"https:\/\/uolhost.uol.com.br\/blog\/\",\"logo\":{\"@type\":\"ImageObject\",\"inLanguage\":\"pt-BR\",\"@id\":\"https:\/\/uolhost.uol.com.br\/blog\/#\/schema\/logo\/image\/\",\"url\":\"https:\/\/uolhost.uol.com.br\/blog\/wp-content\/uploads\/2025\/01\/UOL_Host.png?wsr\",\"contentUrl\":\"https:\/\/uolhost.uol.com.br\/blog\/wp-content\/uploads\/2025\/01\/UOL_Host.png?wsr\",\"width\":2000,\"height\":393,\"caption\":\"Blog UOL Host\"},\"image\":{\"@id\":\"https:\/\/uolhost.uol.com.br\/blog\/#\/schema\/logo\/image\/\"}},{\"@type\":\"Person\",\"@id\":\"https:\/\/uolhost.uol.com.br\/blog\/#\/schema\/person\/41505c2cd07dc07109e30bea51edee93\",\"name\":\"Yuri Torres\",\"image\":{\"@type\":\"ImageObject\",\"inLanguage\":\"pt-BR\",\"@id\":\"https:\/\/uolhost.uol.com.br\/blog\/#\/schema\/person\/image\/\",\"url\":\"https:\/\/secure.gravatar.com\/avatar\/4c96a05faea9fdf86f95d5b723e438c9cc14ad5c342d76486e5a4c8ac8259492?s=96&d=mm&r=g\",\"contentUrl\":\"https:\/\/secure.gravatar.com\/avatar\/4c96a05faea9fdf86f95d5b723e438c9cc14ad5c342d76486e5a4c8ac8259492?s=96&d=mm&r=g\",\"caption\":\"Yuri Torres\"},\"description\":\"Profissional de Reda\u00e7\u00e3o e Marketing, com 10 anos de experi\u00eancia no desenvolvimento de estrat\u00e9gias de conte\u00fado voltadas \u00e0 comunica\u00e7\u00e3o de marcas. Atua na cria\u00e7\u00e3o de materiais que fortalecem a presen\u00e7a digital, ampliam o engajamento e contribuem para o alcance de resultados alinhados aos objetivos de neg\u00f3cio, com experi\u00eancia no atendimento a empresas de diferentes segmentos. LinkedIn\",\"sameAs\":[\"https:\/\/www.linkedin.com\/in\/yuri-torres-271093108\/\"],\"url\":\"https:\/\/uolhost.uol.com.br\/blog\/author\/yuri-torres\/\"}]}<\/script>\n<!-- \/ Yoast SEO plugin. -->","yoast_head_json":{"title":"F\u00f3rum E-commerce Brasil 2024: Intelig\u00eancia Artificial em foco","description":"Saiba o que rolou no F\u00f3rum E-commerce Brasil sobre Intelig\u00eancia Artificial com Miguel Nicolelis e Yuri Ramos","robots":{"index":"index","follow":"follow","max-snippet":"max-snippet:-1","max-image-preview":"max-image-preview:large","max-video-preview":"max-video-preview:-1"},"canonical":"https:\/\/uolhost.uol.com.br\/blog\/forum-ecommerce-brasil-2024-inteligencia-artificial\/","og_locale":"pt_BR","og_type":"article","og_title":"F\u00f3rum E-commerce Brasil 2024: Intelig\u00eancia Artificial em foco","og_description":"Saiba o que rolou no F\u00f3rum E-commerce Brasil sobre Intelig\u00eancia Artificial com Miguel Nicolelis e Yuri Ramos","og_url":"https:\/\/uolhost.uol.com.br\/blog\/forum-ecommerce-brasil-2024-inteligencia-artificial\/","article_published_time":"2024-08-05T20:17:31+00:00","og_image":[{"width":1140,"height":540,"url":"https:\/\/uolhost.uol.com.br\/blog\/wp-content\/uploads\/2024\/08\/Forum-24.jpg","type":"image\/jpeg"}],"author":"Yuri Torres","twitter_card":"summary_large_image","twitter_misc":{"Escrito por":"Yuri Torres","Est. tempo de leitura":"5 minutos"},"schema":{"@context":"https:\/\/schema.org","@graph":[{"@type":"Article","@id":"https:\/\/uolhost.uol.com.br\/blog\/forum-ecommerce-brasil-2024-inteligencia-artificial\/#article","isPartOf":{"@id":"https:\/\/uolhost.uol.com.br\/blog\/forum-ecommerce-brasil-2024-inteligencia-artificial\/"},"author":{"name":"Yuri Torres","@id":"https:\/\/uolhost.uol.com.br\/blog\/#\/schema\/person\/41505c2cd07dc07109e30bea51edee93"},"headline":"F\u00f3rum E-commerce Brasil 2024: Intelig\u00eancia Artificial em foco","datePublished":"2024-08-05T20:17:31+00:00","mainEntityOfPage":{"@id":"https:\/\/uolhost.uol.com.br\/blog\/forum-ecommerce-brasil-2024-inteligencia-artificial\/"},"wordCount":1013,"publisher":{"@id":"https:\/\/uolhost.uol.com.br\/blog\/#organization"},"image":{"@id":"https:\/\/uolhost.uol.com.br\/blog\/forum-ecommerce-brasil-2024-inteligencia-artificial\/#primaryimage"},"thumbnailUrl":"https:\/\/uolhost.uol.com.br\/blog\/wp-content\/uploads\/2024\/08\/Forum-24.jpg?wsr","keywords":["forum ecommerce brasil","inteligencia artificial","yuri ramos"],"articleSection":["Solu\u00e7\u00f5es"],"inLanguage":"pt-BR"},{"@type":"WebPage","@id":"https:\/\/uolhost.uol.com.br\/blog\/forum-ecommerce-brasil-2024-inteligencia-artificial\/","url":"https:\/\/uolhost.uol.com.br\/blog\/forum-ecommerce-brasil-2024-inteligencia-artificial\/","name":"F\u00f3rum E-commerce Brasil 2024: Intelig\u00eancia Artificial em foco","isPartOf":{"@id":"https:\/\/uolhost.uol.com.br\/blog\/#website"},"primaryImageOfPage":{"@id":"https:\/\/uolhost.uol.com.br\/blog\/forum-ecommerce-brasil-2024-inteligencia-artificial\/#primaryimage"},"image":{"@id":"https:\/\/uolhost.uol.com.br\/blog\/forum-ecommerce-brasil-2024-inteligencia-artificial\/#primaryimage"},"thumbnailUrl":"https:\/\/uolhost.uol.com.br\/blog\/wp-content\/uploads\/2024\/08\/Forum-24.jpg?wsr","datePublished":"2024-08-05T20:17:31+00:00","description":"Saiba o que rolou no F\u00f3rum E-commerce Brasil sobre Intelig\u00eancia Artificial com Miguel Nicolelis e Yuri Ramos","breadcrumb":{"@id":"https:\/\/uolhost.uol.com.br\/blog\/forum-ecommerce-brasil-2024-inteligencia-artificial\/#breadcrumb"},"inLanguage":"pt-BR","potentialAction":[{"@type":"ReadAction","target":["https:\/\/uolhost.uol.com.br\/blog\/forum-ecommerce-brasil-2024-inteligencia-artificial\/"]}]},{"@type":"ImageObject","inLanguage":"pt-BR","@id":"https:\/\/uolhost.uol.com.br\/blog\/forum-ecommerce-brasil-2024-inteligencia-artificial\/#primaryimage","url":"https:\/\/uolhost.uol.com.br\/blog\/wp-content\/uploads\/2024\/08\/Forum-24.jpg?wsr","contentUrl":"https:\/\/uolhost.uol.com.br\/blog\/wp-content\/uploads\/2024\/08\/Forum-24.jpg?wsr","width":1140,"height":540,"caption":"forum-ecommerce-brasil"},{"@type":"BreadcrumbList","@id":"https:\/\/uolhost.uol.com.br\/blog\/forum-ecommerce-brasil-2024-inteligencia-artificial\/#breadcrumb","itemListElement":[{"@type":"ListItem","position":1,"name":"In\u00edcio","item":"https:\/\/uolhost.uol.com.br\/blog\/"},{"@type":"ListItem","position":2,"name":"F\u00f3rum E-commerce Brasil 2024: Intelig\u00eancia Artificial em foco"}]},{"@type":"WebSite","@id":"https:\/\/uolhost.uol.com.br\/blog\/#website","url":"https:\/\/uolhost.uol.com.br\/blog\/","name":"Blog UOL Host","description":"","publisher":{"@id":"https:\/\/uolhost.uol.com.br\/blog\/#organization"},"potentialAction":[{"@type":"SearchAction","target":{"@type":"EntryPoint","urlTemplate":"https:\/\/uolhost.uol.com.br\/blog\/?s={search_term_string}"},"query-input":{"@type":"PropertyValueSpecification","valueRequired":true,"valueName":"search_term_string"}}],"inLanguage":"pt-BR"},{"@type":"Organization","@id":"https:\/\/uolhost.uol.com.br\/blog\/#organization","name":"Blog UOL Host","url":"https:\/\/uolhost.uol.com.br\/blog\/","logo":{"@type":"ImageObject","inLanguage":"pt-BR","@id":"https:\/\/uolhost.uol.com.br\/blog\/#\/schema\/logo\/image\/","url":"https:\/\/uolhost.uol.com.br\/blog\/wp-content\/uploads\/2025\/01\/UOL_Host.png?wsr","contentUrl":"https:\/\/uolhost.uol.com.br\/blog\/wp-content\/uploads\/2025\/01\/UOL_Host.png?wsr","width":2000,"height":393,"caption":"Blog UOL Host"},"image":{"@id":"https:\/\/uolhost.uol.com.br\/blog\/#\/schema\/logo\/image\/"}},{"@type":"Person","@id":"https:\/\/uolhost.uol.com.br\/blog\/#\/schema\/person\/41505c2cd07dc07109e30bea51edee93","name":"Yuri Torres","image":{"@type":"ImageObject","inLanguage":"pt-BR","@id":"https:\/\/uolhost.uol.com.br\/blog\/#\/schema\/person\/image\/","url":"https:\/\/secure.gravatar.com\/avatar\/4c96a05faea9fdf86f95d5b723e438c9cc14ad5c342d76486e5a4c8ac8259492?s=96&d=mm&r=g","contentUrl":"https:\/\/secure.gravatar.com\/avatar\/4c96a05faea9fdf86f95d5b723e438c9cc14ad5c342d76486e5a4c8ac8259492?s=96&d=mm&r=g","caption":"Yuri Torres"},"description":"Profissional de Reda\u00e7\u00e3o e Marketing, com 10 anos de experi\u00eancia no desenvolvimento de estrat\u00e9gias de conte\u00fado voltadas \u00e0 comunica\u00e7\u00e3o de marcas. Atua na cria\u00e7\u00e3o de materiais que fortalecem a presen\u00e7a digital, ampliam o engajamento e contribuem para o alcance de resultados alinhados aos objetivos de neg\u00f3cio, com experi\u00eancia no atendimento a empresas de diferentes segmentos. LinkedIn","sameAs":["https:\/\/www.linkedin.com\/in\/yuri-torres-271093108\/"],"url":"https:\/\/uolhost.uol.com.br\/blog\/author\/yuri-torres\/"}]}},"_links":{"self":[{"href":"https:\/\/uolhost.uol.com.br\/blog\/wp-json\/wp\/v2\/posts\/16664","targetHints":{"allow":["GET"]}}],"collection":[{"href":"https:\/\/uolhost.uol.com.br\/blog\/wp-json\/wp\/v2\/posts"}],"about":[{"href":"https:\/\/uolhost.uol.com.br\/blog\/wp-json\/wp\/v2\/types\/post"}],"author":[{"embeddable":true,"href":"https:\/\/uolhost.uol.com.br\/blog\/wp-json\/wp\/v2\/users\/24"}],"replies":[{"embeddable":true,"href":"https:\/\/uolhost.uol.com.br\/blog\/wp-json\/wp\/v2\/comments?post=16664"}],"version-history":[{"count":0,"href":"https:\/\/uolhost.uol.com.br\/blog\/wp-json\/wp\/v2\/posts\/16664\/revisions"}],"wp:featuredmedia":[{"embeddable":true,"href":"https:\/\/uolhost.uol.com.br\/blog\/wp-json\/wp\/v2\/media\/16667"}],"wp:attachment":[{"href":"https:\/\/uolhost.uol.com.br\/blog\/wp-json\/wp\/v2\/media?parent=16664"}],"wp:term":[{"taxonomy":"category","embeddable":true,"href":"https:\/\/uolhost.uol.com.br\/blog\/wp-json\/wp\/v2\/categories?post=16664"},{"taxonomy":"post_tag","embeddable":true,"href":"https:\/\/uolhost.uol.com.br\/blog\/wp-json\/wp\/v2\/tags?post=16664"}],"curies":[{"name":"wp","href":"https:\/\/api.w.org\/{rel}","templated":true}]}}