{"id":18427,"date":"2025-07-24T15:20:15","date_gmt":"2025-07-24T18:20:15","guid":{"rendered":"https:\/\/uolhost.uol.com.br\/blog\/?p=18427"},"modified":"2025-07-25T12:12:01","modified_gmt":"2025-07-25T15:12:01","slug":"forum-e-commerce-2025","status":"publish","type":"post","link":"https:\/\/uolhost.uol.com.br\/blog\/forum-e-commerce-2025\/","title":{"rendered":"Acompanhe o UOL Host no F\u00f3rum E-commerce Brasil 2025"},"content":{"rendered":"\n<h2 class=\"wp-block-heading\">O F\u00f3rum E-commerce 2025 acontece nos dias 29, 30 e 31 de julho no Distrito Anhembi, em S\u00e3o Paulo, e reunir\u00e1 os maiores especialistas e empresas do com\u00e9rcio eletr\u00f4nico. O UOL Host marcar\u00e1 presen\u00e7a com solu\u00e7\u00f5es digitais e uma palestra exclusiva sobre inova\u00e7\u00e3o no e-commerce.<\/h2>\n\n\n\n<p>O F\u00f3rum E-commerce 2025 est\u00e1 chegando com for\u00e7a total. A nova edi\u00e7\u00e3o do evento ser\u00e1 realizada nos dias 29, 30 e 31 de julho, no Distrito Anhembi, em S\u00e3o Paulo, e promete reunir os principais nomes do com\u00e9rcio eletr\u00f4nico, al\u00e9m de empresas que lideram inova\u00e7\u00f5es no mercado digital. Com foco em tend\u00eancias, tecnologia, marketing e neg\u00f3cios, o evento \u00e9 considerado o principal do setor no mundo.<\/p>\n\n\n\n<p>A programa\u00e7\u00e3o inclui palestras, pain\u00e9is, estandes de exposi\u00e7\u00e3o e networking com profissionais de diversas \u00e1reas. E mais uma vez, o UOL Host estar\u00e1 presente como parceiro do empreendedor digital, com novidades que v\u00e3o transformar a forma de vender online.<\/p>\n\n\n\n<p><strong>Leia mais: <a href=\"https:\/\/uolhost.uol.com.br\/blog\/como-criar-nome-para-loja-virtual\/\">Como escolher o nome perfeito para sua loja virtual e se destacar<\/a><\/strong><\/p>\n\n\n\n<h2 class=\"wp-block-heading\">UOL Host no F\u00f3rum: presen\u00e7a com prop\u00f3sito<\/h2>\n\n\n\n<p>Participar do F\u00f3rum E-commerce 2025 \u00e9 uma oportunidade estrat\u00e9gica para o <a href=\"https:\/\/uolhost.uol.com.br\/\">UOL Host refor\u00e7ar seu compromisso<\/a> com o crescimento de neg\u00f3cios digitais no Brasil. Como uma das principais plataformas de solu\u00e7\u00f5es digitais do pa\u00eds, estaremos no evento para apresentar ferramentas desenvolvidas para empreendedores que desejam escalar suas vendas online com tecnologia de ponta, estabilidade e suporte especializado.<\/p>\n\n\n\n<p>Nosso time estar\u00e1 dispon\u00edvel durante os tr\u00eas dias do evento no estande do UOL Host para mostrar, na pr\u00e1tica, como nossos produtos podem simplificar a jornada digital, desde a cria\u00e7\u00e3o da loja virtual at\u00e9 campanhas de marketing, hospedagem em nuvem e muito mais.<\/p>\n\n\n\n<h2 class=\"wp-block-heading\">Palestra: o futuro do e-commerce sob medida<\/h2>\n\n\n\n<p>Uma das atra\u00e7\u00f5es confirmadas \u00e9 a palestra de Eduardo Rangel Thompson, Diretor de Engenharia do UOL Host, que acontecer\u00e1 no dia 31\/07 (quinta-feira), das 17h10 \u00e0s 17h30, no Audit\u00f3rio Solu\u00e7\u00f5es.<\/p>\n\n\n\n<p>Com o t\u00edtulo \u201cTemplates Inteligentes: o Futuro do E-commerce Sob Medida\u201d, a apresenta\u00e7\u00e3o vai destacar como a personaliza\u00e7\u00e3o se tornou essencial no universo digital. Eduardo ir\u00e1 apresentar a nova ferramenta do UOL Host chamada Temas Flex\u00edveis: uma solu\u00e7\u00e3o pensada para facilitar a cria\u00e7\u00e3o de campanhas sazonais, promo\u00e7\u00f5es espec\u00edficas de mercado e identidade visual adapt\u00e1vel para lojas virtuais.<\/p>\n\n\n\n<p>A proposta \u00e9 mostrar como tecnologia acess\u00edvel combinada com design personalizado pode aumentar o engajamento e as vendas. Al\u00e9m disso, a ferramenta permite que parceiros e afiliados criem templates para seus pr\u00f3prios clientes, ampliando as possibilidades de neg\u00f3cio com uma experi\u00eancia visual \u00fanica.<\/p>\n\n\n\n<h3 class=\"wp-block-heading\">Sobre o palestrante<\/h3>\n\n\n\n<p>Eduardo Rangel Thompson possui mais de 20 anos de experi\u00eancia em tecnologia e atualmente lidera os times de engenharia e inova\u00e7\u00e3o no UOL Host. Sua trajet\u00f3ria inclui a implementa\u00e7\u00e3o de projetos em nuvem, DevOps, IoT e e-commerce, al\u00e9m de atua\u00e7\u00e3o estrat\u00e9gica em fus\u00f5es e aquisi\u00e7\u00f5es no setor. Com uma vis\u00e3o ampla e pr\u00e1tica sobre o cen\u00e1rio digital, Eduardo \u00e9 uma refer\u00eancia em solu\u00e7\u00f5es escal\u00e1veis e eficientes para neg\u00f3cios online.<\/p>\n\n\n\n<h2 class=\"wp-block-heading\">O que esperar do F\u00f3rum E-commerce 2025<\/h2>\n\n\n\n<p>Al\u00e9m da participa\u00e7\u00e3o do UOL Host e da palestra exclusiva, o evento contar\u00e1 com:<\/p>\n\n\n\n<ul class=\"wp-block-list\">\n<li>Mais de 20 audit\u00f3rios tem\u00e1ticos<\/li>\n\n\n\n<li>Palestrantes nacionais e internacionais<\/li>\n\n\n\n<li>\u00c1reas de experi\u00eancia com solu\u00e7\u00f5es pr\u00e1ticas<\/li>\n\n\n\n<li>Rodadas de neg\u00f3cios e espa\u00e7o para networking<\/li>\n\n\n\n<li>Lan\u00e7amentos de produtos e tend\u00eancias do mercado digital<\/li>\n<\/ul>\n\n\n\n<p>Se voc\u00ea tem ou deseja criar um neg\u00f3cio online, essa \u00e9 uma oportunidade imperd\u00edvel para se atualizar, fazer contatos estrat\u00e9gicos e encontrar solu\u00e7\u00f5es que realmente impulsionam o crescimento da sua marca.<\/p>\n\n\n\n<h2 class=\"wp-block-heading\">Marque na agenda!<\/h2>\n\n\n\n<p>O F\u00f3rum E-commerce 2025 \u00e9 o ponto de encontro de quem est\u00e1 construindo o futuro do varejo digital. N\u00e3o importa o tamanho do seu neg\u00f3cio \u2014 h\u00e1 conte\u00fado e oportunidades para todos os perfis de empreendedores. E o UOL Host estar\u00e1 l\u00e1 para mostrar como a tecnologia pode ser uma aliada real da sua empresa.<\/p>\n\n\n\n<p>Nos dias 29, 30 e 31 de julho, venha nos visitar no Distrito Anhembi e descubra como vender mais e melhor com as ferramentas certas.<\/p>\n\n\n\n<p>Quer dar o pr\u00f3ximo passo no digital? Conhe\u00e7a a <a href=\"https:\/\/uolhost.uol.com.br\/loja-virtual\">Loja VirtUOL<\/a> e transforme o seu neg\u00f3cio com tecnologia sob medida.<\/p>\n\n\n\n<p><\/p>\n","protected":false},"excerpt":{"rendered":"<p>O F\u00f3rum E-commerce 2025 acontece nos dias 29, 30 e 31 de julho no Distrito Anhembi, em S\u00e3o Paulo, e reunir\u00e1 os maiores especialistas e empresas do com\u00e9rcio eletr\u00f4nico. O UOL Host marcar\u00e1 presen\u00e7a com solu\u00e7\u00f5es digitais e uma palestra exclusiva sobre inova\u00e7\u00e3o no e-commerce. O F\u00f3rum E-commerce 2025 est\u00e1 chegando com for\u00e7a total. A [&hellip;]<\/p>\n","protected":false},"author":24,"featured_media":18428,"comment_status":"open","ping_status":"open","sticky":false,"template":"","format":"standard","meta":{"footnotes":""},"categories":[77,44],"tags":[],"class_list":["post-18427","post","type-post","status-publish","format-standard","has-post-thumbnail","hentry","category-mercado-digital","category-vendas-online"],"gutentor_comment":0,"yoast_head":"<!-- This site is optimized with the Yoast SEO plugin v26.4 - https:\/\/yoast.com\/wordpress\/plugins\/seo\/ -->\n<title>F\u00f3rum E-commerce 2025: UOL Host apresenta inova\u00e7\u00f5es no evento<\/title>\n<meta name=\"description\" content=\"Saiba tudo sobre o F\u00f3rum E-commerce 2025 e descubra as novidades do UOL Host no maior evento digital do ano.\" \/>\n<meta name=\"robots\" content=\"index, follow, max-snippet:-1, max-image-preview:large, max-video-preview:-1\" \/>\n<link rel=\"canonical\" href=\"https:\/\/uolhost.uol.com.br\/blog\/forum-e-commerce-2025\/\" \/>\n<meta property=\"og:locale\" content=\"pt_BR\" \/>\n<meta property=\"og:type\" content=\"article\" \/>\n<meta property=\"og:title\" content=\"F\u00f3rum E-commerce 2025: UOL Host apresenta inova\u00e7\u00f5es no evento\" \/>\n<meta property=\"og:description\" content=\"Saiba tudo sobre o F\u00f3rum E-commerce 2025 e descubra as novidades do UOL Host no maior evento digital do ano.\" \/>\n<meta property=\"og:url\" content=\"https:\/\/uolhost.uol.com.br\/blog\/forum-e-commerce-2025\/\" \/>\n<meta property=\"article:published_time\" content=\"2025-07-24T18:20:15+00:00\" \/>\n<meta property=\"article:modified_time\" content=\"2025-07-25T15:12:01+00:00\" \/>\n<meta property=\"og:image\" content=\"https:\/\/uolhost.uol.com.br\/blog\/wp-content\/uploads\/2025\/07\/BANNER-fcb_25.jpg\" \/>\n\t<meta property=\"og:image:width\" content=\"800\" \/>\n\t<meta property=\"og:image:height\" content=\"379\" \/>\n\t<meta property=\"og:image:type\" content=\"image\/jpeg\" \/>\n<meta name=\"author\" content=\"Yuri Torres\" \/>\n<meta name=\"twitter:card\" content=\"summary_large_image\" \/>\n<meta name=\"twitter:label1\" content=\"Escrito por\" \/>\n\t<meta name=\"twitter:data1\" content=\"Yuri Torres\" \/>\n\t<meta name=\"twitter:label2\" content=\"Est. tempo de leitura\" \/>\n\t<meta name=\"twitter:data2\" content=\"4 minutos\" \/>\n<script type=\"application\/ld+json\" class=\"yoast-schema-graph\">{\"@context\":\"https:\/\/schema.org\",\"@graph\":[{\"@type\":\"Article\",\"@id\":\"https:\/\/uolhost.uol.com.br\/blog\/forum-e-commerce-2025\/#article\",\"isPartOf\":{\"@id\":\"https:\/\/uolhost.uol.com.br\/blog\/forum-e-commerce-2025\/\"},\"author\":{\"name\":\"Yuri Torres\",\"@id\":\"https:\/\/uolhost.uol.com.br\/blog\/#\/schema\/person\/41505c2cd07dc07109e30bea51edee93\"},\"headline\":\"Acompanhe o UOL Host no F\u00f3rum E-commerce Brasil 2025\",\"datePublished\":\"2025-07-24T18:20:15+00:00\",\"dateModified\":\"2025-07-25T15:12:01+00:00\",\"mainEntityOfPage\":{\"@id\":\"https:\/\/uolhost.uol.com.br\/blog\/forum-e-commerce-2025\/\"},\"wordCount\":739,\"commentCount\":0,\"publisher\":{\"@id\":\"https:\/\/uolhost.uol.com.br\/blog\/#organization\"},\"image\":{\"@id\":\"https:\/\/uolhost.uol.com.br\/blog\/forum-e-commerce-2025\/#primaryimage\"},\"thumbnailUrl\":\"https:\/\/uolhost.uol.com.br\/blog\/wp-content\/uploads\/2025\/07\/BANNER-fcb_25.jpg?wsr\",\"articleSection\":[\"Mercado Digital\",\"Vendas Online\"],\"inLanguage\":\"pt-BR\",\"potentialAction\":[{\"@type\":\"CommentAction\",\"name\":\"Comment\",\"target\":[\"https:\/\/uolhost.uol.com.br\/blog\/forum-e-commerce-2025\/#respond\"]}]},{\"@type\":\"WebPage\",\"@id\":\"https:\/\/uolhost.uol.com.br\/blog\/forum-e-commerce-2025\/\",\"url\":\"https:\/\/uolhost.uol.com.br\/blog\/forum-e-commerce-2025\/\",\"name\":\"F\u00f3rum E-commerce 2025: UOL Host apresenta inova\u00e7\u00f5es no evento\",\"isPartOf\":{\"@id\":\"https:\/\/uolhost.uol.com.br\/blog\/#website\"},\"primaryImageOfPage\":{\"@id\":\"https:\/\/uolhost.uol.com.br\/blog\/forum-e-commerce-2025\/#primaryimage\"},\"image\":{\"@id\":\"https:\/\/uolhost.uol.com.br\/blog\/forum-e-commerce-2025\/#primaryimage\"},\"thumbnailUrl\":\"https:\/\/uolhost.uol.com.br\/blog\/wp-content\/uploads\/2025\/07\/BANNER-fcb_25.jpg?wsr\",\"datePublished\":\"2025-07-24T18:20:15+00:00\",\"dateModified\":\"2025-07-25T15:12:01+00:00\",\"description\":\"Saiba tudo sobre o F\u00f3rum E-commerce 2025 e descubra as novidades do UOL Host no maior evento digital do ano.\",\"breadcrumb\":{\"@id\":\"https:\/\/uolhost.uol.com.br\/blog\/forum-e-commerce-2025\/#breadcrumb\"},\"inLanguage\":\"pt-BR\",\"potentialAction\":[{\"@type\":\"ReadAction\",\"target\":[\"https:\/\/uolhost.uol.com.br\/blog\/forum-e-commerce-2025\/\"]}]},{\"@type\":\"ImageObject\",\"inLanguage\":\"pt-BR\",\"@id\":\"https:\/\/uolhost.uol.com.br\/blog\/forum-e-commerce-2025\/#primaryimage\",\"url\":\"https:\/\/uolhost.uol.com.br\/blog\/wp-content\/uploads\/2025\/07\/BANNER-fcb_25.jpg?wsr\",\"contentUrl\":\"https:\/\/uolhost.uol.com.br\/blog\/wp-content\/uploads\/2025\/07\/BANNER-fcb_25.jpg?wsr\",\"width\":800,\"height\":379,\"caption\":\"f\u00f3rum-e-commerce-2025\"},{\"@type\":\"BreadcrumbList\",\"@id\":\"https:\/\/uolhost.uol.com.br\/blog\/forum-e-commerce-2025\/#breadcrumb\",\"itemListElement\":[{\"@type\":\"ListItem\",\"position\":1,\"name\":\"In\u00edcio\",\"item\":\"https:\/\/uolhost.uol.com.br\/blog\/\"},{\"@type\":\"ListItem\",\"position\":2,\"name\":\"Acompanhe o UOL Host no F\u00f3rum E-commerce Brasil 2025\"}]},{\"@type\":\"WebSite\",\"@id\":\"https:\/\/uolhost.uol.com.br\/blog\/#website\",\"url\":\"https:\/\/uolhost.uol.com.br\/blog\/\",\"name\":\"Blog UOL Host\",\"description\":\"\",\"publisher\":{\"@id\":\"https:\/\/uolhost.uol.com.br\/blog\/#organization\"},\"potentialAction\":[{\"@type\":\"SearchAction\",\"target\":{\"@type\":\"EntryPoint\",\"urlTemplate\":\"https:\/\/uolhost.uol.com.br\/blog\/?s={search_term_string}\"},\"query-input\":{\"@type\":\"PropertyValueSpecification\",\"valueRequired\":true,\"valueName\":\"search_term_string\"}}],\"inLanguage\":\"pt-BR\"},{\"@type\":\"Organization\",\"@id\":\"https:\/\/uolhost.uol.com.br\/blog\/#organization\",\"name\":\"Blog UOL Host\",\"url\":\"https:\/\/uolhost.uol.com.br\/blog\/\",\"logo\":{\"@type\":\"ImageObject\",\"inLanguage\":\"pt-BR\",\"@id\":\"https:\/\/uolhost.uol.com.br\/blog\/#\/schema\/logo\/image\/\",\"url\":\"https:\/\/uolhost.uol.com.br\/blog\/wp-content\/uploads\/2025\/01\/UOL_Host.png?wsr\",\"contentUrl\":\"https:\/\/uolhost.uol.com.br\/blog\/wp-content\/uploads\/2025\/01\/UOL_Host.png?wsr\",\"width\":2000,\"height\":393,\"caption\":\"Blog UOL Host\"},\"image\":{\"@id\":\"https:\/\/uolhost.uol.com.br\/blog\/#\/schema\/logo\/image\/\"}},{\"@type\":\"Person\",\"@id\":\"https:\/\/uolhost.uol.com.br\/blog\/#\/schema\/person\/41505c2cd07dc07109e30bea51edee93\",\"name\":\"Yuri Torres\",\"image\":{\"@type\":\"ImageObject\",\"inLanguage\":\"pt-BR\",\"@id\":\"https:\/\/uolhost.uol.com.br\/blog\/#\/schema\/person\/image\/\",\"url\":\"https:\/\/secure.gravatar.com\/avatar\/4c96a05faea9fdf86f95d5b723e438c9cc14ad5c342d76486e5a4c8ac8259492?s=96&d=mm&r=g\",\"contentUrl\":\"https:\/\/secure.gravatar.com\/avatar\/4c96a05faea9fdf86f95d5b723e438c9cc14ad5c342d76486e5a4c8ac8259492?s=96&d=mm&r=g\",\"caption\":\"Yuri Torres\"},\"description\":\"Profissional de Reda\u00e7\u00e3o e Marketing, com 10 anos de experi\u00eancia no desenvolvimento de estrat\u00e9gias de conte\u00fado voltadas \u00e0 comunica\u00e7\u00e3o de marcas. Atua na cria\u00e7\u00e3o de materiais que fortalecem a presen\u00e7a digital, ampliam o engajamento e contribuem para o alcance de resultados alinhados aos objetivos de neg\u00f3cio, com experi\u00eancia no atendimento a empresas de diferentes segmentos. LinkedIn\",\"sameAs\":[\"https:\/\/www.linkedin.com\/in\/yuri-torres-271093108\/\"],\"url\":\"https:\/\/uolhost.uol.com.br\/blog\/author\/yuri-torres\/\"}]}<\/script>\n<!-- \/ Yoast SEO plugin. -->","yoast_head_json":{"title":"F\u00f3rum E-commerce 2025: UOL Host apresenta inova\u00e7\u00f5es no evento","description":"Saiba tudo sobre o F\u00f3rum E-commerce 2025 e descubra as novidades do UOL Host no maior evento digital do ano.","robots":{"index":"index","follow":"follow","max-snippet":"max-snippet:-1","max-image-preview":"max-image-preview:large","max-video-preview":"max-video-preview:-1"},"canonical":"https:\/\/uolhost.uol.com.br\/blog\/forum-e-commerce-2025\/","og_locale":"pt_BR","og_type":"article","og_title":"F\u00f3rum E-commerce 2025: UOL Host apresenta inova\u00e7\u00f5es no evento","og_description":"Saiba tudo sobre o F\u00f3rum E-commerce 2025 e descubra as novidades do UOL Host no maior evento digital do ano.","og_url":"https:\/\/uolhost.uol.com.br\/blog\/forum-e-commerce-2025\/","article_published_time":"2025-07-24T18:20:15+00:00","article_modified_time":"2025-07-25T15:12:01+00:00","og_image":[{"width":800,"height":379,"url":"https:\/\/uolhost.uol.com.br\/blog\/wp-content\/uploads\/2025\/07\/BANNER-fcb_25.jpg","type":"image\/jpeg"}],"author":"Yuri Torres","twitter_card":"summary_large_image","twitter_misc":{"Escrito por":"Yuri Torres","Est. tempo de leitura":"4 minutos"},"schema":{"@context":"https:\/\/schema.org","@graph":[{"@type":"Article","@id":"https:\/\/uolhost.uol.com.br\/blog\/forum-e-commerce-2025\/#article","isPartOf":{"@id":"https:\/\/uolhost.uol.com.br\/blog\/forum-e-commerce-2025\/"},"author":{"name":"Yuri Torres","@id":"https:\/\/uolhost.uol.com.br\/blog\/#\/schema\/person\/41505c2cd07dc07109e30bea51edee93"},"headline":"Acompanhe o UOL Host no F\u00f3rum E-commerce Brasil 2025","datePublished":"2025-07-24T18:20:15+00:00","dateModified":"2025-07-25T15:12:01+00:00","mainEntityOfPage":{"@id":"https:\/\/uolhost.uol.com.br\/blog\/forum-e-commerce-2025\/"},"wordCount":739,"commentCount":0,"publisher":{"@id":"https:\/\/uolhost.uol.com.br\/blog\/#organization"},"image":{"@id":"https:\/\/uolhost.uol.com.br\/blog\/forum-e-commerce-2025\/#primaryimage"},"thumbnailUrl":"https:\/\/uolhost.uol.com.br\/blog\/wp-content\/uploads\/2025\/07\/BANNER-fcb_25.jpg?wsr","articleSection":["Mercado Digital","Vendas Online"],"inLanguage":"pt-BR","potentialAction":[{"@type":"CommentAction","name":"Comment","target":["https:\/\/uolhost.uol.com.br\/blog\/forum-e-commerce-2025\/#respond"]}]},{"@type":"WebPage","@id":"https:\/\/uolhost.uol.com.br\/blog\/forum-e-commerce-2025\/","url":"https:\/\/uolhost.uol.com.br\/blog\/forum-e-commerce-2025\/","name":"F\u00f3rum E-commerce 2025: UOL Host apresenta inova\u00e7\u00f5es no evento","isPartOf":{"@id":"https:\/\/uolhost.uol.com.br\/blog\/#website"},"primaryImageOfPage":{"@id":"https:\/\/uolhost.uol.com.br\/blog\/forum-e-commerce-2025\/#primaryimage"},"image":{"@id":"https:\/\/uolhost.uol.com.br\/blog\/forum-e-commerce-2025\/#primaryimage"},"thumbnailUrl":"https:\/\/uolhost.uol.com.br\/blog\/wp-content\/uploads\/2025\/07\/BANNER-fcb_25.jpg?wsr","datePublished":"2025-07-24T18:20:15+00:00","dateModified":"2025-07-25T15:12:01+00:00","description":"Saiba tudo sobre o F\u00f3rum E-commerce 2025 e descubra as novidades do UOL Host no maior evento digital do ano.","breadcrumb":{"@id":"https:\/\/uolhost.uol.com.br\/blog\/forum-e-commerce-2025\/#breadcrumb"},"inLanguage":"pt-BR","potentialAction":[{"@type":"ReadAction","target":["https:\/\/uolhost.uol.com.br\/blog\/forum-e-commerce-2025\/"]}]},{"@type":"ImageObject","inLanguage":"pt-BR","@id":"https:\/\/uolhost.uol.com.br\/blog\/forum-e-commerce-2025\/#primaryimage","url":"https:\/\/uolhost.uol.com.br\/blog\/wp-content\/uploads\/2025\/07\/BANNER-fcb_25.jpg?wsr","contentUrl":"https:\/\/uolhost.uol.com.br\/blog\/wp-content\/uploads\/2025\/07\/BANNER-fcb_25.jpg?wsr","width":800,"height":379,"caption":"f\u00f3rum-e-commerce-2025"},{"@type":"BreadcrumbList","@id":"https:\/\/uolhost.uol.com.br\/blog\/forum-e-commerce-2025\/#breadcrumb","itemListElement":[{"@type":"ListItem","position":1,"name":"In\u00edcio","item":"https:\/\/uolhost.uol.com.br\/blog\/"},{"@type":"ListItem","position":2,"name":"Acompanhe o UOL Host no F\u00f3rum E-commerce Brasil 2025"}]},{"@type":"WebSite","@id":"https:\/\/uolhost.uol.com.br\/blog\/#website","url":"https:\/\/uolhost.uol.com.br\/blog\/","name":"Blog UOL Host","description":"","publisher":{"@id":"https:\/\/uolhost.uol.com.br\/blog\/#organization"},"potentialAction":[{"@type":"SearchAction","target":{"@type":"EntryPoint","urlTemplate":"https:\/\/uolhost.uol.com.br\/blog\/?s={search_term_string}"},"query-input":{"@type":"PropertyValueSpecification","valueRequired":true,"valueName":"search_term_string"}}],"inLanguage":"pt-BR"},{"@type":"Organization","@id":"https:\/\/uolhost.uol.com.br\/blog\/#organization","name":"Blog UOL Host","url":"https:\/\/uolhost.uol.com.br\/blog\/","logo":{"@type":"ImageObject","inLanguage":"pt-BR","@id":"https:\/\/uolhost.uol.com.br\/blog\/#\/schema\/logo\/image\/","url":"https:\/\/uolhost.uol.com.br\/blog\/wp-content\/uploads\/2025\/01\/UOL_Host.png?wsr","contentUrl":"https:\/\/uolhost.uol.com.br\/blog\/wp-content\/uploads\/2025\/01\/UOL_Host.png?wsr","width":2000,"height":393,"caption":"Blog UOL Host"},"image":{"@id":"https:\/\/uolhost.uol.com.br\/blog\/#\/schema\/logo\/image\/"}},{"@type":"Person","@id":"https:\/\/uolhost.uol.com.br\/blog\/#\/schema\/person\/41505c2cd07dc07109e30bea51edee93","name":"Yuri Torres","image":{"@type":"ImageObject","inLanguage":"pt-BR","@id":"https:\/\/uolhost.uol.com.br\/blog\/#\/schema\/person\/image\/","url":"https:\/\/secure.gravatar.com\/avatar\/4c96a05faea9fdf86f95d5b723e438c9cc14ad5c342d76486e5a4c8ac8259492?s=96&d=mm&r=g","contentUrl":"https:\/\/secure.gravatar.com\/avatar\/4c96a05faea9fdf86f95d5b723e438c9cc14ad5c342d76486e5a4c8ac8259492?s=96&d=mm&r=g","caption":"Yuri Torres"},"description":"Profissional de Reda\u00e7\u00e3o e Marketing, com 10 anos de experi\u00eancia no desenvolvimento de estrat\u00e9gias de conte\u00fado voltadas \u00e0 comunica\u00e7\u00e3o de marcas. Atua na cria\u00e7\u00e3o de materiais que fortalecem a presen\u00e7a digital, ampliam o engajamento e contribuem para o alcance de resultados alinhados aos objetivos de neg\u00f3cio, com experi\u00eancia no atendimento a empresas de diferentes segmentos. LinkedIn","sameAs":["https:\/\/www.linkedin.com\/in\/yuri-torres-271093108\/"],"url":"https:\/\/uolhost.uol.com.br\/blog\/author\/yuri-torres\/"}]}},"_links":{"self":[{"href":"https:\/\/uolhost.uol.com.br\/blog\/wp-json\/wp\/v2\/posts\/18427","targetHints":{"allow":["GET"]}}],"collection":[{"href":"https:\/\/uolhost.uol.com.br\/blog\/wp-json\/wp\/v2\/posts"}],"about":[{"href":"https:\/\/uolhost.uol.com.br\/blog\/wp-json\/wp\/v2\/types\/post"}],"author":[{"embeddable":true,"href":"https:\/\/uolhost.uol.com.br\/blog\/wp-json\/wp\/v2\/users\/24"}],"replies":[{"embeddable":true,"href":"https:\/\/uolhost.uol.com.br\/blog\/wp-json\/wp\/v2\/comments?post=18427"}],"version-history":[{"count":2,"href":"https:\/\/uolhost.uol.com.br\/blog\/wp-json\/wp\/v2\/posts\/18427\/revisions"}],"predecessor-version":[{"id":18433,"href":"https:\/\/uolhost.uol.com.br\/blog\/wp-json\/wp\/v2\/posts\/18427\/revisions\/18433"}],"wp:featuredmedia":[{"embeddable":true,"href":"https:\/\/uolhost.uol.com.br\/blog\/wp-json\/wp\/v2\/media\/18428"}],"wp:attachment":[{"href":"https:\/\/uolhost.uol.com.br\/blog\/wp-json\/wp\/v2\/media?parent=18427"}],"wp:term":[{"taxonomy":"category","embeddable":true,"href":"https:\/\/uolhost.uol.com.br\/blog\/wp-json\/wp\/v2\/categories?post=18427"},{"taxonomy":"post_tag","embeddable":true,"href":"https:\/\/uolhost.uol.com.br\/blog\/wp-json\/wp\/v2\/tags?post=18427"}],"curies":[{"name":"wp","href":"https:\/\/api.w.org\/{rel}","templated":true}]}}