{"id":20579,"date":"2026-04-09T16:34:32","date_gmt":"2026-04-09T19:34:32","guid":{"rendered":"https:\/\/uolhost.uol.com.br\/blog\/?p=20579"},"modified":"2026-04-09T16:39:26","modified_gmt":"2026-04-09T19:39:26","slug":"expoecomm-porto-alegre-empreendedores-desafios-ecommerce","status":"publish","type":"post","link":"https:\/\/uolhost.uol.com.br\/blog\/expoecomm-porto-alegre-empreendedores-desafios-ecommerce\/","title":{"rendered":"ExpoEcomm Porto Alegre: o que est\u00e1 por tr\u00e1s dos desafios do e-commerce"},"content":{"rendered":"\n<h2 class=\"wp-block-heading\">Na ExpoEcomm Porto Alegre, conversamos com empreendedores para entender as dores regionais do e-commerce. Marcos e Eug\u00eanio, da Bacchus Accessorius, compartilham como criaram um mercado pr\u00f3prio de acess\u00f3rios para vinho, os desafios de escalar no digital, aumentar o tr\u00e1fego e expandir para novos p\u00fablicos, incluindo o segmento cervejeiro.<\/h2>\n\n\n\n<p>Entender as particularidades de cada regi\u00e3o \u00e9 essencial para quem quer vender mais no digital. Por isso, durante nossa participa\u00e7\u00e3o na ExpoEcomm Porto Alegre, conversamos com empreendedores locais para ouvir de perto suas principais dores, desafios e planos de crescimento.<\/p>\n\n\n\n<p>A ideia dessa s\u00e9rie \u00e9 simples: sair do discurso gen\u00e9rico e trazer a realidade de quem est\u00e1 no dia a dia do neg\u00f3cio. Nesta primeira edi\u00e7\u00e3o, falamos com Marcos e Eug\u00eanio, da Bacchus Accessorius, uma empresa familiar que encontrou espa\u00e7o em um mercado praticamente inexistente e agora busca escalar suas vendas no digital.<\/p>\n\n\n\n<p><strong>BAIXE GR\u00c1TIS: <a href=\"https:\/\/uolhost.uol.com.br\/blog\/calendario-ecommerce-2026\/\">E-book: Calend\u00e1rio e-commerce 2026<\/a><\/strong><\/p>\n\n\n\n<h2 class=\"wp-block-heading\"><strong>Como surgiu a Bacchus Accessorius?<\/strong><\/h2>\n\n\n\n<p>A Bacchus nasceu quase como uma brincadeira dentro do universo do vinho. Marcos conta que, ao come\u00e7ar a produzir acess\u00f3rios como marcadores de ta\u00e7a de metal, percebeu algo curioso: praticamente ningu\u00e9m fazia aquilo no Brasil.<\/p>\n\n\n\n<p>A partir da\u00ed, o neg\u00f3cio ganhou forma. Hoje, a empresa atua em um mercado muito espec\u00edfico, com produtos exclusivos e sem concorr\u00eancia nacional direta. Essa diferencia\u00e7\u00e3o ajudou a consolidar parcerias importantes com vin\u00edcolas, armaz\u00e9ns e confrarias.<\/p>\n\n\n\n<h2 class=\"wp-block-heading\"><strong>Voc\u00eas j\u00e1 vendem para todo o Brasil?<\/strong><\/h2>\n\n\n\n<p>Sim. Apesar de ter nascido no Rio Grande do Sul, a empresa j\u00e1 atende todos os estados. Cerca de 60% do faturamento ainda vem da regi\u00e3o Sul, mas o restante j\u00e1 est\u00e1 bem distribu\u00eddo pelo pa\u00eds.<\/p>\n\n\n\n<p>Segundo Marcos, o crescimento tem sido constante nos \u00faltimos anos, muito impulsionado justamente pelo car\u00e1ter \u00fanico dos produtos.<\/p>\n\n\n\n<h2 class=\"wp-block-heading\"><strong>Quais s\u00e3o as prioridades da empresa hoje?<\/strong><\/h2>\n\n\n\n<p>Mesmo com canais tradicionais bem estabelecidos, o foco agora \u00e9 claro: crescer no digital.<\/p>\n\n\n\n<p>Hoje, grande parte das vendas acontece por meio de parceiros como vin\u00edcolas e armaz\u00e9ns, o que garante volume. Mas \u00e9 no e-commerce, vendendo direto para o consumidor final, que est\u00e1 a maior margem.<\/p>\n\n\n\n<p>A meta \u00e9 ambiciosa: dobrar o faturamento digital.<\/p>\n\n\n\n<h2 class=\"wp-block-heading\"><strong>Como funciona a opera\u00e7\u00e3o atualmente?<\/strong><\/h2>\n\n\n\n<p>Apesar de j\u00e1 ter uma loja virtual, a empresa ainda opera de forma bastante manual em muitos pontos. O WhatsApp \u00e9 um dos principais canais de venda, especialmente com clientes recorrentes.<\/p>\n\n\n\n<p>N\u00e3o h\u00e1 integra\u00e7\u00e3o com a loja, nem uso de chatbot ou automa\u00e7\u00f5es. Tudo \u00e9 respondido manualmente \u2014 o que funciona bem no volume atual, mas se torna um gargalo quando o objetivo \u00e9 escalar.<\/p>\n\n\n\n<p><strong>Leia mais: <a href=\"https:\/\/uolhost.uol.com.br\/blog\/estrategias-de-estoque-inteligente-para-nao-ter-dinheiro-parado\/\">4 estrat\u00e9gias de estoque inteligente para n\u00e3o ter dinheiro parado<\/a><\/strong><\/p>\n\n\n\n<p><strong>Quais s\u00e3o os principais desafios hoje?<\/strong><\/p>\n\n\n\n<p>A resposta veio direta: tr\u00e1fego.<\/p>\n\n\n\n<p>Mais do que produto ou opera\u00e7\u00e3o, o grande desafio da Bacchus hoje \u00e9 <a href=\"https:\/\/uolhost.uol.com.br\/blog\/trafego-do-site\/\">atrair mais pessoas para o e-commerce<\/a> e para as redes sociais. \u00c9 isso que vai permitir chegar ao consumidor final e, consequentemente, melhorar a margem.<\/p>\n\n\n\n<p>Al\u00e9m disso, a empresa acaba de entrar em um novo mercado: o de acess\u00f3rios para cerveja. Uma oportunidade de crescimento, mas que tamb\u00e9m traz um novo p\u00fablico e, com ele, novos aprendizados e desafios.<\/p>\n\n\n\n<h2 class=\"wp-block-heading\"><strong>E o papel da tecnologia nesse crescimento?<\/strong><\/h2>\n\n\n\n<p>Mesmo com uma opera\u00e7\u00e3o ainda simples, Marcos reconhece que a evolu\u00e7\u00e3o tecnol\u00f3gica \u00e9 inevit\u00e1vel.<\/p>\n\n\n\n<p>Para escalar as vendas no digital, ser\u00e1 necess\u00e1rio investir em ferramentas como intelig\u00eancia artificial, automa\u00e7\u00f5es e melhorias na loja virtual. Hoje, a empresa utiliza uma solu\u00e7\u00e3o gratuita, mas j\u00e1 entende que, em algum momento, ser\u00e1 preciso dar um pr\u00f3ximo passo.<\/p>\n\n\n\n<p>A hist\u00f3ria da Bacchus Accessorius mostra como \u00e9 poss\u00edvel crescer mesmo em nichos pouco explorados. Ao criar um produto praticamente sem concorr\u00eancia, a empresa construiu uma base s\u00f3lida no mercado f\u00edsico.<\/p>\n\n\n\n<p>Agora, o desafio \u00e9 outro: transformar essa for\u00e7a em crescimento digital. E, como vimos na conversa, isso passa por um ponto central que se repete em muitos neg\u00f3cios pelo Brasil \u2014 gerar tr\u00e1fego qualificado e estruturar melhor os canais online.<\/p>\n\n\n\n<p>Nos pr\u00f3ximos conte\u00fados da s\u00e9rie, vamos continuar explorando essas dores em diferentes regi\u00f5es e mercados, sempre com quem vive isso na pr\u00e1tica.<\/p>\n","protected":false},"excerpt":{"rendered":"<p>Na ExpoEcomm Porto Alegre, conversamos com empreendedores para entender as dores regionais do e-commerce. Marcos e Eug\u00eanio, da Bacchus Accessorius, compartilham como criaram um mercado pr\u00f3prio de acess\u00f3rios para vinho, os desafios de escalar no digital, aumentar o tr\u00e1fego e expandir para novos p\u00fablicos, incluindo o segmento cervejeiro. Entender as particularidades de cada regi\u00e3o \u00e9 [&hellip;]<\/p>\n","protected":false},"author":24,"featured_media":20581,"comment_status":"open","ping_status":"open","sticky":false,"template":"","format":"standard","meta":{"footnotes":""},"categories":[1451,1442,1452,1464,1453],"tags":[1473],"class_list":["post-20579","post","type-post","status-publish","format-standard","has-post-thumbnail","hentry","category-crescimento","category-digitalizacao","category-gestao-operacoes","category-jornada-do-empreendedor","category-logistica-atendimento","tag-blog"],"gutentor_comment":0,"yoast_head":"<!-- This site is optimized with the Yoast SEO plugin v26.4 - https:\/\/yoast.com\/wordpress\/plugins\/seo\/ -->\n<title>ExpoEcomm Porto Alegre revela desafios do e-commerce para empreendedores locais<\/title>\n<meta name=\"description\" content=\"Na ExpoEcomm Porto Alegre, empreendedores compartilham desafios do e-commerce, como tr\u00e1fego e vendas digitais, em entrevista com a Bacchus Accessorius.\" \/>\n<meta name=\"robots\" content=\"index, follow, max-snippet:-1, max-image-preview:large, max-video-preview:-1\" \/>\n<link rel=\"canonical\" href=\"https:\/\/uolhost.uol.com.br\/blog\/expoecomm-porto-alegre-empreendedores-desafios-ecommerce\/\" \/>\n<meta property=\"og:locale\" content=\"pt_BR\" \/>\n<meta property=\"og:type\" content=\"article\" \/>\n<meta property=\"og:title\" content=\"ExpoEcomm Porto Alegre revela desafios do e-commerce para empreendedores locais\" \/>\n<meta property=\"og:description\" content=\"Na ExpoEcomm Porto Alegre, empreendedores compartilham desafios do e-commerce, como tr\u00e1fego e vendas digitais, em entrevista com a Bacchus Accessorius.\" \/>\n<meta property=\"og:url\" content=\"https:\/\/uolhost.uol.com.br\/blog\/expoecomm-porto-alegre-empreendedores-desafios-ecommerce\/\" \/>\n<meta property=\"article:published_time\" content=\"2026-04-09T19:34:32+00:00\" \/>\n<meta property=\"article:modified_time\" content=\"2026-04-09T19:39:26+00:00\" \/>\n<meta property=\"og:image\" content=\"https:\/\/uolhost.uol.com.br\/blog\/wp-content\/uploads\/2026\/04\/BANNER_VLOG-EXPOECOMM.jpg\" \/>\n\t<meta property=\"og:image:width\" content=\"800\" \/>\n\t<meta property=\"og:image:height\" content=\"379\" \/>\n\t<meta property=\"og:image:type\" content=\"image\/jpeg\" \/>\n<meta name=\"author\" content=\"Yuri Torres\" \/>\n<meta name=\"twitter:card\" content=\"summary_large_image\" \/>\n<meta name=\"twitter:label1\" content=\"Escrito por\" \/>\n\t<meta name=\"twitter:data1\" content=\"Yuri Torres\" \/>\n\t<meta name=\"twitter:label2\" content=\"Est. tempo de leitura\" \/>\n\t<meta name=\"twitter:data2\" content=\"4 minutos\" \/>\n<script type=\"application\/ld+json\" class=\"yoast-schema-graph\">{\"@context\":\"https:\/\/schema.org\",\"@graph\":[{\"@type\":\"Article\",\"@id\":\"https:\/\/uolhost.uol.com.br\/blog\/expoecomm-porto-alegre-empreendedores-desafios-ecommerce\/#article\",\"isPartOf\":{\"@id\":\"https:\/\/uolhost.uol.com.br\/blog\/expoecomm-porto-alegre-empreendedores-desafios-ecommerce\/\"},\"author\":{\"name\":\"Yuri Torres\",\"@id\":\"https:\/\/uolhost.uol.com.br\/blog\/#\/schema\/person\/41505c2cd07dc07109e30bea51edee93\"},\"headline\":\"ExpoEcomm Porto Alegre: o que est\u00e1 por tr\u00e1s dos desafios do e-commerce\",\"datePublished\":\"2026-04-09T19:34:32+00:00\",\"dateModified\":\"2026-04-09T19:39:26+00:00\",\"mainEntityOfPage\":{\"@id\":\"https:\/\/uolhost.uol.com.br\/blog\/expoecomm-porto-alegre-empreendedores-desafios-ecommerce\/\"},\"wordCount\":728,\"commentCount\":0,\"publisher\":{\"@id\":\"https:\/\/uolhost.uol.com.br\/blog\/#organization\"},\"image\":{\"@id\":\"https:\/\/uolhost.uol.com.br\/blog\/expoecomm-porto-alegre-empreendedores-desafios-ecommerce\/#primaryimage\"},\"thumbnailUrl\":\"https:\/\/uolhost.uol.com.br\/blog\/wp-content\/uploads\/2026\/04\/BANNER_VLOG-EXPOECOMM.jpg?wsr\",\"keywords\":[\"blog\"],\"articleSection\":[\"Crescimento\",\"Digitaliza\u00e7\u00e3o e Desafios\",\"Gest\u00e3o e Opera\u00e7\u00f5es\",\"Jornada do Empreendedor\",\"Log\u00edstica e Atendimento\"],\"inLanguage\":\"pt-BR\",\"potentialAction\":[{\"@type\":\"CommentAction\",\"name\":\"Comment\",\"target\":[\"https:\/\/uolhost.uol.com.br\/blog\/expoecomm-porto-alegre-empreendedores-desafios-ecommerce\/#respond\"]}]},{\"@type\":\"WebPage\",\"@id\":\"https:\/\/uolhost.uol.com.br\/blog\/expoecomm-porto-alegre-empreendedores-desafios-ecommerce\/\",\"url\":\"https:\/\/uolhost.uol.com.br\/blog\/expoecomm-porto-alegre-empreendedores-desafios-ecommerce\/\",\"name\":\"ExpoEcomm Porto Alegre revela desafios do e-commerce para empreendedores locais\",\"isPartOf\":{\"@id\":\"https:\/\/uolhost.uol.com.br\/blog\/#website\"},\"primaryImageOfPage\":{\"@id\":\"https:\/\/uolhost.uol.com.br\/blog\/expoecomm-porto-alegre-empreendedores-desafios-ecommerce\/#primaryimage\"},\"image\":{\"@id\":\"https:\/\/uolhost.uol.com.br\/blog\/expoecomm-porto-alegre-empreendedores-desafios-ecommerce\/#primaryimage\"},\"thumbnailUrl\":\"https:\/\/uolhost.uol.com.br\/blog\/wp-content\/uploads\/2026\/04\/BANNER_VLOG-EXPOECOMM.jpg?wsr\",\"datePublished\":\"2026-04-09T19:34:32+00:00\",\"dateModified\":\"2026-04-09T19:39:26+00:00\",\"description\":\"Na ExpoEcomm Porto Alegre, empreendedores compartilham desafios do e-commerce, como tr\u00e1fego e vendas digitais, em entrevista com a Bacchus Accessorius.\",\"breadcrumb\":{\"@id\":\"https:\/\/uolhost.uol.com.br\/blog\/expoecomm-porto-alegre-empreendedores-desafios-ecommerce\/#breadcrumb\"},\"inLanguage\":\"pt-BR\",\"potentialAction\":[{\"@type\":\"ReadAction\",\"target\":[\"https:\/\/uolhost.uol.com.br\/blog\/expoecomm-porto-alegre-empreendedores-desafios-ecommerce\/\"]}]},{\"@type\":\"ImageObject\",\"inLanguage\":\"pt-BR\",\"@id\":\"https:\/\/uolhost.uol.com.br\/blog\/expoecomm-porto-alegre-empreendedores-desafios-ecommerce\/#primaryimage\",\"url\":\"https:\/\/uolhost.uol.com.br\/blog\/wp-content\/uploads\/2026\/04\/BANNER_VLOG-EXPOECOMM.jpg?wsr\",\"contentUrl\":\"https:\/\/uolhost.uol.com.br\/blog\/wp-content\/uploads\/2026\/04\/BANNER_VLOG-EXPOECOMM.jpg?wsr\",\"width\":800,\"height\":379,\"caption\":\"expoecomm porto alegre\"},{\"@type\":\"BreadcrumbList\",\"@id\":\"https:\/\/uolhost.uol.com.br\/blog\/expoecomm-porto-alegre-empreendedores-desafios-ecommerce\/#breadcrumb\",\"itemListElement\":[{\"@type\":\"ListItem\",\"position\":1,\"name\":\"In\u00edcio\",\"item\":\"https:\/\/uolhost.uol.com.br\/blog\/\"},{\"@type\":\"ListItem\",\"position\":2,\"name\":\"ExpoEcomm Porto Alegre: o que est\u00e1 por tr\u00e1s dos desafios do e-commerce\"}]},{\"@type\":\"WebSite\",\"@id\":\"https:\/\/uolhost.uol.com.br\/blog\/#website\",\"url\":\"https:\/\/uolhost.uol.com.br\/blog\/\",\"name\":\"Blog UOL Host\",\"description\":\"\",\"publisher\":{\"@id\":\"https:\/\/uolhost.uol.com.br\/blog\/#organization\"},\"potentialAction\":[{\"@type\":\"SearchAction\",\"target\":{\"@type\":\"EntryPoint\",\"urlTemplate\":\"https:\/\/uolhost.uol.com.br\/blog\/?s={search_term_string}\"},\"query-input\":{\"@type\":\"PropertyValueSpecification\",\"valueRequired\":true,\"valueName\":\"search_term_string\"}}],\"inLanguage\":\"pt-BR\"},{\"@type\":\"Organization\",\"@id\":\"https:\/\/uolhost.uol.com.br\/blog\/#organization\",\"name\":\"Blog UOL Host\",\"url\":\"https:\/\/uolhost.uol.com.br\/blog\/\",\"logo\":{\"@type\":\"ImageObject\",\"inLanguage\":\"pt-BR\",\"@id\":\"https:\/\/uolhost.uol.com.br\/blog\/#\/schema\/logo\/image\/\",\"url\":\"https:\/\/uolhost.uol.com.br\/blog\/wp-content\/uploads\/2025\/01\/UOL_Host.png?wsr\",\"contentUrl\":\"https:\/\/uolhost.uol.com.br\/blog\/wp-content\/uploads\/2025\/01\/UOL_Host.png?wsr\",\"width\":2000,\"height\":393,\"caption\":\"Blog UOL Host\"},\"image\":{\"@id\":\"https:\/\/uolhost.uol.com.br\/blog\/#\/schema\/logo\/image\/\"}},{\"@type\":\"Person\",\"@id\":\"https:\/\/uolhost.uol.com.br\/blog\/#\/schema\/person\/41505c2cd07dc07109e30bea51edee93\",\"name\":\"Yuri Torres\",\"image\":{\"@type\":\"ImageObject\",\"inLanguage\":\"pt-BR\",\"@id\":\"https:\/\/uolhost.uol.com.br\/blog\/#\/schema\/person\/image\/\",\"url\":\"https:\/\/secure.gravatar.com\/avatar\/4c96a05faea9fdf86f95d5b723e438c9cc14ad5c342d76486e5a4c8ac8259492?s=96&d=mm&r=g\",\"contentUrl\":\"https:\/\/secure.gravatar.com\/avatar\/4c96a05faea9fdf86f95d5b723e438c9cc14ad5c342d76486e5a4c8ac8259492?s=96&d=mm&r=g\",\"caption\":\"Yuri Torres\"},\"description\":\"Profissional de Reda\u00e7\u00e3o e Marketing, com 10 anos de experi\u00eancia no desenvolvimento de estrat\u00e9gias de conte\u00fado voltadas \u00e0 comunica\u00e7\u00e3o de marcas. Atua na cria\u00e7\u00e3o de materiais que fortalecem a presen\u00e7a digital, ampliam o engajamento e contribuem para o alcance de resultados alinhados aos objetivos de neg\u00f3cio, com experi\u00eancia no atendimento a empresas de diferentes segmentos. LinkedIn\",\"sameAs\":[\"https:\/\/www.linkedin.com\/in\/yuri-torres-271093108\/\"],\"url\":\"https:\/\/uolhost.uol.com.br\/blog\/author\/yuri-torres\/\"}]}<\/script>\n<!-- \/ Yoast SEO plugin. -->","yoast_head_json":{"title":"ExpoEcomm Porto Alegre revela desafios do e-commerce para empreendedores locais","description":"Na ExpoEcomm Porto Alegre, empreendedores compartilham desafios do e-commerce, como tr\u00e1fego e vendas digitais, em entrevista com a Bacchus Accessorius.","robots":{"index":"index","follow":"follow","max-snippet":"max-snippet:-1","max-image-preview":"max-image-preview:large","max-video-preview":"max-video-preview:-1"},"canonical":"https:\/\/uolhost.uol.com.br\/blog\/expoecomm-porto-alegre-empreendedores-desafios-ecommerce\/","og_locale":"pt_BR","og_type":"article","og_title":"ExpoEcomm Porto Alegre revela desafios do e-commerce para empreendedores locais","og_description":"Na ExpoEcomm Porto Alegre, empreendedores compartilham desafios do e-commerce, como tr\u00e1fego e vendas digitais, em entrevista com a Bacchus Accessorius.","og_url":"https:\/\/uolhost.uol.com.br\/blog\/expoecomm-porto-alegre-empreendedores-desafios-ecommerce\/","article_published_time":"2026-04-09T19:34:32+00:00","article_modified_time":"2026-04-09T19:39:26+00:00","og_image":[{"width":800,"height":379,"url":"https:\/\/uolhost.uol.com.br\/blog\/wp-content\/uploads\/2026\/04\/BANNER_VLOG-EXPOECOMM.jpg","type":"image\/jpeg"}],"author":"Yuri Torres","twitter_card":"summary_large_image","twitter_misc":{"Escrito por":"Yuri Torres","Est. tempo de leitura":"4 minutos"},"schema":{"@context":"https:\/\/schema.org","@graph":[{"@type":"Article","@id":"https:\/\/uolhost.uol.com.br\/blog\/expoecomm-porto-alegre-empreendedores-desafios-ecommerce\/#article","isPartOf":{"@id":"https:\/\/uolhost.uol.com.br\/blog\/expoecomm-porto-alegre-empreendedores-desafios-ecommerce\/"},"author":{"name":"Yuri Torres","@id":"https:\/\/uolhost.uol.com.br\/blog\/#\/schema\/person\/41505c2cd07dc07109e30bea51edee93"},"headline":"ExpoEcomm Porto Alegre: o que est\u00e1 por tr\u00e1s dos desafios do e-commerce","datePublished":"2026-04-09T19:34:32+00:00","dateModified":"2026-04-09T19:39:26+00:00","mainEntityOfPage":{"@id":"https:\/\/uolhost.uol.com.br\/blog\/expoecomm-porto-alegre-empreendedores-desafios-ecommerce\/"},"wordCount":728,"commentCount":0,"publisher":{"@id":"https:\/\/uolhost.uol.com.br\/blog\/#organization"},"image":{"@id":"https:\/\/uolhost.uol.com.br\/blog\/expoecomm-porto-alegre-empreendedores-desafios-ecommerce\/#primaryimage"},"thumbnailUrl":"https:\/\/uolhost.uol.com.br\/blog\/wp-content\/uploads\/2026\/04\/BANNER_VLOG-EXPOECOMM.jpg?wsr","keywords":["blog"],"articleSection":["Crescimento","Digitaliza\u00e7\u00e3o e Desafios","Gest\u00e3o e Opera\u00e7\u00f5es","Jornada do Empreendedor","Log\u00edstica e Atendimento"],"inLanguage":"pt-BR","potentialAction":[{"@type":"CommentAction","name":"Comment","target":["https:\/\/uolhost.uol.com.br\/blog\/expoecomm-porto-alegre-empreendedores-desafios-ecommerce\/#respond"]}]},{"@type":"WebPage","@id":"https:\/\/uolhost.uol.com.br\/blog\/expoecomm-porto-alegre-empreendedores-desafios-ecommerce\/","url":"https:\/\/uolhost.uol.com.br\/blog\/expoecomm-porto-alegre-empreendedores-desafios-ecommerce\/","name":"ExpoEcomm Porto Alegre revela desafios do e-commerce para empreendedores locais","isPartOf":{"@id":"https:\/\/uolhost.uol.com.br\/blog\/#website"},"primaryImageOfPage":{"@id":"https:\/\/uolhost.uol.com.br\/blog\/expoecomm-porto-alegre-empreendedores-desafios-ecommerce\/#primaryimage"},"image":{"@id":"https:\/\/uolhost.uol.com.br\/blog\/expoecomm-porto-alegre-empreendedores-desafios-ecommerce\/#primaryimage"},"thumbnailUrl":"https:\/\/uolhost.uol.com.br\/blog\/wp-content\/uploads\/2026\/04\/BANNER_VLOG-EXPOECOMM.jpg?wsr","datePublished":"2026-04-09T19:34:32+00:00","dateModified":"2026-04-09T19:39:26+00:00","description":"Na ExpoEcomm Porto Alegre, empreendedores compartilham desafios do e-commerce, como tr\u00e1fego e vendas digitais, em entrevista com a Bacchus Accessorius.","breadcrumb":{"@id":"https:\/\/uolhost.uol.com.br\/blog\/expoecomm-porto-alegre-empreendedores-desafios-ecommerce\/#breadcrumb"},"inLanguage":"pt-BR","potentialAction":[{"@type":"ReadAction","target":["https:\/\/uolhost.uol.com.br\/blog\/expoecomm-porto-alegre-empreendedores-desafios-ecommerce\/"]}]},{"@type":"ImageObject","inLanguage":"pt-BR","@id":"https:\/\/uolhost.uol.com.br\/blog\/expoecomm-porto-alegre-empreendedores-desafios-ecommerce\/#primaryimage","url":"https:\/\/uolhost.uol.com.br\/blog\/wp-content\/uploads\/2026\/04\/BANNER_VLOG-EXPOECOMM.jpg?wsr","contentUrl":"https:\/\/uolhost.uol.com.br\/blog\/wp-content\/uploads\/2026\/04\/BANNER_VLOG-EXPOECOMM.jpg?wsr","width":800,"height":379,"caption":"expoecomm porto alegre"},{"@type":"BreadcrumbList","@id":"https:\/\/uolhost.uol.com.br\/blog\/expoecomm-porto-alegre-empreendedores-desafios-ecommerce\/#breadcrumb","itemListElement":[{"@type":"ListItem","position":1,"name":"In\u00edcio","item":"https:\/\/uolhost.uol.com.br\/blog\/"},{"@type":"ListItem","position":2,"name":"ExpoEcomm Porto Alegre: o que est\u00e1 por tr\u00e1s dos desafios do e-commerce"}]},{"@type":"WebSite","@id":"https:\/\/uolhost.uol.com.br\/blog\/#website","url":"https:\/\/uolhost.uol.com.br\/blog\/","name":"Blog UOL Host","description":"","publisher":{"@id":"https:\/\/uolhost.uol.com.br\/blog\/#organization"},"potentialAction":[{"@type":"SearchAction","target":{"@type":"EntryPoint","urlTemplate":"https:\/\/uolhost.uol.com.br\/blog\/?s={search_term_string}"},"query-input":{"@type":"PropertyValueSpecification","valueRequired":true,"valueName":"search_term_string"}}],"inLanguage":"pt-BR"},{"@type":"Organization","@id":"https:\/\/uolhost.uol.com.br\/blog\/#organization","name":"Blog UOL Host","url":"https:\/\/uolhost.uol.com.br\/blog\/","logo":{"@type":"ImageObject","inLanguage":"pt-BR","@id":"https:\/\/uolhost.uol.com.br\/blog\/#\/schema\/logo\/image\/","url":"https:\/\/uolhost.uol.com.br\/blog\/wp-content\/uploads\/2025\/01\/UOL_Host.png?wsr","contentUrl":"https:\/\/uolhost.uol.com.br\/blog\/wp-content\/uploads\/2025\/01\/UOL_Host.png?wsr","width":2000,"height":393,"caption":"Blog UOL Host"},"image":{"@id":"https:\/\/uolhost.uol.com.br\/blog\/#\/schema\/logo\/image\/"}},{"@type":"Person","@id":"https:\/\/uolhost.uol.com.br\/blog\/#\/schema\/person\/41505c2cd07dc07109e30bea51edee93","name":"Yuri Torres","image":{"@type":"ImageObject","inLanguage":"pt-BR","@id":"https:\/\/uolhost.uol.com.br\/blog\/#\/schema\/person\/image\/","url":"https:\/\/secure.gravatar.com\/avatar\/4c96a05faea9fdf86f95d5b723e438c9cc14ad5c342d76486e5a4c8ac8259492?s=96&d=mm&r=g","contentUrl":"https:\/\/secure.gravatar.com\/avatar\/4c96a05faea9fdf86f95d5b723e438c9cc14ad5c342d76486e5a4c8ac8259492?s=96&d=mm&r=g","caption":"Yuri Torres"},"description":"Profissional de Reda\u00e7\u00e3o e Marketing, com 10 anos de experi\u00eancia no desenvolvimento de estrat\u00e9gias de conte\u00fado voltadas \u00e0 comunica\u00e7\u00e3o de marcas. Atua na cria\u00e7\u00e3o de materiais que fortalecem a presen\u00e7a digital, ampliam o engajamento e contribuem para o alcance de resultados alinhados aos objetivos de neg\u00f3cio, com experi\u00eancia no atendimento a empresas de diferentes segmentos. LinkedIn","sameAs":["https:\/\/www.linkedin.com\/in\/yuri-torres-271093108\/"],"url":"https:\/\/uolhost.uol.com.br\/blog\/author\/yuri-torres\/"}]}},"_links":{"self":[{"href":"https:\/\/uolhost.uol.com.br\/blog\/wp-json\/wp\/v2\/posts\/20579","targetHints":{"allow":["GET"]}}],"collection":[{"href":"https:\/\/uolhost.uol.com.br\/blog\/wp-json\/wp\/v2\/posts"}],"about":[{"href":"https:\/\/uolhost.uol.com.br\/blog\/wp-json\/wp\/v2\/types\/post"}],"author":[{"embeddable":true,"href":"https:\/\/uolhost.uol.com.br\/blog\/wp-json\/wp\/v2\/users\/24"}],"replies":[{"embeddable":true,"href":"https:\/\/uolhost.uol.com.br\/blog\/wp-json\/wp\/v2\/comments?post=20579"}],"version-history":[{"count":1,"href":"https:\/\/uolhost.uol.com.br\/blog\/wp-json\/wp\/v2\/posts\/20579\/revisions"}],"predecessor-version":[{"id":20580,"href":"https:\/\/uolhost.uol.com.br\/blog\/wp-json\/wp\/v2\/posts\/20579\/revisions\/20580"}],"wp:featuredmedia":[{"embeddable":true,"href":"https:\/\/uolhost.uol.com.br\/blog\/wp-json\/wp\/v2\/media\/20581"}],"wp:attachment":[{"href":"https:\/\/uolhost.uol.com.br\/blog\/wp-json\/wp\/v2\/media?parent=20579"}],"wp:term":[{"taxonomy":"category","embeddable":true,"href":"https:\/\/uolhost.uol.com.br\/blog\/wp-json\/wp\/v2\/categories?post=20579"},{"taxonomy":"post_tag","embeddable":true,"href":"https:\/\/uolhost.uol.com.br\/blog\/wp-json\/wp\/v2\/tags?post=20579"}],"curies":[{"name":"wp","href":"https:\/\/api.w.org\/{rel}","templated":true}]}}