{"id":4215,"date":"2020-04-15T09:18:04","date_gmt":"2020-04-15T12:18:04","guid":{"rendered":"https:\/\/meunegocio.uol.com.br\/blog\/?p=4215"},"modified":"2026-01-15T11:39:59","modified_gmt":"2026-01-15T14:39:59","slug":"15-dicas-para-iniciar-sua-carreira-como-fotografo-freelancer","status":"publish","type":"post","link":"https:\/\/uolhost.uol.com.br\/blog\/15-dicas-para-iniciar-sua-carreira-como-fotografo-freelancer\/","title":{"rendered":"15 dicas para iniciar sua carreira como fot\u00f3grafo freelancer"},"content":{"rendered":"<h2>Se voc\u00ea quer iniciar em fotografia trabalhar como freelancer \u00e9 o melhor caminho!<\/h2>\n<p>Ser um fot\u00f3grafo&nbsp;<em>freelancer<\/em>&nbsp;\u00e9 algo bastante comum no mundo da fotografia. Seja porque desejam complementar a renda que j\u00e1 t\u00eam como funcion\u00e1rios de outras empresas ou porque t\u00eam esp\u00edrito empreendedor e querem trabalhar por conta pr\u00f3pria, muitos profissionais acabam optando por atuar como&nbsp;<em>freelancer<\/em>&nbsp;de fotografia.<\/p>\n<p>Mas ser um fot\u00f3grafo&nbsp;<em>freelancer<\/em>&nbsp;ou&nbsp;<em>frila<\/em>&nbsp;&#8211; como popularmente apelidado &#8211; bem-sucedido vai muito al\u00e9m de pegar um job ou outro no fim de semana. Se voc\u00ea realmente quer fazer uma carreira nessa \u00e1rea o ideal \u00e9 come\u00e7ar entendendo melhor como funciona e o que voc\u00ea pode fazer para iniciar com o p\u00e9 direito e se estabelecer nesse mercado.<\/p>\n<p><strong>O que significa ser um fot\u00f3grafo&nbsp;<em>freelancer<\/em>?<\/strong><\/p>\n<p>Os&nbsp;<em>freelancers<\/em>&nbsp;s\u00e3o profissionais aut\u00f4nomos que prestam servi\u00e7os para v\u00e1rias empresas e pessoas sem que haja um v\u00ednculo empregat\u00edcio entre eles. Mas nem por isso o&nbsp;<em>freelancer<\/em>&nbsp;\u00e9 algu\u00e9m que est\u00e1 abaixo de um fot\u00f3grafo que trabalha como CLT ou algu\u00e9m que n\u00e3o conseguiu entrar para o mercado de trabalho.<\/p>\n<p>Um fot\u00f3grafo&nbsp;<em>freelancer<\/em>&nbsp;pode ser t\u00e3o profissional quanto qualquer outro, e muitos deles escolheram seguir esse caminho em vez de se tornarem funcion\u00e1rios de outras empresas para ter mais flexibilidade e liberdade no seu dia a dia.&nbsp;<\/p>\n<p>Como costumam trabalhar sozinhos, al\u00e9m de fotografar, os&nbsp;<em>freelancers<\/em>&nbsp;tamb\u00e9m precisam dar conta do processo de capta\u00e7\u00e3o de clientes, atendimento, faturamento e cobran\u00e7a, emiss\u00e3o de notas e contratos, produ\u00e7\u00e3o, p\u00f3s-produ\u00e7\u00e3o e entrega dos materiais.<\/p>\n<p>E como acontece com qualquer outro segmento, atuar como&nbsp;<em>freelancer<\/em>&nbsp;em fotografia \u00e9 uma op\u00e7\u00e3o que tem benef\u00edcios e desafios. O ideal \u00e9 que voc\u00ea conhe\u00e7a bem esses pontos antes de investir com tudo nesta carreira, e \u00e9 isso o que vamos analisar no pr\u00f3ximo t\u00f3pico.<\/p>\n<p><a href=\"https:\/\/meunegocio.uol.com.br\/blog\/profissao-fotografo-tudo-o-que-voce-precisa-saber-para-ser-fotografo-profissional\/\">&gt;&gt; Quer ser um fot\u00f3grafo? Saiba tudo o que voc\u00ea precisa saber sobre essa profiss\u00e3o!<\/a><\/p>\n<p><strong>Fot\u00f3grafo&nbsp;<em>freelancer<\/em>: pr\u00f3s e contras<\/strong><\/p>\n<p>Os pr\u00f3s est\u00e3o relacionados \u00e0 liberdade e flexibilidade de ser o seu pr\u00f3prio chefe. Um fot\u00f3grafo&nbsp;<em>freelancer<\/em>&nbsp;tem a possibilidade de criar seus hor\u00e1rios e estabelecer uma rotina que est\u00e1 de acordo com a sua produtividade e com a forma pela qual ele prefere trabalhar. Isso \u00e9 muito importante, principalmente, nos trabalhos criativos, como a fotografia.<\/p>\n<p>Voc\u00ea tamb\u00e9m poder\u00e1 considerar a possibilidade de trabalhar em casa, em um&nbsp;<em>coworking<\/em>&nbsp;ou mesmo enquanto viaja e, com isso, economizar tempo e dinheiro com mobilidade.<\/p>\n<p>Contudo, mesmo essa flexibilidade pode se tornar algo ruim se voc\u00ea n\u00e3o souber se organizar. Muitos aut\u00f4nomos t\u00eam dificuldade de estabelecer uma rotina quando n\u00e3o est\u00e3o acostumados a trabalhar por conta pr\u00f3pria, e isso pode prejudicar significativamente os prazos e o resultado do trabalho.<\/p>\n<p>Al\u00e9m disso, um dos pontos mais delicados de ser&nbsp;<em>freelancer,<\/em>&nbsp;em qualquer \u00e1rea, \u00e9 que dificilmente h\u00e1 estabilidade nesse mercado, podendo haver per\u00edodos de escassez de trabalhos. Com isso, o fot\u00f3grafo&nbsp;<em>freelancer<\/em>&nbsp;precisa estar bem preparado financeiramente e ter uma reserva financeira para as semanas ou meses de &#8220;vacas magras&#8221;.<\/p>\n<p>Quem \u00e9 formalizado como MEI (Microempreendedor Individual) ou com alguma outra classifica\u00e7\u00e3o de empres\u00e1rio tem alguns benef\u00edcios, como a possibilidade de solicitar seguro-maternidade, aux\u00edlio-doen\u00e7a e estar contribuindo com o INSS, mas n\u00e3o contam com outras vantagens, como f\u00e9rias e d\u00e9cimo terceiro.&nbsp;<\/p>\n<p><a href=\"https:\/\/meunegocio.uol.com.br\/academia\/fotografos\/fotografo-saiba-como-ser-mei-e-ter-seu-cnpj.html\">&gt;&gt; Saiba mais sobre como se tornar um MEI fot\u00f3grafo e formalizar o seu neg\u00f3cio!<\/a><\/p>\n<p><strong>Como ser um fot\u00f3grafo&nbsp;<em>freelancer<\/em>&nbsp;em 15 passos<\/strong><\/p>\n<p><strong>#1 Busque se estruturar bem<\/strong><\/p>\n<p>Se voc\u00ea est\u00e1 pensando em se tornar um fot\u00f3grafo&nbsp;<em>freelancer<\/em>, o primeiro passo \u00e9 tentar se estruturar bem financeiramente antes de seguir nesta \u00e1rea, principalmente se voc\u00ea estiver abrindo m\u00e3o de trabalhar no mercado CLT e for depender apenas dos&nbsp;<em>frilas<\/em>&nbsp;que conseguir.<\/p>\n<p>Como pontuamos, nem sempre um&nbsp;<em>freelancer<\/em>&nbsp;tem um volume de trabalho que esteja de acordo com as suas despesas, principalmente no in\u00edcio da carreira. Ent\u00e3o \u00e9 importante ter uma boa reserva financeira para se manter enquanto voc\u00ea est\u00e1 se estabelecendo como profissional.<\/p>\n<p><strong>#2 Comece com bons equipamentos<\/strong><\/p>\n<p>Um dos grandes erros dos&nbsp;<em>freelances<\/em>&nbsp;\u00e9 acreditar que, s\u00f3 porque est\u00e3o come\u00e7ando, os clientes v\u00e3o entender se ainda n\u00e3o tiverem equipamentos que possibilitam fazer um trabalho de qualidade.<\/p>\n<p>Independentemente se \u00e9 o seu primeiro ou cent\u00e9simo&nbsp;<em>frila<\/em>, \u00e9 preciso utilizar os melhores equipamentos aos quais tiver acesso e produzir com a melhor qualidade poss\u00edvel.<\/p>\n<p><strong>#3 Estude o mercado e o p\u00fablico<\/strong><\/p>\n<p>Para come\u00e7ar com o p\u00e9 direito \u00e9 importante, tamb\u00e9m, pesquisar um pouco sobre o segmento no qual voc\u00ea pretende entrar, o tipo de p\u00fablico que quer atender e quem ser\u00e3o os seus concorrentes.<\/p>\n<p>Tudo isso vai ajud\u00e1-lo a criar um mix de servi\u00e7os mais atraente para o consumidor e favorecer o seu crescimento como&nbsp;<em>freelancer<\/em>&nbsp;de fotografia.<\/p>\n<p><strong>#4 N\u00e3o deixe de cobrar<\/strong><\/p>\n<p>Muitos fot\u00f3grafos se sentem mal em cobrar por seus servi\u00e7os quando est\u00e3o no come\u00e7o da carreira, e isso \u00e9 um grande erro. Desde que voc\u00ea fa\u00e7a o trabalho de forma profissional n\u00e3o tem por que deixar de cobrar.<\/p>\n<p>Se perguntando quanto cobrar? Fotografia freelancer bem a fotografia feita por freelancer \u00e9 como qualquer outra, ent\u00e3o voc\u00ea deve apurar os seus custos, incluir o valor do seu trabalho e pode at\u00e9 inclui um lucro para continuar investindo no seu neg\u00f3cio de foto.<\/p>\n<p><a href=\"https:\/\/meunegocio.uol.com.br\/academia\/fotografos\/como-montar-uma-tabela-de-precos-de-fotografia.html\">&gt;&gt; Veja aqui como precificar os seus servi\u00e7os de fotografia.<\/a><\/p>\n<p><strong>#5 Busque especializa\u00e7\u00e3o<\/strong><\/p>\n<p>Um bom profissional \u00e9 aquele que nunca para de aprender. O conhecimento ajuda a desenvolver o seu trabalho, e isso \u00e9 fundamental para que voc\u00ea se destaque no mercado de fotografia, capte e fidelize os consumidores.<\/p>\n<p>Pensando nisso, escolha uma \u00e1rea da fotografia para trabalhar e busque se especializar o m\u00e1ximo poss\u00edvel nela para se tornar uma refer\u00eancia no setor.<\/p>\n<p><strong>#6 Crie um portf\u00f3lio<\/strong><\/p>\n<p>O portf\u00f3lio \u00e9 uma pe\u00e7a fundamental para qualquer fot\u00f3grafo&nbsp;<em>freelancer<\/em>. \u00c9 neste arquivo que voc\u00ea vai mostrar os seus melhores trabalhos e, por isso, ele \u00e9 um \u00f3timo artif\u00edcio para convencer o cliente que voc\u00ea \u00e9 o profissional ideal para o&nbsp;<em>job<\/em>.<\/p>\n<p><a href=\"http:\/\/clicklogger.rm.uol.com.br\/?prd=939&amp;grp=src:13;chn:546;cpg:cross-sell-banner-site-pronto;&amp;msr=Cliques%20de%20Origem:1&amp;oper=11&amp;redir=https:\/\/cadastro.uol.com.br\/indexb.html?eos=yes&amp;skin=cadastrounificado\/visitor\/pf&amp;skinPath=meunegocio&amp;promochild=PROMOCRIATIVO\"><br \/>\n<img decoding=\"async\" src=\"https:\/\/uolhost.uol.com.br\/blog\/wp-content\/uploads\/2020\/04\/banner_uolmn_criadordesites_academia-1.jpg\" title=\"banner_uolmn_criadordesites_academia\" alt=\"banner_uolmn_criadordesites_academia\">\t\t\t\t\t\t\t\t<\/a><\/p>\n<p style=\"box-sizing: border-box; margin: 0px 0px 20px; font-size: 17px; line-height: 24px; word-break: break-word;\"><strong style=\"box-sizing: border-box; font-weight: bold;\">#7 N\u00e3o acumule tarefas<\/strong><\/p>\n<p style=\"box-sizing: border-box; margin: 0px 0px 20px; font-size: 17px; line-height: 24px; word-break: break-word;\">Como a instabilidade financeira \u00e9 um risco iminente, muitos fot\u00f3grafos&nbsp;<em style=\"box-sizing: border-box;\">freelancers<\/em>&nbsp;acabam aceitando muitos trabalhos e acumulando tarefas, e isso n\u00e3o \u00e9 bom.<\/p>\n<p style=\"box-sizing: border-box; margin: 0px 0px 20px; font-size: 17px; line-height: 24px; word-break: break-word;\">\u00c9 claro que \u00e9 \u00f3timo ter ofertas de trabalho, porque isso mostra que o p\u00fablico est\u00e1 gostando da sua atua\u00e7\u00e3o. Mas se voc\u00ea tentar fazer mais do que realmente consegue dar conta pode acabar perdendo em qualidade e atrasando prazos, e isso \u00e9 p\u00e9ssimo para a sua imagem como profissional.<\/p>\n<p style=\"box-sizing: border-box; margin: 0px 0px 20px; font-size: 17px; line-height: 24px; word-break: break-word;\"><strong style=\"box-sizing: border-box; font-weight: bold;\">#8 Formalize o neg\u00f3cio<\/strong><\/p>\n<p style=\"box-sizing: border-box; margin: 0px 0px 20px; font-size: 17px; line-height: 24px; word-break: break-word;\">Muitas pessoas acham que abrir uma empresa \u00e9 um processo dif\u00edcil, custoso e que s\u00f3 quem planeja ter muitos funcion\u00e1rios e sede pr\u00f3pria deve fazer, mas isso n\u00e3o \u00e9 verdade.<\/p>\n<p style=\"box-sizing: border-box; margin: 0px 0px 20px; font-size: 17px; line-height: 24px; word-break: break-word;\">Existem formatos de empresas para quem trabalha como aut\u00f4nomo e que permitem emitir notas fiscais, ter um CNPJ e diversas vantagens banc\u00e1rias, como a possibilidade de solicitar empr\u00e9stimos com taxas reduzidas para pessoa f\u00edsica.<\/p>\n<p style=\"box-sizing: border-box; margin: 0px 0px 20px; font-size: 17px; line-height: 24px; word-break: break-word;\">Al\u00e9m disso, ter uma empresa aberta passa um tom mais profissional para os seus clientes, o que \u00e9 fundamental para que eles confiem no seu trabalho e se sintam mais seguros em fechar neg\u00f3cio com voc\u00ea.<\/p>\n<p style=\"box-sizing: border-box; margin: 0px 0px 20px; font-size: 17px; line-height: 24px; word-break: break-word;\"><a style=\"box-sizing: border-box; background-color: transparent; color: #1082be; text-decoration: none;\" href=\"https:\/\/uolhost.uol.com.br\/academia\/noticias\/fotografos\/2018\/12\/04\/fotografo-saiba-como-ser-mei-e-ter-seu-cnpj.html#rmcl\">&gt;&gt;&nbsp; Leia tamb\u00e9m Fot\u00f3grafo: saiba como ser&nbsp;<\/a><a style=\"box-sizing: border-box; background-color: transparent; color: #1082be; text-decoration: none;\" href=\"https:\/\/meunegocio.uol.com.br\/academia\/fotografos\/fotografo-saiba-como-ser-mei-e-ter-seu-cnpj.html\">MEI<\/a>&nbsp;e ter seu&nbsp;<a style=\"box-sizing: border-box; background-color: transparent; color: #1082be; text-decoration: none;\" href=\"https:\/\/meunegocio.uol.com.br\/academia\/fotografos\/fotografo-saiba-como-ser-mei-e-ter-seu-cnpj.html\">CNPJ<\/a><\/p>\n<p style=\"box-sizing: border-box; margin: 0px 0px 20px; font-size: 17px; line-height: 24px; word-break: break-word;\"><strong style=\"box-sizing: border-box; font-weight: bold;\">#9<\/strong><strong style=\"box-sizing: border-box; font-weight: bold;\">&nbsp;Cuide da sua reputa\u00e7\u00e3o profissional<\/strong><\/p>\n<p style=\"box-sizing: border-box; margin: 0px 0px 20px; font-size: 17px; line-height: 24px; word-break: break-word;\">Quando voc\u00ea \u00e9 um fot\u00f3grafo&nbsp;<em style=\"box-sizing: border-box;\">frelancer<\/em>&nbsp;\u00e9 o seu nome, e apenas ele, que est\u00e1 em jogo. Isso significa que se voc\u00ea fizer um bom trabalho todos os louros ser\u00e3o para voc\u00ea, mas se pisar na bola tamb\u00e9m n\u00e3o ter\u00e1 onde se esconder.<\/p>\n<p style=\"box-sizing: border-box; margin: 0px 0px 20px; font-size: 17px; line-height: 24px; word-break: break-word;\">Por isso, novamente, \u00e9 importante prezar sempre pela qualidade e fazer tudo com o m\u00e1ximo de respeito e dedica\u00e7\u00e3o para o consumidor. Esse cuidado \u00e9 fundamental para construir uma imagem s\u00f3lida e positiva a seu respeito.&nbsp;<\/p>\n<p style=\"box-sizing: border-box; margin: 0px 0px 20px; font-size: 17px; line-height: 24px; word-break: break-word;\"><strong style=\"box-sizing: border-box; font-weight: bold;\">#10 Fa\u00e7a bons contatos<\/strong><\/p>\n<p style=\"box-sizing: border-box; margin: 0px 0px 20px; font-size: 17px; line-height: 24px; word-break: break-word;\">O mercado de fotografia \u00e9 muito vasto e cheio de oportunidades, mas as melhores s\u00e3o destinadas \u00e0s pessoas que conseguem fazer e manter bons contatos.<\/p>\n<p style=\"box-sizing: border-box; margin: 0px 0px 20px; font-size: 17px; line-height: 24px; word-break: break-word;\">Fazer&nbsp;<em style=\"box-sizing: border-box;\">networking<\/em>, ou seja, conhecer pessoas que possam ser profissionalmente interessantes, \u00e9 fundamental para que o fot\u00f3grafo&nbsp;<em style=\"box-sizing: border-box;\">freelancer<\/em>&nbsp;consiga contatos que podem se tornar fornecedores, parceiros e futuros clientes.<\/p>\n<p style=\"box-sizing: border-box; margin: 0px 0px 20px; font-size: 17px; line-height: 24px; word-break: break-word;\"><strong style=\"box-sizing: border-box; font-weight: bold;\">#11 Divulgue o seu trabalho<\/strong><\/p>\n<p style=\"box-sizing: border-box; margin: 0px 0px 20px; font-size: 17px; line-height: 24px; word-break: break-word;\">Como o fot\u00f3grafo&nbsp;<em style=\"box-sizing: border-box;\">freelancer<\/em>&nbsp;tem de batalhar todos os meses por trabalhos, \u00e9 muito importante que ele conte com t\u00e9cnicas que facilitem a capta\u00e7\u00e3o de novos clientes e, nesse sentido, a divulga\u00e7\u00e3o torna-se fundamental.<\/p>\n<p style=\"box-sizing: border-box; margin: 0px 0px 20px; font-size: 17px; line-height: 24px; word-break: break-word;\">Para isso, voc\u00ea pode usar ferramentas como o seu site, redes sociais, v\u00eddeos, estar presente em eventos e distribuir materiais impressos para que mais pessoas conhe\u00e7am voc\u00ea e o seu trabalho.<\/p>\n<p style=\"box-sizing: border-box; margin: 0px 0px 20px; font-size: 17px; line-height: 24px; word-break: break-word;\"><a style=\"box-sizing: border-box; background-color: transparent; color: #1082be; text-decoration: none;\" href=\"https:\/\/meunegocio.uol.com.br\/academia\/downloads\/empreendedorismo-para-fotografos\/mini-guia---marketing-digital-para-fotografos.html\">&gt;&gt; Aproveite para ler Marketing para fot\u00f3grafos: como divulgar suas fotografias<\/a><\/p>\n<p style=\"box-sizing: border-box; margin: 0px 0px 20px; font-size: 17px; line-height: 24px; word-break: break-word;\"><strong style=\"box-sizing: border-box; font-weight: bold;\">#12 Preze pela organiza\u00e7\u00e3o<\/strong><\/p>\n<p style=\"box-sizing: border-box; margin: 0px 0px 20px; font-size: 17px; line-height: 24px; word-break: break-word;\">Voc\u00ea j\u00e1 sabe que a desorganiza\u00e7\u00e3o tem efeitos terr\u00edveis na vida de um&nbsp;<em style=\"box-sizing: border-box;\">freelancer<\/em>. Fotografia \u00e9 uma arte que precisa de tempo para ser bem feita e planejada, ent\u00e3o \u00e9 preciso que encontre as melhores formas de se organizar com os v\u00e1rios&nbsp;<em style=\"box-sizing: border-box;\">frilas<\/em>&nbsp;que v\u00e3o come\u00e7ar a aparecer.<\/p>\n<p style=\"box-sizing: border-box; margin: 0px 0px 20px; font-size: 17px; line-height: 24px; word-break: break-word;\">Para isso voc\u00ea pode usar uma agenda, um calend\u00e1rio ou at\u00e9 uma ferramenta online para saber quando e onde precisa estar e que tarefas tem para desempenhar.&nbsp;<\/p>\n<p style=\"box-sizing: border-box; margin: 0px 0px 20px; font-size: 17px; line-height: 24px; word-break: break-word;\"><strong style=\"box-sizing: border-box; font-weight: bold;\">#13 Priorize o atendimento<\/strong><\/p>\n<p style=\"box-sizing: border-box; margin: 0px 0px 20px; font-size: 17px; line-height: 24px; word-break: break-word;\">N\u00e3o pense que s\u00e3o s\u00f3 as suas fotos que devem conquistar o consumidor. Como&nbsp;<em style=\"box-sizing: border-box;\">freelancer<\/em>&nbsp;voc\u00ea deve acompanh\u00e1-lo em todo o processo, desde o primeiro pedido de or\u00e7amento at\u00e9 a entrega das imagens tratadas.<\/p>\n<p style=\"box-sizing: border-box; margin: 0px 0px 20px; font-size: 17px; line-height: 24px; word-break: break-word;\">Ser atencioso e prestativo \u00e9 fundamental para que o cliente se sinta feliz e seguro em contrat\u00e1-lo e se torne um consumidor fiel.<\/p>\n<p style=\"box-sizing: border-box; margin: 0px 0px 20px; font-size: 17px; line-height: 24px; word-break: break-word;\"><strong style=\"box-sizing: border-box; font-weight: bold;\">#14 Fa\u00e7a parte da comunidade<\/strong><\/p>\n<p style=\"box-sizing: border-box; margin: 0px 0px 20px; font-size: 17px; line-height: 24px; word-break: break-word;\">Existem muitos sites e comunidades que ajudam a conectar quem precisa de um fot\u00f3grafo&nbsp;<em style=\"box-sizing: border-box;\">freelancer<\/em>&nbsp;e os profissionais que desempenham esse trabalho. Estar presente nesses ambientes \u00e9 uma \u00f3tima forma de fazer contatos e conseguir clientes.<\/p>\n<p style=\"box-sizing: border-box; margin: 0px 0px 20px; font-size: 17px; line-height: 24px; word-break: break-word;\"><strong style=\"box-sizing: border-box; font-weight: bold;\">#15 Pe\u00e7a um&nbsp;<em style=\"box-sizing: border-box;\">feedback<\/em><\/strong><\/p>\n<p style=\"box-sizing: border-box; margin: 0px 0px 20px; font-size: 17px; line-height: 24px; word-break: break-word;\">Depois de entregar as fotos, vale sempre a pena enviar uma pesquisa de satisfa\u00e7\u00e3o ou simplesmente pedir um&nbsp;<em style=\"box-sizing: border-box;\">feedback<\/em>&nbsp;aos seus clientes. Al\u00e9m de ajud\u00e1-lo a identificar pontos nos quais voc\u00ea pode melhorar, essa \u00e9 uma excelente forma de colher depoimentos para usar no seu site e em suas redes sociais.&nbsp;<\/p>\n","protected":false},"excerpt":{"rendered":"<p>Se voc\u00ea quer iniciar em fotografia trabalhar como freelancer \u00e9 o melhor caminho! Ser um fot\u00f3grafo&nbsp;freelancer&nbsp;\u00e9 algo bastante comum no mundo da fotografia. Seja porque desejam complementar a renda que j\u00e1 t\u00eam como funcion\u00e1rios de outras empresas ou porque t\u00eam esp\u00edrito empreendedor e querem trabalhar por conta pr\u00f3pria, muitos profissionais acabam optando por atuar como&nbsp;freelancer&nbsp;de [&hellip;]<\/p>\n","protected":false},"author":24,"featured_media":4249,"comment_status":"closed","ping_status":"closed","sticky":false,"template":"","format":"standard","meta":{"footnotes":""},"categories":[1451,69,1464,41],"tags":[],"class_list":["post-4215","post","type-post","status-publish","format-standard","has-post-thumbnail","hentry","category-crescimento","category-fotografia","category-jornada-do-empreendedor","category-tipos-de-negocio"],"gutentor_comment":0,"yoast_head":"<!-- This site is optimized with the Yoast SEO plugin v26.4 - https:\/\/yoast.com\/wordpress\/plugins\/seo\/ -->\n<title>15 dicas para iniciar sua carreira como fot\u00f3grafo freelancer - Blog UOL Meu neg\u00f3cio<\/title>\n<meta name=\"description\" content=\"15 dicas para iniciar sua carreira como fot\u00f3grafo freelancer : leia este ou outros artigos sobre Fot\u00f3grafos na Academia UOL Meu neg\u00f3cio.\" \/>\n<meta name=\"robots\" content=\"index, follow, max-snippet:-1, max-image-preview:large, max-video-preview:-1\" \/>\n<link rel=\"canonical\" href=\"https:\/\/uolhost.uol.com.br\/blog\/15-dicas-para-iniciar-sua-carreira-como-fotografo-freelancer\/\" \/>\n<meta property=\"og:locale\" content=\"pt_BR\" \/>\n<meta property=\"og:type\" content=\"article\" \/>\n<meta property=\"og:title\" content=\"15 dicas para iniciar sua carreira como fot\u00f3grafo freelancer - Blog UOL Meu neg\u00f3cio\" \/>\n<meta property=\"og:description\" content=\"15 dicas para iniciar sua carreira como fot\u00f3grafo freelancer : leia este ou outros artigos sobre Fot\u00f3grafos na Academia UOL Meu neg\u00f3cio.\" \/>\n<meta property=\"og:url\" content=\"https:\/\/uolhost.uol.com.br\/blog\/15-dicas-para-iniciar-sua-carreira-como-fotografo-freelancer\/\" \/>\n<meta property=\"article:published_time\" content=\"2020-04-15T12:18:04+00:00\" \/>\n<meta property=\"article:modified_time\" content=\"2026-01-15T14:39:59+00:00\" \/>\n<meta property=\"og:image\" content=\"https:\/\/uolhost.uol.com.br\/blog\/wp-content\/uploads\/2020\/04\/15-dicas-para-iniciar-sua-carreira-como-fotografo-freelancer.jpg\" \/>\n\t<meta property=\"og:image:width\" content=\"600\" \/>\n\t<meta property=\"og:image:height\" content=\"320\" \/>\n\t<meta property=\"og:image:type\" content=\"image\/jpeg\" \/>\n<meta name=\"author\" content=\"Yuri Torres\" \/>\n<meta name=\"twitter:card\" content=\"summary_large_image\" \/>\n<meta name=\"twitter:label1\" content=\"Escrito por\" \/>\n\t<meta name=\"twitter:data1\" content=\"Yuri Torres\" \/>\n\t<meta name=\"twitter:label2\" content=\"Est. tempo de leitura\" \/>\n\t<meta name=\"twitter:data2\" content=\"9 minutos\" \/>\n<script type=\"application\/ld+json\" class=\"yoast-schema-graph\">{\"@context\":\"https:\/\/schema.org\",\"@graph\":[{\"@type\":\"Article\",\"@id\":\"https:\/\/uolhost.uol.com.br\/blog\/15-dicas-para-iniciar-sua-carreira-como-fotografo-freelancer\/#article\",\"isPartOf\":{\"@id\":\"https:\/\/uolhost.uol.com.br\/blog\/15-dicas-para-iniciar-sua-carreira-como-fotografo-freelancer\/\"},\"author\":{\"name\":\"Yuri Torres\",\"@id\":\"https:\/\/uolhost.uol.com.br\/blog\/#\/schema\/person\/41505c2cd07dc07109e30bea51edee93\"},\"headline\":\"15 dicas para iniciar sua carreira como fot\u00f3grafo freelancer\",\"datePublished\":\"2020-04-15T12:18:04+00:00\",\"dateModified\":\"2026-01-15T14:39:59+00:00\",\"mainEntityOfPage\":{\"@id\":\"https:\/\/uolhost.uol.com.br\/blog\/15-dicas-para-iniciar-sua-carreira-como-fotografo-freelancer\/\"},\"wordCount\":1808,\"publisher\":{\"@id\":\"https:\/\/uolhost.uol.com.br\/blog\/#organization\"},\"image\":{\"@id\":\"https:\/\/uolhost.uol.com.br\/blog\/15-dicas-para-iniciar-sua-carreira-como-fotografo-freelancer\/#primaryimage\"},\"thumbnailUrl\":\"https:\/\/uolhost.uol.com.br\/blog\/wp-content\/uploads\/2020\/04\/15-dicas-para-iniciar-sua-carreira-como-fotografo-freelancer.jpg?wsr\",\"articleSection\":[\"Crescimento\",\"Fotografia\",\"Jornada do Empreendedor\",\"Tipos de Neg\u00f3cio\"],\"inLanguage\":\"pt-BR\"},{\"@type\":\"WebPage\",\"@id\":\"https:\/\/uolhost.uol.com.br\/blog\/15-dicas-para-iniciar-sua-carreira-como-fotografo-freelancer\/\",\"url\":\"https:\/\/uolhost.uol.com.br\/blog\/15-dicas-para-iniciar-sua-carreira-como-fotografo-freelancer\/\",\"name\":\"15 dicas para iniciar sua carreira como fot\u00f3grafo freelancer - Blog UOL Meu neg\u00f3cio\",\"isPartOf\":{\"@id\":\"https:\/\/uolhost.uol.com.br\/blog\/#website\"},\"primaryImageOfPage\":{\"@id\":\"https:\/\/uolhost.uol.com.br\/blog\/15-dicas-para-iniciar-sua-carreira-como-fotografo-freelancer\/#primaryimage\"},\"image\":{\"@id\":\"https:\/\/uolhost.uol.com.br\/blog\/15-dicas-para-iniciar-sua-carreira-como-fotografo-freelancer\/#primaryimage\"},\"thumbnailUrl\":\"https:\/\/uolhost.uol.com.br\/blog\/wp-content\/uploads\/2020\/04\/15-dicas-para-iniciar-sua-carreira-como-fotografo-freelancer.jpg?wsr\",\"datePublished\":\"2020-04-15T12:18:04+00:00\",\"dateModified\":\"2026-01-15T14:39:59+00:00\",\"description\":\"15 dicas para iniciar sua carreira como fot\u00f3grafo freelancer : leia este ou outros artigos sobre Fot\u00f3grafos na Academia UOL Meu neg\u00f3cio.\",\"breadcrumb\":{\"@id\":\"https:\/\/uolhost.uol.com.br\/blog\/15-dicas-para-iniciar-sua-carreira-como-fotografo-freelancer\/#breadcrumb\"},\"inLanguage\":\"pt-BR\",\"potentialAction\":[{\"@type\":\"ReadAction\",\"target\":[\"https:\/\/uolhost.uol.com.br\/blog\/15-dicas-para-iniciar-sua-carreira-como-fotografo-freelancer\/\"]}]},{\"@type\":\"ImageObject\",\"inLanguage\":\"pt-BR\",\"@id\":\"https:\/\/uolhost.uol.com.br\/blog\/15-dicas-para-iniciar-sua-carreira-como-fotografo-freelancer\/#primaryimage\",\"url\":\"https:\/\/uolhost.uol.com.br\/blog\/wp-content\/uploads\/2020\/04\/15-dicas-para-iniciar-sua-carreira-como-fotografo-freelancer.jpg?wsr\",\"contentUrl\":\"https:\/\/uolhost.uol.com.br\/blog\/wp-content\/uploads\/2020\/04\/15-dicas-para-iniciar-sua-carreira-como-fotografo-freelancer.jpg?wsr\",\"width\":600,\"height\":320},{\"@type\":\"BreadcrumbList\",\"@id\":\"https:\/\/uolhost.uol.com.br\/blog\/15-dicas-para-iniciar-sua-carreira-como-fotografo-freelancer\/#breadcrumb\",\"itemListElement\":[{\"@type\":\"ListItem\",\"position\":1,\"name\":\"In\u00edcio\",\"item\":\"https:\/\/uolhost.uol.com.br\/blog\/\"},{\"@type\":\"ListItem\",\"position\":2,\"name\":\"15 dicas para iniciar sua carreira como fot\u00f3grafo freelancer\"}]},{\"@type\":\"WebSite\",\"@id\":\"https:\/\/uolhost.uol.com.br\/blog\/#website\",\"url\":\"https:\/\/uolhost.uol.com.br\/blog\/\",\"name\":\"Blog UOL Host\",\"description\":\"\",\"publisher\":{\"@id\":\"https:\/\/uolhost.uol.com.br\/blog\/#organization\"},\"potentialAction\":[{\"@type\":\"SearchAction\",\"target\":{\"@type\":\"EntryPoint\",\"urlTemplate\":\"https:\/\/uolhost.uol.com.br\/blog\/?s={search_term_string}\"},\"query-input\":{\"@type\":\"PropertyValueSpecification\",\"valueRequired\":true,\"valueName\":\"search_term_string\"}}],\"inLanguage\":\"pt-BR\"},{\"@type\":\"Organization\",\"@id\":\"https:\/\/uolhost.uol.com.br\/blog\/#organization\",\"name\":\"Blog UOL Host\",\"url\":\"https:\/\/uolhost.uol.com.br\/blog\/\",\"logo\":{\"@type\":\"ImageObject\",\"inLanguage\":\"pt-BR\",\"@id\":\"https:\/\/uolhost.uol.com.br\/blog\/#\/schema\/logo\/image\/\",\"url\":\"https:\/\/uolhost.uol.com.br\/blog\/wp-content\/uploads\/2025\/01\/UOL_Host.png?wsr\",\"contentUrl\":\"https:\/\/uolhost.uol.com.br\/blog\/wp-content\/uploads\/2025\/01\/UOL_Host.png?wsr\",\"width\":2000,\"height\":393,\"caption\":\"Blog UOL Host\"},\"image\":{\"@id\":\"https:\/\/uolhost.uol.com.br\/blog\/#\/schema\/logo\/image\/\"}},{\"@type\":\"Person\",\"@id\":\"https:\/\/uolhost.uol.com.br\/blog\/#\/schema\/person\/41505c2cd07dc07109e30bea51edee93\",\"name\":\"Yuri Torres\",\"image\":{\"@type\":\"ImageObject\",\"inLanguage\":\"pt-BR\",\"@id\":\"https:\/\/uolhost.uol.com.br\/blog\/#\/schema\/person\/image\/\",\"url\":\"https:\/\/secure.gravatar.com\/avatar\/4c96a05faea9fdf86f95d5b723e438c9cc14ad5c342d76486e5a4c8ac8259492?s=96&d=mm&r=g\",\"contentUrl\":\"https:\/\/secure.gravatar.com\/avatar\/4c96a05faea9fdf86f95d5b723e438c9cc14ad5c342d76486e5a4c8ac8259492?s=96&d=mm&r=g\",\"caption\":\"Yuri Torres\"},\"description\":\"Profissional de Reda\u00e7\u00e3o e Marketing, com 10 anos de experi\u00eancia no desenvolvimento de estrat\u00e9gias de conte\u00fado voltadas \u00e0 comunica\u00e7\u00e3o de marcas. Atua na cria\u00e7\u00e3o de materiais que fortalecem a presen\u00e7a digital, ampliam o engajamento e contribuem para o alcance de resultados alinhados aos objetivos de neg\u00f3cio, com experi\u00eancia no atendimento a empresas de diferentes segmentos. LinkedIn\",\"sameAs\":[\"https:\/\/www.linkedin.com\/in\/yuri-torres-271093108\/\"],\"url\":\"https:\/\/uolhost.uol.com.br\/blog\/author\/yuri-torres\/\"}]}<\/script>\n<!-- \/ Yoast SEO plugin. -->","yoast_head_json":{"title":"15 dicas para iniciar sua carreira como fot\u00f3grafo freelancer - Blog UOL Meu neg\u00f3cio","description":"15 dicas para iniciar sua carreira como fot\u00f3grafo freelancer : leia este ou outros artigos sobre Fot\u00f3grafos na Academia UOL Meu neg\u00f3cio.","robots":{"index":"index","follow":"follow","max-snippet":"max-snippet:-1","max-image-preview":"max-image-preview:large","max-video-preview":"max-video-preview:-1"},"canonical":"https:\/\/uolhost.uol.com.br\/blog\/15-dicas-para-iniciar-sua-carreira-como-fotografo-freelancer\/","og_locale":"pt_BR","og_type":"article","og_title":"15 dicas para iniciar sua carreira como fot\u00f3grafo freelancer - Blog UOL Meu neg\u00f3cio","og_description":"15 dicas para iniciar sua carreira como fot\u00f3grafo freelancer : leia este ou outros artigos sobre Fot\u00f3grafos na Academia UOL Meu neg\u00f3cio.","og_url":"https:\/\/uolhost.uol.com.br\/blog\/15-dicas-para-iniciar-sua-carreira-como-fotografo-freelancer\/","article_published_time":"2020-04-15T12:18:04+00:00","article_modified_time":"2026-01-15T14:39:59+00:00","og_image":[{"width":600,"height":320,"url":"https:\/\/uolhost.uol.com.br\/blog\/wp-content\/uploads\/2020\/04\/15-dicas-para-iniciar-sua-carreira-como-fotografo-freelancer.jpg","type":"image\/jpeg"}],"author":"Yuri Torres","twitter_card":"summary_large_image","twitter_misc":{"Escrito por":"Yuri Torres","Est. tempo de leitura":"9 minutos"},"schema":{"@context":"https:\/\/schema.org","@graph":[{"@type":"Article","@id":"https:\/\/uolhost.uol.com.br\/blog\/15-dicas-para-iniciar-sua-carreira-como-fotografo-freelancer\/#article","isPartOf":{"@id":"https:\/\/uolhost.uol.com.br\/blog\/15-dicas-para-iniciar-sua-carreira-como-fotografo-freelancer\/"},"author":{"name":"Yuri Torres","@id":"https:\/\/uolhost.uol.com.br\/blog\/#\/schema\/person\/41505c2cd07dc07109e30bea51edee93"},"headline":"15 dicas para iniciar sua carreira como fot\u00f3grafo freelancer","datePublished":"2020-04-15T12:18:04+00:00","dateModified":"2026-01-15T14:39:59+00:00","mainEntityOfPage":{"@id":"https:\/\/uolhost.uol.com.br\/blog\/15-dicas-para-iniciar-sua-carreira-como-fotografo-freelancer\/"},"wordCount":1808,"publisher":{"@id":"https:\/\/uolhost.uol.com.br\/blog\/#organization"},"image":{"@id":"https:\/\/uolhost.uol.com.br\/blog\/15-dicas-para-iniciar-sua-carreira-como-fotografo-freelancer\/#primaryimage"},"thumbnailUrl":"https:\/\/uolhost.uol.com.br\/blog\/wp-content\/uploads\/2020\/04\/15-dicas-para-iniciar-sua-carreira-como-fotografo-freelancer.jpg?wsr","articleSection":["Crescimento","Fotografia","Jornada do Empreendedor","Tipos de Neg\u00f3cio"],"inLanguage":"pt-BR"},{"@type":"WebPage","@id":"https:\/\/uolhost.uol.com.br\/blog\/15-dicas-para-iniciar-sua-carreira-como-fotografo-freelancer\/","url":"https:\/\/uolhost.uol.com.br\/blog\/15-dicas-para-iniciar-sua-carreira-como-fotografo-freelancer\/","name":"15 dicas para iniciar sua carreira como fot\u00f3grafo freelancer - Blog UOL Meu neg\u00f3cio","isPartOf":{"@id":"https:\/\/uolhost.uol.com.br\/blog\/#website"},"primaryImageOfPage":{"@id":"https:\/\/uolhost.uol.com.br\/blog\/15-dicas-para-iniciar-sua-carreira-como-fotografo-freelancer\/#primaryimage"},"image":{"@id":"https:\/\/uolhost.uol.com.br\/blog\/15-dicas-para-iniciar-sua-carreira-como-fotografo-freelancer\/#primaryimage"},"thumbnailUrl":"https:\/\/uolhost.uol.com.br\/blog\/wp-content\/uploads\/2020\/04\/15-dicas-para-iniciar-sua-carreira-como-fotografo-freelancer.jpg?wsr","datePublished":"2020-04-15T12:18:04+00:00","dateModified":"2026-01-15T14:39:59+00:00","description":"15 dicas para iniciar sua carreira como fot\u00f3grafo freelancer : leia este ou outros artigos sobre Fot\u00f3grafos na Academia UOL Meu neg\u00f3cio.","breadcrumb":{"@id":"https:\/\/uolhost.uol.com.br\/blog\/15-dicas-para-iniciar-sua-carreira-como-fotografo-freelancer\/#breadcrumb"},"inLanguage":"pt-BR","potentialAction":[{"@type":"ReadAction","target":["https:\/\/uolhost.uol.com.br\/blog\/15-dicas-para-iniciar-sua-carreira-como-fotografo-freelancer\/"]}]},{"@type":"ImageObject","inLanguage":"pt-BR","@id":"https:\/\/uolhost.uol.com.br\/blog\/15-dicas-para-iniciar-sua-carreira-como-fotografo-freelancer\/#primaryimage","url":"https:\/\/uolhost.uol.com.br\/blog\/wp-content\/uploads\/2020\/04\/15-dicas-para-iniciar-sua-carreira-como-fotografo-freelancer.jpg?wsr","contentUrl":"https:\/\/uolhost.uol.com.br\/blog\/wp-content\/uploads\/2020\/04\/15-dicas-para-iniciar-sua-carreira-como-fotografo-freelancer.jpg?wsr","width":600,"height":320},{"@type":"BreadcrumbList","@id":"https:\/\/uolhost.uol.com.br\/blog\/15-dicas-para-iniciar-sua-carreira-como-fotografo-freelancer\/#breadcrumb","itemListElement":[{"@type":"ListItem","position":1,"name":"In\u00edcio","item":"https:\/\/uolhost.uol.com.br\/blog\/"},{"@type":"ListItem","position":2,"name":"15 dicas para iniciar sua carreira como fot\u00f3grafo freelancer"}]},{"@type":"WebSite","@id":"https:\/\/uolhost.uol.com.br\/blog\/#website","url":"https:\/\/uolhost.uol.com.br\/blog\/","name":"Blog UOL Host","description":"","publisher":{"@id":"https:\/\/uolhost.uol.com.br\/blog\/#organization"},"potentialAction":[{"@type":"SearchAction","target":{"@type":"EntryPoint","urlTemplate":"https:\/\/uolhost.uol.com.br\/blog\/?s={search_term_string}"},"query-input":{"@type":"PropertyValueSpecification","valueRequired":true,"valueName":"search_term_string"}}],"inLanguage":"pt-BR"},{"@type":"Organization","@id":"https:\/\/uolhost.uol.com.br\/blog\/#organization","name":"Blog UOL Host","url":"https:\/\/uolhost.uol.com.br\/blog\/","logo":{"@type":"ImageObject","inLanguage":"pt-BR","@id":"https:\/\/uolhost.uol.com.br\/blog\/#\/schema\/logo\/image\/","url":"https:\/\/uolhost.uol.com.br\/blog\/wp-content\/uploads\/2025\/01\/UOL_Host.png?wsr","contentUrl":"https:\/\/uolhost.uol.com.br\/blog\/wp-content\/uploads\/2025\/01\/UOL_Host.png?wsr","width":2000,"height":393,"caption":"Blog UOL Host"},"image":{"@id":"https:\/\/uolhost.uol.com.br\/blog\/#\/schema\/logo\/image\/"}},{"@type":"Person","@id":"https:\/\/uolhost.uol.com.br\/blog\/#\/schema\/person\/41505c2cd07dc07109e30bea51edee93","name":"Yuri Torres","image":{"@type":"ImageObject","inLanguage":"pt-BR","@id":"https:\/\/uolhost.uol.com.br\/blog\/#\/schema\/person\/image\/","url":"https:\/\/secure.gravatar.com\/avatar\/4c96a05faea9fdf86f95d5b723e438c9cc14ad5c342d76486e5a4c8ac8259492?s=96&d=mm&r=g","contentUrl":"https:\/\/secure.gravatar.com\/avatar\/4c96a05faea9fdf86f95d5b723e438c9cc14ad5c342d76486e5a4c8ac8259492?s=96&d=mm&r=g","caption":"Yuri Torres"},"description":"Profissional de Reda\u00e7\u00e3o e Marketing, com 10 anos de experi\u00eancia no desenvolvimento de estrat\u00e9gias de conte\u00fado voltadas \u00e0 comunica\u00e7\u00e3o de marcas. Atua na cria\u00e7\u00e3o de materiais que fortalecem a presen\u00e7a digital, ampliam o engajamento e contribuem para o alcance de resultados alinhados aos objetivos de neg\u00f3cio, com experi\u00eancia no atendimento a empresas de diferentes segmentos. LinkedIn","sameAs":["https:\/\/www.linkedin.com\/in\/yuri-torres-271093108\/"],"url":"https:\/\/uolhost.uol.com.br\/blog\/author\/yuri-torres\/"}]}},"_links":{"self":[{"href":"https:\/\/uolhost.uol.com.br\/blog\/wp-json\/wp\/v2\/posts\/4215","targetHints":{"allow":["GET"]}}],"collection":[{"href":"https:\/\/uolhost.uol.com.br\/blog\/wp-json\/wp\/v2\/posts"}],"about":[{"href":"https:\/\/uolhost.uol.com.br\/blog\/wp-json\/wp\/v2\/types\/post"}],"author":[{"embeddable":true,"href":"https:\/\/uolhost.uol.com.br\/blog\/wp-json\/wp\/v2\/users\/24"}],"replies":[{"embeddable":true,"href":"https:\/\/uolhost.uol.com.br\/blog\/wp-json\/wp\/v2\/comments?post=4215"}],"version-history":[{"count":1,"href":"https:\/\/uolhost.uol.com.br\/blog\/wp-json\/wp\/v2\/posts\/4215\/revisions"}],"predecessor-version":[{"id":19014,"href":"https:\/\/uolhost.uol.com.br\/blog\/wp-json\/wp\/v2\/posts\/4215\/revisions\/19014"}],"wp:featuredmedia":[{"embeddable":true,"href":"https:\/\/uolhost.uol.com.br\/blog\/wp-json\/wp\/v2\/media\/4249"}],"wp:attachment":[{"href":"https:\/\/uolhost.uol.com.br\/blog\/wp-json\/wp\/v2\/media?parent=4215"}],"wp:term":[{"taxonomy":"category","embeddable":true,"href":"https:\/\/uolhost.uol.com.br\/blog\/wp-json\/wp\/v2\/categories?post=4215"},{"taxonomy":"post_tag","embeddable":true,"href":"https:\/\/uolhost.uol.com.br\/blog\/wp-json\/wp\/v2\/tags?post=4215"}],"curies":[{"name":"wp","href":"https:\/\/api.w.org\/{rel}","templated":true}]}}