{"id":4379,"date":"2020-04-16T14:20:49","date_gmt":"2020-04-16T17:20:49","guid":{"rendered":"https:\/\/meunegocio.uol.com.br\/blog\/?p=4379"},"modified":"2026-01-15T11:39:58","modified_gmt":"2026-01-15T14:39:58","slug":"com-ajuda-de-blog-fotografo-impulsiona-negocios-e-ganha-mais-de-40-premios","status":"publish","type":"post","link":"https:\/\/uolhost.uol.com.br\/blog\/com-ajuda-de-blog-fotografo-impulsiona-negocios-e-ganha-mais-de-40-premios\/","title":{"rendered":"Com ajuda de blog, fot\u00f3grafo impulsiona neg\u00f3cios e ganha mais de 40 pr\u00eamios"},"content":{"rendered":"<h2 style=\"font-family: UOLText, Arial, sans-serif; font-weight: 100; line-height: 1.1; color: #444444; margin-bottom: 25px; font-size: 26px; letter-spacing: normal; text-align: start;\">Inspire-se com a hist\u00f3ria de sucesso do Willian Lima<\/h2>\n<p style=\"font-size: 17px; line-height: 24px; word-break: break-word; color: #666666; font-family: UOLText, Arial, sans-serif; letter-spacing: normal;\">Quem v\u00ea&nbsp;<a style=\"color: #1082be;\" href=\"https:\/\/willianlimastudio.com\/\">Willian Lima<\/a>&nbsp;hoje, premiado fot\u00f3grafo brasileiro e um dos mais conhecidos educadores na \u00e1rea de fotografia, n\u00e3o imagina que ele iniciou na carreira quase que por acaso.<\/p>\n<p style=\"font-size: 17px; line-height: 24px; word-break: break-word; color: #666666; font-family: UOLText, Arial, sans-serif; letter-spacing: normal;\">Foi por volta de 2005, durante o casamento de uma prima, que Willian teve o primeiro contato direto com a fotografia. Na ocasi\u00e3o, o ent\u00e3o designer estava iniciando sua ag\u00eancia ao lado da esposa, Priscila Lima, e embora j\u00e1 se interessasse pela arte, n\u00e3o tinha tido chance de fotografar.<\/p>\n<p style=\"font-size: 17px; line-height: 24px; word-break: break-word; color: #666666; font-family: UOLText, Arial, sans-serif; letter-spacing: normal;\">Apesar de ter fot\u00f3grafos no casamento de sua prima, Willian teve a oportunidade de usar uma das c\u00e2meras profissionais e n\u00e3o a desperdi\u00e7ou. &#8220;Ainda era a \u00e9poca das c\u00e2meras anal\u00f3gicas, muito mais complexas do que as digitais, e aquele foi meu primeiro contato com um equipamento daqueles&#8221;, relembra.<\/p>\n<p style=\"font-size: 17px; line-height: 24px; word-break: break-word; color: #666666; font-family: UOLText, Arial, sans-serif; letter-spacing: normal;\">Depois daquele momento, Willian sabia que a fotografia iria ocupar um grande espa\u00e7o na sua vida. O primeiro passo para ingressar na carreira foi criar um plano de neg\u00f3cio e formar um portf\u00f3lio fotogr\u00e1fico. E, para isso, ele e sua esposa passaram a oferecer servi\u00e7os de fotografia aos amigos pr\u00f3ximos.<\/p>\n<p style=\"font-size: 17px; line-height: 24px; word-break: break-word; color: #666666; font-family: UOLText, Arial, sans-serif; letter-spacing: normal;\"><a style=\"color: #1082be;\" href=\"https:\/\/meunegocio.uol.com.br\/blog\/profissao-fotografo-tudo-o-que-voce-precisa-saber-para-ser-fotografo-profissional\/\">&gt;&gt; Aproveite e leia aqui tudo o que precisa saber sobre a profiss\u00e3o fot\u00f3grafo!<\/a><\/p>\n<p style=\"font-size: 17px; line-height: 24px; word-break: break-word; color: #666666; font-family: UOLText, Arial, sans-serif; letter-spacing: normal;\">Sua esposa j\u00e1 tinha trabalhado em uma empresa de fotografia e, com as fotos do casamento de sua prima, Willian come\u00e7ou a buscar pessoas amigas que estavam organizando seus pr\u00f3prios casamentos e apresentar seu trabalho.<\/p>\n<p style=\"font-size: 17px; line-height: 24px; word-break: break-word; color: #666666; font-family: UOLText, Arial, sans-serif; letter-spacing: normal;\">&#8220;Como ainda n\u00e3o tinha seguran\u00e7a para fazer tudo sozinho, lev\u00e1vamos fot\u00f3grafos que j\u00e1 tinham mais tempo de mercado e fotograf\u00e1vamos com eles&#8221;, explica.<\/p>\n<p style=\"font-size: 17px; line-height: 24px; word-break: break-word; color: #666666; font-family: UOLText, Arial, sans-serif; letter-spacing: normal;\">Ao mesmo tempo, o casal se aprofundava nos estudos para melhorar ainda mais suas t\u00e9cnicas de fotografia. Mas eles n\u00e3o se prenderam s\u00f3 \u00e0 teoria. Willian sabia que n\u00e3o bastava s\u00f3 fotografar muito bem, era preciso ser profissional desde o come\u00e7o.<\/p>\n<p style=\"font-size: 17px; line-height: 24px; word-break: break-word; color: #666666; font-family: UOLText, Arial, sans-serif; letter-spacing: normal;\">?Mesmo trabalhando para os amigos, n\u00f3s sempre cobr\u00e1vamos o que ach\u00e1vamos justo na \u00e9poca e faz\u00edamos contratos?, conta o fot\u00f3grafo.<\/p>\n<p style=\"font-size: 17px; line-height: 24px; word-break: break-word; color: #666666; font-family: UOLText, Arial, sans-serif; letter-spacing: normal;\">O especialista em fotos de casamento e fam\u00edlia tamb\u00e9m explica que outro ponto fundamental foi unir o amor \u00e0 arte com a estrat\u00e9gia. Willian sempre soube que n\u00e3o bastava apenas tirar boas fotos, ele precisava divulg\u00e1-las. E a forma que encontrou para fazer isso foi criando um blog.<\/p>\n<p style=\"margin-bottom: 20px; font-size: 17px; line-height: 24px; word-break: break-word; color: #666666; font-family: UOLText, Arial, sans-serif; letter-spacing: normal;\"><a style=\"color: #1082be;\" href=\"https:\/\/meunegocio.uol.com.br\/blog\/areas-da-fotografia-como-escolher-a-ideal-para-investir\/\">&gt;&gt; Conhe\u00e7a outras \u00e1reas da fotografia e descubra qual \u00e9 a ideal para voc\u00ea!<\/a><\/p>\n<p>\t\t\t\t\t\t\t\t\t\t\t<a href=\"http:\/\/clicklogger.rm.uol.com.br\/?prd=939&amp;grp=src:13;chn:546;cpg:cross-sell-banner-site-pronto;&amp;msr=Cliques%20de%20Origem:1&amp;oper=11&amp;redir=https:\/\/cadastro.uol.com.br\/indexb.html?eos=yes&amp;skin=cadastrounificado\/visitor\/pf&amp;skinPath=meunegocio&amp;promochild=PROMOCRIATIVO\"><br \/>\n<img decoding=\"async\" src=\"https:\/\/uolhost.uol.com.br\/blog\/wp-content\/uploads\/2020\/04\/banner_uolmn_criadordesites_academia-1.jpg\" title=\"banner_uolmn_criadordesites_academia\" alt=\"banner_uolmn_criadordesites_academia\">\t\t\t\t\t\t\t\t<\/a><\/p>\n<p style=\"font-size: 17px; line-height: 24px; word-break: break-word; color: #666666; font-family: UOLText, Arial, sans-serif; letter-spacing: normal;\">&#8220;Eu sempre acreditei na internet e no poder do conte\u00fado&#8221;, revela Willian. E foi pensando nisso que ele criou um blog. L\u00e1, o fot\u00f3grafo exibia suas fotos e falava sobre os seus trabalhos. &#8220;Nesse tempo eu j\u00e1 conhecia o que hoje chamamos de marketing de conte\u00fado, ent\u00e3o eu escrevia os posts falando sobre o evento que fotografei e, no final, sempre colocava uma&nbsp;<em>call to action.&#8221;<\/em><\/p>\n<p style=\"font-size: 17px; line-height: 24px; word-break: break-word; color: #666666; font-family: UOLText, Arial, sans-serif; letter-spacing: normal;\">A&nbsp;<em>call to action<\/em>&nbsp;que ele menciona \u00e9 uma chamada que convida o leitor a fazer alguma a\u00e7\u00e3o. Nos textos de Willian, ele sempre inclu\u00eda algo como ?Gostou dessas fotos? Entre em contato com a gente e pe\u00e7a um or\u00e7amento!? e, segundo ele, essa estrat\u00e9gia foi fundamental para alavancar o neg\u00f3cio.<\/p>\n<p style=\"font-size: 17px; line-height: 24px; word-break: break-word; color: #666666; font-family: UOLText, Arial, sans-serif; letter-spacing: normal;\">Com um portf\u00f3lio caprichado e o seu trabalho se popularizando entre os conhecidos, Willian percebeu que precisava dar mais um passo para alcan\u00e7ar ainda mais visibilidade.<\/p>\n<p style=\"font-size: 17px; line-height: 24px; word-break: break-word; color: #666666; font-family: UOLText, Arial, sans-serif; letter-spacing: normal;\"><a style=\"color: #1082be;\" href=\"https:\/\/meunegocio.uol.com.br\/blog\/portfolio-de-fotografia-como-e-por-que-criar-o-seu\/\">&gt;&gt; Veja, aqui, o que \u00e9 um portf\u00f3lio e por que voc\u00ea precisa de um<\/a><\/p>\n<p style=\"font-size: 17px; line-height: 24px; word-break: break-word; color: #666666; font-family: UOLText, Arial, sans-serif; letter-spacing: normal;\">E o caminho que encontrou foi entrar para associa\u00e7\u00f5es de fot\u00f3grafos profissionais. Na \u00e9poca, eram poucos os brasileiros que tinham destaque em associa\u00e7\u00f5es internacionais, e Willian e sua esposa rapidamente ganharam espa\u00e7o nesses ambientes. &#8220;Nosso grande diferencial, naquele momento, \u00e9 que n\u00e3o quer\u00edamos apenas estar l\u00e1, n\u00f3s trabalh\u00e1vamos para ser os melhores!&#8221;<\/p>\n<p style=\"font-size: 17px; line-height: 24px; word-break: break-word; color: #666666; font-family: UOLText, Arial, sans-serif; letter-spacing: normal;\">Sempre trabalhando para melhorar suas fotografias, ele alcan\u00e7ou o posto de um dos melhores fot\u00f3grafos brasileiros e come\u00e7ou a ser premiado por associa\u00e7\u00f5es como o ISPWP, um diret\u00f3rio internacional de fot\u00f3grafos de casamento.<\/p>\n<p style=\"font-size: 17px; line-height: 24px; word-break: break-word; color: #666666; font-family: UOLText, Arial, sans-serif; letter-spacing: normal;\">E com as premia\u00e7\u00f5es chegando, Willian enxergou outro gancho precioso. Ele come\u00e7ou a usar os pr\u00eamios como uma forma de ganhar ainda mais notoriedade e logo a qualidade atraiu a aten\u00e7\u00e3o da m\u00eddia. As fotografias de Willian passaram a ser divulgadas em revistas e outros canais do segmento de casamentos, e os trabalhos chegavam com ainda mais frequ\u00eancia.<\/p>\n<p style=\"font-size: 17px; line-height: 24px; word-break: break-word; color: #666666; font-family: UOLText, Arial, sans-serif; letter-spacing: normal;\">Ele explica como pensou na \u00e9poca: &#8220;Um dos nossos gols foi evoluir a t\u00e9cnica fotogr\u00e1fica junto com o marketing. Se voc\u00ea apenas trabalhar a t\u00e9cnica e esquecer o marketing, provavelmente n\u00e3o vai crescer como gostaria.&#8221;<\/p>\n<p style=\"font-size: 17px; line-height: 24px; word-break: break-word; color: #666666; font-family: UOLText, Arial, sans-serif; letter-spacing: normal;\"><a style=\"color: #1082be;\" href=\"https:\/\/meunegocio.uol.com.br\/academia\/downloads\/empreendedorismo-para-fotografos\/mini-guia---marketing-digital-para-fotografos.html\">&gt;&gt; Clique aqui e baixe gratuitamente o Mini Guia Marketing Digital para fot\u00f3grafos!<\/a><\/p>\n<p style=\"font-size: 17px; line-height: 24px; word-break: break-word; color: #666666; font-family: UOLText, Arial, sans-serif; letter-spacing: normal;\">Willian continuou a ser premiado at\u00e9 chegar \u00e0 marca de 43 premia\u00e7\u00f5es e com toda essa visibilidade, ele passou a atrair a aten\u00e7\u00e3o n\u00e3o s\u00f3 dos noivos e das fam\u00edlias, mas tamb\u00e9m de outros fot\u00f3grafos, que queriam aprender com ele. Foi nesse ponto que Willian percebeu que existia uma oportunidade para que ele se tornasse, tamb\u00e9m, um educador.<\/p>\n<p style=\"font-size: 17px; line-height: 24px; word-break: break-word; color: #666666; font-family: UOLText, Arial, sans-serif; letter-spacing: normal;\">Apesar de j\u00e1 ter tido um canal para conversar com o cliente final, ele precisava de um outro ambiente para trazer conte\u00fado mais t\u00e9cnico e espec\u00edfico para os fot\u00f3grafos, e foi assim que nasceu o site&nbsp;<a style=\"color: #1082be;\" href=\"https:\/\/falandodefoto.com.br\/\">Falando de Foto<\/a>.<\/p>\n<p style=\"font-size: 17px; line-height: 24px; word-break: break-word; color: #666666; font-family: UOLText, Arial, sans-serif; letter-spacing: normal;\"><a style=\"color: #1082be;\" href=\"https:\/\/meunegocio.uol.com.br\/blog\/fotografo-por-que-e-importante-ter-um-site\/\">&gt;&gt; Ainda n\u00e3o est\u00e1 convencido? Entenda por que voc\u00ea, fot\u00f3grafo, precisa de um site!<\/a><\/p>\n<p style=\"font-size: 17px; line-height: 24px; word-break: break-word; color: #666666; font-family: UOLText, Arial, sans-serif; letter-spacing: normal;\">Neste site, hoje com mais de 40 mil leitores \u00fanicos, Willian se dedicou a criar cursos e artigos para quem deseja se profissionalizar e se especializar em fotografia. Ele ainda aborda temas pertinentes \u00e0 carreira, como marketing e finan\u00e7as, que, segundo ele, s\u00e3o fundamentais para quem quer viver de foto.<\/p>\n<p style=\"font-size: 17px; line-height: 24px; word-break: break-word; color: #666666; font-family: UOLText, Arial, sans-serif; letter-spacing: normal;\">&#8220;Quem quer se profissionalizar hoje precisa estudar neg\u00f3cios, al\u00e9m de fotografia. Ter um bom plano de neg\u00f3cios e se dedicar \u00e0 divulga\u00e7\u00e3o do seu trabalho \u00e9 fundamental!&#8221;, ele faz quest\u00e3o de frisar.<\/p>\n<p style=\"font-size: 17px; line-height: 24px; word-break: break-word; color: #666666; font-family: UOLText, Arial, sans-serif; letter-spacing: normal;\">E com mais de 90% de seus clientes chegando por meio de seus sites \u00e9 dif\u00edcil duvidar do poder que Willian atribui aos seus canais de conte\u00fado e divulga\u00e7\u00e3o, principalmente ao blog. Foi atrav\u00e9s dele que o fot\u00f3grafo pode comprovar o poder do conte\u00fado na internet e pode expor o seu talento. E isso foi crucial para que ele alcan\u00e7asse o sucesso que tem hoje.<\/p>\n<p style=\"margin-bottom: 20px; font-size: 17px; line-height: 24px; word-break: break-word; color: #666666; font-family: UOLText, Arial, sans-serif; letter-spacing: normal;\">Voc\u00ea tamb\u00e9m almeja chegar nessa posi\u00e7\u00e3o? Ent\u00e3o conhe\u00e7a o&nbsp;<a style=\"color: #1082be;\" href=\"https:\/\/uolhost.uol.com.br\/criador-de-sites\">Criador de Sites do UOL<\/a><a style=\"color: #1082be;\" href=\"https:\/\/clicklogger.rm.uol.com.br\/?prd=939&amp;grp=chn:546;cpg_int:textos_academia;creative:Com_ajuda_de_blog_fot%C3%B3grafo_impulsiona_neg%C3%B3cios_e_ganha_mais_de_40_pr%C3%AAmios&amp;msr=Cliques%20de%20Origem:1&amp;oper=8&amp;redir=https:\/\/meunegocio.uol.com.br\/criador-de-sites\">&nbsp;Meu Neg\u00f3cio<\/a>, uma ferramenta que permite que voc\u00ea mesmo crie o seu site com aba de blog e mostre o seu trabalho para o mundo!<\/p>\n","protected":false},"excerpt":{"rendered":"<p>Inspire-se com a hist\u00f3ria de sucesso do Willian Lima Quem v\u00ea&nbsp;Willian Lima&nbsp;hoje, premiado fot\u00f3grafo brasileiro e um dos mais conhecidos educadores na \u00e1rea de fotografia, n\u00e3o imagina que ele iniciou na carreira quase que por acaso. Foi por volta de 2005, durante o casamento de uma prima, que Willian teve o primeiro contato direto com [&hellip;]<\/p>\n","protected":false},"author":24,"featured_media":4380,"comment_status":"closed","ping_status":"closed","sticky":false,"template":"","format":"standard","meta":{"footnotes":""},"categories":[69,41],"tags":[],"class_list":["post-4379","post","type-post","status-publish","format-standard","has-post-thumbnail","hentry","category-fotografia","category-tipos-de-negocio"],"gutentor_comment":0,"yoast_head":"<!-- This site is optimized with the Yoast SEO plugin v26.4 - https:\/\/yoast.com\/wordpress\/plugins\/seo\/ -->\n<title>Com ajuda de blog, fot\u00f3grafo impulsiona neg\u00f3cios e ganha mais de 40 pr\u00eamios \u2013 Academia UOL Meu neg\u00f3cio<\/title>\n<meta name=\"description\" content=\"Com ajuda de blog, fot\u00f3grafo impulsiona neg\u00f3cios e ganha mais de 40 pr\u00eamios: leia este ou outros artigos sobre Fot\u00f3grafos na Academia UOL Meu neg\u00f3cio.\" \/>\n<meta name=\"robots\" content=\"index, follow, max-snippet:-1, max-image-preview:large, max-video-preview:-1\" \/>\n<link rel=\"canonical\" href=\"https:\/\/uolhost.uol.com.br\/blog\/com-ajuda-de-blog-fotografo-impulsiona-negocios-e-ganha-mais-de-40-premios\/\" \/>\n<meta property=\"og:locale\" content=\"pt_BR\" \/>\n<meta property=\"og:type\" content=\"article\" \/>\n<meta property=\"og:title\" content=\"Com ajuda de blog, fot\u00f3grafo impulsiona neg\u00f3cios e ganha mais de 40 pr\u00eamios \u2013 Academia UOL Meu neg\u00f3cio\" \/>\n<meta property=\"og:description\" content=\"Com ajuda de blog, fot\u00f3grafo impulsiona neg\u00f3cios e ganha mais de 40 pr\u00eamios: leia este ou outros artigos sobre Fot\u00f3grafos na Academia UOL Meu neg\u00f3cio.\" \/>\n<meta property=\"og:url\" content=\"https:\/\/uolhost.uol.com.br\/blog\/com-ajuda-de-blog-fotografo-impulsiona-negocios-e-ganha-mais-de-40-premios\/\" \/>\n<meta property=\"article:published_time\" content=\"2020-04-16T17:20:49+00:00\" \/>\n<meta property=\"article:modified_time\" content=\"2026-01-15T14:39:58+00:00\" \/>\n<meta property=\"og:image\" content=\"https:\/\/uolhost.uol.com.br\/blog\/wp-content\/uploads\/2020\/04\/com-ajuda-de-blog-fotografo-impulsiona-negocios-e-ganha-mais-de-40-premios.jpg\" \/>\n\t<meta property=\"og:image:width\" content=\"600\" \/>\n\t<meta property=\"og:image:height\" content=\"320\" \/>\n\t<meta property=\"og:image:type\" content=\"image\/jpeg\" \/>\n<meta name=\"author\" content=\"Yuri Torres\" \/>\n<meta name=\"twitter:card\" content=\"summary_large_image\" \/>\n<meta name=\"twitter:label1\" content=\"Escrito por\" \/>\n\t<meta name=\"twitter:data1\" content=\"Yuri Torres\" \/>\n\t<meta name=\"twitter:label2\" content=\"Est. tempo de leitura\" \/>\n\t<meta name=\"twitter:data2\" content=\"6 minutos\" \/>\n<script type=\"application\/ld+json\" class=\"yoast-schema-graph\">{\"@context\":\"https:\/\/schema.org\",\"@graph\":[{\"@type\":\"Article\",\"@id\":\"https:\/\/uolhost.uol.com.br\/blog\/com-ajuda-de-blog-fotografo-impulsiona-negocios-e-ganha-mais-de-40-premios\/#article\",\"isPartOf\":{\"@id\":\"https:\/\/uolhost.uol.com.br\/blog\/com-ajuda-de-blog-fotografo-impulsiona-negocios-e-ganha-mais-de-40-premios\/\"},\"author\":{\"name\":\"Yuri Torres\",\"@id\":\"https:\/\/uolhost.uol.com.br\/blog\/#\/schema\/person\/41505c2cd07dc07109e30bea51edee93\"},\"headline\":\"Com ajuda de blog, fot\u00f3grafo impulsiona neg\u00f3cios e ganha mais de 40 pr\u00eamios\",\"datePublished\":\"2020-04-16T17:20:49+00:00\",\"dateModified\":\"2026-01-15T14:39:58+00:00\",\"mainEntityOfPage\":{\"@id\":\"https:\/\/uolhost.uol.com.br\/blog\/com-ajuda-de-blog-fotografo-impulsiona-negocios-e-ganha-mais-de-40-premios\/\"},\"wordCount\":1152,\"publisher\":{\"@id\":\"https:\/\/uolhost.uol.com.br\/blog\/#organization\"},\"image\":{\"@id\":\"https:\/\/uolhost.uol.com.br\/blog\/com-ajuda-de-blog-fotografo-impulsiona-negocios-e-ganha-mais-de-40-premios\/#primaryimage\"},\"thumbnailUrl\":\"https:\/\/uolhost.uol.com.br\/blog\/wp-content\/uploads\/2020\/04\/com-ajuda-de-blog-fotografo-impulsiona-negocios-e-ganha-mais-de-40-premios.jpg?wsr\",\"articleSection\":[\"Fotografia\",\"Tipos de Neg\u00f3cio\"],\"inLanguage\":\"pt-BR\"},{\"@type\":\"WebPage\",\"@id\":\"https:\/\/uolhost.uol.com.br\/blog\/com-ajuda-de-blog-fotografo-impulsiona-negocios-e-ganha-mais-de-40-premios\/\",\"url\":\"https:\/\/uolhost.uol.com.br\/blog\/com-ajuda-de-blog-fotografo-impulsiona-negocios-e-ganha-mais-de-40-premios\/\",\"name\":\"Com ajuda de blog, fot\u00f3grafo impulsiona neg\u00f3cios e ganha mais de 40 pr\u00eamios \u2013 Academia UOL Meu neg\u00f3cio\",\"isPartOf\":{\"@id\":\"https:\/\/uolhost.uol.com.br\/blog\/#website\"},\"primaryImageOfPage\":{\"@id\":\"https:\/\/uolhost.uol.com.br\/blog\/com-ajuda-de-blog-fotografo-impulsiona-negocios-e-ganha-mais-de-40-premios\/#primaryimage\"},\"image\":{\"@id\":\"https:\/\/uolhost.uol.com.br\/blog\/com-ajuda-de-blog-fotografo-impulsiona-negocios-e-ganha-mais-de-40-premios\/#primaryimage\"},\"thumbnailUrl\":\"https:\/\/uolhost.uol.com.br\/blog\/wp-content\/uploads\/2020\/04\/com-ajuda-de-blog-fotografo-impulsiona-negocios-e-ganha-mais-de-40-premios.jpg?wsr\",\"datePublished\":\"2020-04-16T17:20:49+00:00\",\"dateModified\":\"2026-01-15T14:39:58+00:00\",\"description\":\"Com ajuda de blog, fot\u00f3grafo impulsiona neg\u00f3cios e ganha mais de 40 pr\u00eamios: leia este ou outros artigos sobre Fot\u00f3grafos na Academia UOL Meu neg\u00f3cio.\",\"breadcrumb\":{\"@id\":\"https:\/\/uolhost.uol.com.br\/blog\/com-ajuda-de-blog-fotografo-impulsiona-negocios-e-ganha-mais-de-40-premios\/#breadcrumb\"},\"inLanguage\":\"pt-BR\",\"potentialAction\":[{\"@type\":\"ReadAction\",\"target\":[\"https:\/\/uolhost.uol.com.br\/blog\/com-ajuda-de-blog-fotografo-impulsiona-negocios-e-ganha-mais-de-40-premios\/\"]}]},{\"@type\":\"ImageObject\",\"inLanguage\":\"pt-BR\",\"@id\":\"https:\/\/uolhost.uol.com.br\/blog\/com-ajuda-de-blog-fotografo-impulsiona-negocios-e-ganha-mais-de-40-premios\/#primaryimage\",\"url\":\"https:\/\/uolhost.uol.com.br\/blog\/wp-content\/uploads\/2020\/04\/com-ajuda-de-blog-fotografo-impulsiona-negocios-e-ganha-mais-de-40-premios.jpg?wsr\",\"contentUrl\":\"https:\/\/uolhost.uol.com.br\/blog\/wp-content\/uploads\/2020\/04\/com-ajuda-de-blog-fotografo-impulsiona-negocios-e-ganha-mais-de-40-premios.jpg?wsr\",\"width\":600,\"height\":320},{\"@type\":\"BreadcrumbList\",\"@id\":\"https:\/\/uolhost.uol.com.br\/blog\/com-ajuda-de-blog-fotografo-impulsiona-negocios-e-ganha-mais-de-40-premios\/#breadcrumb\",\"itemListElement\":[{\"@type\":\"ListItem\",\"position\":1,\"name\":\"In\u00edcio\",\"item\":\"https:\/\/uolhost.uol.com.br\/blog\/\"},{\"@type\":\"ListItem\",\"position\":2,\"name\":\"Com ajuda de blog, fot\u00f3grafo impulsiona neg\u00f3cios e ganha mais de 40 pr\u00eamios\"}]},{\"@type\":\"WebSite\",\"@id\":\"https:\/\/uolhost.uol.com.br\/blog\/#website\",\"url\":\"https:\/\/uolhost.uol.com.br\/blog\/\",\"name\":\"Blog UOL Host\",\"description\":\"\",\"publisher\":{\"@id\":\"https:\/\/uolhost.uol.com.br\/blog\/#organization\"},\"potentialAction\":[{\"@type\":\"SearchAction\",\"target\":{\"@type\":\"EntryPoint\",\"urlTemplate\":\"https:\/\/uolhost.uol.com.br\/blog\/?s={search_term_string}\"},\"query-input\":{\"@type\":\"PropertyValueSpecification\",\"valueRequired\":true,\"valueName\":\"search_term_string\"}}],\"inLanguage\":\"pt-BR\"},{\"@type\":\"Organization\",\"@id\":\"https:\/\/uolhost.uol.com.br\/blog\/#organization\",\"name\":\"Blog UOL Host\",\"url\":\"https:\/\/uolhost.uol.com.br\/blog\/\",\"logo\":{\"@type\":\"ImageObject\",\"inLanguage\":\"pt-BR\",\"@id\":\"https:\/\/uolhost.uol.com.br\/blog\/#\/schema\/logo\/image\/\",\"url\":\"https:\/\/uolhost.uol.com.br\/blog\/wp-content\/uploads\/2025\/01\/UOL_Host.png?wsr\",\"contentUrl\":\"https:\/\/uolhost.uol.com.br\/blog\/wp-content\/uploads\/2025\/01\/UOL_Host.png?wsr\",\"width\":2000,\"height\":393,\"caption\":\"Blog UOL Host\"},\"image\":{\"@id\":\"https:\/\/uolhost.uol.com.br\/blog\/#\/schema\/logo\/image\/\"}},{\"@type\":\"Person\",\"@id\":\"https:\/\/uolhost.uol.com.br\/blog\/#\/schema\/person\/41505c2cd07dc07109e30bea51edee93\",\"name\":\"Yuri Torres\",\"image\":{\"@type\":\"ImageObject\",\"inLanguage\":\"pt-BR\",\"@id\":\"https:\/\/uolhost.uol.com.br\/blog\/#\/schema\/person\/image\/\",\"url\":\"https:\/\/secure.gravatar.com\/avatar\/4c96a05faea9fdf86f95d5b723e438c9cc14ad5c342d76486e5a4c8ac8259492?s=96&d=mm&r=g\",\"contentUrl\":\"https:\/\/secure.gravatar.com\/avatar\/4c96a05faea9fdf86f95d5b723e438c9cc14ad5c342d76486e5a4c8ac8259492?s=96&d=mm&r=g\",\"caption\":\"Yuri Torres\"},\"description\":\"Profissional de Reda\u00e7\u00e3o e Marketing, com 10 anos de experi\u00eancia no desenvolvimento de estrat\u00e9gias de conte\u00fado voltadas \u00e0 comunica\u00e7\u00e3o de marcas. Atua na cria\u00e7\u00e3o de materiais que fortalecem a presen\u00e7a digital, ampliam o engajamento e contribuem para o alcance de resultados alinhados aos objetivos de neg\u00f3cio, com experi\u00eancia no atendimento a empresas de diferentes segmentos. LinkedIn\",\"sameAs\":[\"https:\/\/www.linkedin.com\/in\/yuri-torres-271093108\/\"],\"url\":\"https:\/\/uolhost.uol.com.br\/blog\/author\/yuri-torres\/\"}]}<\/script>\n<!-- \/ Yoast SEO plugin. -->","yoast_head_json":{"title":"Com ajuda de blog, fot\u00f3grafo impulsiona neg\u00f3cios e ganha mais de 40 pr\u00eamios \u2013 Academia UOL Meu neg\u00f3cio","description":"Com ajuda de blog, fot\u00f3grafo impulsiona neg\u00f3cios e ganha mais de 40 pr\u00eamios: leia este ou outros artigos sobre Fot\u00f3grafos na Academia UOL Meu neg\u00f3cio.","robots":{"index":"index","follow":"follow","max-snippet":"max-snippet:-1","max-image-preview":"max-image-preview:large","max-video-preview":"max-video-preview:-1"},"canonical":"https:\/\/uolhost.uol.com.br\/blog\/com-ajuda-de-blog-fotografo-impulsiona-negocios-e-ganha-mais-de-40-premios\/","og_locale":"pt_BR","og_type":"article","og_title":"Com ajuda de blog, fot\u00f3grafo impulsiona neg\u00f3cios e ganha mais de 40 pr\u00eamios \u2013 Academia UOL Meu neg\u00f3cio","og_description":"Com ajuda de blog, fot\u00f3grafo impulsiona neg\u00f3cios e ganha mais de 40 pr\u00eamios: leia este ou outros artigos sobre Fot\u00f3grafos na Academia UOL Meu neg\u00f3cio.","og_url":"https:\/\/uolhost.uol.com.br\/blog\/com-ajuda-de-blog-fotografo-impulsiona-negocios-e-ganha-mais-de-40-premios\/","article_published_time":"2020-04-16T17:20:49+00:00","article_modified_time":"2026-01-15T14:39:58+00:00","og_image":[{"width":600,"height":320,"url":"https:\/\/uolhost.uol.com.br\/blog\/wp-content\/uploads\/2020\/04\/com-ajuda-de-blog-fotografo-impulsiona-negocios-e-ganha-mais-de-40-premios.jpg","type":"image\/jpeg"}],"author":"Yuri Torres","twitter_card":"summary_large_image","twitter_misc":{"Escrito por":"Yuri Torres","Est. tempo de leitura":"6 minutos"},"schema":{"@context":"https:\/\/schema.org","@graph":[{"@type":"Article","@id":"https:\/\/uolhost.uol.com.br\/blog\/com-ajuda-de-blog-fotografo-impulsiona-negocios-e-ganha-mais-de-40-premios\/#article","isPartOf":{"@id":"https:\/\/uolhost.uol.com.br\/blog\/com-ajuda-de-blog-fotografo-impulsiona-negocios-e-ganha-mais-de-40-premios\/"},"author":{"name":"Yuri Torres","@id":"https:\/\/uolhost.uol.com.br\/blog\/#\/schema\/person\/41505c2cd07dc07109e30bea51edee93"},"headline":"Com ajuda de blog, fot\u00f3grafo impulsiona neg\u00f3cios e ganha mais de 40 pr\u00eamios","datePublished":"2020-04-16T17:20:49+00:00","dateModified":"2026-01-15T14:39:58+00:00","mainEntityOfPage":{"@id":"https:\/\/uolhost.uol.com.br\/blog\/com-ajuda-de-blog-fotografo-impulsiona-negocios-e-ganha-mais-de-40-premios\/"},"wordCount":1152,"publisher":{"@id":"https:\/\/uolhost.uol.com.br\/blog\/#organization"},"image":{"@id":"https:\/\/uolhost.uol.com.br\/blog\/com-ajuda-de-blog-fotografo-impulsiona-negocios-e-ganha-mais-de-40-premios\/#primaryimage"},"thumbnailUrl":"https:\/\/uolhost.uol.com.br\/blog\/wp-content\/uploads\/2020\/04\/com-ajuda-de-blog-fotografo-impulsiona-negocios-e-ganha-mais-de-40-premios.jpg?wsr","articleSection":["Fotografia","Tipos de Neg\u00f3cio"],"inLanguage":"pt-BR"},{"@type":"WebPage","@id":"https:\/\/uolhost.uol.com.br\/blog\/com-ajuda-de-blog-fotografo-impulsiona-negocios-e-ganha-mais-de-40-premios\/","url":"https:\/\/uolhost.uol.com.br\/blog\/com-ajuda-de-blog-fotografo-impulsiona-negocios-e-ganha-mais-de-40-premios\/","name":"Com ajuda de blog, fot\u00f3grafo impulsiona neg\u00f3cios e ganha mais de 40 pr\u00eamios \u2013 Academia UOL Meu neg\u00f3cio","isPartOf":{"@id":"https:\/\/uolhost.uol.com.br\/blog\/#website"},"primaryImageOfPage":{"@id":"https:\/\/uolhost.uol.com.br\/blog\/com-ajuda-de-blog-fotografo-impulsiona-negocios-e-ganha-mais-de-40-premios\/#primaryimage"},"image":{"@id":"https:\/\/uolhost.uol.com.br\/blog\/com-ajuda-de-blog-fotografo-impulsiona-negocios-e-ganha-mais-de-40-premios\/#primaryimage"},"thumbnailUrl":"https:\/\/uolhost.uol.com.br\/blog\/wp-content\/uploads\/2020\/04\/com-ajuda-de-blog-fotografo-impulsiona-negocios-e-ganha-mais-de-40-premios.jpg?wsr","datePublished":"2020-04-16T17:20:49+00:00","dateModified":"2026-01-15T14:39:58+00:00","description":"Com ajuda de blog, fot\u00f3grafo impulsiona neg\u00f3cios e ganha mais de 40 pr\u00eamios: leia este ou outros artigos sobre Fot\u00f3grafos na Academia UOL Meu neg\u00f3cio.","breadcrumb":{"@id":"https:\/\/uolhost.uol.com.br\/blog\/com-ajuda-de-blog-fotografo-impulsiona-negocios-e-ganha-mais-de-40-premios\/#breadcrumb"},"inLanguage":"pt-BR","potentialAction":[{"@type":"ReadAction","target":["https:\/\/uolhost.uol.com.br\/blog\/com-ajuda-de-blog-fotografo-impulsiona-negocios-e-ganha-mais-de-40-premios\/"]}]},{"@type":"ImageObject","inLanguage":"pt-BR","@id":"https:\/\/uolhost.uol.com.br\/blog\/com-ajuda-de-blog-fotografo-impulsiona-negocios-e-ganha-mais-de-40-premios\/#primaryimage","url":"https:\/\/uolhost.uol.com.br\/blog\/wp-content\/uploads\/2020\/04\/com-ajuda-de-blog-fotografo-impulsiona-negocios-e-ganha-mais-de-40-premios.jpg?wsr","contentUrl":"https:\/\/uolhost.uol.com.br\/blog\/wp-content\/uploads\/2020\/04\/com-ajuda-de-blog-fotografo-impulsiona-negocios-e-ganha-mais-de-40-premios.jpg?wsr","width":600,"height":320},{"@type":"BreadcrumbList","@id":"https:\/\/uolhost.uol.com.br\/blog\/com-ajuda-de-blog-fotografo-impulsiona-negocios-e-ganha-mais-de-40-premios\/#breadcrumb","itemListElement":[{"@type":"ListItem","position":1,"name":"In\u00edcio","item":"https:\/\/uolhost.uol.com.br\/blog\/"},{"@type":"ListItem","position":2,"name":"Com ajuda de blog, fot\u00f3grafo impulsiona neg\u00f3cios e ganha mais de 40 pr\u00eamios"}]},{"@type":"WebSite","@id":"https:\/\/uolhost.uol.com.br\/blog\/#website","url":"https:\/\/uolhost.uol.com.br\/blog\/","name":"Blog UOL Host","description":"","publisher":{"@id":"https:\/\/uolhost.uol.com.br\/blog\/#organization"},"potentialAction":[{"@type":"SearchAction","target":{"@type":"EntryPoint","urlTemplate":"https:\/\/uolhost.uol.com.br\/blog\/?s={search_term_string}"},"query-input":{"@type":"PropertyValueSpecification","valueRequired":true,"valueName":"search_term_string"}}],"inLanguage":"pt-BR"},{"@type":"Organization","@id":"https:\/\/uolhost.uol.com.br\/blog\/#organization","name":"Blog UOL Host","url":"https:\/\/uolhost.uol.com.br\/blog\/","logo":{"@type":"ImageObject","inLanguage":"pt-BR","@id":"https:\/\/uolhost.uol.com.br\/blog\/#\/schema\/logo\/image\/","url":"https:\/\/uolhost.uol.com.br\/blog\/wp-content\/uploads\/2025\/01\/UOL_Host.png?wsr","contentUrl":"https:\/\/uolhost.uol.com.br\/blog\/wp-content\/uploads\/2025\/01\/UOL_Host.png?wsr","width":2000,"height":393,"caption":"Blog UOL Host"},"image":{"@id":"https:\/\/uolhost.uol.com.br\/blog\/#\/schema\/logo\/image\/"}},{"@type":"Person","@id":"https:\/\/uolhost.uol.com.br\/blog\/#\/schema\/person\/41505c2cd07dc07109e30bea51edee93","name":"Yuri Torres","image":{"@type":"ImageObject","inLanguage":"pt-BR","@id":"https:\/\/uolhost.uol.com.br\/blog\/#\/schema\/person\/image\/","url":"https:\/\/secure.gravatar.com\/avatar\/4c96a05faea9fdf86f95d5b723e438c9cc14ad5c342d76486e5a4c8ac8259492?s=96&d=mm&r=g","contentUrl":"https:\/\/secure.gravatar.com\/avatar\/4c96a05faea9fdf86f95d5b723e438c9cc14ad5c342d76486e5a4c8ac8259492?s=96&d=mm&r=g","caption":"Yuri Torres"},"description":"Profissional de Reda\u00e7\u00e3o e Marketing, com 10 anos de experi\u00eancia no desenvolvimento de estrat\u00e9gias de conte\u00fado voltadas \u00e0 comunica\u00e7\u00e3o de marcas. Atua na cria\u00e7\u00e3o de materiais que fortalecem a presen\u00e7a digital, ampliam o engajamento e contribuem para o alcance de resultados alinhados aos objetivos de neg\u00f3cio, com experi\u00eancia no atendimento a empresas de diferentes segmentos. LinkedIn","sameAs":["https:\/\/www.linkedin.com\/in\/yuri-torres-271093108\/"],"url":"https:\/\/uolhost.uol.com.br\/blog\/author\/yuri-torres\/"}]}},"_links":{"self":[{"href":"https:\/\/uolhost.uol.com.br\/blog\/wp-json\/wp\/v2\/posts\/4379","targetHints":{"allow":["GET"]}}],"collection":[{"href":"https:\/\/uolhost.uol.com.br\/blog\/wp-json\/wp\/v2\/posts"}],"about":[{"href":"https:\/\/uolhost.uol.com.br\/blog\/wp-json\/wp\/v2\/types\/post"}],"author":[{"embeddable":true,"href":"https:\/\/uolhost.uol.com.br\/blog\/wp-json\/wp\/v2\/users\/24"}],"replies":[{"embeddable":true,"href":"https:\/\/uolhost.uol.com.br\/blog\/wp-json\/wp\/v2\/comments?post=4379"}],"version-history":[{"count":1,"href":"https:\/\/uolhost.uol.com.br\/blog\/wp-json\/wp\/v2\/posts\/4379\/revisions"}],"predecessor-version":[{"id":20348,"href":"https:\/\/uolhost.uol.com.br\/blog\/wp-json\/wp\/v2\/posts\/4379\/revisions\/20348"}],"wp:featuredmedia":[{"embeddable":true,"href":"https:\/\/uolhost.uol.com.br\/blog\/wp-json\/wp\/v2\/media\/4380"}],"wp:attachment":[{"href":"https:\/\/uolhost.uol.com.br\/blog\/wp-json\/wp\/v2\/media?parent=4379"}],"wp:term":[{"taxonomy":"category","embeddable":true,"href":"https:\/\/uolhost.uol.com.br\/blog\/wp-json\/wp\/v2\/categories?post=4379"},{"taxonomy":"post_tag","embeddable":true,"href":"https:\/\/uolhost.uol.com.br\/blog\/wp-json\/wp\/v2\/tags?post=4379"}],"curies":[{"name":"wp","href":"https:\/\/api.w.org\/{rel}","templated":true}]}}