{"id":4508,"date":"2020-04-17T16:13:50","date_gmt":"2020-04-17T19:13:50","guid":{"rendered":"https:\/\/meunegocio.uol.com.br\/blog\/?p=4508"},"modified":"2026-01-15T08:59:48","modified_gmt":"2026-01-15T11:59:48","slug":"4-mulheres-que-foram-inspiradas-pela-maternidade-a-empreender","status":"publish","type":"post","link":"https:\/\/uolhost.uol.com.br\/blog\/4-mulheres-que-foram-inspiradas-pela-maternidade-a-empreender\/","title":{"rendered":"4 mulheres que foram inspiradas pela maternidade a empreender"},"content":{"rendered":"<p style=\"font-size: 17px; line-height: 24px; word-break: break-word; color: #666666; font-family: UOLText, Arial, sans-serif; letter-spacing: normal;\">Conciliar maternidade com carreira \u00e9 um desafio que grande parte das mulheres que decidem ter filhos, hoje em dia, enfrenta. \u00c9 verdade que a legisla\u00e7\u00e3o evoluiu e que os pais est\u00e3o cada vez mais presentes na cria\u00e7\u00e3o dos pequenos. Mas nem sempre a transi\u00e7\u00e3o entre a licen\u00e7a-maternidade e o retorno ao mercado de trabalho \u00e9 f\u00e1cil.<\/p>\n<p style=\"font-size: 17px; line-height: 24px; word-break: break-word; color: #666666; font-family: UOLText, Arial, sans-serif; letter-spacing: normal;\">\n<p style=\"font-size: 17px; line-height: 24px; word-break: break-word; color: #666666; font-family: UOLText, Arial, sans-serif; letter-spacing: normal;\">Al\u00e9m do preconceito que alguns empregadores t\u00eam em contratar mulheres gr\u00e1vidas ou com beb\u00eas muito novos, h\u00e1 a cobran\u00e7a emocional que muitas m\u00e3es fazem a si mesmas por n\u00e3o poderem se dedicar integralmente aos filhos por causa do trabalho.<\/p>\n<p style=\"font-size: 17px; line-height: 24px; word-break: break-word; color: #666666; font-family: UOLText, Arial, sans-serif; letter-spacing: normal;\">Confira, a seguir, hist\u00f3rias de mulheres que driblaram esses impasses e encontraram na maternidade a inspira\u00e7\u00e3o que faltava para serem donas dos seus&nbsp;<a style=\"color: #1082be;\" href=\"https:\/\/www.uolhost.uol.com.br\/academia\/noticias\/2015\/04\/30\/10-desculpas-que-voce-deve-parar-de-usar-agora-mesmo-para-nao-abrir-seu-negocio.html\">pr\u00f3prios neg\u00f3cios<\/a>.<\/p>\n<p style=\"font-size: 17px; line-height: 24px; word-break: break-word; color: #666666; font-family: UOLText, Arial, sans-serif; letter-spacing: normal;\">Priscila Bastos \u2013 Missy Baby<\/p>\n<p style=\"font-size: 17px; line-height: 24px; word-break: break-word; color: #666666; font-family: UOLText, Arial, sans-serif; letter-spacing: normal;\"><img decoding=\"async\" style=\"border-width: 0px; border-style: initial; vertical-align: middle; display: block; margin-bottom: 20px;\" src=\"https:\/\/conteudo.imguol.com.br\/2015\/05\/08\/priscila-1431098739050_600x250.jpg\"><\/p>\n<p style=\"font-size: 17px; line-height: 24px; word-break: break-word; color: #666666; font-family: UOLText, Arial, sans-serif; letter-spacing: normal;\">A not\u00edcia da gravidez pegou Priscila Bastos de surpresa e a levou a tra\u00e7ar novas metas.&nbsp;<em>\u201cEstava focada em enriquecer meu curr\u00edculo e aplicar em novas oportunidades no mercado. Fiquei gr\u00e1vida e os planos para o futuro tomaram outro rumo\u201d<\/em>, conta.<\/p>\n<p style=\"font-size: 17px; line-height: 24px; word-break: break-word; color: #666666; font-family: UOLText, Arial, sans-serif; letter-spacing: normal;\">Nesse novo caminho, Priscila decidiu abrir a&nbsp;<a style=\"color: #1082be;\" href=\"https:\/\/www.missybaby.com.br\/\" target=\"_blank\" rel=\"noopener noreferrer\">Missy Baby<\/a>, loja focada em produtos para os primeiros anos do beb\u00ea, como roupas, produtos de higiene e brinquedos. O fato de a empreendedora ter sempre trabalhado na \u00e1rea comercial pesou bastante na escolha e, claro, a maternidade foi determinante na hora de decidir em qual&nbsp;<a style=\"color: #1082be;\" href=\"https:\/\/www.uolhost.uol.com.br\/academia\/noticias\/2014\/07\/04\/5-estrategias-para-encontrar-um-nicho-para-atuar-no-comercio-eletronico.html\">nicho<\/a>&nbsp;focar.<\/p>\n<p style=\"font-size: 17px; line-height: 24px; word-break: break-word; color: #666666; font-family: UOLText, Arial, sans-serif; letter-spacing: normal;\">&nbsp;<em>\u201cSer m\u00e3e influenciou totalmente na escolha do meu neg\u00f3cio. Acabei identificando-me muito com o prazer de ajudar outras m\u00e3es, raz\u00e3o pela qual nossos produtos s\u00e3o muito funcionais\u201d<\/em>, explica a empreendedora.<\/p>\n<p style=\"font-size: 17px; line-height: 24px; word-break: break-word; color: #666666; font-family: UOLText, Arial, sans-serif; letter-spacing: normal;\">Ser dona do pr\u00f3prio neg\u00f3cio d\u00e1 a Priscila mais flexibilidade de hor\u00e1rio para acompanhar a filha nas suas atividades escolares e extracurriculares, al\u00e9m de permitir que ela organize sua agenda de acordo com as necessidades de sua crian\u00e7a.<\/p>\n<p style=\"font-size: 17px; line-height: 24px; word-break: break-word; color: #666666; font-family: UOLText, Arial, sans-serif; letter-spacing: normal;\"><em>\u201cDurante a manh\u00e3, meu tempo \u00e9 totalmente dedicado a ela. E, se preciso tirar um day-off, porque ela est\u00e1 febril ou tem a festa de um amiguinho no per\u00edodo da tarde, sei que posso compensar de alguma forma depois, por exemplo, acordando mais cedo enquanto ela ainda dorme\u201d<\/em>, conta Priscila.<\/p>\n<p style=\"margin-bottom: 20px; font-size: 17px; line-height: 24px; word-break: break-word; color: #666666; font-family: UOLText, Arial, sans-serif; letter-spacing: normal;\">A loja j\u00e1 est\u00e1 h\u00e1 dois anos no mercado, e os planos de Priscila s\u00e3o ambiciosos.&nbsp;<em>\u201cA meta deste ano \u00e9 dobrar o nosso faturamento (n\u00famero que ela preferiu n\u00e3o revelar) e abrir uma loja f\u00edsica em S\u00e3o Paulo\u201d<\/em>, adianta a empres\u00e1ria.<\/p>\n<p>\t\t\t\t\t\t\t\t\t\t\t<a href=\"https:\/\/nam02.safelinks.protection.outlook.com\/?url=http%3A%2F%2Fclicklogger.rm.uol.com.br%2F%3Fprd%3D939%26grp%3Dsrc%3A13%3Bchn%3A546%3Bcpg%3Across-sell-banner-site-pronto%3B%26msr%3DCliques%2520de%2520Origem%3A1%26oper%3D11%26redir%3Dhttps%3A%2F%2Fcadastro.uol.com.br%2Findexb.html%3Feos%3Dyes%26skin%3Dcadastrounificado%2Fvisitor%2Fpf%26skinPath%3Dmeunegocio%26promochild%3DPROMPKSC3387&amp;data=02%7C01%7Cpeo_dcianci%40uolinc.com%7C6f05f73bb67447c4630308d7dfd1c5f1%7C7575b092fc5f4f6cb7a59e9ef7aca80d%7C1%7C0%7C637223964369517224&amp;sdata=gdM%2B1g%2F25hjYLbawOVS5MEfhhKFV16qInNU9AaanTUM%3D&amp;reserved=0\"><br \/>\n<img loading=\"lazy\" decoding=\"async\" width=\"600\" height=\"150\" src=\"https:\/\/uolhost.uol.com.br\/blog\/wp-content\/uploads\/2020\/04\/banner_uolmn_lojavirtuol_academia-1.gif\" alt=\"\">\t\t\t\t\t\t\t\t<\/a><\/p>\n<p style=\"font-size: 17px; line-height: 24px; word-break: break-word; color: #666666; font-family: UOLText, Arial, sans-serif; letter-spacing: normal;\">Val\u00e9ria Tavares \u2013 Ba\u00fa Verde<\/p>\n<p style=\"font-size: 17px; line-height: 24px; word-break: break-word; color: #666666; font-family: UOLText, Arial, sans-serif; letter-spacing: normal;\"><img decoding=\"async\" style=\"border-width: 0px; border-style: initial; vertical-align: middle; display: block; margin-bottom: 20px;\" src=\"https:\/\/conteudo.imguol.com.br\/2015\/05\/08\/valeria-1431099049562_600x250.jpg\"><\/p>\n<p style=\"font-size: 17px; line-height: 24px; word-break: break-word; color: #666666; font-family: UOLText, Arial, sans-serif; letter-spacing: normal;\">A brasileira Val\u00e9ria Tavares morava na Inglaterra quando sua filha, Bel, nasceu. Ao voltar para o Brasil, quando a pequena completou oito meses, ela e seu marido ficaram bem assustados com o pre\u00e7o dos brinquedos no pa\u00eds e o consumismo exagerado no mercado infantil. Por isso, resolveram tentar replicar no Brasil algumas das experi\u00eancias que tiveram na Inglaterra.<\/p>\n<p style=\"font-size: 17px; line-height: 24px; word-break: break-word; color: #666666; font-family: UOLText, Arial, sans-serif; letter-spacing: normal;\">Foi assim que nasceu a ideia do servi\u00e7o de aluguel de brinquedos&nbsp;<a style=\"color: #1082be;\" href=\"https:\/\/www.bauverde.com.br\/\" target=\"_blank\" rel=\"noopener noreferrer\">Ba\u00fa Verde<\/a>. A loja, que opera no Rio de Janeiro, oferece aos pais a oportunidade de presentear seus filhos com brinquedos tempor\u00e1rios diversos. Por exemplo, uma m\u00e3e pode alugar uma patinete durante um m\u00eas, uma casa de boneca durante dois, e assim sucessivamente. Tudo depende do plano escolhido, e os brinquedos s\u00e3o entregues na casa do assinante.<\/p>\n<p style=\"font-size: 17px; line-height: 24px; word-break: break-word; color: #666666; font-family: UOLText, Arial, sans-serif; letter-spacing: normal;\"><em>\u201cL\u00e1 fora se vive muito mais em comunidade do que aqui. Compartilhar produtos com amigos e vizinhos \u00e9 natural. Nossa filha vivia num mundo onde existia uma rotatividade enorme de roupas e brinquedos a um custo extremamente baixo\u201d<\/em>, conta Val\u00e9ria, que decidiu voltar ao Brasil quando a filha tinha oito meses.<\/p>\n<p style=\"font-size: 17px; line-height: 24px; word-break: break-word; color: #666666; font-family: UOLText, Arial, sans-serif; letter-spacing: normal;\">O plano mais simples custa 70 reais por m\u00eas e d\u00e1 direito a duas moedas mensais. Essas moedas podem ser trocadas por brinquedos. Por exemplo, um jogo de panelas, uma patinete e um carro de princesa custam duas moedas. J\u00e1 um jogo de ch\u00e1 e o Bob Esponja custam apenas uma moeda. Portanto, nesse plano, seria poss\u00edvel escolher dois brinquedos que valem uma moeda ou um de duas moedas. Eles podem ser trocados a cada m\u00eas ou, ent\u00e3o, terem sua assinatura renovada, permanecendo com o brinquedo por mais um per\u00edodo.<\/p>\n<p style=\"font-size: 17px; line-height: 24px; word-break: break-word; color: #666666; font-family: UOLText, Arial, sans-serif; letter-spacing: normal;\"><em>\u201cNossa ideia \u00e9 oferecer subs\u00eddios aos pais para ensinarem as crian\u00e7as que o importante n\u00e3o \u00e9 ter o brinquedo, e sim a brincadeira que ele proporciona\u201d<\/em>, conta a empreendedora.<\/p>\n<p style=\"font-size: 17px; line-height: 24px; word-break: break-word; color: #666666; font-family: UOLText, Arial, sans-serif; letter-spacing: normal;\">Funcionando desde fevereiro de 2014, a loja foi lan\u00e7ada com uma meta de crescimento de 7% ao m\u00eas.&nbsp;<em>\u201cPara o pr\u00f3ximo ano, j\u00e1 aumentamos essa meta. A ideia \u00e9 crescer 10% ao m\u00eas\u201d<\/em>, conta Val\u00e9ria.<\/p>\n<p style=\"font-size: 17px; line-height: 24px; word-break: break-word; color: #666666; font-family: UOLText, Arial, sans-serif; letter-spacing: normal;\">De acordo com a empres\u00e1ria, cerca de 50% a 60 % dos produtos do estoque da loja s\u00e3o alugados todos os meses, o que representa algo entre 160 e 200 brinquedos.<\/p>\n<p style=\"font-size: 17px; line-height: 24px; word-break: break-word; color: #666666; font-family: UOLText, Arial, sans-serif; letter-spacing: normal;\">Tuca Petlik \u2013 Petlik Sling<\/p>\n<p style=\"font-size: 17px; line-height: 24px; word-break: break-word; color: #666666; font-family: UOLText, Arial, sans-serif; letter-spacing: normal;\"><img decoding=\"async\" style=\"border-width: 0px; border-style: initial; vertical-align: middle; display: block; margin-bottom: 20px;\" src=\"https:\/\/conteudo.imguol.com.br\/2015\/05\/08\/tuca-1431098981537_600x250.jpg\"><\/p>\n<p style=\"font-size: 17px; line-height: 24px; word-break: break-word; color: #666666; font-family: UOLText, Arial, sans-serif; letter-spacing: normal;\">Dividir com o pai a miss\u00e3o de carregar o beb\u00ea foi a brecha que Tuca Petlik precisava para&nbsp;<a style=\"color: #1082be;\" href=\"https:\/\/www.uolhost.uol.com.br\/academia\/noticias\/2015\/02\/12\/4-sinais-de-que-esta-na-hora-de-investir-em-uma-loja-virtual.html\">come\u00e7ar o seu neg\u00f3cio<\/a>. Adepta dos&nbsp;<em>slings<\/em>&nbsp;\u2013 tamb\u00e9m conhecidos como cangurus \u2013, uma esp\u00e9cie de uma bolsa aberta para carregar os beb\u00eas, Tuca decidiu criar um para seu marido, que fosse menos feminino e mais a \u201ccara dele\u201d.<\/p>\n<p style=\"font-size: 17px; line-height: 24px; word-break: break-word; color: #666666; font-family: UOLText, Arial, sans-serif; letter-spacing: normal;\"><em>\u201cO sling ficou t\u00e3o bacana que decidi fazer uns a mais para tentar vender. Montei combina\u00e7\u00f5es de cores e estampas, pensando nele como um acess\u00f3rio que comp\u00f5e o visual de quem carrega o beb\u00ea\u201d<\/em>, conta a empreendedora.<\/p>\n<p style=\"font-size: 17px; line-height: 24px; word-break: break-word; color: #666666; font-family: UOLText, Arial, sans-serif; letter-spacing: normal;\">As pe\u00e7as sa\u00edram rapidamente e as encomendas foram surgindo. Assim, a&nbsp;<a style=\"color: #1082be;\" href=\"https:\/\/www.petliksling.com.br\/\" target=\"_blank\" rel=\"noopener noreferrer\">Petlik Sling<\/a>&nbsp;est\u00e1 no mercado h\u00e1 pouco mais de dois anos.<\/p>\n<p style=\"font-size: 17px; line-height: 24px; word-break: break-word; color: #666666; font-family: UOLText, Arial, sans-serif; letter-spacing: normal;\">O Instagram e o Facebook s\u00e3o as principais ferramentas de venda da Petlik. Mas em raz\u00e3o do crescimento do neg\u00f3cio, Tuca j\u00e1 est\u00e1 em processo de migra\u00e7\u00e3o para uma&nbsp;<a href=\"https:\/\/meunegocio.uol.com.br\/loja-virtual\" target=\"_blank\" rel=\"noopener noreferrer\">plataforma de loja virtual<\/a>.<\/p>\n<p style=\"font-size: 17px; line-height: 24px; word-break: break-word; color: #666666; font-family: UOLText, Arial, sans-serif; letter-spacing: normal;\"><em>&nbsp;\u201cCom a loja virtual, o tratamento vai ficar menos pessoal, mas ser\u00e1 mais f\u00e1cil para as pessoas comprarem e para eu administrar o neg\u00f3cio tamb\u00e9m\u201d<\/em>, comenta.<\/p>\n<p style=\"font-size: 17px; line-height: 24px; word-break: break-word; color: #666666; font-family: UOLText, Arial, sans-serif; letter-spacing: normal;\">Os pre\u00e7os dos produtos da Petlik variam de 100 a 230 reais. O carro-chefe \u00e9 a Mochilik, um canguru ergon\u00f4mico que vende cerca de 60 unidades por m\u00eas.<\/p>\n<p style=\"font-size: 17px; line-height: 24px; word-break: break-word; color: #666666; font-family: UOLText, Arial, sans-serif; letter-spacing: normal;\">Tuca tamb\u00e9m planeja ampliar seu leque de produtos e j\u00e1 est\u00e1 trabalhando na produ\u00e7\u00e3o de uma n\u00e9cessaire-trocador (uma bolsa que vem com um trocador de beb\u00ea acoplado) e de babadores tipo len\u00e7o.<\/p>\n<p style=\"font-size: 17px; line-height: 24px; word-break: break-word; color: #666666; font-family: UOLText, Arial, sans-serif; letter-spacing: normal;\">Sarah Lazaretti \u2013 Alergoshop<\/p>\n<p style=\"font-size: 17px; line-height: 24px; word-break: break-word; color: #666666; font-family: UOLText, Arial, sans-serif; letter-spacing: normal;\"><img decoding=\"async\" style=\"border-width: 0px; border-style: initial; vertical-align: middle; display: block; margin-bottom: 20px;\" src=\"https:\/\/conteudo.imguol.com.br\/2015\/05\/08\/sarah-1431098822332_600x250.jpg\"><\/p>\n<p style=\"font-size: 17px; line-height: 24px; word-break: break-word; color: #666666; font-family: UOLText, Arial, sans-serif; letter-spacing: normal;\">A&nbsp;<a style=\"color: #1082be;\" href=\"https:\/\/alergoshop.com.br\/\" target=\"_blank\" rel=\"noopener noreferrer\">Alergoshop<\/a>&nbsp;\u00e9 uma loja de produtos para pessoas com alergias, como cosm\u00e9ticos, capas e acaricidas. H\u00e1 mais de 20 anos no mercado, a empresa nasceu da necessidade de Sarah Lazaretti por produtos antial\u00e9rgicos para sua filha Marina, que tinha asma e outras complica\u00e7\u00f5es al\u00e9rgicas quando crian\u00e7a.<\/p>\n<p style=\"font-size: 17px; line-height: 24px; word-break: break-word; color: #666666; font-family: UOLText, Arial, sans-serif; letter-spacing: normal;\">Cansada de importar os produtos e pagar car\u00edssimo por eles, a enfermeira Sarah juntou-se com sua irm\u00e3, a bi\u00f3loga J\u00falia, e fundou a Alergoshop.<\/p>\n<p style=\"font-size: 17px; line-height: 24px; word-break: break-word; color: #666666; font-family: UOLText, Arial, sans-serif; letter-spacing: normal;\"><em>\u201cPercebemos que o mercado das alergias era muito carente. Os m\u00e9dicos n\u00e3o podiam receitar medicamentos simplesmente por esses n\u00e3o existirem no Brasil\u201d<\/em>, conta a empres\u00e1ria.<\/p>\n<p style=\"font-size: 17px; line-height: 24px; word-break: break-word; color: #666666; font-family: UOLText, Arial, sans-serif; letter-spacing: normal;\">Em apenas um ano, as irm\u00e3s iniciaram a fabrica\u00e7\u00e3o pr\u00f3pria de produtos naturais, capas anti\u00e1caros, acaricidas e cosm\u00e9ticos.<\/p>\n<p style=\"font-size: 17px; line-height: 24px; word-break: break-word; color: #666666; font-family: UOLText, Arial, sans-serif; letter-spacing: normal;\">Hoje, 22 anos depois, a loja possui dez unidades f\u00edsicas, uma rede de franqueados e ainda vende pelo&nbsp;<a href=\"https:\/\/meunegocio.uol.com.br\/criador-de-sites\" target=\"_blank\" rel=\"noopener noreferrer\">site profissional<\/a>.&nbsp;<em>\u201cCome\u00e7amos nossa loja virtual em 2005, mas era um site bastante simples. Em 2011, iniciamos com mais for\u00e7a no mercado digital e estamos investindo cada vez mais. Nosso e-commerce apresenta crescimento m\u00eas a m\u00eas e j\u00e1 vende como uma loja de rua\u201d<\/em>, conta Sarah.<\/p>\n<p style=\"font-size: 17px; line-height: 24px; word-break: break-word; color: #666666; font-family: UOLText, Arial, sans-serif; letter-spacing: normal;\">Boa parte dos produtos que a loja vende \u00e9 da pr\u00f3pria marca. A empresa conta com um departamento exclusivo de pesquisa e tecnologia que cuida dessas formula\u00e7\u00f5es.<\/p>\n<p style=\"margin-bottom: 20px; font-size: 17px; line-height: 24px; word-break: break-word; color: #666666; font-family: UOLText, Arial, sans-serif; letter-spacing: normal;\"><em>\u201cEsses profissionais pesquisam e buscam os melhores componentes para nossas formula\u00e7\u00f5es, inclusive estudando as subst\u00e2ncias que podem causar alergias\u201d<\/em>, conta Sarah. Depois desse processo, as f\u00f3rmulas s\u00e3o enviadas para uma f\u00e1brica terceirizada e retornam para as vendas na rede Alergoshop.&nbsp;<\/p>\n","protected":false},"excerpt":{"rendered":"<p>Conciliar maternidade com carreira \u00e9 um desafio que grande parte das mulheres que decidem ter filhos, hoje em dia, enfrenta. \u00c9 verdade que a legisla\u00e7\u00e3o evoluiu e que os pais est\u00e3o cada vez mais presentes na cria\u00e7\u00e3o dos pequenos. Mas nem sempre a transi\u00e7\u00e3o entre a licen\u00e7a-maternidade e o retorno ao mercado de trabalho \u00e9 [&hellip;]<\/p>\n","protected":false},"author":24,"featured_media":4509,"comment_status":"closed","ping_status":"closed","sticky":false,"template":"","format":"standard","meta":{"footnotes":""},"categories":[33,85,88,38,43],"tags":[],"class_list":["post-4508","post","type-post","status-publish","format-standard","has-post-thumbnail","hentry","category-presenca-digital","category-primeiros-passos-loja","category-produtos-uol-meu-negocio","category-solucoes","category-tudo-para-sua-loja-virtual"],"gutentor_comment":0,"yoast_head":"<!-- This site is optimized with the Yoast SEO plugin v26.4 - https:\/\/yoast.com\/wordpress\/plugins\/seo\/ -->\n<title>4 mulheres que foram inspiradas pela maternidade a empreender -<\/title>\n<meta name=\"description\" content=\"4 mulheres que foram inspiradas pela maternidade a empreender : leia este ou outros artigos sobre E-commerce na Academia UOL Meu neg\u00f3cio.\" \/>\n<meta name=\"robots\" content=\"index, follow, max-snippet:-1, max-image-preview:large, max-video-preview:-1\" \/>\n<link rel=\"canonical\" href=\"https:\/\/uolhost.uol.com.br\/blog\/4-mulheres-que-foram-inspiradas-pela-maternidade-a-empreender\/\" \/>\n<meta property=\"og:locale\" content=\"pt_BR\" \/>\n<meta property=\"og:type\" content=\"article\" \/>\n<meta property=\"og:title\" content=\"4 mulheres que foram inspiradas pela maternidade a empreender -\" \/>\n<meta property=\"og:description\" content=\"4 mulheres que foram inspiradas pela maternidade a empreender : leia este ou outros artigos sobre E-commerce na Academia UOL Meu neg\u00f3cio.\" \/>\n<meta property=\"og:url\" content=\"https:\/\/uolhost.uol.com.br\/blog\/4-mulheres-que-foram-inspiradas-pela-maternidade-a-empreender\/\" \/>\n<meta property=\"article:published_time\" content=\"2020-04-17T19:13:50+00:00\" \/>\n<meta property=\"article:modified_time\" content=\"2026-01-15T11:59:48+00:00\" \/>\n<meta property=\"og:image\" content=\"https:\/\/uolhost.uol.com.br\/blog\/wp-content\/uploads\/2020\/04\/maes3-1431113166584_600x250.png\" \/>\n\t<meta property=\"og:image:width\" content=\"600\" \/>\n\t<meta property=\"og:image:height\" content=\"250\" \/>\n\t<meta property=\"og:image:type\" content=\"image\/png\" \/>\n<meta name=\"author\" content=\"Yuri Torres\" \/>\n<meta name=\"twitter:card\" content=\"summary_large_image\" \/>\n<meta name=\"twitter:label1\" content=\"Escrito por\" \/>\n\t<meta name=\"twitter:data1\" content=\"Yuri Torres\" \/>\n\t<meta name=\"twitter:label2\" content=\"Est. tempo de leitura\" \/>\n\t<meta name=\"twitter:data2\" content=\"7 minutos\" \/>\n<script type=\"application\/ld+json\" class=\"yoast-schema-graph\">{\"@context\":\"https:\/\/schema.org\",\"@graph\":[{\"@type\":\"Article\",\"@id\":\"https:\/\/uolhost.uol.com.br\/blog\/4-mulheres-que-foram-inspiradas-pela-maternidade-a-empreender\/#article\",\"isPartOf\":{\"@id\":\"https:\/\/uolhost.uol.com.br\/blog\/4-mulheres-que-foram-inspiradas-pela-maternidade-a-empreender\/\"},\"author\":{\"name\":\"Yuri Torres\",\"@id\":\"https:\/\/uolhost.uol.com.br\/blog\/#\/schema\/person\/41505c2cd07dc07109e30bea51edee93\"},\"headline\":\"4 mulheres que foram inspiradas pela maternidade a empreender\",\"datePublished\":\"2020-04-17T19:13:50+00:00\",\"dateModified\":\"2026-01-15T11:59:48+00:00\",\"mainEntityOfPage\":{\"@id\":\"https:\/\/uolhost.uol.com.br\/blog\/4-mulheres-que-foram-inspiradas-pela-maternidade-a-empreender\/\"},\"wordCount\":1352,\"publisher\":{\"@id\":\"https:\/\/uolhost.uol.com.br\/blog\/#organization\"},\"image\":{\"@id\":\"https:\/\/uolhost.uol.com.br\/blog\/4-mulheres-que-foram-inspiradas-pela-maternidade-a-empreender\/#primaryimage\"},\"thumbnailUrl\":\"https:\/\/uolhost.uol.com.br\/blog\/wp-content\/uploads\/2020\/04\/maes3-1431113166584_600x250.png?wsr\",\"articleSection\":[\"Presen\u00e7a digital\",\"Primeiros passos\",\"Produtos UOL Meu Neg\u00f3cio\",\"Solu\u00e7\u00f5es\",\"Tudo para sua Loja Virtual\"],\"inLanguage\":\"pt-BR\"},{\"@type\":\"WebPage\",\"@id\":\"https:\/\/uolhost.uol.com.br\/blog\/4-mulheres-que-foram-inspiradas-pela-maternidade-a-empreender\/\",\"url\":\"https:\/\/uolhost.uol.com.br\/blog\/4-mulheres-que-foram-inspiradas-pela-maternidade-a-empreender\/\",\"name\":\"4 mulheres que foram inspiradas pela maternidade a empreender -\",\"isPartOf\":{\"@id\":\"https:\/\/uolhost.uol.com.br\/blog\/#website\"},\"primaryImageOfPage\":{\"@id\":\"https:\/\/uolhost.uol.com.br\/blog\/4-mulheres-que-foram-inspiradas-pela-maternidade-a-empreender\/#primaryimage\"},\"image\":{\"@id\":\"https:\/\/uolhost.uol.com.br\/blog\/4-mulheres-que-foram-inspiradas-pela-maternidade-a-empreender\/#primaryimage\"},\"thumbnailUrl\":\"https:\/\/uolhost.uol.com.br\/blog\/wp-content\/uploads\/2020\/04\/maes3-1431113166584_600x250.png?wsr\",\"datePublished\":\"2020-04-17T19:13:50+00:00\",\"dateModified\":\"2026-01-15T11:59:48+00:00\",\"description\":\"4 mulheres que foram inspiradas pela maternidade a empreender : leia este ou outros artigos sobre E-commerce na Academia UOL Meu neg\u00f3cio.\",\"breadcrumb\":{\"@id\":\"https:\/\/uolhost.uol.com.br\/blog\/4-mulheres-que-foram-inspiradas-pela-maternidade-a-empreender\/#breadcrumb\"},\"inLanguage\":\"pt-BR\",\"potentialAction\":[{\"@type\":\"ReadAction\",\"target\":[\"https:\/\/uolhost.uol.com.br\/blog\/4-mulheres-que-foram-inspiradas-pela-maternidade-a-empreender\/\"]}]},{\"@type\":\"ImageObject\",\"inLanguage\":\"pt-BR\",\"@id\":\"https:\/\/uolhost.uol.com.br\/blog\/4-mulheres-que-foram-inspiradas-pela-maternidade-a-empreender\/#primaryimage\",\"url\":\"https:\/\/uolhost.uol.com.br\/blog\/wp-content\/uploads\/2020\/04\/maes3-1431113166584_600x250.png?wsr\",\"contentUrl\":\"https:\/\/uolhost.uol.com.br\/blog\/wp-content\/uploads\/2020\/04\/maes3-1431113166584_600x250.png?wsr\",\"width\":600,\"height\":250},{\"@type\":\"BreadcrumbList\",\"@id\":\"https:\/\/uolhost.uol.com.br\/blog\/4-mulheres-que-foram-inspiradas-pela-maternidade-a-empreender\/#breadcrumb\",\"itemListElement\":[{\"@type\":\"ListItem\",\"position\":1,\"name\":\"In\u00edcio\",\"item\":\"https:\/\/uolhost.uol.com.br\/blog\/\"},{\"@type\":\"ListItem\",\"position\":2,\"name\":\"4 mulheres que foram inspiradas pela maternidade a empreender\"}]},{\"@type\":\"WebSite\",\"@id\":\"https:\/\/uolhost.uol.com.br\/blog\/#website\",\"url\":\"https:\/\/uolhost.uol.com.br\/blog\/\",\"name\":\"Blog UOL Host\",\"description\":\"\",\"publisher\":{\"@id\":\"https:\/\/uolhost.uol.com.br\/blog\/#organization\"},\"potentialAction\":[{\"@type\":\"SearchAction\",\"target\":{\"@type\":\"EntryPoint\",\"urlTemplate\":\"https:\/\/uolhost.uol.com.br\/blog\/?s={search_term_string}\"},\"query-input\":{\"@type\":\"PropertyValueSpecification\",\"valueRequired\":true,\"valueName\":\"search_term_string\"}}],\"inLanguage\":\"pt-BR\"},{\"@type\":\"Organization\",\"@id\":\"https:\/\/uolhost.uol.com.br\/blog\/#organization\",\"name\":\"Blog UOL Host\",\"url\":\"https:\/\/uolhost.uol.com.br\/blog\/\",\"logo\":{\"@type\":\"ImageObject\",\"inLanguage\":\"pt-BR\",\"@id\":\"https:\/\/uolhost.uol.com.br\/blog\/#\/schema\/logo\/image\/\",\"url\":\"https:\/\/uolhost.uol.com.br\/blog\/wp-content\/uploads\/2025\/01\/UOL_Host.png?wsr\",\"contentUrl\":\"https:\/\/uolhost.uol.com.br\/blog\/wp-content\/uploads\/2025\/01\/UOL_Host.png?wsr\",\"width\":2000,\"height\":393,\"caption\":\"Blog UOL Host\"},\"image\":{\"@id\":\"https:\/\/uolhost.uol.com.br\/blog\/#\/schema\/logo\/image\/\"}},{\"@type\":\"Person\",\"@id\":\"https:\/\/uolhost.uol.com.br\/blog\/#\/schema\/person\/41505c2cd07dc07109e30bea51edee93\",\"name\":\"Yuri Torres\",\"image\":{\"@type\":\"ImageObject\",\"inLanguage\":\"pt-BR\",\"@id\":\"https:\/\/uolhost.uol.com.br\/blog\/#\/schema\/person\/image\/\",\"url\":\"https:\/\/secure.gravatar.com\/avatar\/4c96a05faea9fdf86f95d5b723e438c9cc14ad5c342d76486e5a4c8ac8259492?s=96&d=mm&r=g\",\"contentUrl\":\"https:\/\/secure.gravatar.com\/avatar\/4c96a05faea9fdf86f95d5b723e438c9cc14ad5c342d76486e5a4c8ac8259492?s=96&d=mm&r=g\",\"caption\":\"Yuri Torres\"},\"description\":\"Profissional de Reda\u00e7\u00e3o e Marketing, com 10 anos de experi\u00eancia no desenvolvimento de estrat\u00e9gias de conte\u00fado voltadas \u00e0 comunica\u00e7\u00e3o de marcas. Atua na cria\u00e7\u00e3o de materiais que fortalecem a presen\u00e7a digital, ampliam o engajamento e contribuem para o alcance de resultados alinhados aos objetivos de neg\u00f3cio, com experi\u00eancia no atendimento a empresas de diferentes segmentos. LinkedIn\",\"sameAs\":[\"https:\/\/www.linkedin.com\/in\/yuri-torres-271093108\/\"],\"url\":\"https:\/\/uolhost.uol.com.br\/blog\/author\/yuri-torres\/\"}]}<\/script>\n<!-- \/ Yoast SEO plugin. -->","yoast_head_json":{"title":"4 mulheres que foram inspiradas pela maternidade a empreender -","description":"4 mulheres que foram inspiradas pela maternidade a empreender : leia este ou outros artigos sobre E-commerce na Academia UOL Meu neg\u00f3cio.","robots":{"index":"index","follow":"follow","max-snippet":"max-snippet:-1","max-image-preview":"max-image-preview:large","max-video-preview":"max-video-preview:-1"},"canonical":"https:\/\/uolhost.uol.com.br\/blog\/4-mulheres-que-foram-inspiradas-pela-maternidade-a-empreender\/","og_locale":"pt_BR","og_type":"article","og_title":"4 mulheres que foram inspiradas pela maternidade a empreender -","og_description":"4 mulheres que foram inspiradas pela maternidade a empreender : leia este ou outros artigos sobre E-commerce na Academia UOL Meu neg\u00f3cio.","og_url":"https:\/\/uolhost.uol.com.br\/blog\/4-mulheres-que-foram-inspiradas-pela-maternidade-a-empreender\/","article_published_time":"2020-04-17T19:13:50+00:00","article_modified_time":"2026-01-15T11:59:48+00:00","og_image":[{"width":600,"height":250,"url":"https:\/\/uolhost.uol.com.br\/blog\/wp-content\/uploads\/2020\/04\/maes3-1431113166584_600x250.png","type":"image\/png"}],"author":"Yuri Torres","twitter_card":"summary_large_image","twitter_misc":{"Escrito por":"Yuri Torres","Est. tempo de leitura":"7 minutos"},"schema":{"@context":"https:\/\/schema.org","@graph":[{"@type":"Article","@id":"https:\/\/uolhost.uol.com.br\/blog\/4-mulheres-que-foram-inspiradas-pela-maternidade-a-empreender\/#article","isPartOf":{"@id":"https:\/\/uolhost.uol.com.br\/blog\/4-mulheres-que-foram-inspiradas-pela-maternidade-a-empreender\/"},"author":{"name":"Yuri Torres","@id":"https:\/\/uolhost.uol.com.br\/blog\/#\/schema\/person\/41505c2cd07dc07109e30bea51edee93"},"headline":"4 mulheres que foram inspiradas pela maternidade a empreender","datePublished":"2020-04-17T19:13:50+00:00","dateModified":"2026-01-15T11:59:48+00:00","mainEntityOfPage":{"@id":"https:\/\/uolhost.uol.com.br\/blog\/4-mulheres-que-foram-inspiradas-pela-maternidade-a-empreender\/"},"wordCount":1352,"publisher":{"@id":"https:\/\/uolhost.uol.com.br\/blog\/#organization"},"image":{"@id":"https:\/\/uolhost.uol.com.br\/blog\/4-mulheres-que-foram-inspiradas-pela-maternidade-a-empreender\/#primaryimage"},"thumbnailUrl":"https:\/\/uolhost.uol.com.br\/blog\/wp-content\/uploads\/2020\/04\/maes3-1431113166584_600x250.png?wsr","articleSection":["Presen\u00e7a digital","Primeiros passos","Produtos UOL Meu Neg\u00f3cio","Solu\u00e7\u00f5es","Tudo para sua Loja Virtual"],"inLanguage":"pt-BR"},{"@type":"WebPage","@id":"https:\/\/uolhost.uol.com.br\/blog\/4-mulheres-que-foram-inspiradas-pela-maternidade-a-empreender\/","url":"https:\/\/uolhost.uol.com.br\/blog\/4-mulheres-que-foram-inspiradas-pela-maternidade-a-empreender\/","name":"4 mulheres que foram inspiradas pela maternidade a empreender -","isPartOf":{"@id":"https:\/\/uolhost.uol.com.br\/blog\/#website"},"primaryImageOfPage":{"@id":"https:\/\/uolhost.uol.com.br\/blog\/4-mulheres-que-foram-inspiradas-pela-maternidade-a-empreender\/#primaryimage"},"image":{"@id":"https:\/\/uolhost.uol.com.br\/blog\/4-mulheres-que-foram-inspiradas-pela-maternidade-a-empreender\/#primaryimage"},"thumbnailUrl":"https:\/\/uolhost.uol.com.br\/blog\/wp-content\/uploads\/2020\/04\/maes3-1431113166584_600x250.png?wsr","datePublished":"2020-04-17T19:13:50+00:00","dateModified":"2026-01-15T11:59:48+00:00","description":"4 mulheres que foram inspiradas pela maternidade a empreender : leia este ou outros artigos sobre E-commerce na Academia UOL Meu neg\u00f3cio.","breadcrumb":{"@id":"https:\/\/uolhost.uol.com.br\/blog\/4-mulheres-que-foram-inspiradas-pela-maternidade-a-empreender\/#breadcrumb"},"inLanguage":"pt-BR","potentialAction":[{"@type":"ReadAction","target":["https:\/\/uolhost.uol.com.br\/blog\/4-mulheres-que-foram-inspiradas-pela-maternidade-a-empreender\/"]}]},{"@type":"ImageObject","inLanguage":"pt-BR","@id":"https:\/\/uolhost.uol.com.br\/blog\/4-mulheres-que-foram-inspiradas-pela-maternidade-a-empreender\/#primaryimage","url":"https:\/\/uolhost.uol.com.br\/blog\/wp-content\/uploads\/2020\/04\/maes3-1431113166584_600x250.png?wsr","contentUrl":"https:\/\/uolhost.uol.com.br\/blog\/wp-content\/uploads\/2020\/04\/maes3-1431113166584_600x250.png?wsr","width":600,"height":250},{"@type":"BreadcrumbList","@id":"https:\/\/uolhost.uol.com.br\/blog\/4-mulheres-que-foram-inspiradas-pela-maternidade-a-empreender\/#breadcrumb","itemListElement":[{"@type":"ListItem","position":1,"name":"In\u00edcio","item":"https:\/\/uolhost.uol.com.br\/blog\/"},{"@type":"ListItem","position":2,"name":"4 mulheres que foram inspiradas pela maternidade a empreender"}]},{"@type":"WebSite","@id":"https:\/\/uolhost.uol.com.br\/blog\/#website","url":"https:\/\/uolhost.uol.com.br\/blog\/","name":"Blog UOL Host","description":"","publisher":{"@id":"https:\/\/uolhost.uol.com.br\/blog\/#organization"},"potentialAction":[{"@type":"SearchAction","target":{"@type":"EntryPoint","urlTemplate":"https:\/\/uolhost.uol.com.br\/blog\/?s={search_term_string}"},"query-input":{"@type":"PropertyValueSpecification","valueRequired":true,"valueName":"search_term_string"}}],"inLanguage":"pt-BR"},{"@type":"Organization","@id":"https:\/\/uolhost.uol.com.br\/blog\/#organization","name":"Blog UOL Host","url":"https:\/\/uolhost.uol.com.br\/blog\/","logo":{"@type":"ImageObject","inLanguage":"pt-BR","@id":"https:\/\/uolhost.uol.com.br\/blog\/#\/schema\/logo\/image\/","url":"https:\/\/uolhost.uol.com.br\/blog\/wp-content\/uploads\/2025\/01\/UOL_Host.png?wsr","contentUrl":"https:\/\/uolhost.uol.com.br\/blog\/wp-content\/uploads\/2025\/01\/UOL_Host.png?wsr","width":2000,"height":393,"caption":"Blog UOL Host"},"image":{"@id":"https:\/\/uolhost.uol.com.br\/blog\/#\/schema\/logo\/image\/"}},{"@type":"Person","@id":"https:\/\/uolhost.uol.com.br\/blog\/#\/schema\/person\/41505c2cd07dc07109e30bea51edee93","name":"Yuri Torres","image":{"@type":"ImageObject","inLanguage":"pt-BR","@id":"https:\/\/uolhost.uol.com.br\/blog\/#\/schema\/person\/image\/","url":"https:\/\/secure.gravatar.com\/avatar\/4c96a05faea9fdf86f95d5b723e438c9cc14ad5c342d76486e5a4c8ac8259492?s=96&d=mm&r=g","contentUrl":"https:\/\/secure.gravatar.com\/avatar\/4c96a05faea9fdf86f95d5b723e438c9cc14ad5c342d76486e5a4c8ac8259492?s=96&d=mm&r=g","caption":"Yuri Torres"},"description":"Profissional de Reda\u00e7\u00e3o e Marketing, com 10 anos de experi\u00eancia no desenvolvimento de estrat\u00e9gias de conte\u00fado voltadas \u00e0 comunica\u00e7\u00e3o de marcas. Atua na cria\u00e7\u00e3o de materiais que fortalecem a presen\u00e7a digital, ampliam o engajamento e contribuem para o alcance de resultados alinhados aos objetivos de neg\u00f3cio, com experi\u00eancia no atendimento a empresas de diferentes segmentos. LinkedIn","sameAs":["https:\/\/www.linkedin.com\/in\/yuri-torres-271093108\/"],"url":"https:\/\/uolhost.uol.com.br\/blog\/author\/yuri-torres\/"}]}},"_links":{"self":[{"href":"https:\/\/uolhost.uol.com.br\/blog\/wp-json\/wp\/v2\/posts\/4508","targetHints":{"allow":["GET"]}}],"collection":[{"href":"https:\/\/uolhost.uol.com.br\/blog\/wp-json\/wp\/v2\/posts"}],"about":[{"href":"https:\/\/uolhost.uol.com.br\/blog\/wp-json\/wp\/v2\/types\/post"}],"author":[{"embeddable":true,"href":"https:\/\/uolhost.uol.com.br\/blog\/wp-json\/wp\/v2\/users\/24"}],"replies":[{"embeddable":true,"href":"https:\/\/uolhost.uol.com.br\/blog\/wp-json\/wp\/v2\/comments?post=4508"}],"version-history":[{"count":1,"href":"https:\/\/uolhost.uol.com.br\/blog\/wp-json\/wp\/v2\/posts\/4508\/revisions"}],"predecessor-version":[{"id":20016,"href":"https:\/\/uolhost.uol.com.br\/blog\/wp-json\/wp\/v2\/posts\/4508\/revisions\/20016"}],"wp:featuredmedia":[{"embeddable":true,"href":"https:\/\/uolhost.uol.com.br\/blog\/wp-json\/wp\/v2\/media\/4509"}],"wp:attachment":[{"href":"https:\/\/uolhost.uol.com.br\/blog\/wp-json\/wp\/v2\/media?parent=4508"}],"wp:term":[{"taxonomy":"category","embeddable":true,"href":"https:\/\/uolhost.uol.com.br\/blog\/wp-json\/wp\/v2\/categories?post=4508"},{"taxonomy":"post_tag","embeddable":true,"href":"https:\/\/uolhost.uol.com.br\/blog\/wp-json\/wp\/v2\/tags?post=4508"}],"curies":[{"name":"wp","href":"https:\/\/api.w.org\/{rel}","templated":true}]}}