{"id":5007,"date":"2020-04-28T18:11:07","date_gmt":"2020-04-28T21:11:07","guid":{"rendered":"https:\/\/meunegocio.uol.com.br\/blog\/?p=5007"},"modified":"2026-01-15T08:57:59","modified_gmt":"2026-01-15T11:57:59","slug":"agrupe-melhor-seus-produtos-e-aumente-suas-vendas","status":"publish","type":"post","link":"https:\/\/uolhost.uol.com.br\/blog\/agrupe-melhor-seus-produtos-e-aumente-suas-vendas\/","title":{"rendered":"Agrupe melhor seus produtos e aumente suas vendas"},"content":{"rendered":"<p style=\"font-size: 17px; line-height: 24px; word-break: break-word; color: #666666; font-family: UOLText, Arial, sans-serif; letter-spacing: normal;\">Voc\u00ea j\u00e1 entrou em uma loja para comprar uma coisa e saiu com tr\u00eas? Quantas vezes nos supermercados, enquanto espera a fila do caixa andar, voc\u00ea n\u00e3o acabou colocando no carrinho uma guloseima ou uma revista que ficam estrategicamente posicionados nos corredores das filas?<\/p>\n<p style=\"font-size: 17px; line-height: 24px; word-break: break-word; color: #666666; font-family: UOLText, Arial, sans-serif; letter-spacing: normal;\">\n<p style=\"font-size: 17px; line-height: 24px; word-break: break-word; color: #666666; font-family: UOLText, Arial, sans-serif; letter-spacing: normal;\">A distribui\u00e7\u00e3o dos produtos nas prateleiras das lojas f\u00edsicas faz parte da estrat\u00e9gia de vendas das empresas. E no mundo virtual, o mesmo tamb\u00e9m deve acontecer. N\u00e3o \u00e9 porque o cliente n\u00e3o ir\u00e1 andar pelos corredores, que a categoriza\u00e7\u00e3o e divis\u00e3o dos produtos n\u00e3o importa. Pelo contr\u00e1rio, pesquisas mostram que a falta de organiza\u00e7\u00e3o dos produtos no site \u00e9 um dos motivos que leva o cliente a abandonar o carrinho.<\/p>\n<p style=\"font-size: 17px; line-height: 24px; word-break: break-word; color: #666666; font-family: UOLText, Arial, sans-serif; letter-spacing: normal;\">Ainda est\u00e1 meio perdido em como deve&nbsp;<a style=\"color: #1082be;\" href=\"https:\/\/www.uolhost.com.br\/academia\/noticias\/2014\/01\/27\/quer-vender-mais-organize-sua-loja.html\">agrupar seus produtos<\/a>&nbsp;nas prateleiras virtuais? Veja as dicas a seguir para criar categorias certas e vender mais:<\/p>\n<p style=\"font-size: 17px; line-height: 24px; word-break: break-word; color: #666666; font-family: UOLText, Arial, sans-serif; letter-spacing: normal;\">&nbsp;Separe alhos de bugalhos<\/p>\n<p style=\"font-size: 17px; line-height: 24px; word-break: break-word; color: #666666; font-family: UOLText, Arial, sans-serif; letter-spacing: normal;\">O primeiro passo \u00e9 separar os produtos de acordo com o que eles s\u00e3o. Ou seja, sapato \u00e9 sapato, n\u00e3o \u00e9 meia ou chinelo. Pratos s\u00e3o pratos, n\u00e3o s\u00e3o travessas nem bacias.<\/p>\n<p style=\"font-size: 17px; line-height: 24px; word-break: break-word; color: #666666; font-family: UOLText, Arial, sans-serif; letter-spacing: normal;\">&nbsp;Em um pr\u00f3ximo passo, voc\u00ea poder\u00e1 agrup\u00e1-los em uma mesma se\u00e7\u00e3o, mas o importante \u00e9 que se fa\u00e7a primeiramente esta divis\u00e3o clara.&nbsp;<\/p>\n<p style=\"font-size: 17px; line-height: 24px; word-break: break-word; color: #666666; font-family: UOLText, Arial, sans-serif; letter-spacing: normal;\">Agrupe os produtos por nichos de consumo<\/p>\n<p style=\"font-size: 17px; line-height: 24px; word-break: break-word; color: #666666; font-family: UOLText, Arial, sans-serif; letter-spacing: normal;\">Sexo e idade s\u00e3o fatores que podem ajudar na hora de fazer esta divis\u00e3o. Por exemplo, em uma&nbsp;<a href=\"https:\/\/meunegocio.uol.com.br\/loja-virtual\" target=\"_blank\" rel=\"noopener noreferrer\">loja virtual<\/a>&nbsp;de eletr\u00f4nicos, a categoria brinquedos e&nbsp;<a style=\"color: #1082be;\" href=\"https:\/\/www.uolhost.com.br\/academia\/noticias\/2014\/06\/13\/como-montar-uma-loja-virtual-de-games.html\">videogames<\/a>&nbsp;podem estar dentro de uma mesma se\u00e7\u00e3o: crian\u00e7as.<\/p>\n<p style=\"font-size: 17px; line-height: 24px; word-break: break-word; color: #666666; font-family: UOLText, Arial, sans-serif; letter-spacing: normal;\">Segmente os produtos por perfil de consumidor<\/p>\n<p style=\"font-size: 17px; line-height: 24px; word-break: break-word; color: #666666; font-family: UOLText, Arial, sans-serif; letter-spacing: normal;\">O consumo de produtos diferentes pode ser estimulado agrupando-os com base nos diferentes&nbsp;<a style=\"color: #1082be;\" href=\"https:\/\/www.uolhost.com.br\/academia\/noticias\/2014\/06\/27\/conheca-5-perfis-de-compradores-online--e-saiba-falar-com-eles.html\">perfis de consumidores<\/a>. Produtos para os consumidores que gostam de praticar esportes, os consumidores que valorizam aspectos ecol\u00f3gicos, aqueles que curtem moda, e por a\u00ed vai. Por exemplo, o esportista pode ter interesse em roupas de gin\u00e1stica, t\u00eanis de corrida, isot\u00f4nicos, squeezes e at\u00e9 mesmo tocadores de MP3 para acompanh\u00e1-los na gin\u00e1stica.<\/p>\n<p style=\"margin-bottom: 20px; font-size: 17px; line-height: 24px; word-break: break-word; color: #666666; font-family: UOLText, Arial, sans-serif; letter-spacing: normal;\">Pensando individualmente no perfil de cada p\u00fablico-alvo da sua loja, voc\u00ea consegue pontuar diversos interesses e apresent\u00e1-los intercalados ao seu cliente.<\/p>\n<p>\t\t\t\t\t\t\t\t\t\t\t<a href=\"https:\/\/nam02.safelinks.protection.outlook.com\/?url=http%3A%2F%2Fclicklogger.rm.uol.com.br%2F%3Fprd%3D939%26grp%3Dsrc%3A13%3Bchn%3A546%3Bcpg%3Across-sell-banner-site-pronto%3B%26msr%3DCliques%2520de%2520Origem%3A1%26oper%3D11%26redir%3Dhttps%3A%2F%2Fcadastro.uol.com.br%2Findexb.html%3Feos%3Dyes%26skin%3Dcadastrounificado%2Fvisitor%2Fpf%26skinPath%3Dmeunegocio%26promochild%3DPROMPKSC3387&amp;data=02%7C01%7Cpeo_dcianci%40uolinc.com%7C6f05f73bb67447c4630308d7dfd1c5f1%7C7575b092fc5f4f6cb7a59e9ef7aca80d%7C1%7C0%7C637223964369517224&amp;sdata=gdM%2B1g%2F25hjYLbawOVS5MEfhhKFV16qInNU9AaanTUM%3D&amp;reserved=0\"><br \/>\n<img loading=\"lazy\" decoding=\"async\" width=\"600\" height=\"150\" src=\"https:\/\/uolhost.uol.com.br\/blog\/wp-content\/uploads\/2020\/04\/banner_uolmn_lojavirtuol_academia-1.gif\" alt=\"\">\t\t\t\t\t\t\t\t<\/a><\/p>\n<p style=\"font-size: 17px; line-height: 24px; word-break: break-word; color: #666666; font-family: UOLText, Arial, sans-serif; letter-spacing: normal;\">Incentive a compra de produtos complementares<\/p>\n<p style=\"font-size: 17px; line-height: 24px; word-break: break-word; color: #666666; font-family: UOLText, Arial, sans-serif; letter-spacing: normal;\">Suponhamos que um consumidor esteja em sua loja na p\u00e1gina de biqu\u00ednis. Muito provavelmente o interesse se deu porque ele pretende viajar em breve para a praia. Pensando neste cen\u00e1rio, o que mais pode interessar a ele? Protetor solar, chap\u00e9us, cangas, \u00f3culos de sol.<\/p>\n<p style=\"font-size: 17px; line-height: 24px; word-break: break-word; color: #666666; font-family: UOLText, Arial, sans-serif; letter-spacing: normal;\">Referencie na p\u00e1gina de biqu\u00ednis estas outras categorias. Elas podem gerar compras de impulso, ou ativar a lembran\u00e7a do cliente que talvez nem estava se lembrando que tamb\u00e9m precisava de uma canga para levar \u00e0 viagem.<\/p>\n<p style=\"font-size: 17px; line-height: 24px; word-break: break-word; color: #666666; font-family: UOLText, Arial, sans-serif; letter-spacing: normal;\">N\u00e3o se esque\u00e7a dos detalhes<\/p>\n<p style=\"font-size: 17px; line-height: 24px; word-break: break-word; color: #666666; font-family: UOLText, Arial, sans-serif; letter-spacing: normal;\">Tamanho, cor, fabricante, modelo. Todos estes detalhes tamb\u00e9m devem ser levados em conta na hora de agrupar os produtos. Al\u00e9m de facilitar a visualiza\u00e7\u00e3o e a compara\u00e7\u00e3o de produtos, a organiza\u00e7\u00e3o por cores e tamanhos deixa a loja esteticamente mais bonita.&nbsp;<\/p>\n<p style=\"font-size: 17px; line-height: 24px; word-break: break-word; color: #666666; font-family: UOLText, Arial, sans-serif; letter-spacing: normal;\">\n<p style=\"box-sizing: border-box; margin: 0px 0px 20px; font-size: 17px; line-height: 24px; word-break: break-word; color: #666666; font-family: UOLText, Arial, sans-serif; font-style: normal; font-variant-ligatures: normal; font-variant-caps: normal; font-weight: 400; letter-spacing: normal; orphans: 2; text-align: start; text-indent: 0px; text-transform: none; white-space: normal; widows: 2; word-spacing: 0px; -webkit-text-stroke-width: 0px; background-color: #ffffff; text-decoration-style: initial; text-decoration-color: initial;\">Encontrou uma maneira origina e eficaz de agrupar seus produtos? Conte seu segredo aqui para a gente.<\/p>\n","protected":false},"excerpt":{"rendered":"<p>Voc\u00ea j\u00e1 entrou em uma loja para comprar uma coisa e saiu com tr\u00eas? Quantas vezes nos supermercados, enquanto espera a fila do caixa andar, voc\u00ea n\u00e3o acabou colocando no carrinho uma guloseima ou uma revista que ficam estrategicamente posicionados nos corredores das filas? A distribui\u00e7\u00e3o dos produtos nas prateleiras das lojas f\u00edsicas faz parte [&hellip;]<\/p>\n","protected":false},"author":24,"featured_media":5008,"comment_status":"closed","ping_status":"closed","sticky":false,"template":"","format":"standard","meta":{"footnotes":""},"categories":[82,33,88,38,43],"tags":[],"class_list":["post-5007","post","type-post","status-publish","format-standard","has-post-thumbnail","hentry","category-otimizacao-de-loja","category-presenca-digital","category-produtos-uol-meu-negocio","category-solucoes","category-tudo-para-sua-loja-virtual"],"gutentor_comment":0,"yoast_head":"<!-- This site is optimized with the Yoast SEO plugin v26.4 - https:\/\/yoast.com\/wordpress\/plugins\/seo\/ -->\n<title>Agrupe melhor seus produtos e aumente suas vendas -<\/title>\n<meta name=\"description\" content=\"Agrupe melhor seus produtos e aumente suas vendas: leia este ou outros artigos sobre E-commerce na Academia UOL Meu neg\u00f3cio.\" \/>\n<meta name=\"robots\" content=\"index, follow, max-snippet:-1, max-image-preview:large, max-video-preview:-1\" \/>\n<link rel=\"canonical\" href=\"https:\/\/uolhost.uol.com.br\/blog\/agrupe-melhor-seus-produtos-e-aumente-suas-vendas\/\" \/>\n<meta property=\"og:locale\" content=\"pt_BR\" \/>\n<meta property=\"og:type\" content=\"article\" \/>\n<meta property=\"og:title\" content=\"Agrupe melhor seus produtos e aumente suas vendas -\" \/>\n<meta property=\"og:description\" content=\"Agrupe melhor seus produtos e aumente suas vendas: leia este ou outros artigos sobre E-commerce na Academia UOL Meu neg\u00f3cio.\" \/>\n<meta property=\"og:url\" content=\"https:\/\/uolhost.uol.com.br\/blog\/agrupe-melhor-seus-produtos-e-aumente-suas-vendas\/\" \/>\n<meta property=\"article:published_time\" content=\"2020-04-28T21:11:07+00:00\" \/>\n<meta property=\"article:modified_time\" content=\"2026-01-15T11:57:59+00:00\" \/>\n<meta property=\"og:image\" content=\"https:\/\/uolhost.uol.com.br\/blog\/wp-content\/uploads\/2020\/04\/agrupe-melhor-seus-produtos-e-aumente-suas-vendas-1407265777338_600x250.jpg\" \/>\n\t<meta property=\"og:image:width\" content=\"600\" \/>\n\t<meta property=\"og:image:height\" content=\"250\" \/>\n\t<meta property=\"og:image:type\" content=\"image\/jpeg\" \/>\n<meta name=\"author\" content=\"Yuri Torres\" \/>\n<meta name=\"twitter:card\" content=\"summary_large_image\" \/>\n<meta name=\"twitter:label1\" content=\"Escrito por\" \/>\n\t<meta name=\"twitter:data1\" content=\"Yuri Torres\" \/>\n\t<meta name=\"twitter:label2\" content=\"Est. tempo de leitura\" \/>\n\t<meta name=\"twitter:data2\" content=\"3 minutos\" \/>\n<script type=\"application\/ld+json\" class=\"yoast-schema-graph\">{\"@context\":\"https:\/\/schema.org\",\"@graph\":[{\"@type\":\"Article\",\"@id\":\"https:\/\/uolhost.uol.com.br\/blog\/agrupe-melhor-seus-produtos-e-aumente-suas-vendas\/#article\",\"isPartOf\":{\"@id\":\"https:\/\/uolhost.uol.com.br\/blog\/agrupe-melhor-seus-produtos-e-aumente-suas-vendas\/\"},\"author\":{\"name\":\"Yuri Torres\",\"@id\":\"https:\/\/uolhost.uol.com.br\/blog\/#\/schema\/person\/41505c2cd07dc07109e30bea51edee93\"},\"headline\":\"Agrupe melhor seus produtos e aumente suas vendas\",\"datePublished\":\"2020-04-28T21:11:07+00:00\",\"dateModified\":\"2026-01-15T11:57:59+00:00\",\"mainEntityOfPage\":{\"@id\":\"https:\/\/uolhost.uol.com.br\/blog\/agrupe-melhor-seus-produtos-e-aumente-suas-vendas\/\"},\"wordCount\":544,\"publisher\":{\"@id\":\"https:\/\/uolhost.uol.com.br\/blog\/#organization\"},\"image\":{\"@id\":\"https:\/\/uolhost.uol.com.br\/blog\/agrupe-melhor-seus-produtos-e-aumente-suas-vendas\/#primaryimage\"},\"thumbnailUrl\":\"https:\/\/uolhost.uol.com.br\/blog\/wp-content\/uploads\/2020\/04\/agrupe-melhor-seus-produtos-e-aumente-suas-vendas-1407265777338_600x250.jpg?wsr\",\"articleSection\":[\"Otimiza\u00e7\u00e3o de loja\",\"Presen\u00e7a digital\",\"Produtos UOL Meu Neg\u00f3cio\",\"Solu\u00e7\u00f5es\",\"Tudo para sua Loja Virtual\"],\"inLanguage\":\"pt-BR\"},{\"@type\":\"WebPage\",\"@id\":\"https:\/\/uolhost.uol.com.br\/blog\/agrupe-melhor-seus-produtos-e-aumente-suas-vendas\/\",\"url\":\"https:\/\/uolhost.uol.com.br\/blog\/agrupe-melhor-seus-produtos-e-aumente-suas-vendas\/\",\"name\":\"Agrupe melhor seus produtos e aumente suas vendas -\",\"isPartOf\":{\"@id\":\"https:\/\/uolhost.uol.com.br\/blog\/#website\"},\"primaryImageOfPage\":{\"@id\":\"https:\/\/uolhost.uol.com.br\/blog\/agrupe-melhor-seus-produtos-e-aumente-suas-vendas\/#primaryimage\"},\"image\":{\"@id\":\"https:\/\/uolhost.uol.com.br\/blog\/agrupe-melhor-seus-produtos-e-aumente-suas-vendas\/#primaryimage\"},\"thumbnailUrl\":\"https:\/\/uolhost.uol.com.br\/blog\/wp-content\/uploads\/2020\/04\/agrupe-melhor-seus-produtos-e-aumente-suas-vendas-1407265777338_600x250.jpg?wsr\",\"datePublished\":\"2020-04-28T21:11:07+00:00\",\"dateModified\":\"2026-01-15T11:57:59+00:00\",\"description\":\"Agrupe melhor seus produtos e aumente suas vendas: leia este ou outros artigos sobre E-commerce na Academia UOL Meu neg\u00f3cio.\",\"breadcrumb\":{\"@id\":\"https:\/\/uolhost.uol.com.br\/blog\/agrupe-melhor-seus-produtos-e-aumente-suas-vendas\/#breadcrumb\"},\"inLanguage\":\"pt-BR\",\"potentialAction\":[{\"@type\":\"ReadAction\",\"target\":[\"https:\/\/uolhost.uol.com.br\/blog\/agrupe-melhor-seus-produtos-e-aumente-suas-vendas\/\"]}]},{\"@type\":\"ImageObject\",\"inLanguage\":\"pt-BR\",\"@id\":\"https:\/\/uolhost.uol.com.br\/blog\/agrupe-melhor-seus-produtos-e-aumente-suas-vendas\/#primaryimage\",\"url\":\"https:\/\/uolhost.uol.com.br\/blog\/wp-content\/uploads\/2020\/04\/agrupe-melhor-seus-produtos-e-aumente-suas-vendas-1407265777338_600x250.jpg?wsr\",\"contentUrl\":\"https:\/\/uolhost.uol.com.br\/blog\/wp-content\/uploads\/2020\/04\/agrupe-melhor-seus-produtos-e-aumente-suas-vendas-1407265777338_600x250.jpg?wsr\",\"width\":600,\"height\":250},{\"@type\":\"BreadcrumbList\",\"@id\":\"https:\/\/uolhost.uol.com.br\/blog\/agrupe-melhor-seus-produtos-e-aumente-suas-vendas\/#breadcrumb\",\"itemListElement\":[{\"@type\":\"ListItem\",\"position\":1,\"name\":\"In\u00edcio\",\"item\":\"https:\/\/uolhost.uol.com.br\/blog\/\"},{\"@type\":\"ListItem\",\"position\":2,\"name\":\"Agrupe melhor seus produtos e aumente suas vendas\"}]},{\"@type\":\"WebSite\",\"@id\":\"https:\/\/uolhost.uol.com.br\/blog\/#website\",\"url\":\"https:\/\/uolhost.uol.com.br\/blog\/\",\"name\":\"Blog UOL Host\",\"description\":\"\",\"publisher\":{\"@id\":\"https:\/\/uolhost.uol.com.br\/blog\/#organization\"},\"potentialAction\":[{\"@type\":\"SearchAction\",\"target\":{\"@type\":\"EntryPoint\",\"urlTemplate\":\"https:\/\/uolhost.uol.com.br\/blog\/?s={search_term_string}\"},\"query-input\":{\"@type\":\"PropertyValueSpecification\",\"valueRequired\":true,\"valueName\":\"search_term_string\"}}],\"inLanguage\":\"pt-BR\"},{\"@type\":\"Organization\",\"@id\":\"https:\/\/uolhost.uol.com.br\/blog\/#organization\",\"name\":\"Blog UOL Host\",\"url\":\"https:\/\/uolhost.uol.com.br\/blog\/\",\"logo\":{\"@type\":\"ImageObject\",\"inLanguage\":\"pt-BR\",\"@id\":\"https:\/\/uolhost.uol.com.br\/blog\/#\/schema\/logo\/image\/\",\"url\":\"https:\/\/uolhost.uol.com.br\/blog\/wp-content\/uploads\/2025\/01\/UOL_Host.png?wsr\",\"contentUrl\":\"https:\/\/uolhost.uol.com.br\/blog\/wp-content\/uploads\/2025\/01\/UOL_Host.png?wsr\",\"width\":2000,\"height\":393,\"caption\":\"Blog UOL Host\"},\"image\":{\"@id\":\"https:\/\/uolhost.uol.com.br\/blog\/#\/schema\/logo\/image\/\"}},{\"@type\":\"Person\",\"@id\":\"https:\/\/uolhost.uol.com.br\/blog\/#\/schema\/person\/41505c2cd07dc07109e30bea51edee93\",\"name\":\"Yuri Torres\",\"image\":{\"@type\":\"ImageObject\",\"inLanguage\":\"pt-BR\",\"@id\":\"https:\/\/uolhost.uol.com.br\/blog\/#\/schema\/person\/image\/\",\"url\":\"https:\/\/secure.gravatar.com\/avatar\/4c96a05faea9fdf86f95d5b723e438c9cc14ad5c342d76486e5a4c8ac8259492?s=96&d=mm&r=g\",\"contentUrl\":\"https:\/\/secure.gravatar.com\/avatar\/4c96a05faea9fdf86f95d5b723e438c9cc14ad5c342d76486e5a4c8ac8259492?s=96&d=mm&r=g\",\"caption\":\"Yuri Torres\"},\"description\":\"Profissional de Reda\u00e7\u00e3o e Marketing, com 10 anos de experi\u00eancia no desenvolvimento de estrat\u00e9gias de conte\u00fado voltadas \u00e0 comunica\u00e7\u00e3o de marcas. Atua na cria\u00e7\u00e3o de materiais que fortalecem a presen\u00e7a digital, ampliam o engajamento e contribuem para o alcance de resultados alinhados aos objetivos de neg\u00f3cio, com experi\u00eancia no atendimento a empresas de diferentes segmentos. LinkedIn\",\"sameAs\":[\"https:\/\/www.linkedin.com\/in\/yuri-torres-271093108\/\"],\"url\":\"https:\/\/uolhost.uol.com.br\/blog\/author\/yuri-torres\/\"}]}<\/script>\n<!-- \/ Yoast SEO plugin. -->","yoast_head_json":{"title":"Agrupe melhor seus produtos e aumente suas vendas -","description":"Agrupe melhor seus produtos e aumente suas vendas: leia este ou outros artigos sobre E-commerce na Academia UOL Meu neg\u00f3cio.","robots":{"index":"index","follow":"follow","max-snippet":"max-snippet:-1","max-image-preview":"max-image-preview:large","max-video-preview":"max-video-preview:-1"},"canonical":"https:\/\/uolhost.uol.com.br\/blog\/agrupe-melhor-seus-produtos-e-aumente-suas-vendas\/","og_locale":"pt_BR","og_type":"article","og_title":"Agrupe melhor seus produtos e aumente suas vendas -","og_description":"Agrupe melhor seus produtos e aumente suas vendas: leia este ou outros artigos sobre E-commerce na Academia UOL Meu neg\u00f3cio.","og_url":"https:\/\/uolhost.uol.com.br\/blog\/agrupe-melhor-seus-produtos-e-aumente-suas-vendas\/","article_published_time":"2020-04-28T21:11:07+00:00","article_modified_time":"2026-01-15T11:57:59+00:00","og_image":[{"width":600,"height":250,"url":"https:\/\/uolhost.uol.com.br\/blog\/wp-content\/uploads\/2020\/04\/agrupe-melhor-seus-produtos-e-aumente-suas-vendas-1407265777338_600x250.jpg","type":"image\/jpeg"}],"author":"Yuri Torres","twitter_card":"summary_large_image","twitter_misc":{"Escrito por":"Yuri Torres","Est. tempo de leitura":"3 minutos"},"schema":{"@context":"https:\/\/schema.org","@graph":[{"@type":"Article","@id":"https:\/\/uolhost.uol.com.br\/blog\/agrupe-melhor-seus-produtos-e-aumente-suas-vendas\/#article","isPartOf":{"@id":"https:\/\/uolhost.uol.com.br\/blog\/agrupe-melhor-seus-produtos-e-aumente-suas-vendas\/"},"author":{"name":"Yuri Torres","@id":"https:\/\/uolhost.uol.com.br\/blog\/#\/schema\/person\/41505c2cd07dc07109e30bea51edee93"},"headline":"Agrupe melhor seus produtos e aumente suas vendas","datePublished":"2020-04-28T21:11:07+00:00","dateModified":"2026-01-15T11:57:59+00:00","mainEntityOfPage":{"@id":"https:\/\/uolhost.uol.com.br\/blog\/agrupe-melhor-seus-produtos-e-aumente-suas-vendas\/"},"wordCount":544,"publisher":{"@id":"https:\/\/uolhost.uol.com.br\/blog\/#organization"},"image":{"@id":"https:\/\/uolhost.uol.com.br\/blog\/agrupe-melhor-seus-produtos-e-aumente-suas-vendas\/#primaryimage"},"thumbnailUrl":"https:\/\/uolhost.uol.com.br\/blog\/wp-content\/uploads\/2020\/04\/agrupe-melhor-seus-produtos-e-aumente-suas-vendas-1407265777338_600x250.jpg?wsr","articleSection":["Otimiza\u00e7\u00e3o de loja","Presen\u00e7a digital","Produtos UOL Meu Neg\u00f3cio","Solu\u00e7\u00f5es","Tudo para sua Loja Virtual"],"inLanguage":"pt-BR"},{"@type":"WebPage","@id":"https:\/\/uolhost.uol.com.br\/blog\/agrupe-melhor-seus-produtos-e-aumente-suas-vendas\/","url":"https:\/\/uolhost.uol.com.br\/blog\/agrupe-melhor-seus-produtos-e-aumente-suas-vendas\/","name":"Agrupe melhor seus produtos e aumente suas vendas -","isPartOf":{"@id":"https:\/\/uolhost.uol.com.br\/blog\/#website"},"primaryImageOfPage":{"@id":"https:\/\/uolhost.uol.com.br\/blog\/agrupe-melhor-seus-produtos-e-aumente-suas-vendas\/#primaryimage"},"image":{"@id":"https:\/\/uolhost.uol.com.br\/blog\/agrupe-melhor-seus-produtos-e-aumente-suas-vendas\/#primaryimage"},"thumbnailUrl":"https:\/\/uolhost.uol.com.br\/blog\/wp-content\/uploads\/2020\/04\/agrupe-melhor-seus-produtos-e-aumente-suas-vendas-1407265777338_600x250.jpg?wsr","datePublished":"2020-04-28T21:11:07+00:00","dateModified":"2026-01-15T11:57:59+00:00","description":"Agrupe melhor seus produtos e aumente suas vendas: leia este ou outros artigos sobre E-commerce na Academia UOL Meu neg\u00f3cio.","breadcrumb":{"@id":"https:\/\/uolhost.uol.com.br\/blog\/agrupe-melhor-seus-produtos-e-aumente-suas-vendas\/#breadcrumb"},"inLanguage":"pt-BR","potentialAction":[{"@type":"ReadAction","target":["https:\/\/uolhost.uol.com.br\/blog\/agrupe-melhor-seus-produtos-e-aumente-suas-vendas\/"]}]},{"@type":"ImageObject","inLanguage":"pt-BR","@id":"https:\/\/uolhost.uol.com.br\/blog\/agrupe-melhor-seus-produtos-e-aumente-suas-vendas\/#primaryimage","url":"https:\/\/uolhost.uol.com.br\/blog\/wp-content\/uploads\/2020\/04\/agrupe-melhor-seus-produtos-e-aumente-suas-vendas-1407265777338_600x250.jpg?wsr","contentUrl":"https:\/\/uolhost.uol.com.br\/blog\/wp-content\/uploads\/2020\/04\/agrupe-melhor-seus-produtos-e-aumente-suas-vendas-1407265777338_600x250.jpg?wsr","width":600,"height":250},{"@type":"BreadcrumbList","@id":"https:\/\/uolhost.uol.com.br\/blog\/agrupe-melhor-seus-produtos-e-aumente-suas-vendas\/#breadcrumb","itemListElement":[{"@type":"ListItem","position":1,"name":"In\u00edcio","item":"https:\/\/uolhost.uol.com.br\/blog\/"},{"@type":"ListItem","position":2,"name":"Agrupe melhor seus produtos e aumente suas vendas"}]},{"@type":"WebSite","@id":"https:\/\/uolhost.uol.com.br\/blog\/#website","url":"https:\/\/uolhost.uol.com.br\/blog\/","name":"Blog UOL Host","description":"","publisher":{"@id":"https:\/\/uolhost.uol.com.br\/blog\/#organization"},"potentialAction":[{"@type":"SearchAction","target":{"@type":"EntryPoint","urlTemplate":"https:\/\/uolhost.uol.com.br\/blog\/?s={search_term_string}"},"query-input":{"@type":"PropertyValueSpecification","valueRequired":true,"valueName":"search_term_string"}}],"inLanguage":"pt-BR"},{"@type":"Organization","@id":"https:\/\/uolhost.uol.com.br\/blog\/#organization","name":"Blog UOL Host","url":"https:\/\/uolhost.uol.com.br\/blog\/","logo":{"@type":"ImageObject","inLanguage":"pt-BR","@id":"https:\/\/uolhost.uol.com.br\/blog\/#\/schema\/logo\/image\/","url":"https:\/\/uolhost.uol.com.br\/blog\/wp-content\/uploads\/2025\/01\/UOL_Host.png?wsr","contentUrl":"https:\/\/uolhost.uol.com.br\/blog\/wp-content\/uploads\/2025\/01\/UOL_Host.png?wsr","width":2000,"height":393,"caption":"Blog UOL Host"},"image":{"@id":"https:\/\/uolhost.uol.com.br\/blog\/#\/schema\/logo\/image\/"}},{"@type":"Person","@id":"https:\/\/uolhost.uol.com.br\/blog\/#\/schema\/person\/41505c2cd07dc07109e30bea51edee93","name":"Yuri Torres","image":{"@type":"ImageObject","inLanguage":"pt-BR","@id":"https:\/\/uolhost.uol.com.br\/blog\/#\/schema\/person\/image\/","url":"https:\/\/secure.gravatar.com\/avatar\/4c96a05faea9fdf86f95d5b723e438c9cc14ad5c342d76486e5a4c8ac8259492?s=96&d=mm&r=g","contentUrl":"https:\/\/secure.gravatar.com\/avatar\/4c96a05faea9fdf86f95d5b723e438c9cc14ad5c342d76486e5a4c8ac8259492?s=96&d=mm&r=g","caption":"Yuri Torres"},"description":"Profissional de Reda\u00e7\u00e3o e Marketing, com 10 anos de experi\u00eancia no desenvolvimento de estrat\u00e9gias de conte\u00fado voltadas \u00e0 comunica\u00e7\u00e3o de marcas. Atua na cria\u00e7\u00e3o de materiais que fortalecem a presen\u00e7a digital, ampliam o engajamento e contribuem para o alcance de resultados alinhados aos objetivos de neg\u00f3cio, com experi\u00eancia no atendimento a empresas de diferentes segmentos. LinkedIn","sameAs":["https:\/\/www.linkedin.com\/in\/yuri-torres-271093108\/"],"url":"https:\/\/uolhost.uol.com.br\/blog\/author\/yuri-torres\/"}]}},"_links":{"self":[{"href":"https:\/\/uolhost.uol.com.br\/blog\/wp-json\/wp\/v2\/posts\/5007","targetHints":{"allow":["GET"]}}],"collection":[{"href":"https:\/\/uolhost.uol.com.br\/blog\/wp-json\/wp\/v2\/posts"}],"about":[{"href":"https:\/\/uolhost.uol.com.br\/blog\/wp-json\/wp\/v2\/types\/post"}],"author":[{"embeddable":true,"href":"https:\/\/uolhost.uol.com.br\/blog\/wp-json\/wp\/v2\/users\/24"}],"replies":[{"embeddable":true,"href":"https:\/\/uolhost.uol.com.br\/blog\/wp-json\/wp\/v2\/comments?post=5007"}],"version-history":[{"count":1,"href":"https:\/\/uolhost.uol.com.br\/blog\/wp-json\/wp\/v2\/posts\/5007\/revisions"}],"predecessor-version":[{"id":19951,"href":"https:\/\/uolhost.uol.com.br\/blog\/wp-json\/wp\/v2\/posts\/5007\/revisions\/19951"}],"wp:featuredmedia":[{"embeddable":true,"href":"https:\/\/uolhost.uol.com.br\/blog\/wp-json\/wp\/v2\/media\/5008"}],"wp:attachment":[{"href":"https:\/\/uolhost.uol.com.br\/blog\/wp-json\/wp\/v2\/media?parent=5007"}],"wp:term":[{"taxonomy":"category","embeddable":true,"href":"https:\/\/uolhost.uol.com.br\/blog\/wp-json\/wp\/v2\/categories?post=5007"},{"taxonomy":"post_tag","embeddable":true,"href":"https:\/\/uolhost.uol.com.br\/blog\/wp-json\/wp\/v2\/tags?post=5007"}],"curies":[{"name":"wp","href":"https:\/\/api.w.org\/{rel}","templated":true}]}}