{"id":5104,"date":"2020-04-29T17:23:41","date_gmt":"2020-04-29T20:23:41","guid":{"rendered":"https:\/\/meunegocio.uol.com.br\/blog\/?p=5104"},"modified":"2026-01-15T08:57:28","modified_gmt":"2026-01-15T11:57:28","slug":"black-friday-bate-recorde-e-registra-faturamento-superior-a-15-bilhao-de-reais","status":"publish","type":"post","link":"https:\/\/uolhost.uol.com.br\/blog\/black-friday-bate-recorde-e-registra-faturamento-superior-a-15-bilhao-de-reais\/","title":{"rendered":"Black Friday bate recorde e registra faturamento superior a 1,5 bilh\u00e3o de reais"},"content":{"rendered":"<h2 style=\"font-family: UOLText, Arial, sans-serif; font-weight: 100; line-height: 1.1; color: #444444; margin-bottom: 25px; font-size: 26px; letter-spacing: normal; text-align: start;\">Foram feitos mais de 2 milh\u00f5es de pedidos via internet neste dia<\/h2>\n<p style=\"font-size: 17px; line-height: 24px; word-break: break-word; color: #666666; font-family: UOLText, Arial, sans-serif; letter-spacing: normal;\">A Black Friday deste ano apresentou mais uma prova de que o mercado eletr\u00f4nico n\u00e3o tem sentido o impacto da crise econ\u00f4mica. De acordo com balan\u00e7o divulgado pela consultoria e-bit, o faturamento do setor durante a sexta-feira de promo\u00e7\u00f5es foi de&nbsp;1,6 bilh\u00e3o de reais, um&nbsp;crescimento de 38%&nbsp;em rela\u00e7\u00e3o \u00e0 edi\u00e7\u00e3o de 2014, quando chegou a 1,16 bilh\u00e3o de reais.<\/p>\n<p style=\"font-size: 17px; line-height: 24px; word-break: break-word; color: #666666; font-family: UOLText, Arial, sans-serif; letter-spacing: normal;\">Foram realizados&nbsp;2,77 milh\u00f5es de pedidos&nbsp;durante as 24 horas de evento, um volume 24% maior que o do ano passado no per\u00edodo. O t\u00edquete-m\u00e9dio das vendas foi de&nbsp;580 reais, uma alta de 11%.<\/p>\n<p style=\"font-size: 17px; line-height: 24px; word-break: break-word; color: #666666; font-family: UOLText, Arial, sans-serif; letter-spacing: normal;\">As vendas realizadas por dispositivos m\u00f3veis (smartphones e tablets) representaram&nbsp;9%&nbsp;do resultado total, ou seja,&nbsp;140 milh\u00f5es de reais, e 11% dos pedidos:&nbsp;311 mil. O t\u00edquete-m\u00e9dio das transa\u00e7\u00f5es desse tipo foi de&nbsp;450 reais.<\/p>\n<p style=\"font-size: 17px; line-height: 24px; word-break: break-word; color: #666666; font-family: UOLText, Arial, sans-serif; letter-spacing: normal;\">Os produtos mais vendidos foram: Eletrodom\u00e9sticos, Telefonia e Celulares, Eletr\u00f4nicos, Moda e Acess\u00f3rios e Inform\u00e1tica.<\/p>\n<p style=\"font-size: 17px; line-height: 24px; word-break: break-word; color: #666666; font-family: UOLText, Arial, sans-serif; letter-spacing: normal;\">Dados dos organizadores da BlackFriday.com.br<\/p>\n<p style=\"font-size: 17px; line-height: 24px; word-break: break-word; color: #666666; font-family: UOLText, Arial, sans-serif; letter-spacing: normal;\">Os n\u00fameros apontados pela consultoria s\u00e3o bem parecidos com os divulgados pela ClearSale, em parceria com o Busca Descontos, organizador oficial do evento no Brasil. Segundo esse estudo, a data bateu recorde de movimenta\u00e7\u00e3o, alcan\u00e7ando a marca de&nbsp;1,536 bilh\u00e3o de reais.<\/p>\n<p style=\"font-size: 17px; line-height: 24px; word-break: break-word; color: #666666; font-family: UOLText, Arial, sans-serif; letter-spacing: normal;\">Os organizadores tamb\u00e9m divulgaram que foram realizados um pouco mais de&nbsp;3,122 milh\u00f5es de transa\u00e7\u00f5es&nbsp;durante a a\u00e7\u00e3o, 49% a mais que o ano passado.<\/p>\n<p style=\"font-size: 17px; line-height: 24px; word-break: break-word; color: #666666; font-family: UOLText, Arial, sans-serif; letter-spacing: normal;\">As categorias com mais transa\u00e7\u00f5es registradas, de acordo com o levantamento, foram Eletrodom\u00e9sticos, Celulares e Smartphones, Eletr\u00f4nicos, Inform\u00e1tica e M\u00f3veis.<\/p>\n<p style=\"margin-bottom: 20px; font-size: 17px; line-height: 24px; word-break: break-word; color: #666666; font-family: UOLText, Arial, sans-serif; letter-spacing: normal;\">Animou-se com os n\u00fameros? Ent\u00e3o n\u00e3o perca tempo e prepare-se j\u00e1 para o Natal!&nbsp;<a style=\"color: #1082be;\" href=\"https:\/\/www.uolhost.uol.com.br\/academia\/downloads\/e-books\/natal-como-preparar-sua-loja-para-o-evento-mais-esperado-do-ano.html\" target=\"_blank\" rel=\"noopener noreferrer\">Baixe seu e-book gr\u00e1tis<\/a>!<\/p>\n<p>\t\t\t\t\t\t\t\t\t\t\t<a href=\"https:\/\/meunegocio.uol.com.br\/loja-virtual\"><br \/>\n<img loading=\"lazy\" decoding=\"async\" width=\"600\" height=\"150\" src=\"https:\/\/uolhost.uol.com.br\/blog\/wp-content\/uploads\/2020\/04\/banner_uolmn_lojavirtuol_academia-1.gif\" alt=\"\">\t\t\t\t\t\t\t\t<\/a><\/p>\n","protected":false},"excerpt":{"rendered":"<p>Foram feitos mais de 2 milh\u00f5es de pedidos via internet neste dia A Black Friday deste ano apresentou mais uma prova de que o mercado eletr\u00f4nico n\u00e3o tem sentido o impacto da crise econ\u00f4mica. De acordo com balan\u00e7o divulgado pela consultoria e-bit, o faturamento do setor durante a sexta-feira de promo\u00e7\u00f5es foi de&nbsp;1,6 bilh\u00e3o de [&hellip;]<\/p>\n","protected":false},"author":24,"featured_media":5105,"comment_status":"closed","ping_status":"closed","sticky":false,"template":"","format":"standard","meta":{"footnotes":""},"categories":[53,33,85,88,38,43],"tags":[],"class_list":["post-5104","post","type-post","status-publish","format-standard","has-post-thumbnail","hentry","category-cases","category-presenca-digital","category-primeiros-passos-loja","category-produtos-uol-meu-negocio","category-solucoes","category-tudo-para-sua-loja-virtual"],"gutentor_comment":0,"yoast_head":"<!-- This site is optimized with the Yoast SEO plugin v26.4 - https:\/\/yoast.com\/wordpress\/plugins\/seo\/ -->\n<title>Black Friday bate recorde e registra faturamento superior a 1,5 bilh\u00e3o de reais -<\/title>\n<meta name=\"description\" content=\"Black Friday bate recorde e registra faturamento superior a 1,5 bilh\u00e3o de reais: leia este ou outros artigos sobre E-commerce na Academia UOL Meu neg\u00f3cio.\" \/>\n<meta name=\"robots\" content=\"index, follow, max-snippet:-1, max-image-preview:large, max-video-preview:-1\" \/>\n<link rel=\"canonical\" href=\"https:\/\/uolhost.uol.com.br\/blog\/black-friday-bate-recorde-e-registra-faturamento-superior-a-15-bilhao-de-reais\/\" \/>\n<meta property=\"og:locale\" content=\"pt_BR\" \/>\n<meta property=\"og:type\" content=\"article\" \/>\n<meta property=\"og:title\" content=\"Black Friday bate recorde e registra faturamento superior a 1,5 bilh\u00e3o de reais -\" \/>\n<meta property=\"og:description\" content=\"Black Friday bate recorde e registra faturamento superior a 1,5 bilh\u00e3o de reais: leia este ou outros artigos sobre E-commerce na Academia UOL Meu neg\u00f3cio.\" \/>\n<meta property=\"og:url\" content=\"https:\/\/uolhost.uol.com.br\/blog\/black-friday-bate-recorde-e-registra-faturamento-superior-a-15-bilhao-de-reais\/\" \/>\n<meta property=\"article:published_time\" content=\"2020-04-29T20:23:41+00:00\" \/>\n<meta property=\"article:modified_time\" content=\"2026-01-15T11:57:28+00:00\" \/>\n<meta property=\"og:image\" content=\"https:\/\/uolhost.uol.com.br\/blog\/wp-content\/uploads\/2020\/04\/balanco-bf-1448905215737_600x320.png\" \/>\n\t<meta property=\"og:image:width\" content=\"600\" \/>\n\t<meta property=\"og:image:height\" content=\"320\" \/>\n\t<meta property=\"og:image:type\" content=\"image\/png\" \/>\n<meta name=\"author\" content=\"Yuri Torres\" \/>\n<meta name=\"twitter:card\" content=\"summary_large_image\" \/>\n<meta name=\"twitter:label1\" content=\"Escrito por\" \/>\n\t<meta name=\"twitter:data1\" content=\"Yuri Torres\" \/>\n\t<meta name=\"twitter:label2\" content=\"Est. tempo de leitura\" \/>\n\t<meta name=\"twitter:data2\" content=\"2 minutos\" \/>\n<script type=\"application\/ld+json\" class=\"yoast-schema-graph\">{\"@context\":\"https:\/\/schema.org\",\"@graph\":[{\"@type\":\"Article\",\"@id\":\"https:\/\/uolhost.uol.com.br\/blog\/black-friday-bate-recorde-e-registra-faturamento-superior-a-15-bilhao-de-reais\/#article\",\"isPartOf\":{\"@id\":\"https:\/\/uolhost.uol.com.br\/blog\/black-friday-bate-recorde-e-registra-faturamento-superior-a-15-bilhao-de-reais\/\"},\"author\":{\"name\":\"Yuri Torres\",\"@id\":\"https:\/\/uolhost.uol.com.br\/blog\/#\/schema\/person\/41505c2cd07dc07109e30bea51edee93\"},\"headline\":\"Black Friday bate recorde e registra faturamento superior a 1,5 bilh\u00e3o de reais\",\"datePublished\":\"2020-04-29T20:23:41+00:00\",\"dateModified\":\"2026-01-15T11:57:28+00:00\",\"mainEntityOfPage\":{\"@id\":\"https:\/\/uolhost.uol.com.br\/blog\/black-friday-bate-recorde-e-registra-faturamento-superior-a-15-bilhao-de-reais\/\"},\"wordCount\":322,\"publisher\":{\"@id\":\"https:\/\/uolhost.uol.com.br\/blog\/#organization\"},\"image\":{\"@id\":\"https:\/\/uolhost.uol.com.br\/blog\/black-friday-bate-recorde-e-registra-faturamento-superior-a-15-bilhao-de-reais\/#primaryimage\"},\"thumbnailUrl\":\"https:\/\/uolhost.uol.com.br\/blog\/wp-content\/uploads\/2020\/04\/balanco-bf-1448905215737_600x320.png?wsr\",\"articleSection\":[\"Cases\",\"Presen\u00e7a digital\",\"Primeiros passos\",\"Produtos UOL Meu Neg\u00f3cio\",\"Solu\u00e7\u00f5es\",\"Tudo para sua Loja Virtual\"],\"inLanguage\":\"pt-BR\"},{\"@type\":\"WebPage\",\"@id\":\"https:\/\/uolhost.uol.com.br\/blog\/black-friday-bate-recorde-e-registra-faturamento-superior-a-15-bilhao-de-reais\/\",\"url\":\"https:\/\/uolhost.uol.com.br\/blog\/black-friday-bate-recorde-e-registra-faturamento-superior-a-15-bilhao-de-reais\/\",\"name\":\"Black Friday bate recorde e registra faturamento superior a 1,5 bilh\u00e3o de reais -\",\"isPartOf\":{\"@id\":\"https:\/\/uolhost.uol.com.br\/blog\/#website\"},\"primaryImageOfPage\":{\"@id\":\"https:\/\/uolhost.uol.com.br\/blog\/black-friday-bate-recorde-e-registra-faturamento-superior-a-15-bilhao-de-reais\/#primaryimage\"},\"image\":{\"@id\":\"https:\/\/uolhost.uol.com.br\/blog\/black-friday-bate-recorde-e-registra-faturamento-superior-a-15-bilhao-de-reais\/#primaryimage\"},\"thumbnailUrl\":\"https:\/\/uolhost.uol.com.br\/blog\/wp-content\/uploads\/2020\/04\/balanco-bf-1448905215737_600x320.png?wsr\",\"datePublished\":\"2020-04-29T20:23:41+00:00\",\"dateModified\":\"2026-01-15T11:57:28+00:00\",\"description\":\"Black Friday bate recorde e registra faturamento superior a 1,5 bilh\u00e3o de reais: leia este ou outros artigos sobre E-commerce na Academia UOL Meu neg\u00f3cio.\",\"breadcrumb\":{\"@id\":\"https:\/\/uolhost.uol.com.br\/blog\/black-friday-bate-recorde-e-registra-faturamento-superior-a-15-bilhao-de-reais\/#breadcrumb\"},\"inLanguage\":\"pt-BR\",\"potentialAction\":[{\"@type\":\"ReadAction\",\"target\":[\"https:\/\/uolhost.uol.com.br\/blog\/black-friday-bate-recorde-e-registra-faturamento-superior-a-15-bilhao-de-reais\/\"]}]},{\"@type\":\"ImageObject\",\"inLanguage\":\"pt-BR\",\"@id\":\"https:\/\/uolhost.uol.com.br\/blog\/black-friday-bate-recorde-e-registra-faturamento-superior-a-15-bilhao-de-reais\/#primaryimage\",\"url\":\"https:\/\/uolhost.uol.com.br\/blog\/wp-content\/uploads\/2020\/04\/balanco-bf-1448905215737_600x320.png?wsr\",\"contentUrl\":\"https:\/\/uolhost.uol.com.br\/blog\/wp-content\/uploads\/2020\/04\/balanco-bf-1448905215737_600x320.png?wsr\",\"width\":600,\"height\":320},{\"@type\":\"BreadcrumbList\",\"@id\":\"https:\/\/uolhost.uol.com.br\/blog\/black-friday-bate-recorde-e-registra-faturamento-superior-a-15-bilhao-de-reais\/#breadcrumb\",\"itemListElement\":[{\"@type\":\"ListItem\",\"position\":1,\"name\":\"In\u00edcio\",\"item\":\"https:\/\/uolhost.uol.com.br\/blog\/\"},{\"@type\":\"ListItem\",\"position\":2,\"name\":\"Black Friday bate recorde e registra faturamento superior a 1,5 bilh\u00e3o de reais\"}]},{\"@type\":\"WebSite\",\"@id\":\"https:\/\/uolhost.uol.com.br\/blog\/#website\",\"url\":\"https:\/\/uolhost.uol.com.br\/blog\/\",\"name\":\"Blog UOL Host\",\"description\":\"\",\"publisher\":{\"@id\":\"https:\/\/uolhost.uol.com.br\/blog\/#organization\"},\"potentialAction\":[{\"@type\":\"SearchAction\",\"target\":{\"@type\":\"EntryPoint\",\"urlTemplate\":\"https:\/\/uolhost.uol.com.br\/blog\/?s={search_term_string}\"},\"query-input\":{\"@type\":\"PropertyValueSpecification\",\"valueRequired\":true,\"valueName\":\"search_term_string\"}}],\"inLanguage\":\"pt-BR\"},{\"@type\":\"Organization\",\"@id\":\"https:\/\/uolhost.uol.com.br\/blog\/#organization\",\"name\":\"Blog UOL Host\",\"url\":\"https:\/\/uolhost.uol.com.br\/blog\/\",\"logo\":{\"@type\":\"ImageObject\",\"inLanguage\":\"pt-BR\",\"@id\":\"https:\/\/uolhost.uol.com.br\/blog\/#\/schema\/logo\/image\/\",\"url\":\"https:\/\/uolhost.uol.com.br\/blog\/wp-content\/uploads\/2025\/01\/UOL_Host.png?wsr\",\"contentUrl\":\"https:\/\/uolhost.uol.com.br\/blog\/wp-content\/uploads\/2025\/01\/UOL_Host.png?wsr\",\"width\":2000,\"height\":393,\"caption\":\"Blog UOL Host\"},\"image\":{\"@id\":\"https:\/\/uolhost.uol.com.br\/blog\/#\/schema\/logo\/image\/\"}},{\"@type\":\"Person\",\"@id\":\"https:\/\/uolhost.uol.com.br\/blog\/#\/schema\/person\/41505c2cd07dc07109e30bea51edee93\",\"name\":\"Yuri Torres\",\"image\":{\"@type\":\"ImageObject\",\"inLanguage\":\"pt-BR\",\"@id\":\"https:\/\/uolhost.uol.com.br\/blog\/#\/schema\/person\/image\/\",\"url\":\"https:\/\/secure.gravatar.com\/avatar\/4c96a05faea9fdf86f95d5b723e438c9cc14ad5c342d76486e5a4c8ac8259492?s=96&d=mm&r=g\",\"contentUrl\":\"https:\/\/secure.gravatar.com\/avatar\/4c96a05faea9fdf86f95d5b723e438c9cc14ad5c342d76486e5a4c8ac8259492?s=96&d=mm&r=g\",\"caption\":\"Yuri Torres\"},\"description\":\"Profissional de Reda\u00e7\u00e3o e Marketing, com 10 anos de experi\u00eancia no desenvolvimento de estrat\u00e9gias de conte\u00fado voltadas \u00e0 comunica\u00e7\u00e3o de marcas. Atua na cria\u00e7\u00e3o de materiais que fortalecem a presen\u00e7a digital, ampliam o engajamento e contribuem para o alcance de resultados alinhados aos objetivos de neg\u00f3cio, com experi\u00eancia no atendimento a empresas de diferentes segmentos. LinkedIn\",\"sameAs\":[\"https:\/\/www.linkedin.com\/in\/yuri-torres-271093108\/\"],\"url\":\"https:\/\/uolhost.uol.com.br\/blog\/author\/yuri-torres\/\"}]}<\/script>\n<!-- \/ Yoast SEO plugin. -->","yoast_head_json":{"title":"Black Friday bate recorde e registra faturamento superior a 1,5 bilh\u00e3o de reais -","description":"Black Friday bate recorde e registra faturamento superior a 1,5 bilh\u00e3o de reais: leia este ou outros artigos sobre E-commerce na Academia UOL Meu neg\u00f3cio.","robots":{"index":"index","follow":"follow","max-snippet":"max-snippet:-1","max-image-preview":"max-image-preview:large","max-video-preview":"max-video-preview:-1"},"canonical":"https:\/\/uolhost.uol.com.br\/blog\/black-friday-bate-recorde-e-registra-faturamento-superior-a-15-bilhao-de-reais\/","og_locale":"pt_BR","og_type":"article","og_title":"Black Friday bate recorde e registra faturamento superior a 1,5 bilh\u00e3o de reais -","og_description":"Black Friday bate recorde e registra faturamento superior a 1,5 bilh\u00e3o de reais: leia este ou outros artigos sobre E-commerce na Academia UOL Meu neg\u00f3cio.","og_url":"https:\/\/uolhost.uol.com.br\/blog\/black-friday-bate-recorde-e-registra-faturamento-superior-a-15-bilhao-de-reais\/","article_published_time":"2020-04-29T20:23:41+00:00","article_modified_time":"2026-01-15T11:57:28+00:00","og_image":[{"width":600,"height":320,"url":"https:\/\/uolhost.uol.com.br\/blog\/wp-content\/uploads\/2020\/04\/balanco-bf-1448905215737_600x320.png","type":"image\/png"}],"author":"Yuri Torres","twitter_card":"summary_large_image","twitter_misc":{"Escrito por":"Yuri Torres","Est. tempo de leitura":"2 minutos"},"schema":{"@context":"https:\/\/schema.org","@graph":[{"@type":"Article","@id":"https:\/\/uolhost.uol.com.br\/blog\/black-friday-bate-recorde-e-registra-faturamento-superior-a-15-bilhao-de-reais\/#article","isPartOf":{"@id":"https:\/\/uolhost.uol.com.br\/blog\/black-friday-bate-recorde-e-registra-faturamento-superior-a-15-bilhao-de-reais\/"},"author":{"name":"Yuri Torres","@id":"https:\/\/uolhost.uol.com.br\/blog\/#\/schema\/person\/41505c2cd07dc07109e30bea51edee93"},"headline":"Black Friday bate recorde e registra faturamento superior a 1,5 bilh\u00e3o de reais","datePublished":"2020-04-29T20:23:41+00:00","dateModified":"2026-01-15T11:57:28+00:00","mainEntityOfPage":{"@id":"https:\/\/uolhost.uol.com.br\/blog\/black-friday-bate-recorde-e-registra-faturamento-superior-a-15-bilhao-de-reais\/"},"wordCount":322,"publisher":{"@id":"https:\/\/uolhost.uol.com.br\/blog\/#organization"},"image":{"@id":"https:\/\/uolhost.uol.com.br\/blog\/black-friday-bate-recorde-e-registra-faturamento-superior-a-15-bilhao-de-reais\/#primaryimage"},"thumbnailUrl":"https:\/\/uolhost.uol.com.br\/blog\/wp-content\/uploads\/2020\/04\/balanco-bf-1448905215737_600x320.png?wsr","articleSection":["Cases","Presen\u00e7a digital","Primeiros passos","Produtos UOL Meu Neg\u00f3cio","Solu\u00e7\u00f5es","Tudo para sua Loja Virtual"],"inLanguage":"pt-BR"},{"@type":"WebPage","@id":"https:\/\/uolhost.uol.com.br\/blog\/black-friday-bate-recorde-e-registra-faturamento-superior-a-15-bilhao-de-reais\/","url":"https:\/\/uolhost.uol.com.br\/blog\/black-friday-bate-recorde-e-registra-faturamento-superior-a-15-bilhao-de-reais\/","name":"Black Friday bate recorde e registra faturamento superior a 1,5 bilh\u00e3o de reais -","isPartOf":{"@id":"https:\/\/uolhost.uol.com.br\/blog\/#website"},"primaryImageOfPage":{"@id":"https:\/\/uolhost.uol.com.br\/blog\/black-friday-bate-recorde-e-registra-faturamento-superior-a-15-bilhao-de-reais\/#primaryimage"},"image":{"@id":"https:\/\/uolhost.uol.com.br\/blog\/black-friday-bate-recorde-e-registra-faturamento-superior-a-15-bilhao-de-reais\/#primaryimage"},"thumbnailUrl":"https:\/\/uolhost.uol.com.br\/blog\/wp-content\/uploads\/2020\/04\/balanco-bf-1448905215737_600x320.png?wsr","datePublished":"2020-04-29T20:23:41+00:00","dateModified":"2026-01-15T11:57:28+00:00","description":"Black Friday bate recorde e registra faturamento superior a 1,5 bilh\u00e3o de reais: leia este ou outros artigos sobre E-commerce na Academia UOL Meu neg\u00f3cio.","breadcrumb":{"@id":"https:\/\/uolhost.uol.com.br\/blog\/black-friday-bate-recorde-e-registra-faturamento-superior-a-15-bilhao-de-reais\/#breadcrumb"},"inLanguage":"pt-BR","potentialAction":[{"@type":"ReadAction","target":["https:\/\/uolhost.uol.com.br\/blog\/black-friday-bate-recorde-e-registra-faturamento-superior-a-15-bilhao-de-reais\/"]}]},{"@type":"ImageObject","inLanguage":"pt-BR","@id":"https:\/\/uolhost.uol.com.br\/blog\/black-friday-bate-recorde-e-registra-faturamento-superior-a-15-bilhao-de-reais\/#primaryimage","url":"https:\/\/uolhost.uol.com.br\/blog\/wp-content\/uploads\/2020\/04\/balanco-bf-1448905215737_600x320.png?wsr","contentUrl":"https:\/\/uolhost.uol.com.br\/blog\/wp-content\/uploads\/2020\/04\/balanco-bf-1448905215737_600x320.png?wsr","width":600,"height":320},{"@type":"BreadcrumbList","@id":"https:\/\/uolhost.uol.com.br\/blog\/black-friday-bate-recorde-e-registra-faturamento-superior-a-15-bilhao-de-reais\/#breadcrumb","itemListElement":[{"@type":"ListItem","position":1,"name":"In\u00edcio","item":"https:\/\/uolhost.uol.com.br\/blog\/"},{"@type":"ListItem","position":2,"name":"Black Friday bate recorde e registra faturamento superior a 1,5 bilh\u00e3o de reais"}]},{"@type":"WebSite","@id":"https:\/\/uolhost.uol.com.br\/blog\/#website","url":"https:\/\/uolhost.uol.com.br\/blog\/","name":"Blog UOL Host","description":"","publisher":{"@id":"https:\/\/uolhost.uol.com.br\/blog\/#organization"},"potentialAction":[{"@type":"SearchAction","target":{"@type":"EntryPoint","urlTemplate":"https:\/\/uolhost.uol.com.br\/blog\/?s={search_term_string}"},"query-input":{"@type":"PropertyValueSpecification","valueRequired":true,"valueName":"search_term_string"}}],"inLanguage":"pt-BR"},{"@type":"Organization","@id":"https:\/\/uolhost.uol.com.br\/blog\/#organization","name":"Blog UOL Host","url":"https:\/\/uolhost.uol.com.br\/blog\/","logo":{"@type":"ImageObject","inLanguage":"pt-BR","@id":"https:\/\/uolhost.uol.com.br\/blog\/#\/schema\/logo\/image\/","url":"https:\/\/uolhost.uol.com.br\/blog\/wp-content\/uploads\/2025\/01\/UOL_Host.png?wsr","contentUrl":"https:\/\/uolhost.uol.com.br\/blog\/wp-content\/uploads\/2025\/01\/UOL_Host.png?wsr","width":2000,"height":393,"caption":"Blog UOL Host"},"image":{"@id":"https:\/\/uolhost.uol.com.br\/blog\/#\/schema\/logo\/image\/"}},{"@type":"Person","@id":"https:\/\/uolhost.uol.com.br\/blog\/#\/schema\/person\/41505c2cd07dc07109e30bea51edee93","name":"Yuri Torres","image":{"@type":"ImageObject","inLanguage":"pt-BR","@id":"https:\/\/uolhost.uol.com.br\/blog\/#\/schema\/person\/image\/","url":"https:\/\/secure.gravatar.com\/avatar\/4c96a05faea9fdf86f95d5b723e438c9cc14ad5c342d76486e5a4c8ac8259492?s=96&d=mm&r=g","contentUrl":"https:\/\/secure.gravatar.com\/avatar\/4c96a05faea9fdf86f95d5b723e438c9cc14ad5c342d76486e5a4c8ac8259492?s=96&d=mm&r=g","caption":"Yuri Torres"},"description":"Profissional de Reda\u00e7\u00e3o e Marketing, com 10 anos de experi\u00eancia no desenvolvimento de estrat\u00e9gias de conte\u00fado voltadas \u00e0 comunica\u00e7\u00e3o de marcas. Atua na cria\u00e7\u00e3o de materiais que fortalecem a presen\u00e7a digital, ampliam o engajamento e contribuem para o alcance de resultados alinhados aos objetivos de neg\u00f3cio, com experi\u00eancia no atendimento a empresas de diferentes segmentos. LinkedIn","sameAs":["https:\/\/www.linkedin.com\/in\/yuri-torres-271093108\/"],"url":"https:\/\/uolhost.uol.com.br\/blog\/author\/yuri-torres\/"}]}},"_links":{"self":[{"href":"https:\/\/uolhost.uol.com.br\/blog\/wp-json\/wp\/v2\/posts\/5104","targetHints":{"allow":["GET"]}}],"collection":[{"href":"https:\/\/uolhost.uol.com.br\/blog\/wp-json\/wp\/v2\/posts"}],"about":[{"href":"https:\/\/uolhost.uol.com.br\/blog\/wp-json\/wp\/v2\/types\/post"}],"author":[{"embeddable":true,"href":"https:\/\/uolhost.uol.com.br\/blog\/wp-json\/wp\/v2\/users\/24"}],"replies":[{"embeddable":true,"href":"https:\/\/uolhost.uol.com.br\/blog\/wp-json\/wp\/v2\/comments?post=5104"}],"version-history":[{"count":1,"href":"https:\/\/uolhost.uol.com.br\/blog\/wp-json\/wp\/v2\/posts\/5104\/revisions"}],"predecessor-version":[{"id":19936,"href":"https:\/\/uolhost.uol.com.br\/blog\/wp-json\/wp\/v2\/posts\/5104\/revisions\/19936"}],"wp:featuredmedia":[{"embeddable":true,"href":"https:\/\/uolhost.uol.com.br\/blog\/wp-json\/wp\/v2\/media\/5105"}],"wp:attachment":[{"href":"https:\/\/uolhost.uol.com.br\/blog\/wp-json\/wp\/v2\/media?parent=5104"}],"wp:term":[{"taxonomy":"category","embeddable":true,"href":"https:\/\/uolhost.uol.com.br\/blog\/wp-json\/wp\/v2\/categories?post=5104"},{"taxonomy":"post_tag","embeddable":true,"href":"https:\/\/uolhost.uol.com.br\/blog\/wp-json\/wp\/v2\/tags?post=5104"}],"curies":[{"name":"wp","href":"https:\/\/api.w.org\/{rel}","templated":true}]}}