{"id":5236,"date":"2020-04-30T17:45:50","date_gmt":"2020-04-30T20:45:50","guid":{"rendered":"https:\/\/meunegocio.uol.com.br\/blog\/?p=5236"},"modified":"2026-01-15T08:57:03","modified_gmt":"2026-01-15T11:57:03","slug":"como-as-cores-afetam-as-decisoes-de-compras-dos-clientes","status":"publish","type":"post","link":"https:\/\/uolhost.uol.com.br\/blog\/como-as-cores-afetam-as-decisoes-de-compras-dos-clientes\/","title":{"rendered":"Como as cores afetam as decis\u00f5es de compras dos clientes"},"content":{"rendered":"<h2 style=\"font-family: UOLText, Arial, sans-serif; font-weight: 100; line-height: 1.1; color: #444444; margin-bottom: 25px; font-size: 26px; letter-spacing: normal; text-align: start;\">Cada cor tem um significado e um impacto sobre quem entra em sua loja<\/h2>\n<p style=\"font-size: 17px; line-height: 24px; word-break: break-word; color: #666666; font-family: UOLText, Arial, sans-serif; letter-spacing: normal;\">Uma boa&nbsp;<a style=\"color: #1082be;\" href=\"https:\/\/www.uolhost.uol.com.br\/academia\/noticias\/2015\/01\/30\/6-maneiras-de-transformar-sua-embalagem-em-uma-maquina-de-conversao.html\">embalagem<\/a>&nbsp;\u00e9 o primeiro passo para chamar a aten\u00e7\u00e3o de um consumidor para um produto. E na sua loja online essa l\u00f3gica tamb\u00e9m \u00e9 v\u00e1lida. Exceto que no seu caso em vez de uma embalagem, o que tem de chamar aten\u00e7\u00e3o \u00e9 o design da sua p\u00e1gina.<\/p>\n<p style=\"font-size: 17px; line-height: 24px; word-break: break-word; color: #666666; font-family: UOLText, Arial, sans-serif; letter-spacing: normal;\">Uma p\u00e1gina feita no&nbsp;<a style=\"color: #1082be;\" href=\"https:\/\/www.uolhost.uol.com.br\/academia\/noticias\/2014\/12\/23\/serie-como-criar-um-site-para-minha-empresa-invista-em-um-belo-layout.html\">capricho<\/a>&nbsp;e um site montado com cuidado podem ser atrativos poderosos para novos visitantes e, consequente, aumento das suas vendas. E nessa equa\u00e7\u00e3o as cores que voc\u00ea vai escolher desempenham um papel importante.<\/p>\n<p style=\"font-size: 17px; line-height: 24px; word-break: break-word; color: #666666; font-family: UOLText, Arial, sans-serif; letter-spacing: normal;\">As cores n\u00e3o falam, mas elas comunicam. Comunicam ideias, sensa\u00e7\u00f5es, sentimentos. Grandes empresas, ao definir suas logomarcas ou a decora\u00e7\u00e3o de suas lojas, levam em conta o significado de cada cor.<\/p>\n<p style=\"font-size: 17px; line-height: 24px; word-break: break-word; color: #666666; font-family: UOLText, Arial, sans-serif; letter-spacing: normal;\">E isso n\u00e3o acontece por acaso. A linguagem visual tem o poder de, mesmo inconscientemente, influenciar no&nbsp;<a style=\"color: #1082be;\" href=\"https:\/\/www.uolhost.uol.com.br\/academia\/noticias\/2014\/07\/15\/use-a-psicologia-a-seu-favor-e-venda-mais.html\">comportamento<\/a>&nbsp;das pessoas. E certamente a sua&nbsp;<a href=\"https:\/\/meunegocio.uol.com.br\/loja-virtual\" target=\"_blank\" rel=\"noopener noreferrer\">loja virtual<\/a>&nbsp;tamb\u00e9m pode se beneficiar disso.<\/p>\n<p style=\"font-size: 17px; line-height: 24px; word-break: break-word; color: #666666; font-family: UOLText, Arial, sans-serif; letter-spacing: normal;\">Para exemplificar, vamos citar alguns casos em que as cores podem desempenhar um papel importante na elabora\u00e7\u00e3o da sua p\u00e1gina.<\/p>\n<p style=\"font-size: 17px; line-height: 24px; word-break: break-word; color: #666666; font-family: UOLText, Arial, sans-serif; letter-spacing: normal;\">Marca<\/p>\n<p style=\"font-size: 17px; line-height: 24px; word-break: break-word; color: #666666; font-family: UOLText, Arial, sans-serif; letter-spacing: normal;\">Como ser\u00e1 a marca da sua loja virtual? E mais importante que isso, quais as cores que a sua logomarca ter\u00e1? Tudo depende do que e de para quem voc\u00ea quer vender.<\/p>\n<p style=\"font-size: 17px; line-height: 24px; word-break: break-word; color: #666666; font-family: UOLText, Arial, sans-serif; letter-spacing: normal;\">O&nbsp;rosa&nbsp;\u00e9 uma escolha l\u00f3gica para uma loja que vende artigos femininos, por exemplo. A&nbsp;<a style=\"color: #1082be;\" href=\"https:\/\/www.marisa.com.br\/\">Loja Marisa<\/a>&nbsp;usa e abusa do rosa, n\u00e3o s\u00f3 na logomarca, mas tamb\u00e9m nas propagandas.<\/p>\n<p style=\"font-size: 17px; line-height: 24px; word-break: break-word; color: #666666; font-family: UOLText, Arial, sans-serif; letter-spacing: normal;\">A cor&nbsp;azul, por sua vez, transmite seguran\u00e7a ao comprador e tamb\u00e9m \u00e9 bastante usada em lojas de produtos infantis, como na&nbsp;<a style=\"color: #1082be;\" href=\"https:\/\/www.tricae.com.br\/\">Tricae<\/a>, por exemplo.<\/p>\n<p style=\"margin-bottom: 20px; font-size: 17px; line-height: 24px; word-break: break-word; color: #666666; font-family: UOLText, Arial, sans-serif; letter-spacing: normal;\">Saber os objetivos da sua loja \u00e9 fundamental para definir o que a sua&nbsp;<a style=\"color: #1082be;\" href=\"https:\/\/www.uolhost.uol.com.br\/academia\/noticias\/2014\/06\/24\/7-estrategias-infaliveis-para-fortalecer-sua-marca.html\">marca quer comunicar<\/a>. Al\u00e9m disso, a cor aumenta em 80% o reconhecimento de uma marca. Portanto, analise com carinho o que voc\u00ea quer transmitir com a sua marca e escolha as cores adequadas para isso.<\/p>\n<p>\t\t\t\t\t\t\t\t\t\t\t<a href=\"https:\/\/nam02.safelinks.protection.outlook.com\/?url=http%3A%2F%2Fclicklogger.rm.uol.com.br%2F%3Fprd%3D939%26grp%3Dsrc%3A13%3Bchn%3A546%3Bcpg%3Across-sell-banner-site-pronto%3B%26msr%3DCliques%2520de%2520Origem%3A1%26oper%3D11%26redir%3Dhttps%3A%2F%2Fcadastro.uol.com.br%2Findexb.html%3Feos%3Dyes%26skin%3Dcadastrounificado%2Fvisitor%2Fpf%26skinPath%3Dmeunegocio%26promochild%3DPROMPKSC3387&amp;data=02%7C01%7Cpeo_dcianci%40uolinc.com%7C6f05f73bb67447c4630308d7dfd1c5f1%7C7575b092fc5f4f6cb7a59e9ef7aca80d%7C1%7C0%7C637223964369517224&amp;sdata=gdM%2B1g%2F25hjYLbawOVS5MEfhhKFV16qInNU9AaanTUM%3D&amp;reserved=0\"><br \/>\n<img loading=\"lazy\" decoding=\"async\" width=\"600\" height=\"150\" src=\"https:\/\/uolhost.uol.com.br\/blog\/wp-content\/uploads\/2020\/04\/banner_uolmn_lojavirtuol_academia-1.gif\" alt=\"\">\t\t\t\t\t\t\t\t<\/a><\/p>\n<p style=\"font-size: 17px; line-height: 24px; word-break: break-word; color: #666666; font-family: UOLText, Arial, sans-serif; letter-spacing: normal;\">Layout<\/p>\n<p style=\"font-size: 17px; line-height: 24px; word-break: break-word; color: #666666; font-family: UOLText, Arial, sans-serif; letter-spacing: normal;\">Pode parecer detalhe, mas o&nbsp;<a style=\"color: #1082be;\" href=\"https:\/\/www.uolhost.uol.com.br\/academia\/noticias\/2014\/06\/23\/qual-deve-ser-a-cara-da-sua-loja-virtual.html\">layout<\/a>&nbsp;de um site pode ser o fator decisivo entre o cliente continuar na sua loja ou ir buscar o que quer em outro lugar. E uma boa escolha de cores est\u00e1 nesse pacote.<\/p>\n<p style=\"font-size: 17px; line-height: 24px; word-break: break-word; color: #666666; font-family: UOLText, Arial, sans-serif; letter-spacing: normal;\">Por isso, \u00e9 importante que voc\u00ea saiba o que voc\u00ea quer que a sua p\u00e1gina diga ao visitante. O&nbsp;vermelho, por exemplo, \u00e9 identificado com o&nbsp;<a style=\"color: #1082be;\" href=\"https:\/\/www.uolhost.uol.com.br\/academia\/noticias\/2015\/01\/23\/use-o-senso-de-urgencia-para-aumentar-suas-vendas-ja.html\">senso de urg\u00eancia<\/a>, o&nbsp;verde&nbsp;remete a dinheiro. A\u00ed est\u00e3o algumas poss\u00edveis escolhas para o seu layout.<\/p>\n<p style=\"font-size: 17px; line-height: 24px; word-break: break-word; color: #666666; font-family: UOLText, Arial, sans-serif; letter-spacing: normal;\">\u00c9 importante lembrar mais uma vez que o layout e as cores escolhidas podem, sim, influenciar na decis\u00e3o de compra dos clientes e, portanto, no sucesso da sua loja. Por isso, nada de deixar o seu gosto pessoal influenciar nas decis\u00f5es.<\/p>\n<p style=\"font-size: 17px; line-height: 24px; word-break: break-word; color: #666666; font-family: UOLText, Arial, sans-serif; letter-spacing: normal;\">Seja racional e leve em conta o significado que cada cor carrega em si para um melhor resultado para o seu neg\u00f3cio.<\/p>\n<p style=\"font-size: 17px; line-height: 24px; word-break: break-word; color: #666666; font-family: UOLText, Arial, sans-serif; letter-spacing: normal;\">P\u00fablico alvo<\/p>\n<p style=\"font-size: 17px; line-height: 24px; word-break: break-word; color: #666666; font-family: UOLText, Arial, sans-serif; letter-spacing: normal;\">\u00c9 o fator primordial que voc\u00ea precisa levar em conta em todas as escolhas que far\u00e1 quando estiver montando o site da sua loja. E obviamente, tamb\u00e9m quando estiver definindo quais cores vai usar em cada uma das p\u00e1ginas do seu&nbsp;<a href=\"https:\/\/meunegocio.uol.com.br\/criador-de-sites\" target=\"_blank\" rel=\"noopener noreferrer\">site profissional<\/a>.<\/p>\n<p style=\"font-size: 17px; line-height: 24px; word-break: break-word; color: #666666; font-family: UOLText, Arial, sans-serif; letter-spacing: normal;\">Para&nbsp;<a style=\"color: #1082be;\" href=\"https:\/\/www.uolhost.uol.com.br\/academia\/noticias\/2014\/06\/24\/quer-conhecer-melhor-seu-cliente-entao-faca-perguntas.html\">quem voc\u00ea quer vender<\/a>? Quais as cores que mais se adaptam ao perfil dessa pessoa que voc\u00ea quer transformar em seu cliente?<\/p>\n<p style=\"font-size: 17px; line-height: 24px; word-break: break-word; color: #666666; font-family: UOLText, Arial, sans-serif; letter-spacing: normal;\">Seu p\u00fablico alvo s\u00e3o jovens aficionados por esportes? Que tal um&nbsp;laranja&nbsp;ou&nbsp;vermelho? Sua loja vende produtos de sa\u00fade para pessoas de mais idade? O que acha do&nbsp;azul&nbsp;ou do&nbsp;roxo?<\/p>\n<p style=\"font-size: 17px; line-height: 24px; word-break: break-word; color: #666666; font-family: UOLText, Arial, sans-serif; letter-spacing: normal;\">Bot\u00e3o Comprar<\/p>\n<p style=\"font-size: 17px; line-height: 24px; word-break: break-word; color: #666666; font-family: UOLText, Arial, sans-serif; letter-spacing: normal;\">Possivelmente a parte mais importante do seu site. T\u00e3o importante que existem artigos na rede que discorrem sobre qual a melhor cor para preencher o bot\u00e3o Comprar&nbsp;da sua loja.<\/p>\n<p style=\"font-size: 17px; line-height: 24px; word-break: break-word; color: #666666; font-family: UOLText, Arial, sans-serif; letter-spacing: normal;\">Bom, isso depende, mais uma vez, do produto que voc\u00ea vende e de qual \u00e9 o seu p\u00fablico alvo, mas o&nbsp;laranja&nbsp;\u00e9 uma cor que tem a fama de chamar as pessoas \u00e0 a\u00e7\u00e3o, por exemplo. E nada melhor do que chamar o visitante \u00e0 a\u00e7\u00e3o quando ele est\u00e1 considerando comprar um produto na sua loja. A loja online&nbsp;<a style=\"color: #1082be;\" href=\"https:\/\/www.kallan.com.br\/\">Kallan<\/a>, por exemplo, aposta nessa estrat\u00e9gia.<\/p>\n<p style=\"font-size: 17px; line-height: 24px; word-break: break-word; color: #666666; font-family: UOLText, Arial, sans-serif; letter-spacing: normal;\">O&nbsp;vermelho, por sua vez, tamb\u00e9m pode ser uma boa pedida, j\u00e1 que desperta a sensa\u00e7\u00e3o de urg\u00eancia que est\u00e1 associada \u00e0 impulsividade. Temos tamb\u00e9m o&nbsp;amarelo, que \u00e9 bastante usado para chamar a aten\u00e7\u00e3o.<\/p>\n<p style=\"font-size: 17px; line-height: 24px; word-break: break-word; color: #666666; font-family: UOLText, Arial, sans-serif; letter-spacing: normal;\">Como saber o que funciona melhor para o seu p\u00fablico?&nbsp;<a style=\"color: #1082be;\" href=\"https:\/\/www.uolhost.uol.com.br\/academia\/noticias\/2014\/10\/29\/7-testes-ab-que-voce-deve-aplicar-na-sua-loja-virtual.html\">Testando<\/a>&nbsp;sempre, como n\u00e3o cansamos de repetir aqui.<\/p>\n<p style=\"margin-bottom: 20px; font-size: 17px; line-height: 24px; word-break: break-word; color: #666666; font-family: UOLText, Arial, sans-serif; letter-spacing: normal;\">E ent\u00e3o? Pronto para colorir&nbsp;seu site e aumentar as vendas? Boa sorte!<\/p>\n","protected":false},"excerpt":{"rendered":"<p>Cada cor tem um significado e um impacto sobre quem entra em sua loja Uma boa&nbsp;embalagem&nbsp;\u00e9 o primeiro passo para chamar a aten\u00e7\u00e3o de um consumidor para um produto. E na sua loja online essa l\u00f3gica tamb\u00e9m \u00e9 v\u00e1lida. Exceto que no seu caso em vez de uma embalagem, o que tem de chamar aten\u00e7\u00e3o [&hellip;]<\/p>\n","protected":false},"author":24,"featured_media":5238,"comment_status":"closed","ping_status":"closed","sticky":false,"template":"","format":"standard","meta":{"footnotes":""},"categories":[82,33,88,38,43],"tags":[],"class_list":["post-5236","post","type-post","status-publish","format-standard","has-post-thumbnail","hentry","category-otimizacao-de-loja","category-presenca-digital","category-produtos-uol-meu-negocio","category-solucoes","category-tudo-para-sua-loja-virtual"],"gutentor_comment":0,"yoast_head":"<!-- This site is optimized with the Yoast SEO plugin v26.4 - https:\/\/yoast.com\/wordpress\/plugins\/seo\/ -->\n<title>Como as cores afetam as decis\u00f5es de compras dos clientes -<\/title>\n<meta name=\"description\" content=\"Como as cores afetam as decis\u00f5es de compras dos clientes: leia este ou outros artigos sobre E-commerce na Academia UOL Meu neg\u00f3cio.\" \/>\n<meta name=\"robots\" content=\"index, follow, max-snippet:-1, max-image-preview:large, max-video-preview:-1\" \/>\n<link rel=\"canonical\" href=\"https:\/\/uolhost.uol.com.br\/blog\/como-as-cores-afetam-as-decisoes-de-compras-dos-clientes\/\" \/>\n<meta property=\"og:locale\" content=\"pt_BR\" \/>\n<meta property=\"og:type\" content=\"article\" \/>\n<meta property=\"og:title\" content=\"Como as cores afetam as decis\u00f5es de compras dos clientes -\" \/>\n<meta property=\"og:description\" content=\"Como as cores afetam as decis\u00f5es de compras dos clientes: leia este ou outros artigos sobre E-commerce na Academia UOL Meu neg\u00f3cio.\" \/>\n<meta property=\"og:url\" content=\"https:\/\/uolhost.uol.com.br\/blog\/como-as-cores-afetam-as-decisoes-de-compras-dos-clientes\/\" \/>\n<meta property=\"article:published_time\" content=\"2020-04-30T20:45:50+00:00\" \/>\n<meta property=\"article:modified_time\" content=\"2026-01-15T11:57:03+00:00\" \/>\n<meta property=\"og:image\" content=\"https:\/\/uolhost.uol.com.br\/blog\/wp-content\/uploads\/2020\/04\/cores-1423232861959_600x250.jpg\" \/>\n\t<meta property=\"og:image:width\" content=\"600\" \/>\n\t<meta property=\"og:image:height\" content=\"250\" \/>\n\t<meta property=\"og:image:type\" content=\"image\/jpeg\" \/>\n<meta name=\"author\" content=\"Yuri Torres\" \/>\n<meta name=\"twitter:card\" content=\"summary_large_image\" \/>\n<meta name=\"twitter:label1\" content=\"Escrito por\" \/>\n\t<meta name=\"twitter:data1\" content=\"Yuri Torres\" \/>\n\t<meta name=\"twitter:label2\" content=\"Est. tempo de leitura\" \/>\n\t<meta name=\"twitter:data2\" content=\"4 minutos\" \/>\n<script type=\"application\/ld+json\" class=\"yoast-schema-graph\">{\"@context\":\"https:\/\/schema.org\",\"@graph\":[{\"@type\":\"Article\",\"@id\":\"https:\/\/uolhost.uol.com.br\/blog\/como-as-cores-afetam-as-decisoes-de-compras-dos-clientes\/#article\",\"isPartOf\":{\"@id\":\"https:\/\/uolhost.uol.com.br\/blog\/como-as-cores-afetam-as-decisoes-de-compras-dos-clientes\/\"},\"author\":{\"name\":\"Yuri Torres\",\"@id\":\"https:\/\/uolhost.uol.com.br\/blog\/#\/schema\/person\/41505c2cd07dc07109e30bea51edee93\"},\"headline\":\"Como as cores afetam as decis\u00f5es de compras dos clientes\",\"datePublished\":\"2020-04-30T20:45:50+00:00\",\"dateModified\":\"2026-01-15T11:57:03+00:00\",\"mainEntityOfPage\":{\"@id\":\"https:\/\/uolhost.uol.com.br\/blog\/como-as-cores-afetam-as-decisoes-de-compras-dos-clientes\/\"},\"wordCount\":812,\"publisher\":{\"@id\":\"https:\/\/uolhost.uol.com.br\/blog\/#organization\"},\"image\":{\"@id\":\"https:\/\/uolhost.uol.com.br\/blog\/como-as-cores-afetam-as-decisoes-de-compras-dos-clientes\/#primaryimage\"},\"thumbnailUrl\":\"https:\/\/uolhost.uol.com.br\/blog\/wp-content\/uploads\/2020\/04\/cores-1423232861959_600x250.jpg?wsr\",\"articleSection\":[\"Otimiza\u00e7\u00e3o de loja\",\"Presen\u00e7a digital\",\"Produtos UOL Meu Neg\u00f3cio\",\"Solu\u00e7\u00f5es\",\"Tudo para sua Loja Virtual\"],\"inLanguage\":\"pt-BR\"},{\"@type\":\"WebPage\",\"@id\":\"https:\/\/uolhost.uol.com.br\/blog\/como-as-cores-afetam-as-decisoes-de-compras-dos-clientes\/\",\"url\":\"https:\/\/uolhost.uol.com.br\/blog\/como-as-cores-afetam-as-decisoes-de-compras-dos-clientes\/\",\"name\":\"Como as cores afetam as decis\u00f5es de compras dos clientes -\",\"isPartOf\":{\"@id\":\"https:\/\/uolhost.uol.com.br\/blog\/#website\"},\"primaryImageOfPage\":{\"@id\":\"https:\/\/uolhost.uol.com.br\/blog\/como-as-cores-afetam-as-decisoes-de-compras-dos-clientes\/#primaryimage\"},\"image\":{\"@id\":\"https:\/\/uolhost.uol.com.br\/blog\/como-as-cores-afetam-as-decisoes-de-compras-dos-clientes\/#primaryimage\"},\"thumbnailUrl\":\"https:\/\/uolhost.uol.com.br\/blog\/wp-content\/uploads\/2020\/04\/cores-1423232861959_600x250.jpg?wsr\",\"datePublished\":\"2020-04-30T20:45:50+00:00\",\"dateModified\":\"2026-01-15T11:57:03+00:00\",\"description\":\"Como as cores afetam as decis\u00f5es de compras dos clientes: leia este ou outros artigos sobre E-commerce na Academia UOL Meu neg\u00f3cio.\",\"breadcrumb\":{\"@id\":\"https:\/\/uolhost.uol.com.br\/blog\/como-as-cores-afetam-as-decisoes-de-compras-dos-clientes\/#breadcrumb\"},\"inLanguage\":\"pt-BR\",\"potentialAction\":[{\"@type\":\"ReadAction\",\"target\":[\"https:\/\/uolhost.uol.com.br\/blog\/como-as-cores-afetam-as-decisoes-de-compras-dos-clientes\/\"]}]},{\"@type\":\"ImageObject\",\"inLanguage\":\"pt-BR\",\"@id\":\"https:\/\/uolhost.uol.com.br\/blog\/como-as-cores-afetam-as-decisoes-de-compras-dos-clientes\/#primaryimage\",\"url\":\"https:\/\/uolhost.uol.com.br\/blog\/wp-content\/uploads\/2020\/04\/cores-1423232861959_600x250.jpg?wsr\",\"contentUrl\":\"https:\/\/uolhost.uol.com.br\/blog\/wp-content\/uploads\/2020\/04\/cores-1423232861959_600x250.jpg?wsr\",\"width\":600,\"height\":250},{\"@type\":\"BreadcrumbList\",\"@id\":\"https:\/\/uolhost.uol.com.br\/blog\/como-as-cores-afetam-as-decisoes-de-compras-dos-clientes\/#breadcrumb\",\"itemListElement\":[{\"@type\":\"ListItem\",\"position\":1,\"name\":\"In\u00edcio\",\"item\":\"https:\/\/uolhost.uol.com.br\/blog\/\"},{\"@type\":\"ListItem\",\"position\":2,\"name\":\"Como as cores afetam as decis\u00f5es de compras dos clientes\"}]},{\"@type\":\"WebSite\",\"@id\":\"https:\/\/uolhost.uol.com.br\/blog\/#website\",\"url\":\"https:\/\/uolhost.uol.com.br\/blog\/\",\"name\":\"Blog UOL Host\",\"description\":\"\",\"publisher\":{\"@id\":\"https:\/\/uolhost.uol.com.br\/blog\/#organization\"},\"potentialAction\":[{\"@type\":\"SearchAction\",\"target\":{\"@type\":\"EntryPoint\",\"urlTemplate\":\"https:\/\/uolhost.uol.com.br\/blog\/?s={search_term_string}\"},\"query-input\":{\"@type\":\"PropertyValueSpecification\",\"valueRequired\":true,\"valueName\":\"search_term_string\"}}],\"inLanguage\":\"pt-BR\"},{\"@type\":\"Organization\",\"@id\":\"https:\/\/uolhost.uol.com.br\/blog\/#organization\",\"name\":\"Blog UOL Host\",\"url\":\"https:\/\/uolhost.uol.com.br\/blog\/\",\"logo\":{\"@type\":\"ImageObject\",\"inLanguage\":\"pt-BR\",\"@id\":\"https:\/\/uolhost.uol.com.br\/blog\/#\/schema\/logo\/image\/\",\"url\":\"https:\/\/uolhost.uol.com.br\/blog\/wp-content\/uploads\/2025\/01\/UOL_Host.png?wsr\",\"contentUrl\":\"https:\/\/uolhost.uol.com.br\/blog\/wp-content\/uploads\/2025\/01\/UOL_Host.png?wsr\",\"width\":2000,\"height\":393,\"caption\":\"Blog UOL Host\"},\"image\":{\"@id\":\"https:\/\/uolhost.uol.com.br\/blog\/#\/schema\/logo\/image\/\"}},{\"@type\":\"Person\",\"@id\":\"https:\/\/uolhost.uol.com.br\/blog\/#\/schema\/person\/41505c2cd07dc07109e30bea51edee93\",\"name\":\"Yuri Torres\",\"image\":{\"@type\":\"ImageObject\",\"inLanguage\":\"pt-BR\",\"@id\":\"https:\/\/uolhost.uol.com.br\/blog\/#\/schema\/person\/image\/\",\"url\":\"https:\/\/secure.gravatar.com\/avatar\/4c96a05faea9fdf86f95d5b723e438c9cc14ad5c342d76486e5a4c8ac8259492?s=96&d=mm&r=g\",\"contentUrl\":\"https:\/\/secure.gravatar.com\/avatar\/4c96a05faea9fdf86f95d5b723e438c9cc14ad5c342d76486e5a4c8ac8259492?s=96&d=mm&r=g\",\"caption\":\"Yuri Torres\"},\"description\":\"Profissional de Reda\u00e7\u00e3o e Marketing, com 10 anos de experi\u00eancia no desenvolvimento de estrat\u00e9gias de conte\u00fado voltadas \u00e0 comunica\u00e7\u00e3o de marcas. Atua na cria\u00e7\u00e3o de materiais que fortalecem a presen\u00e7a digital, ampliam o engajamento e contribuem para o alcance de resultados alinhados aos objetivos de neg\u00f3cio, com experi\u00eancia no atendimento a empresas de diferentes segmentos. LinkedIn\",\"sameAs\":[\"https:\/\/www.linkedin.com\/in\/yuri-torres-271093108\/\"],\"url\":\"https:\/\/uolhost.uol.com.br\/blog\/author\/yuri-torres\/\"}]}<\/script>\n<!-- \/ Yoast SEO plugin. -->","yoast_head_json":{"title":"Como as cores afetam as decis\u00f5es de compras dos clientes -","description":"Como as cores afetam as decis\u00f5es de compras dos clientes: leia este ou outros artigos sobre E-commerce na Academia UOL Meu neg\u00f3cio.","robots":{"index":"index","follow":"follow","max-snippet":"max-snippet:-1","max-image-preview":"max-image-preview:large","max-video-preview":"max-video-preview:-1"},"canonical":"https:\/\/uolhost.uol.com.br\/blog\/como-as-cores-afetam-as-decisoes-de-compras-dos-clientes\/","og_locale":"pt_BR","og_type":"article","og_title":"Como as cores afetam as decis\u00f5es de compras dos clientes -","og_description":"Como as cores afetam as decis\u00f5es de compras dos clientes: leia este ou outros artigos sobre E-commerce na Academia UOL Meu neg\u00f3cio.","og_url":"https:\/\/uolhost.uol.com.br\/blog\/como-as-cores-afetam-as-decisoes-de-compras-dos-clientes\/","article_published_time":"2020-04-30T20:45:50+00:00","article_modified_time":"2026-01-15T11:57:03+00:00","og_image":[{"width":600,"height":250,"url":"https:\/\/uolhost.uol.com.br\/blog\/wp-content\/uploads\/2020\/04\/cores-1423232861959_600x250.jpg","type":"image\/jpeg"}],"author":"Yuri Torres","twitter_card":"summary_large_image","twitter_misc":{"Escrito por":"Yuri Torres","Est. tempo de leitura":"4 minutos"},"schema":{"@context":"https:\/\/schema.org","@graph":[{"@type":"Article","@id":"https:\/\/uolhost.uol.com.br\/blog\/como-as-cores-afetam-as-decisoes-de-compras-dos-clientes\/#article","isPartOf":{"@id":"https:\/\/uolhost.uol.com.br\/blog\/como-as-cores-afetam-as-decisoes-de-compras-dos-clientes\/"},"author":{"name":"Yuri Torres","@id":"https:\/\/uolhost.uol.com.br\/blog\/#\/schema\/person\/41505c2cd07dc07109e30bea51edee93"},"headline":"Como as cores afetam as decis\u00f5es de compras dos clientes","datePublished":"2020-04-30T20:45:50+00:00","dateModified":"2026-01-15T11:57:03+00:00","mainEntityOfPage":{"@id":"https:\/\/uolhost.uol.com.br\/blog\/como-as-cores-afetam-as-decisoes-de-compras-dos-clientes\/"},"wordCount":812,"publisher":{"@id":"https:\/\/uolhost.uol.com.br\/blog\/#organization"},"image":{"@id":"https:\/\/uolhost.uol.com.br\/blog\/como-as-cores-afetam-as-decisoes-de-compras-dos-clientes\/#primaryimage"},"thumbnailUrl":"https:\/\/uolhost.uol.com.br\/blog\/wp-content\/uploads\/2020\/04\/cores-1423232861959_600x250.jpg?wsr","articleSection":["Otimiza\u00e7\u00e3o de loja","Presen\u00e7a digital","Produtos UOL Meu Neg\u00f3cio","Solu\u00e7\u00f5es","Tudo para sua Loja Virtual"],"inLanguage":"pt-BR"},{"@type":"WebPage","@id":"https:\/\/uolhost.uol.com.br\/blog\/como-as-cores-afetam-as-decisoes-de-compras-dos-clientes\/","url":"https:\/\/uolhost.uol.com.br\/blog\/como-as-cores-afetam-as-decisoes-de-compras-dos-clientes\/","name":"Como as cores afetam as decis\u00f5es de compras dos clientes -","isPartOf":{"@id":"https:\/\/uolhost.uol.com.br\/blog\/#website"},"primaryImageOfPage":{"@id":"https:\/\/uolhost.uol.com.br\/blog\/como-as-cores-afetam-as-decisoes-de-compras-dos-clientes\/#primaryimage"},"image":{"@id":"https:\/\/uolhost.uol.com.br\/blog\/como-as-cores-afetam-as-decisoes-de-compras-dos-clientes\/#primaryimage"},"thumbnailUrl":"https:\/\/uolhost.uol.com.br\/blog\/wp-content\/uploads\/2020\/04\/cores-1423232861959_600x250.jpg?wsr","datePublished":"2020-04-30T20:45:50+00:00","dateModified":"2026-01-15T11:57:03+00:00","description":"Como as cores afetam as decis\u00f5es de compras dos clientes: leia este ou outros artigos sobre E-commerce na Academia UOL Meu neg\u00f3cio.","breadcrumb":{"@id":"https:\/\/uolhost.uol.com.br\/blog\/como-as-cores-afetam-as-decisoes-de-compras-dos-clientes\/#breadcrumb"},"inLanguage":"pt-BR","potentialAction":[{"@type":"ReadAction","target":["https:\/\/uolhost.uol.com.br\/blog\/como-as-cores-afetam-as-decisoes-de-compras-dos-clientes\/"]}]},{"@type":"ImageObject","inLanguage":"pt-BR","@id":"https:\/\/uolhost.uol.com.br\/blog\/como-as-cores-afetam-as-decisoes-de-compras-dos-clientes\/#primaryimage","url":"https:\/\/uolhost.uol.com.br\/blog\/wp-content\/uploads\/2020\/04\/cores-1423232861959_600x250.jpg?wsr","contentUrl":"https:\/\/uolhost.uol.com.br\/blog\/wp-content\/uploads\/2020\/04\/cores-1423232861959_600x250.jpg?wsr","width":600,"height":250},{"@type":"BreadcrumbList","@id":"https:\/\/uolhost.uol.com.br\/blog\/como-as-cores-afetam-as-decisoes-de-compras-dos-clientes\/#breadcrumb","itemListElement":[{"@type":"ListItem","position":1,"name":"In\u00edcio","item":"https:\/\/uolhost.uol.com.br\/blog\/"},{"@type":"ListItem","position":2,"name":"Como as cores afetam as decis\u00f5es de compras dos clientes"}]},{"@type":"WebSite","@id":"https:\/\/uolhost.uol.com.br\/blog\/#website","url":"https:\/\/uolhost.uol.com.br\/blog\/","name":"Blog UOL Host","description":"","publisher":{"@id":"https:\/\/uolhost.uol.com.br\/blog\/#organization"},"potentialAction":[{"@type":"SearchAction","target":{"@type":"EntryPoint","urlTemplate":"https:\/\/uolhost.uol.com.br\/blog\/?s={search_term_string}"},"query-input":{"@type":"PropertyValueSpecification","valueRequired":true,"valueName":"search_term_string"}}],"inLanguage":"pt-BR"},{"@type":"Organization","@id":"https:\/\/uolhost.uol.com.br\/blog\/#organization","name":"Blog UOL Host","url":"https:\/\/uolhost.uol.com.br\/blog\/","logo":{"@type":"ImageObject","inLanguage":"pt-BR","@id":"https:\/\/uolhost.uol.com.br\/blog\/#\/schema\/logo\/image\/","url":"https:\/\/uolhost.uol.com.br\/blog\/wp-content\/uploads\/2025\/01\/UOL_Host.png?wsr","contentUrl":"https:\/\/uolhost.uol.com.br\/blog\/wp-content\/uploads\/2025\/01\/UOL_Host.png?wsr","width":2000,"height":393,"caption":"Blog UOL Host"},"image":{"@id":"https:\/\/uolhost.uol.com.br\/blog\/#\/schema\/logo\/image\/"}},{"@type":"Person","@id":"https:\/\/uolhost.uol.com.br\/blog\/#\/schema\/person\/41505c2cd07dc07109e30bea51edee93","name":"Yuri Torres","image":{"@type":"ImageObject","inLanguage":"pt-BR","@id":"https:\/\/uolhost.uol.com.br\/blog\/#\/schema\/person\/image\/","url":"https:\/\/secure.gravatar.com\/avatar\/4c96a05faea9fdf86f95d5b723e438c9cc14ad5c342d76486e5a4c8ac8259492?s=96&d=mm&r=g","contentUrl":"https:\/\/secure.gravatar.com\/avatar\/4c96a05faea9fdf86f95d5b723e438c9cc14ad5c342d76486e5a4c8ac8259492?s=96&d=mm&r=g","caption":"Yuri Torres"},"description":"Profissional de Reda\u00e7\u00e3o e Marketing, com 10 anos de experi\u00eancia no desenvolvimento de estrat\u00e9gias de conte\u00fado voltadas \u00e0 comunica\u00e7\u00e3o de marcas. Atua na cria\u00e7\u00e3o de materiais que fortalecem a presen\u00e7a digital, ampliam o engajamento e contribuem para o alcance de resultados alinhados aos objetivos de neg\u00f3cio, com experi\u00eancia no atendimento a empresas de diferentes segmentos. LinkedIn","sameAs":["https:\/\/www.linkedin.com\/in\/yuri-torres-271093108\/"],"url":"https:\/\/uolhost.uol.com.br\/blog\/author\/yuri-torres\/"}]}},"_links":{"self":[{"href":"https:\/\/uolhost.uol.com.br\/blog\/wp-json\/wp\/v2\/posts\/5236","targetHints":{"allow":["GET"]}}],"collection":[{"href":"https:\/\/uolhost.uol.com.br\/blog\/wp-json\/wp\/v2\/posts"}],"about":[{"href":"https:\/\/uolhost.uol.com.br\/blog\/wp-json\/wp\/v2\/types\/post"}],"author":[{"embeddable":true,"href":"https:\/\/uolhost.uol.com.br\/blog\/wp-json\/wp\/v2\/users\/24"}],"replies":[{"embeddable":true,"href":"https:\/\/uolhost.uol.com.br\/blog\/wp-json\/wp\/v2\/comments?post=5236"}],"version-history":[{"count":1,"href":"https:\/\/uolhost.uol.com.br\/blog\/wp-json\/wp\/v2\/posts\/5236\/revisions"}],"predecessor-version":[{"id":19919,"href":"https:\/\/uolhost.uol.com.br\/blog\/wp-json\/wp\/v2\/posts\/5236\/revisions\/19919"}],"wp:featuredmedia":[{"embeddable":true,"href":"https:\/\/uolhost.uol.com.br\/blog\/wp-json\/wp\/v2\/media\/5238"}],"wp:attachment":[{"href":"https:\/\/uolhost.uol.com.br\/blog\/wp-json\/wp\/v2\/media?parent=5236"}],"wp:term":[{"taxonomy":"category","embeddable":true,"href":"https:\/\/uolhost.uol.com.br\/blog\/wp-json\/wp\/v2\/categories?post=5236"},{"taxonomy":"post_tag","embeddable":true,"href":"https:\/\/uolhost.uol.com.br\/blog\/wp-json\/wp\/v2\/tags?post=5236"}],"curies":[{"name":"wp","href":"https:\/\/api.w.org\/{rel}","templated":true}]}}