{"id":5530,"date":"2020-05-06T15:08:28","date_gmt":"2020-05-06T18:08:28","guid":{"rendered":"https:\/\/meunegocio.uol.com.br\/blog\/?p=5530"},"modified":"2026-01-15T07:56:46","modified_gmt":"2026-01-15T10:56:46","slug":"como-organizar-os-produtos-da-sua-loja-virtual","status":"publish","type":"post","link":"https:\/\/uolhost.uol.com.br\/blog\/como-organizar-os-produtos-da-sua-loja-virtual\/","title":{"rendered":"Como organizar os produtos da sua loja virtual"},"content":{"rendered":"<p style=\"font-size: 17px; line-height: 24px; word-break: break-word; color: #666666; font-family: UOLText, Arial, sans-serif; letter-spacing: normal;\">Responda r\u00e1pido: \u00e9 f\u00e1cil encontrar um produto na sua&nbsp;<a href=\"https:\/\/meunegocio.uol.com.br\/loja-virtual\" target=\"_blank\" rel=\"noopener noreferrer\">loja virtual<\/a>? Se a resposta foi negativa, \u00e9 hora de tomar uma provid\u00eancia. O consumidor online valoriza a praticidade e n\u00e3o tem tempo a perder vasculhando seu site atr\u00e1s do que procura. Por isso, al\u00e9m de ter um bom&nbsp;<a style=\"color: #1082be;\" href=\"https:\/\/www.uolhost.com.br\/academia\/noticias\/2014\/06\/05\/3-passos-para-tornar-seus-produtos-mais-amigaveis-aos-sites-de-busca.html\">sistema de busca<\/a>, sua loja virtual deve ser bem organizada e f\u00e1cil de navegar.<\/p>\n<p style=\"font-size: 17px; line-height: 24px; word-break: break-word; color: #666666; font-family: UOLText, Arial, sans-serif; letter-spacing: normal;\">\n<p style=\"font-size: 17px; line-height: 24px; word-break: break-word; color: #666666; font-family: UOLText, Arial, sans-serif; letter-spacing: normal;\">\n<p style=\"font-size: 17px; line-height: 24px; word-break: break-word; color: #666666; font-family: UOLText, Arial, sans-serif; letter-spacing: normal;\">O primeiro passo \u00e9 distribuir os itens em&nbsp;<a style=\"color: #1082be;\" href=\"https:\/\/www.uolhost.com.br\/faq\/loja-painel-simplificado\/o-que-e-uma-categoria-da-loja-virtual.html?#rmcl\" target=\"_blank\" rel=\"noopener noreferrer\">categorias<\/a>&nbsp;e subcategorias que fa\u00e7am sentido para quem est\u00e1 comprando. A melhor maneira de fazer a divis\u00e3o \u00e9 pensar em como voc\u00ea procuraria aquele produto.&nbsp;<\/p>\n<p style=\"font-size: 17px; line-height: 24px; word-break: break-word; color: #666666; font-family: UOLText, Arial, sans-serif; letter-spacing: normal;\">Para come\u00e7ar, voc\u00ea pode agrupar os produtos por tema. Por exemplo, xampus, esponjas e sabonetes podem entrar na categoria \u201cbanho\u201d. As categorias podem (e devem) ser divididas em subcategorias. A divis\u00e3o pode ser por marca, modelo ou tipo de produto. Voltando ao exemplo anterior, voc\u00ea pode criar subcategorias \u201ccabelo\u201d e \u201ccorpo\u201d.<\/p>\n<p style=\"font-size: 17px; line-height: 24px; word-break: break-word; color: #666666; font-family: UOLText, Arial, sans-serif; letter-spacing: normal;\">Mas aten\u00e7\u00e3o: n\u00e3o use muitos n\u00edveis de subcategorias (tr\u00eas \u00e9 o n\u00famero m\u00e1ximo recomendado por especialistas). Isso far\u00e1 com que os visitantes tenham de dar muitos cliques at\u00e9 chegar ao produto desejado.&nbsp;<\/p>\n<p style=\"font-size: 17px; line-height: 24px; word-break: break-word; color: #666666; font-family: UOLText, Arial, sans-serif; letter-spacing: normal;\">Vale lembrar que \u00e9 importante dar destaque a produtos de diferentes categorias em sua homepage, para que o cliente tenha um gostinho do que encontrar\u00e1 navegando pela loja.<\/p>\n<p style=\"font-size: 17px; line-height: 24px; word-break: break-word; color: #666666; font-family: UOLText, Arial, sans-serif; letter-spacing: normal;\">Se voc\u00ea faz&nbsp;<a style=\"color: #1082be;\" href=\"https:\/\/www.uolhost.com.br\/academia\/noticias\/2014\/02\/10\/8-dicas-para-fazer-promocoes-na-sua-loja.html\" target=\"_blank\" rel=\"noopener noreferrer\">promo\u00e7\u00f5es<\/a>&nbsp;com frequ\u00eancia, pode ser interessante criar uma categoria somente para os produtos com descontos.&nbsp;<\/p>\n<p style=\"margin-bottom: 20px; font-size: 17px; line-height: 24px; word-break: break-word; color: #666666; font-family: UOLText, Arial, sans-serif; letter-spacing: normal;\">Agora que voc\u00ea j\u00e1 sabe como organizar melhor suas prateleiras virtuais, que tal dar aquele trato na sua lojinha?<\/p>\n<p>\t\t\t\t\t\t\t\t\t\t\t<a href=\"http:\/\/clicklogger.rm.uol.com.br\/?prd=939&amp;grp=src:13;chn:546;cpg:cross-sell-banner-site-pronto;&amp;msr=Cliques%20de%20Origem:1&amp;oper=11&amp;redir=https:\/\/cadastro.uol.com.br\/indexb.html?eos=yes&amp;skin=cadastrounificado\/visitor\/pf&amp;skinPath=meunegocio&amp;promochild=PROMPKSC3387\"><br \/>\n<img loading=\"lazy\" decoding=\"async\" width=\"600\" height=\"150\" src=\"https:\/\/uolhost.uol.com.br\/blog\/wp-content\/uploads\/2020\/04\/banner_uolmn_lojavirtuol_academia-1.gif\" alt=\"\">\t\t\t\t\t\t\t\t<\/a><\/p>\n","protected":false},"excerpt":{"rendered":"<p>Responda r\u00e1pido: \u00e9 f\u00e1cil encontrar um produto na sua&nbsp;loja virtual? Se a resposta foi negativa, \u00e9 hora de tomar uma provid\u00eancia. O consumidor online valoriza a praticidade e n\u00e3o tem tempo a perder vasculhando seu site atr\u00e1s do que procura. Por isso, al\u00e9m de ter um bom&nbsp;sistema de busca, sua loja virtual deve ser bem [&hellip;]<\/p>\n","protected":false},"author":24,"featured_media":5531,"comment_status":"closed","ping_status":"closed","sticky":false,"template":"","format":"standard","meta":{"footnotes":""},"categories":[33,85,88,38,43],"tags":[653],"class_list":["post-5530","post","type-post","status-publish","format-standard","has-post-thumbnail","hentry","category-presenca-digital","category-primeiros-passos-loja","category-produtos-uol-meu-negocio","category-solucoes","category-tudo-para-sua-loja-virtual","tag-loja"],"gutentor_comment":0,"yoast_head":"<!-- This site is optimized with the Yoast SEO plugin v26.4 - https:\/\/yoast.com\/wordpress\/plugins\/seo\/ -->\n<title>Como organizar os produtos da sua loja virtual -<\/title>\n<meta name=\"description\" content=\"Como organizar os produtos da sua loja virtual: leia este ou outros artigos sobre E-commerce na Academia UOL Meu Neg\u00f3cio.\" \/>\n<meta name=\"robots\" content=\"index, follow, max-snippet:-1, max-image-preview:large, max-video-preview:-1\" \/>\n<link rel=\"canonical\" href=\"https:\/\/uolhost.uol.com.br\/blog\/como-organizar-os-produtos-da-sua-loja-virtual\/\" \/>\n<meta property=\"og:locale\" content=\"pt_BR\" \/>\n<meta property=\"og:type\" content=\"article\" \/>\n<meta property=\"og:title\" content=\"Como organizar os produtos da sua loja virtual -\" \/>\n<meta property=\"og:description\" content=\"Como organizar os produtos da sua loja virtual: leia este ou outros artigos sobre E-commerce na Academia UOL Meu Neg\u00f3cio.\" \/>\n<meta property=\"og:url\" content=\"https:\/\/uolhost.uol.com.br\/blog\/como-organizar-os-produtos-da-sua-loja-virtual\/\" \/>\n<meta property=\"article:published_time\" content=\"2020-05-06T18:08:28+00:00\" \/>\n<meta property=\"article:modified_time\" content=\"2026-01-15T10:56:46+00:00\" \/>\n<meta property=\"og:image\" content=\"https:\/\/uolhost.uol.com.br\/blog\/wp-content\/uploads\/2020\/05\/como-organizar-os-produtos-da-sua-loja-virtual-1403117650445_600x600-1.jpg\" \/>\n\t<meta property=\"og:image:width\" content=\"600\" \/>\n\t<meta property=\"og:image:height\" content=\"300\" \/>\n\t<meta property=\"og:image:type\" content=\"image\/jpeg\" \/>\n<meta name=\"author\" content=\"Yuri Torres\" \/>\n<meta name=\"twitter:card\" content=\"summary_large_image\" \/>\n<meta name=\"twitter:label1\" content=\"Escrito por\" \/>\n\t<meta name=\"twitter:data1\" content=\"Yuri Torres\" \/>\n\t<meta name=\"twitter:label2\" content=\"Est. tempo de leitura\" \/>\n\t<meta name=\"twitter:data2\" content=\"1 minuto\" \/>\n<script type=\"application\/ld+json\" class=\"yoast-schema-graph\">{\"@context\":\"https:\/\/schema.org\",\"@graph\":[{\"@type\":\"Article\",\"@id\":\"https:\/\/uolhost.uol.com.br\/blog\/como-organizar-os-produtos-da-sua-loja-virtual\/#article\",\"isPartOf\":{\"@id\":\"https:\/\/uolhost.uol.com.br\/blog\/como-organizar-os-produtos-da-sua-loja-virtual\/\"},\"author\":{\"name\":\"Yuri Torres\",\"@id\":\"https:\/\/uolhost.uol.com.br\/blog\/#\/schema\/person\/41505c2cd07dc07109e30bea51edee93\"},\"headline\":\"Como organizar os produtos da sua loja virtual\",\"datePublished\":\"2020-05-06T18:08:28+00:00\",\"dateModified\":\"2026-01-15T10:56:46+00:00\",\"mainEntityOfPage\":{\"@id\":\"https:\/\/uolhost.uol.com.br\/blog\/como-organizar-os-produtos-da-sua-loja-virtual\/\"},\"wordCount\":273,\"publisher\":{\"@id\":\"https:\/\/uolhost.uol.com.br\/blog\/#organization\"},\"image\":{\"@id\":\"https:\/\/uolhost.uol.com.br\/blog\/como-organizar-os-produtos-da-sua-loja-virtual\/#primaryimage\"},\"thumbnailUrl\":\"https:\/\/uolhost.uol.com.br\/blog\/wp-content\/uploads\/2020\/05\/como-organizar-os-produtos-da-sua-loja-virtual-1403117650445_600x600-1.jpg?wsr\",\"keywords\":[\"loja\"],\"articleSection\":[\"Presen\u00e7a digital\",\"Primeiros passos\",\"Produtos UOL Meu Neg\u00f3cio\",\"Solu\u00e7\u00f5es\",\"Tudo para sua Loja Virtual\"],\"inLanguage\":\"pt-BR\"},{\"@type\":\"WebPage\",\"@id\":\"https:\/\/uolhost.uol.com.br\/blog\/como-organizar-os-produtos-da-sua-loja-virtual\/\",\"url\":\"https:\/\/uolhost.uol.com.br\/blog\/como-organizar-os-produtos-da-sua-loja-virtual\/\",\"name\":\"Como organizar os produtos da sua loja virtual -\",\"isPartOf\":{\"@id\":\"https:\/\/uolhost.uol.com.br\/blog\/#website\"},\"primaryImageOfPage\":{\"@id\":\"https:\/\/uolhost.uol.com.br\/blog\/como-organizar-os-produtos-da-sua-loja-virtual\/#primaryimage\"},\"image\":{\"@id\":\"https:\/\/uolhost.uol.com.br\/blog\/como-organizar-os-produtos-da-sua-loja-virtual\/#primaryimage\"},\"thumbnailUrl\":\"https:\/\/uolhost.uol.com.br\/blog\/wp-content\/uploads\/2020\/05\/como-organizar-os-produtos-da-sua-loja-virtual-1403117650445_600x600-1.jpg?wsr\",\"datePublished\":\"2020-05-06T18:08:28+00:00\",\"dateModified\":\"2026-01-15T10:56:46+00:00\",\"description\":\"Como organizar os produtos da sua loja virtual: leia este ou outros artigos sobre E-commerce na Academia UOL Meu Neg\u00f3cio.\",\"breadcrumb\":{\"@id\":\"https:\/\/uolhost.uol.com.br\/blog\/como-organizar-os-produtos-da-sua-loja-virtual\/#breadcrumb\"},\"inLanguage\":\"pt-BR\",\"potentialAction\":[{\"@type\":\"ReadAction\",\"target\":[\"https:\/\/uolhost.uol.com.br\/blog\/como-organizar-os-produtos-da-sua-loja-virtual\/\"]}]},{\"@type\":\"ImageObject\",\"inLanguage\":\"pt-BR\",\"@id\":\"https:\/\/uolhost.uol.com.br\/blog\/como-organizar-os-produtos-da-sua-loja-virtual\/#primaryimage\",\"url\":\"https:\/\/uolhost.uol.com.br\/blog\/wp-content\/uploads\/2020\/05\/como-organizar-os-produtos-da-sua-loja-virtual-1403117650445_600x600-1.jpg?wsr\",\"contentUrl\":\"https:\/\/uolhost.uol.com.br\/blog\/wp-content\/uploads\/2020\/05\/como-organizar-os-produtos-da-sua-loja-virtual-1403117650445_600x600-1.jpg?wsr\",\"width\":600,\"height\":300},{\"@type\":\"BreadcrumbList\",\"@id\":\"https:\/\/uolhost.uol.com.br\/blog\/como-organizar-os-produtos-da-sua-loja-virtual\/#breadcrumb\",\"itemListElement\":[{\"@type\":\"ListItem\",\"position\":1,\"name\":\"In\u00edcio\",\"item\":\"https:\/\/uolhost.uol.com.br\/blog\/\"},{\"@type\":\"ListItem\",\"position\":2,\"name\":\"Como organizar os produtos da sua loja virtual\"}]},{\"@type\":\"WebSite\",\"@id\":\"https:\/\/uolhost.uol.com.br\/blog\/#website\",\"url\":\"https:\/\/uolhost.uol.com.br\/blog\/\",\"name\":\"Blog UOL Host\",\"description\":\"\",\"publisher\":{\"@id\":\"https:\/\/uolhost.uol.com.br\/blog\/#organization\"},\"potentialAction\":[{\"@type\":\"SearchAction\",\"target\":{\"@type\":\"EntryPoint\",\"urlTemplate\":\"https:\/\/uolhost.uol.com.br\/blog\/?s={search_term_string}\"},\"query-input\":{\"@type\":\"PropertyValueSpecification\",\"valueRequired\":true,\"valueName\":\"search_term_string\"}}],\"inLanguage\":\"pt-BR\"},{\"@type\":\"Organization\",\"@id\":\"https:\/\/uolhost.uol.com.br\/blog\/#organization\",\"name\":\"Blog UOL Host\",\"url\":\"https:\/\/uolhost.uol.com.br\/blog\/\",\"logo\":{\"@type\":\"ImageObject\",\"inLanguage\":\"pt-BR\",\"@id\":\"https:\/\/uolhost.uol.com.br\/blog\/#\/schema\/logo\/image\/\",\"url\":\"https:\/\/uolhost.uol.com.br\/blog\/wp-content\/uploads\/2025\/01\/UOL_Host.png?wsr\",\"contentUrl\":\"https:\/\/uolhost.uol.com.br\/blog\/wp-content\/uploads\/2025\/01\/UOL_Host.png?wsr\",\"width\":2000,\"height\":393,\"caption\":\"Blog UOL Host\"},\"image\":{\"@id\":\"https:\/\/uolhost.uol.com.br\/blog\/#\/schema\/logo\/image\/\"}},{\"@type\":\"Person\",\"@id\":\"https:\/\/uolhost.uol.com.br\/blog\/#\/schema\/person\/41505c2cd07dc07109e30bea51edee93\",\"name\":\"Yuri Torres\",\"image\":{\"@type\":\"ImageObject\",\"inLanguage\":\"pt-BR\",\"@id\":\"https:\/\/uolhost.uol.com.br\/blog\/#\/schema\/person\/image\/\",\"url\":\"https:\/\/secure.gravatar.com\/avatar\/4c96a05faea9fdf86f95d5b723e438c9cc14ad5c342d76486e5a4c8ac8259492?s=96&d=mm&r=g\",\"contentUrl\":\"https:\/\/secure.gravatar.com\/avatar\/4c96a05faea9fdf86f95d5b723e438c9cc14ad5c342d76486e5a4c8ac8259492?s=96&d=mm&r=g\",\"caption\":\"Yuri Torres\"},\"description\":\"Profissional de Reda\u00e7\u00e3o e Marketing, com 10 anos de experi\u00eancia no desenvolvimento de estrat\u00e9gias de conte\u00fado voltadas \u00e0 comunica\u00e7\u00e3o de marcas. Atua na cria\u00e7\u00e3o de materiais que fortalecem a presen\u00e7a digital, ampliam o engajamento e contribuem para o alcance de resultados alinhados aos objetivos de neg\u00f3cio, com experi\u00eancia no atendimento a empresas de diferentes segmentos. LinkedIn\",\"sameAs\":[\"https:\/\/www.linkedin.com\/in\/yuri-torres-271093108\/\"],\"url\":\"https:\/\/uolhost.uol.com.br\/blog\/author\/yuri-torres\/\"}]}<\/script>\n<!-- \/ Yoast SEO plugin. -->","yoast_head_json":{"title":"Como organizar os produtos da sua loja virtual -","description":"Como organizar os produtos da sua loja virtual: leia este ou outros artigos sobre E-commerce na Academia UOL Meu Neg\u00f3cio.","robots":{"index":"index","follow":"follow","max-snippet":"max-snippet:-1","max-image-preview":"max-image-preview:large","max-video-preview":"max-video-preview:-1"},"canonical":"https:\/\/uolhost.uol.com.br\/blog\/como-organizar-os-produtos-da-sua-loja-virtual\/","og_locale":"pt_BR","og_type":"article","og_title":"Como organizar os produtos da sua loja virtual -","og_description":"Como organizar os produtos da sua loja virtual: leia este ou outros artigos sobre E-commerce na Academia UOL Meu Neg\u00f3cio.","og_url":"https:\/\/uolhost.uol.com.br\/blog\/como-organizar-os-produtos-da-sua-loja-virtual\/","article_published_time":"2020-05-06T18:08:28+00:00","article_modified_time":"2026-01-15T10:56:46+00:00","og_image":[{"width":600,"height":300,"url":"https:\/\/uolhost.uol.com.br\/blog\/wp-content\/uploads\/2020\/05\/como-organizar-os-produtos-da-sua-loja-virtual-1403117650445_600x600-1.jpg","type":"image\/jpeg"}],"author":"Yuri Torres","twitter_card":"summary_large_image","twitter_misc":{"Escrito por":"Yuri Torres","Est. tempo de leitura":"1 minuto"},"schema":{"@context":"https:\/\/schema.org","@graph":[{"@type":"Article","@id":"https:\/\/uolhost.uol.com.br\/blog\/como-organizar-os-produtos-da-sua-loja-virtual\/#article","isPartOf":{"@id":"https:\/\/uolhost.uol.com.br\/blog\/como-organizar-os-produtos-da-sua-loja-virtual\/"},"author":{"name":"Yuri Torres","@id":"https:\/\/uolhost.uol.com.br\/blog\/#\/schema\/person\/41505c2cd07dc07109e30bea51edee93"},"headline":"Como organizar os produtos da sua loja virtual","datePublished":"2020-05-06T18:08:28+00:00","dateModified":"2026-01-15T10:56:46+00:00","mainEntityOfPage":{"@id":"https:\/\/uolhost.uol.com.br\/blog\/como-organizar-os-produtos-da-sua-loja-virtual\/"},"wordCount":273,"publisher":{"@id":"https:\/\/uolhost.uol.com.br\/blog\/#organization"},"image":{"@id":"https:\/\/uolhost.uol.com.br\/blog\/como-organizar-os-produtos-da-sua-loja-virtual\/#primaryimage"},"thumbnailUrl":"https:\/\/uolhost.uol.com.br\/blog\/wp-content\/uploads\/2020\/05\/como-organizar-os-produtos-da-sua-loja-virtual-1403117650445_600x600-1.jpg?wsr","keywords":["loja"],"articleSection":["Presen\u00e7a digital","Primeiros passos","Produtos UOL Meu Neg\u00f3cio","Solu\u00e7\u00f5es","Tudo para sua Loja Virtual"],"inLanguage":"pt-BR"},{"@type":"WebPage","@id":"https:\/\/uolhost.uol.com.br\/blog\/como-organizar-os-produtos-da-sua-loja-virtual\/","url":"https:\/\/uolhost.uol.com.br\/blog\/como-organizar-os-produtos-da-sua-loja-virtual\/","name":"Como organizar os produtos da sua loja virtual -","isPartOf":{"@id":"https:\/\/uolhost.uol.com.br\/blog\/#website"},"primaryImageOfPage":{"@id":"https:\/\/uolhost.uol.com.br\/blog\/como-organizar-os-produtos-da-sua-loja-virtual\/#primaryimage"},"image":{"@id":"https:\/\/uolhost.uol.com.br\/blog\/como-organizar-os-produtos-da-sua-loja-virtual\/#primaryimage"},"thumbnailUrl":"https:\/\/uolhost.uol.com.br\/blog\/wp-content\/uploads\/2020\/05\/como-organizar-os-produtos-da-sua-loja-virtual-1403117650445_600x600-1.jpg?wsr","datePublished":"2020-05-06T18:08:28+00:00","dateModified":"2026-01-15T10:56:46+00:00","description":"Como organizar os produtos da sua loja virtual: leia este ou outros artigos sobre E-commerce na Academia UOL Meu Neg\u00f3cio.","breadcrumb":{"@id":"https:\/\/uolhost.uol.com.br\/blog\/como-organizar-os-produtos-da-sua-loja-virtual\/#breadcrumb"},"inLanguage":"pt-BR","potentialAction":[{"@type":"ReadAction","target":["https:\/\/uolhost.uol.com.br\/blog\/como-organizar-os-produtos-da-sua-loja-virtual\/"]}]},{"@type":"ImageObject","inLanguage":"pt-BR","@id":"https:\/\/uolhost.uol.com.br\/blog\/como-organizar-os-produtos-da-sua-loja-virtual\/#primaryimage","url":"https:\/\/uolhost.uol.com.br\/blog\/wp-content\/uploads\/2020\/05\/como-organizar-os-produtos-da-sua-loja-virtual-1403117650445_600x600-1.jpg?wsr","contentUrl":"https:\/\/uolhost.uol.com.br\/blog\/wp-content\/uploads\/2020\/05\/como-organizar-os-produtos-da-sua-loja-virtual-1403117650445_600x600-1.jpg?wsr","width":600,"height":300},{"@type":"BreadcrumbList","@id":"https:\/\/uolhost.uol.com.br\/blog\/como-organizar-os-produtos-da-sua-loja-virtual\/#breadcrumb","itemListElement":[{"@type":"ListItem","position":1,"name":"In\u00edcio","item":"https:\/\/uolhost.uol.com.br\/blog\/"},{"@type":"ListItem","position":2,"name":"Como organizar os produtos da sua loja virtual"}]},{"@type":"WebSite","@id":"https:\/\/uolhost.uol.com.br\/blog\/#website","url":"https:\/\/uolhost.uol.com.br\/blog\/","name":"Blog UOL Host","description":"","publisher":{"@id":"https:\/\/uolhost.uol.com.br\/blog\/#organization"},"potentialAction":[{"@type":"SearchAction","target":{"@type":"EntryPoint","urlTemplate":"https:\/\/uolhost.uol.com.br\/blog\/?s={search_term_string}"},"query-input":{"@type":"PropertyValueSpecification","valueRequired":true,"valueName":"search_term_string"}}],"inLanguage":"pt-BR"},{"@type":"Organization","@id":"https:\/\/uolhost.uol.com.br\/blog\/#organization","name":"Blog UOL Host","url":"https:\/\/uolhost.uol.com.br\/blog\/","logo":{"@type":"ImageObject","inLanguage":"pt-BR","@id":"https:\/\/uolhost.uol.com.br\/blog\/#\/schema\/logo\/image\/","url":"https:\/\/uolhost.uol.com.br\/blog\/wp-content\/uploads\/2025\/01\/UOL_Host.png?wsr","contentUrl":"https:\/\/uolhost.uol.com.br\/blog\/wp-content\/uploads\/2025\/01\/UOL_Host.png?wsr","width":2000,"height":393,"caption":"Blog UOL Host"},"image":{"@id":"https:\/\/uolhost.uol.com.br\/blog\/#\/schema\/logo\/image\/"}},{"@type":"Person","@id":"https:\/\/uolhost.uol.com.br\/blog\/#\/schema\/person\/41505c2cd07dc07109e30bea51edee93","name":"Yuri Torres","image":{"@type":"ImageObject","inLanguage":"pt-BR","@id":"https:\/\/uolhost.uol.com.br\/blog\/#\/schema\/person\/image\/","url":"https:\/\/secure.gravatar.com\/avatar\/4c96a05faea9fdf86f95d5b723e438c9cc14ad5c342d76486e5a4c8ac8259492?s=96&d=mm&r=g","contentUrl":"https:\/\/secure.gravatar.com\/avatar\/4c96a05faea9fdf86f95d5b723e438c9cc14ad5c342d76486e5a4c8ac8259492?s=96&d=mm&r=g","caption":"Yuri Torres"},"description":"Profissional de Reda\u00e7\u00e3o e Marketing, com 10 anos de experi\u00eancia no desenvolvimento de estrat\u00e9gias de conte\u00fado voltadas \u00e0 comunica\u00e7\u00e3o de marcas. Atua na cria\u00e7\u00e3o de materiais que fortalecem a presen\u00e7a digital, ampliam o engajamento e contribuem para o alcance de resultados alinhados aos objetivos de neg\u00f3cio, com experi\u00eancia no atendimento a empresas de diferentes segmentos. LinkedIn","sameAs":["https:\/\/www.linkedin.com\/in\/yuri-torres-271093108\/"],"url":"https:\/\/uolhost.uol.com.br\/blog\/author\/yuri-torres\/"}]}},"_links":{"self":[{"href":"https:\/\/uolhost.uol.com.br\/blog\/wp-json\/wp\/v2\/posts\/5530","targetHints":{"allow":["GET"]}}],"collection":[{"href":"https:\/\/uolhost.uol.com.br\/blog\/wp-json\/wp\/v2\/posts"}],"about":[{"href":"https:\/\/uolhost.uol.com.br\/blog\/wp-json\/wp\/v2\/types\/post"}],"author":[{"embeddable":true,"href":"https:\/\/uolhost.uol.com.br\/blog\/wp-json\/wp\/v2\/users\/24"}],"replies":[{"embeddable":true,"href":"https:\/\/uolhost.uol.com.br\/blog\/wp-json\/wp\/v2\/comments?post=5530"}],"version-history":[{"count":1,"href":"https:\/\/uolhost.uol.com.br\/blog\/wp-json\/wp\/v2\/posts\/5530\/revisions"}],"predecessor-version":[{"id":19882,"href":"https:\/\/uolhost.uol.com.br\/blog\/wp-json\/wp\/v2\/posts\/5530\/revisions\/19882"}],"wp:featuredmedia":[{"embeddable":true,"href":"https:\/\/uolhost.uol.com.br\/blog\/wp-json\/wp\/v2\/media\/5531"}],"wp:attachment":[{"href":"https:\/\/uolhost.uol.com.br\/blog\/wp-json\/wp\/v2\/media?parent=5530"}],"wp:term":[{"taxonomy":"category","embeddable":true,"href":"https:\/\/uolhost.uol.com.br\/blog\/wp-json\/wp\/v2\/categories?post=5530"},{"taxonomy":"post_tag","embeddable":true,"href":"https:\/\/uolhost.uol.com.br\/blog\/wp-json\/wp\/v2\/tags?post=5530"}],"curies":[{"name":"wp","href":"https:\/\/api.w.org\/{rel}","templated":true}]}}