{"id":5728,"date":"2020-05-07T15:20:33","date_gmt":"2020-05-07T18:20:33","guid":{"rendered":"https:\/\/meunegocio.uol.com.br\/blog\/?p=5728"},"modified":"2026-01-14T22:20:39","modified_gmt":"2026-01-15T01:20:39","slug":"algoritmo-do-facebook-tudo-o-que-voce-precisa-saber-sobre-esse-assunto","status":"publish","type":"post","link":"https:\/\/uolhost.uol.com.br\/blog\/algoritmo-do-facebook-tudo-o-que-voce-precisa-saber-sobre-esse-assunto\/","title":{"rendered":"Algoritmo do Facebook: tudo o que voc\u00ea precisa saber sobre esse assunto"},"content":{"rendered":"<h2 style=\"font-family: UOLText, Arial, sans-serif; font-weight: 100; line-height: 1.1; color: #444444; margin-bottom: 25px; font-size: 26px; letter-spacing: normal; text-align: start;\">Conhe\u00e7a o elemento que determina o que e como os usu\u00e1rios visualizam seus posts<\/h2>\n<p style=\"font-size: 17px; line-height: 24px; word-break: break-word; color: #666666; font-family: UOLText, Arial, sans-serif; letter-spacing: normal;\">Voc\u00ea tem algumas centenas de amigos no&nbsp;<a style=\"color: #1082be;\" href=\"https:\/\/uolhost.uol.com.br\/academia\/noticias\/marketing-digital\/2017\/01\/24\/o-que-e-um-dark-post-no-facebook-e-como-criar-um.html\" target=\"_blank\" rel=\"noopener noreferrer\">Facebook<\/a>, curte v\u00e1rias p\u00e1ginas na rede e est\u00e1 em diversos grupos, mas nunca v\u00ea o conte\u00fado que todos publicam.<\/p>\n<p style=\"font-size: 17px; line-height: 24px; word-break: break-word; color: #666666; font-family: UOLText, Arial, sans-serif; letter-spacing: normal;\">Ou, ent\u00e3o, voc\u00ea tem uma p\u00e1gina para sua marca com alguns milhares de seguidores, mas percebe que apenas uma pequena porcentagem dos seus f\u00e3s chega a curtir ou mesmo visualizar aquilo que voc\u00ea est\u00e1 postando.<\/p>\n<p style=\"font-size: 17px; line-height: 24px; word-break: break-word; color: #666666; font-family: UOLText, Arial, sans-serif; letter-spacing: normal;\">J\u00e1 se perguntou por que esse tipo de situa\u00e7\u00e3o acontece na rede social mais popular do mundo?<\/p>\n<p style=\"font-size: 17px; line-height: 24px; word-break: break-word; color: #666666; font-family: UOLText, Arial, sans-serif; letter-spacing: normal;\">A escolha do que vemos ou n\u00e3o em nosso feed n\u00e3o \u00e9 aleat\u00f3ria, mas regida por um algoritmo, e \u00e9 ele que vamos conhecer a seguir.<\/p>\n<p style=\"font-size: 17px; line-height: 24px; word-break: break-word; color: #666666; font-family: UOLText, Arial, sans-serif; letter-spacing: normal;\">&gt;&gt; Aproveite para conferir esse&nbsp;<a style=\"color: #1082be;\" href=\"https:\/\/uolhost.uol.com.br\/academia\/noticias\/marketing-digital\/2017\/09\/26\/material-gratuito-ensina-a-fazer-anuncios-eficazes-no-facebook.html\" target=\"_blank\" rel=\"noopener noreferrer\">Passo a passo para fazer an\u00fancios eficientes no Facebook<\/a><\/p>\n<p style=\"font-size: 17px; line-height: 24px; word-break: break-word; color: #666666; font-family: UOLText, Arial, sans-serif; letter-spacing: normal;\">O que \u00e9 um algoritmo e o que ele faz<\/p>\n<p style=\"font-size: 17px; line-height: 24px; word-break: break-word; color: #666666; font-family: UOLText, Arial, sans-serif; letter-spacing: normal;\">O algoritmo \u00e9 uma esp\u00e9cie de regra criada para atender algumas situa\u00e7\u00f5es. Por exemplo, vamos imaginar que voc\u00ea \u00e9 dono de uma lanchonete e est\u00e1 criando uma plataforma de pedidos online para impulsionar as vendas.<\/p>\n<p style=\"font-size: 17px; line-height: 24px; word-break: break-word; color: #666666; font-family: UOLText, Arial, sans-serif; letter-spacing: normal;\">O seu desenvolvedor pode sugerir um algoritmo que seja capaz de sugerir produtos complementares para o pedido principal. Pensando nisso, ele cria uma regra que especifica que sempre que um cliente pedir um hamb\u00farguer, ele vai visualizar um pop up com 20% de desconto para comprar batatas fritas para acompanhar o lanche.<\/p>\n<p style=\"font-size: 17px; line-height: 24px; word-break: break-word; color: #666666; font-family: UOLText, Arial, sans-serif; letter-spacing: normal;\">Outra regra pode interpretar os pedidos que o consumidor faz com mais frequ\u00eancia e mostrar, no topo da lista, aquilo que mais tem a ver com o seu gosto pessoal. Assim, se voc\u00ea tem um cliente que sempre pede hamb\u00farguer vegetariano, pode criar uma regra para que tudo o que n\u00e3o contenha carne seja mostrado primeiro para ele.<\/p>\n<p style=\"font-size: 17px; line-height: 24px; word-break: break-word; color: #666666; font-family: UOLText, Arial, sans-serif; letter-spacing: normal;\">No caso do Facebook, um dos algoritmos \u00e9 voltado para interpretar o comportamento do usu\u00e1rio e determinar aquilo que ele vai ver primeiro em seu feed de not\u00edcias. E \u00e9 sobre isso que vamos falar a seguir.<\/p>\n<p style=\"font-size: 17px; line-height: 24px; word-break: break-word; color: #666666; font-family: UOLText, Arial, sans-serif; letter-spacing: normal;\">O algoritmo do Facebook que controla o que voc\u00ea v\u00ea e quem v\u00ea voc\u00ea<\/p>\n<p style=\"font-size: 17px; line-height: 24px; word-break: break-word; color: #666666; font-family: UOLText, Arial, sans-serif; letter-spacing: normal;\">N\u00e3o conhecemos 100% sobre como o algoritmo do Facebook funciona, mas existem alguns pontos que sabemos que s\u00e3o reais. Para come\u00e7ar, o algoritmo do Facebook se baseia nas prefer\u00eancias do usu\u00e1rio.<\/p>\n<p style=\"font-size: 17px; line-height: 24px; word-break: break-word; color: #666666; font-family: UOLText, Arial, sans-serif; letter-spacing: normal;\">Isso significa que a tecnologia percebe o que e quem voc\u00ea realmente gosta e d\u00e1 prefer\u00eancia para exibir conte\u00fado dessas pessoas ou p\u00e1ginas.<\/p>\n<p style=\"font-size: 17px; line-height: 24px; word-break: break-word; color: #666666; font-family: UOLText, Arial, sans-serif; letter-spacing: normal;\">Por exemplo, vamos imaginar que, no mesmo dia, voc\u00ea curtiu a p\u00e1gina A e a p\u00e1gina B. Nas pr\u00f3ximas horas, voc\u00ea receber\u00e1 as \u00faltimas publica\u00e7\u00f5es dessas p\u00e1ginas e o algoritmo vai analisar a sua atitude em rela\u00e7\u00e3o a esse conte\u00fado.<\/p>\n<p style=\"font-size: 17px; line-height: 24px; word-break: break-word; color: #666666; font-family: UOLText, Arial, sans-serif; letter-spacing: normal;\">Se voc\u00ea passar a curtir mais posts da p\u00e1gina A do que da p\u00e1gina B, com o passar do tempo ver\u00e1, cada vez mais, publica\u00e7\u00f5es da primeira p\u00e1gina e menos da segunda, porque o algoritmo entende que voc\u00ea tem mais afinidade com os posts da A.<\/p>\n<p style=\"margin-bottom: 20px; font-size: 17px; line-height: 24px; word-break: break-word; color: #666666; font-family: UOLText, Arial, sans-serif; letter-spacing: normal;\">O mesmo acontece com os amigos que voc\u00ea adiciona. Se voc\u00ea quase n\u00e3o se interessa por aquilo que uma pessoa publica, a tend\u00eancia \u00e9 que veja cada vez menos posts dela.<\/p>\n<p>\t\t\t\t\t\t\t\t\t\t\t<a href=\"http:\/\/clicklogger.rm.uol.com.br\/?prd=939&amp;grp=src:13;chn:546;cpg:cross-sell-banner-site-pronto;&amp;msr=Cliques%20de%20Origem:1&amp;oper=11&amp;redir=https:\/\/cadastro.uol.com.br\/indexb.html?eos=yes&amp;skin=cadastrounificado\/visitor\/pf&amp;skinPath=meunegocio&amp;promochild=PRFACEADS549E90\"><br \/>\n<img loading=\"lazy\" decoding=\"async\" width=\"600\" height=\"150\" src=\"https:\/\/uolhost.uol.com.br\/blog\/wp-content\/uploads\/2020\/04\/banner_uolmn_facebookads_academia.gif\" alt=\"\">\t\t\t\t\t\t\t\t<\/a><\/p>\n<p style=\"font-size: 17px; line-height: 24px; word-break: break-word; color: #666666; font-family: UOLText, Arial, sans-serif; letter-spacing: normal;\">O impacto dos algoritmos para quem tem p\u00e1ginas<\/p>\n<p style=\"font-size: 17px; line-height: 24px; word-break: break-word; color: #666666; font-family: UOLText, Arial, sans-serif; letter-spacing: normal;\">Como o algoritmo do Facebook \u00e9 baseado em intera\u00e7\u00e3o, por um lado ele for\u00e7a as p\u00e1ginas a criarem conte\u00fado cada vez melhor e mais interativo para que os f\u00e3s interajam e continuem visualizando o que sua marca publica.<\/p>\n<p style=\"font-size: 17px; line-height: 24px; word-break: break-word; color: #666666; font-family: UOLText, Arial, sans-serif; letter-spacing: normal;\">Isso \u00e9 algo muito bacana, afinal, quem quer estar em contato e engajar o consumidor precisa, mesmo, estar sempre preocupado com o tipo de material que interessa ao p\u00fablico e trabalhar para criar conte\u00fado cada vez melhor.<\/p>\n<p style=\"font-size: 17px; line-height: 24px; word-break: break-word; color: #666666; font-family: UOLText, Arial, sans-serif; letter-spacing: normal;\">Mas, por outro lado, quem tem uma p\u00e1gina pequena e est\u00e1 come\u00e7ando um trabalho de marketing digital na rede de Mark Zuckerberg ainda n\u00e3o tem um&nbsp;<a style=\"color: #1082be;\" href=\"https:\/\/uolhost.uol.com.br\/academia\/noticias\/gestao-de-empresas\/2016\/08\/03\/4-dicas-para-fazer-uma-segmentacao-correta-de-seu-publico.html\" target=\"_blank\" rel=\"noopener noreferrer\">p\u00fablico<\/a>&nbsp;fiel. Isso pode acabar \u201cobrigando\u201d a pessoa a investir em an\u00fancios e publica\u00e7\u00f5es patrocinadas para fazer com que mais gente veja o que est\u00e1 postando.<\/p>\n<p style=\"font-size: 17px; line-height: 24px; word-break: break-word; color: #666666; font-family: UOLText, Arial, sans-serif; letter-spacing: normal;\">&gt;&gt; Pensando em fazer uma campanha no Facebook? Use essa&nbsp;<a style=\"color: #1082be;\" href=\"https:\/\/uolhost.uol.com.br\/academia\/downloads\/planilhas\/planilha-para-calculos-de-metricas-de-campanhas-digitais.html\" target=\"_blank\" rel=\"noopener noreferrer\">Planilha para c\u00e1lculo de m\u00e9tricas de campanhas digitais<\/a>&nbsp;para acompanhar os resultados<\/p>\n<p style=\"font-size: 17px; line-height: 24px; word-break: break-word; color: #666666; font-family: UOLText, Arial, sans-serif; letter-spacing: normal;\">As \u00faltimas mudan\u00e7as no algoritmo do Facebook<\/p>\n<p style=\"font-size: 17px; line-height: 24px; word-break: break-word; color: #666666; font-family: UOLText, Arial, sans-serif; letter-spacing: normal;\">Vira e mexe a&nbsp;<a style=\"color: #1082be;\" href=\"https:\/\/uolhost.uol.com.br\/academia\/noticias\/2014\/06\/24\/como-as-midias-sociais-influenciam-as-decisoes-de-compra-do-seu-cliente.html\" target=\"_blank\" rel=\"noopener noreferrer\">rede social<\/a>&nbsp;muda as configura\u00e7\u00f5es dos seus algoritmos. O Facebook sempre afirma que a inten\u00e7\u00e3o \u00e9 melhorar, cada vez mais, a experi\u00eancia do usu\u00e1rio e entregar mais conte\u00fado relevante a ele, o que pode ser verdade e \u00e9 \u00f3timo para quem usa a rede social.<\/p>\n<p style=\"font-size: 17px; line-height: 24px; word-break: break-word; color: #666666; font-family: UOLText, Arial, sans-serif; letter-spacing: normal;\">Mas muitas das mudan\u00e7as prejudicam as p\u00e1ginas e, novamente, as obrigam a investir cada vez mais em publicidade para continuar aparecendo para seus seguidores.<\/p>\n<p style=\"font-size: 17px; line-height: 24px; word-break: break-word; color: #666666; font-family: UOLText, Arial, sans-serif; letter-spacing: normal;\">Uma das \u00faltimas mudan\u00e7as significativas noticiadas pela rede aconteceu em junho deste ano. No blog oficial do Facebook, o VP de Gerenciamento de Produto, Adam Mosseri, explicou que um dos novos valores do feed de not\u00edcias da rede seria manter o conte\u00fado de amigos e fam\u00edlia (ou seja, perfis pessoais) primeiro. Em segundo e terceiro lugares, o material mostrado deveria servir para informar ou entreter o p\u00fablico.<\/p>\n<p style=\"font-size: 17px; line-height: 24px; word-break: break-word; color: #666666; font-family: UOLText, Arial, sans-serif; letter-spacing: normal;\">Como resultado dessa mudan\u00e7a, muitas fanpages (que n\u00e3o s\u00e3o perfis pessoais) tiveram quedas bruscas em seus&nbsp;<a style=\"color: #1082be;\" href=\"https:\/\/uolhost.uol.com.br\/academia\/noticias\/2014\/06\/30\/6-truques-para-driblar-a-diminuicao-do-alcance-organico-no-facebook.html\" target=\"_blank\" rel=\"noopener noreferrer\">alcances<\/a>&nbsp;e n\u00fameros de engajamento.<\/p>\n<p style=\"margin-bottom: 20px; font-size: 17px; line-height: 24px; word-break: break-word; color: #666666; font-family: UOLText, Arial, sans-serif; letter-spacing: normal;\">\u00c9 fato que o Facebook, que recentemente atingiu a marca de 2 bilh\u00f5es de usu\u00e1rios, continua sendo uma rede bastante importante para manter contato com potenciais clientes e divulgar sua marca, mas, estando sujeito \u00e0s mudan\u00e7as da rede, \u00e9 importante que o empreendedor esteja atento aos seus resultados e baseie a sua opera\u00e7\u00e3o em outras plataformas, como um site pr\u00f3prio ou loja virtual.&nbsp;<\/p>\n","protected":false},"excerpt":{"rendered":"<p>Conhe\u00e7a o elemento que determina o que e como os usu\u00e1rios visualizam seus posts Voc\u00ea tem algumas centenas de amigos no&nbsp;Facebook, curte v\u00e1rias p\u00e1ginas na rede e est\u00e1 em diversos grupos, mas nunca v\u00ea o conte\u00fado que todos publicam. Ou, ent\u00e3o, voc\u00ea tem uma p\u00e1gina para sua marca com alguns milhares de seguidores, mas percebe [&hellip;]<\/p>\n","protected":false},"author":24,"featured_media":5729,"comment_status":"closed","ping_status":"closed","sticky":false,"template":"","format":"standard","meta":{"footnotes":""},"categories":[60,63,67,72,22,35,37],"tags":[461,609,696,742,958,1160],"class_list":["post-5728","post","type-post","status-publish","format-standard","has-post-thumbnail","hentry","category-crm","category-divulgacao","category-e-mail-marketing","category-google-facebook-ads","category-marketing-digital","category-redes-sociais","category-seo","tag-facebook-ads","tag-instagram-ads","tag-marketing-digital","tag-midias-pagas","tag-otimizacao","tag-redes-sociais"],"gutentor_comment":0,"yoast_head":"<!-- This site is optimized with the Yoast SEO plugin v26.4 - https:\/\/yoast.com\/wordpress\/plugins\/seo\/ -->\n<title>Algoritmo do Facebook: tudo o que voc\u00ea precisa saber sobre esse assunto -<\/title>\n<meta name=\"robots\" content=\"index, follow, max-snippet:-1, max-image-preview:large, max-video-preview:-1\" \/>\n<link rel=\"canonical\" href=\"https:\/\/uolhost.uol.com.br\/blog\/algoritmo-do-facebook-tudo-o-que-voce-precisa-saber-sobre-esse-assunto\/\" \/>\n<meta property=\"og:locale\" content=\"pt_BR\" \/>\n<meta property=\"og:type\" content=\"article\" \/>\n<meta property=\"og:title\" content=\"Algoritmo do Facebook: tudo o que voc\u00ea precisa saber sobre esse assunto -\" \/>\n<meta property=\"og:description\" content=\"Conhe\u00e7a o elemento que determina o que e como os usu\u00e1rios visualizam seus posts Voc\u00ea tem algumas centenas de amigos no&nbsp;Facebook, curte v\u00e1rias p\u00e1ginas na rede e est\u00e1 em diversos grupos, mas nunca v\u00ea o conte\u00fado que todos publicam. Ou, ent\u00e3o, voc\u00ea tem uma p\u00e1gina para sua marca com alguns milhares de seguidores, mas percebe [&hellip;]\" \/>\n<meta property=\"og:url\" content=\"https:\/\/uolhost.uol.com.br\/blog\/algoritmo-do-facebook-tudo-o-que-voce-precisa-saber-sobre-esse-assunto\/\" \/>\n<meta property=\"article:published_time\" content=\"2020-05-07T18:20:33+00:00\" \/>\n<meta property=\"article:modified_time\" content=\"2026-01-15T01:20:39+00:00\" \/>\n<meta property=\"og:image\" content=\"https:\/\/uolhost.uol.com.br\/blog\/wp-content\/uploads\/2020\/05\/algoritmo-do-facebook-tudo-o-que-voce-precisa-saber-sobre-esse-assunto-1511270648167_600x320.png\" \/>\n\t<meta property=\"og:image:width\" content=\"600\" \/>\n\t<meta property=\"og:image:height\" content=\"320\" \/>\n\t<meta property=\"og:image:type\" content=\"image\/png\" \/>\n<meta name=\"author\" content=\"Yuri Torres\" \/>\n<meta name=\"twitter:card\" content=\"summary_large_image\" \/>\n<meta name=\"twitter:label1\" content=\"Escrito por\" \/>\n\t<meta name=\"twitter:data1\" content=\"Yuri Torres\" \/>\n\t<meta name=\"twitter:label2\" content=\"Est. tempo de leitura\" \/>\n\t<meta name=\"twitter:data2\" content=\"5 minutos\" \/>\n<script type=\"application\/ld+json\" class=\"yoast-schema-graph\">{\"@context\":\"https:\/\/schema.org\",\"@graph\":[{\"@type\":\"Article\",\"@id\":\"https:\/\/uolhost.uol.com.br\/blog\/algoritmo-do-facebook-tudo-o-que-voce-precisa-saber-sobre-esse-assunto\/#article\",\"isPartOf\":{\"@id\":\"https:\/\/uolhost.uol.com.br\/blog\/algoritmo-do-facebook-tudo-o-que-voce-precisa-saber-sobre-esse-assunto\/\"},\"author\":{\"name\":\"Yuri Torres\",\"@id\":\"https:\/\/uolhost.uol.com.br\/blog\/#\/schema\/person\/41505c2cd07dc07109e30bea51edee93\"},\"headline\":\"Algoritmo do Facebook: tudo o que voc\u00ea precisa saber sobre esse assunto\",\"datePublished\":\"2020-05-07T18:20:33+00:00\",\"dateModified\":\"2026-01-15T01:20:39+00:00\",\"mainEntityOfPage\":{\"@id\":\"https:\/\/uolhost.uol.com.br\/blog\/algoritmo-do-facebook-tudo-o-que-voce-precisa-saber-sobre-esse-assunto\/\"},\"wordCount\":985,\"publisher\":{\"@id\":\"https:\/\/uolhost.uol.com.br\/blog\/#organization\"},\"image\":{\"@id\":\"https:\/\/uolhost.uol.com.br\/blog\/algoritmo-do-facebook-tudo-o-que-voce-precisa-saber-sobre-esse-assunto\/#primaryimage\"},\"thumbnailUrl\":\"https:\/\/uolhost.uol.com.br\/blog\/wp-content\/uploads\/2020\/05\/algoritmo-do-facebook-tudo-o-que-voce-precisa-saber-sobre-esse-assunto-1511270648167_600x320.png?wsr\",\"keywords\":[\"Facebook Ads\",\"Instagram Ads\",\"Marketing digital\",\"M\u00eddias pagas\",\"Otimiza\u00e7\u00e3o\",\"Redes sociais\"],\"articleSection\":[\"CRM\",\"Divulga\u00e7\u00e3o\",\"E-mail Marketing\",\"Google e Facebook Ads\",\"Marketing Digital\",\"Redes Sociais\",\"SEO\"],\"inLanguage\":\"pt-BR\"},{\"@type\":\"WebPage\",\"@id\":\"https:\/\/uolhost.uol.com.br\/blog\/algoritmo-do-facebook-tudo-o-que-voce-precisa-saber-sobre-esse-assunto\/\",\"url\":\"https:\/\/uolhost.uol.com.br\/blog\/algoritmo-do-facebook-tudo-o-que-voce-precisa-saber-sobre-esse-assunto\/\",\"name\":\"Algoritmo do Facebook: tudo o que voc\u00ea precisa saber sobre esse assunto -\",\"isPartOf\":{\"@id\":\"https:\/\/uolhost.uol.com.br\/blog\/#website\"},\"primaryImageOfPage\":{\"@id\":\"https:\/\/uolhost.uol.com.br\/blog\/algoritmo-do-facebook-tudo-o-que-voce-precisa-saber-sobre-esse-assunto\/#primaryimage\"},\"image\":{\"@id\":\"https:\/\/uolhost.uol.com.br\/blog\/algoritmo-do-facebook-tudo-o-que-voce-precisa-saber-sobre-esse-assunto\/#primaryimage\"},\"thumbnailUrl\":\"https:\/\/uolhost.uol.com.br\/blog\/wp-content\/uploads\/2020\/05\/algoritmo-do-facebook-tudo-o-que-voce-precisa-saber-sobre-esse-assunto-1511270648167_600x320.png?wsr\",\"datePublished\":\"2020-05-07T18:20:33+00:00\",\"dateModified\":\"2026-01-15T01:20:39+00:00\",\"breadcrumb\":{\"@id\":\"https:\/\/uolhost.uol.com.br\/blog\/algoritmo-do-facebook-tudo-o-que-voce-precisa-saber-sobre-esse-assunto\/#breadcrumb\"},\"inLanguage\":\"pt-BR\",\"potentialAction\":[{\"@type\":\"ReadAction\",\"target\":[\"https:\/\/uolhost.uol.com.br\/blog\/algoritmo-do-facebook-tudo-o-que-voce-precisa-saber-sobre-esse-assunto\/\"]}]},{\"@type\":\"ImageObject\",\"inLanguage\":\"pt-BR\",\"@id\":\"https:\/\/uolhost.uol.com.br\/blog\/algoritmo-do-facebook-tudo-o-que-voce-precisa-saber-sobre-esse-assunto\/#primaryimage\",\"url\":\"https:\/\/uolhost.uol.com.br\/blog\/wp-content\/uploads\/2020\/05\/algoritmo-do-facebook-tudo-o-que-voce-precisa-saber-sobre-esse-assunto-1511270648167_600x320.png?wsr\",\"contentUrl\":\"https:\/\/uolhost.uol.com.br\/blog\/wp-content\/uploads\/2020\/05\/algoritmo-do-facebook-tudo-o-que-voce-precisa-saber-sobre-esse-assunto-1511270648167_600x320.png?wsr\",\"width\":600,\"height\":320},{\"@type\":\"BreadcrumbList\",\"@id\":\"https:\/\/uolhost.uol.com.br\/blog\/algoritmo-do-facebook-tudo-o-que-voce-precisa-saber-sobre-esse-assunto\/#breadcrumb\",\"itemListElement\":[{\"@type\":\"ListItem\",\"position\":1,\"name\":\"In\u00edcio\",\"item\":\"https:\/\/uolhost.uol.com.br\/blog\/\"},{\"@type\":\"ListItem\",\"position\":2,\"name\":\"Algoritmo do Facebook: tudo o que voc\u00ea precisa saber sobre esse assunto\"}]},{\"@type\":\"WebSite\",\"@id\":\"https:\/\/uolhost.uol.com.br\/blog\/#website\",\"url\":\"https:\/\/uolhost.uol.com.br\/blog\/\",\"name\":\"Blog UOL Host\",\"description\":\"\",\"publisher\":{\"@id\":\"https:\/\/uolhost.uol.com.br\/blog\/#organization\"},\"potentialAction\":[{\"@type\":\"SearchAction\",\"target\":{\"@type\":\"EntryPoint\",\"urlTemplate\":\"https:\/\/uolhost.uol.com.br\/blog\/?s={search_term_string}\"},\"query-input\":{\"@type\":\"PropertyValueSpecification\",\"valueRequired\":true,\"valueName\":\"search_term_string\"}}],\"inLanguage\":\"pt-BR\"},{\"@type\":\"Organization\",\"@id\":\"https:\/\/uolhost.uol.com.br\/blog\/#organization\",\"name\":\"Blog UOL Host\",\"url\":\"https:\/\/uolhost.uol.com.br\/blog\/\",\"logo\":{\"@type\":\"ImageObject\",\"inLanguage\":\"pt-BR\",\"@id\":\"https:\/\/uolhost.uol.com.br\/blog\/#\/schema\/logo\/image\/\",\"url\":\"https:\/\/uolhost.uol.com.br\/blog\/wp-content\/uploads\/2025\/01\/UOL_Host.png?wsr\",\"contentUrl\":\"https:\/\/uolhost.uol.com.br\/blog\/wp-content\/uploads\/2025\/01\/UOL_Host.png?wsr\",\"width\":2000,\"height\":393,\"caption\":\"Blog UOL Host\"},\"image\":{\"@id\":\"https:\/\/uolhost.uol.com.br\/blog\/#\/schema\/logo\/image\/\"}},{\"@type\":\"Person\",\"@id\":\"https:\/\/uolhost.uol.com.br\/blog\/#\/schema\/person\/41505c2cd07dc07109e30bea51edee93\",\"name\":\"Yuri Torres\",\"image\":{\"@type\":\"ImageObject\",\"inLanguage\":\"pt-BR\",\"@id\":\"https:\/\/uolhost.uol.com.br\/blog\/#\/schema\/person\/image\/\",\"url\":\"https:\/\/secure.gravatar.com\/avatar\/4c96a05faea9fdf86f95d5b723e438c9cc14ad5c342d76486e5a4c8ac8259492?s=96&d=mm&r=g\",\"contentUrl\":\"https:\/\/secure.gravatar.com\/avatar\/4c96a05faea9fdf86f95d5b723e438c9cc14ad5c342d76486e5a4c8ac8259492?s=96&d=mm&r=g\",\"caption\":\"Yuri Torres\"},\"description\":\"Profissional de Reda\u00e7\u00e3o e Marketing, com 10 anos de experi\u00eancia no desenvolvimento de estrat\u00e9gias de conte\u00fado voltadas \u00e0 comunica\u00e7\u00e3o de marcas. Atua na cria\u00e7\u00e3o de materiais que fortalecem a presen\u00e7a digital, ampliam o engajamento e contribuem para o alcance de resultados alinhados aos objetivos de neg\u00f3cio, com experi\u00eancia no atendimento a empresas de diferentes segmentos. LinkedIn\",\"sameAs\":[\"https:\/\/www.linkedin.com\/in\/yuri-torres-271093108\/\"],\"url\":\"https:\/\/uolhost.uol.com.br\/blog\/author\/yuri-torres\/\"}]}<\/script>\n<!-- \/ Yoast SEO plugin. -->","yoast_head_json":{"title":"Algoritmo do Facebook: tudo o que voc\u00ea precisa saber sobre esse assunto -","robots":{"index":"index","follow":"follow","max-snippet":"max-snippet:-1","max-image-preview":"max-image-preview:large","max-video-preview":"max-video-preview:-1"},"canonical":"https:\/\/uolhost.uol.com.br\/blog\/algoritmo-do-facebook-tudo-o-que-voce-precisa-saber-sobre-esse-assunto\/","og_locale":"pt_BR","og_type":"article","og_title":"Algoritmo do Facebook: tudo o que voc\u00ea precisa saber sobre esse assunto -","og_description":"Conhe\u00e7a o elemento que determina o que e como os usu\u00e1rios visualizam seus posts Voc\u00ea tem algumas centenas de amigos no&nbsp;Facebook, curte v\u00e1rias p\u00e1ginas na rede e est\u00e1 em diversos grupos, mas nunca v\u00ea o conte\u00fado que todos publicam. Ou, ent\u00e3o, voc\u00ea tem uma p\u00e1gina para sua marca com alguns milhares de seguidores, mas percebe [&hellip;]","og_url":"https:\/\/uolhost.uol.com.br\/blog\/algoritmo-do-facebook-tudo-o-que-voce-precisa-saber-sobre-esse-assunto\/","article_published_time":"2020-05-07T18:20:33+00:00","article_modified_time":"2026-01-15T01:20:39+00:00","og_image":[{"width":600,"height":320,"url":"https:\/\/uolhost.uol.com.br\/blog\/wp-content\/uploads\/2020\/05\/algoritmo-do-facebook-tudo-o-que-voce-precisa-saber-sobre-esse-assunto-1511270648167_600x320.png","type":"image\/png"}],"author":"Yuri Torres","twitter_card":"summary_large_image","twitter_misc":{"Escrito por":"Yuri Torres","Est. tempo de leitura":"5 minutos"},"schema":{"@context":"https:\/\/schema.org","@graph":[{"@type":"Article","@id":"https:\/\/uolhost.uol.com.br\/blog\/algoritmo-do-facebook-tudo-o-que-voce-precisa-saber-sobre-esse-assunto\/#article","isPartOf":{"@id":"https:\/\/uolhost.uol.com.br\/blog\/algoritmo-do-facebook-tudo-o-que-voce-precisa-saber-sobre-esse-assunto\/"},"author":{"name":"Yuri Torres","@id":"https:\/\/uolhost.uol.com.br\/blog\/#\/schema\/person\/41505c2cd07dc07109e30bea51edee93"},"headline":"Algoritmo do Facebook: tudo o que voc\u00ea precisa saber sobre esse assunto","datePublished":"2020-05-07T18:20:33+00:00","dateModified":"2026-01-15T01:20:39+00:00","mainEntityOfPage":{"@id":"https:\/\/uolhost.uol.com.br\/blog\/algoritmo-do-facebook-tudo-o-que-voce-precisa-saber-sobre-esse-assunto\/"},"wordCount":985,"publisher":{"@id":"https:\/\/uolhost.uol.com.br\/blog\/#organization"},"image":{"@id":"https:\/\/uolhost.uol.com.br\/blog\/algoritmo-do-facebook-tudo-o-que-voce-precisa-saber-sobre-esse-assunto\/#primaryimage"},"thumbnailUrl":"https:\/\/uolhost.uol.com.br\/blog\/wp-content\/uploads\/2020\/05\/algoritmo-do-facebook-tudo-o-que-voce-precisa-saber-sobre-esse-assunto-1511270648167_600x320.png?wsr","keywords":["Facebook Ads","Instagram Ads","Marketing digital","M\u00eddias pagas","Otimiza\u00e7\u00e3o","Redes sociais"],"articleSection":["CRM","Divulga\u00e7\u00e3o","E-mail Marketing","Google e Facebook Ads","Marketing Digital","Redes Sociais","SEO"],"inLanguage":"pt-BR"},{"@type":"WebPage","@id":"https:\/\/uolhost.uol.com.br\/blog\/algoritmo-do-facebook-tudo-o-que-voce-precisa-saber-sobre-esse-assunto\/","url":"https:\/\/uolhost.uol.com.br\/blog\/algoritmo-do-facebook-tudo-o-que-voce-precisa-saber-sobre-esse-assunto\/","name":"Algoritmo do Facebook: tudo o que voc\u00ea precisa saber sobre esse assunto -","isPartOf":{"@id":"https:\/\/uolhost.uol.com.br\/blog\/#website"},"primaryImageOfPage":{"@id":"https:\/\/uolhost.uol.com.br\/blog\/algoritmo-do-facebook-tudo-o-que-voce-precisa-saber-sobre-esse-assunto\/#primaryimage"},"image":{"@id":"https:\/\/uolhost.uol.com.br\/blog\/algoritmo-do-facebook-tudo-o-que-voce-precisa-saber-sobre-esse-assunto\/#primaryimage"},"thumbnailUrl":"https:\/\/uolhost.uol.com.br\/blog\/wp-content\/uploads\/2020\/05\/algoritmo-do-facebook-tudo-o-que-voce-precisa-saber-sobre-esse-assunto-1511270648167_600x320.png?wsr","datePublished":"2020-05-07T18:20:33+00:00","dateModified":"2026-01-15T01:20:39+00:00","breadcrumb":{"@id":"https:\/\/uolhost.uol.com.br\/blog\/algoritmo-do-facebook-tudo-o-que-voce-precisa-saber-sobre-esse-assunto\/#breadcrumb"},"inLanguage":"pt-BR","potentialAction":[{"@type":"ReadAction","target":["https:\/\/uolhost.uol.com.br\/blog\/algoritmo-do-facebook-tudo-o-que-voce-precisa-saber-sobre-esse-assunto\/"]}]},{"@type":"ImageObject","inLanguage":"pt-BR","@id":"https:\/\/uolhost.uol.com.br\/blog\/algoritmo-do-facebook-tudo-o-que-voce-precisa-saber-sobre-esse-assunto\/#primaryimage","url":"https:\/\/uolhost.uol.com.br\/blog\/wp-content\/uploads\/2020\/05\/algoritmo-do-facebook-tudo-o-que-voce-precisa-saber-sobre-esse-assunto-1511270648167_600x320.png?wsr","contentUrl":"https:\/\/uolhost.uol.com.br\/blog\/wp-content\/uploads\/2020\/05\/algoritmo-do-facebook-tudo-o-que-voce-precisa-saber-sobre-esse-assunto-1511270648167_600x320.png?wsr","width":600,"height":320},{"@type":"BreadcrumbList","@id":"https:\/\/uolhost.uol.com.br\/blog\/algoritmo-do-facebook-tudo-o-que-voce-precisa-saber-sobre-esse-assunto\/#breadcrumb","itemListElement":[{"@type":"ListItem","position":1,"name":"In\u00edcio","item":"https:\/\/uolhost.uol.com.br\/blog\/"},{"@type":"ListItem","position":2,"name":"Algoritmo do Facebook: tudo o que voc\u00ea precisa saber sobre esse assunto"}]},{"@type":"WebSite","@id":"https:\/\/uolhost.uol.com.br\/blog\/#website","url":"https:\/\/uolhost.uol.com.br\/blog\/","name":"Blog UOL Host","description":"","publisher":{"@id":"https:\/\/uolhost.uol.com.br\/blog\/#organization"},"potentialAction":[{"@type":"SearchAction","target":{"@type":"EntryPoint","urlTemplate":"https:\/\/uolhost.uol.com.br\/blog\/?s={search_term_string}"},"query-input":{"@type":"PropertyValueSpecification","valueRequired":true,"valueName":"search_term_string"}}],"inLanguage":"pt-BR"},{"@type":"Organization","@id":"https:\/\/uolhost.uol.com.br\/blog\/#organization","name":"Blog UOL Host","url":"https:\/\/uolhost.uol.com.br\/blog\/","logo":{"@type":"ImageObject","inLanguage":"pt-BR","@id":"https:\/\/uolhost.uol.com.br\/blog\/#\/schema\/logo\/image\/","url":"https:\/\/uolhost.uol.com.br\/blog\/wp-content\/uploads\/2025\/01\/UOL_Host.png?wsr","contentUrl":"https:\/\/uolhost.uol.com.br\/blog\/wp-content\/uploads\/2025\/01\/UOL_Host.png?wsr","width":2000,"height":393,"caption":"Blog UOL Host"},"image":{"@id":"https:\/\/uolhost.uol.com.br\/blog\/#\/schema\/logo\/image\/"}},{"@type":"Person","@id":"https:\/\/uolhost.uol.com.br\/blog\/#\/schema\/person\/41505c2cd07dc07109e30bea51edee93","name":"Yuri Torres","image":{"@type":"ImageObject","inLanguage":"pt-BR","@id":"https:\/\/uolhost.uol.com.br\/blog\/#\/schema\/person\/image\/","url":"https:\/\/secure.gravatar.com\/avatar\/4c96a05faea9fdf86f95d5b723e438c9cc14ad5c342d76486e5a4c8ac8259492?s=96&d=mm&r=g","contentUrl":"https:\/\/secure.gravatar.com\/avatar\/4c96a05faea9fdf86f95d5b723e438c9cc14ad5c342d76486e5a4c8ac8259492?s=96&d=mm&r=g","caption":"Yuri Torres"},"description":"Profissional de Reda\u00e7\u00e3o e Marketing, com 10 anos de experi\u00eancia no desenvolvimento de estrat\u00e9gias de conte\u00fado voltadas \u00e0 comunica\u00e7\u00e3o de marcas. Atua na cria\u00e7\u00e3o de materiais que fortalecem a presen\u00e7a digital, ampliam o engajamento e contribuem para o alcance de resultados alinhados aos objetivos de neg\u00f3cio, com experi\u00eancia no atendimento a empresas de diferentes segmentos. LinkedIn","sameAs":["https:\/\/www.linkedin.com\/in\/yuri-torres-271093108\/"],"url":"https:\/\/uolhost.uol.com.br\/blog\/author\/yuri-torres\/"}]}},"_links":{"self":[{"href":"https:\/\/uolhost.uol.com.br\/blog\/wp-json\/wp\/v2\/posts\/5728","targetHints":{"allow":["GET"]}}],"collection":[{"href":"https:\/\/uolhost.uol.com.br\/blog\/wp-json\/wp\/v2\/posts"}],"about":[{"href":"https:\/\/uolhost.uol.com.br\/blog\/wp-json\/wp\/v2\/types\/post"}],"author":[{"embeddable":true,"href":"https:\/\/uolhost.uol.com.br\/blog\/wp-json\/wp\/v2\/users\/24"}],"replies":[{"embeddable":true,"href":"https:\/\/uolhost.uol.com.br\/blog\/wp-json\/wp\/v2\/comments?post=5728"}],"version-history":[{"count":1,"href":"https:\/\/uolhost.uol.com.br\/blog\/wp-json\/wp\/v2\/posts\/5728\/revisions"}],"predecessor-version":[{"id":19540,"href":"https:\/\/uolhost.uol.com.br\/blog\/wp-json\/wp\/v2\/posts\/5728\/revisions\/19540"}],"wp:featuredmedia":[{"embeddable":true,"href":"https:\/\/uolhost.uol.com.br\/blog\/wp-json\/wp\/v2\/media\/5729"}],"wp:attachment":[{"href":"https:\/\/uolhost.uol.com.br\/blog\/wp-json\/wp\/v2\/media?parent=5728"}],"wp:term":[{"taxonomy":"category","embeddable":true,"href":"https:\/\/uolhost.uol.com.br\/blog\/wp-json\/wp\/v2\/categories?post=5728"},{"taxonomy":"post_tag","embeddable":true,"href":"https:\/\/uolhost.uol.com.br\/blog\/wp-json\/wp\/v2\/tags?post=5728"}],"curies":[{"name":"wp","href":"https:\/\/api.w.org\/{rel}","templated":true}]}}