{"id":5850,"date":"2020-05-12T13:53:35","date_gmt":"2020-05-12T16:53:35","guid":{"rendered":"https:\/\/meunegocio.uol.com.br\/blog\/?p=5850"},"modified":"2026-01-15T07:55:13","modified_gmt":"2026-01-15T10:55:13","slug":"crie-um-instagram-para-sua-loja-virtual-em-5-passos","status":"publish","type":"post","link":"https:\/\/uolhost.uol.com.br\/blog\/crie-um-instagram-para-sua-loja-virtual-em-5-passos\/","title":{"rendered":"Crie um Instagram para sua loja virtual em 5 passos"},"content":{"rendered":"<h2 style=\"font-family: UOLText, Arial, sans-serif; font-weight: 100; line-height: 1.1; color: #444444; margin-bottom: 25px; font-size: 26px; letter-spacing: normal; text-align: start;\">Bombe suas vendas com um perfil no Instagram<\/h2>\n<p style=\"font-size: 17px; line-height: 24px; word-break: break-word; color: #666666; font-family: UOLText, Arial, sans-serif; letter-spacing: normal;\">Mais de 40 mil curtidas em menos de 24 horas. \u00c9 este tipo de engajamento que a loja de roupas e acess\u00f3rios Urban Outfitters consegue compartilhando imagens criativas, belas e descoladas no seu perfil do Instagram. Nada mal, n\u00e3o \u00e9?<\/p>\n<p style=\"font-size: 17px; line-height: 24px; word-break: break-word; color: #666666; font-family: UOLText, Arial, sans-serif; letter-spacing: normal;\">Com mais de 880 mil seguidores na rede social de compartilhamento de fotos, a marca d\u00e1 a receita para o sucesso: mostrar sua personalidade e inspirar o consumidor.<\/p>\n<p style=\"font-size: 17px; line-height: 24px; word-break: break-word; color: #666666; font-family: UOLText, Arial, sans-serif; letter-spacing: normal;\">Tamb\u00e9m quer usar essa poderosa ferramenta para promover sua&nbsp;<a href=\"https:\/\/meunegocio.uol.com.br\/loja-virtual\" target=\"_blank\" rel=\"noopener noreferrer\">loja virtual<\/a>? Ent\u00e3o vamos come\u00e7ar pelo come\u00e7o. Saiba quais s\u00e3o os primeiros passos para entrar no Instagram:<\/p>\n<p style=\"font-size: 17px; line-height: 24px; word-break: break-word; color: #666666; font-family: UOLText, Arial, sans-serif; letter-spacing: normal;\">1\u00ba passo &#8211; Baixar o aplicativo<br \/>\nO Instagram n\u00e3o possui vers\u00e3o para&nbsp;<em>browser<\/em>&nbsp;\u2212 pelo menos por enquanto \u2212 para subir fotos, s\u00f3 para visualizar. Ent\u00e3o, para come\u00e7ar, baixe o aplicativo em seu smartphone. H\u00e1 vers\u00f5es para Android e iOS, ambas gratuitas.<\/p>\n<p style=\"font-size: 17px; line-height: 24px; word-break: break-word; color: #666666; font-family: UOLText, Arial, sans-serif; letter-spacing: normal;\">2\u00ba passo &#8211; Criar a conta<br \/>\nNesta etapa voc\u00ea precisa informar alguns dados, como e-mail, para criar um nome de usu\u00e1rio e senha. Voc\u00ea tamb\u00e9m pode vincular sua conta ao perfil do Facebook. Depois, crie uma senha e um nome de usu\u00e1rio. Lembre-se, na hora de criar o nome, que o perfil \u00e9 da sua loja, e n\u00e3o seu, portanto, ele tem de fazer refer\u00eancia \u00e0 marca.<\/p>\n<p style=\"font-size: 17px; line-height: 24px; word-break: break-word; color: #666666; font-family: UOLText, Arial, sans-serif; letter-spacing: normal;\">3\u00ba passo &#8211; Inserir fotos e v\u00eddeos<br \/>\nAgora voc\u00ea j\u00e1 pode come\u00e7ar a clicar e a tratar suas fotos. Pressione o \u00edcone da c\u00e2mera na tela principal do Instagram, localizado na barra inferior do aplicativo. Voc\u00ea ter\u00e1 tr\u00eas op\u00e7\u00f5es: selecionar uma foto da sua biblioteca de imagens e us\u00e1-la para a postagem; usar a c\u00e2mera para tirar a foto; ou fazer microv\u00eddeos de, no m\u00e1ximo, 15 segundos &#8211; esta funcionalidade \u00e9 nova, est\u00e1 dispon\u00edvel h\u00e1 pouqu\u00edssimo tempo.<\/p>\n<p style=\"font-size: 17px; line-height: 24px; word-break: break-word; color: #666666; font-family: UOLText, Arial, sans-serif; letter-spacing: normal;\">4\u00ba passo &#8211; Edi\u00e7\u00e3o e filtros<br \/>\nAp\u00f3s selecionar ou capturar a imagem, voc\u00ea tem a op\u00e7\u00e3o de ajustar o tamanho e cort\u00e1-la. Depois, escolha um dos filtros na barra inferior para que sua foto fique com o efeito desejado. Voc\u00ea vai perceber que, acima dos filtros, tem mais quatro \u00edcones. No primeiro voc\u00ea gira a foto, no segundo voc\u00ea pode colocar e tirar moldura. A gotinha cria efeito de foco\/desfoco. E, por fim, o \u00faltimo bot\u00e3o aumenta a luminosidade da foto.<\/p>\n<p style=\"font-size: 17px; line-height: 24px; word-break: break-word; color: #666666; font-family: UOLText, Arial, sans-serif; letter-spacing: normal;\">5\u00ba passo &#8211; Postar e compartilhar<br \/>\nAp\u00f3s as edi\u00e7\u00f5es, crie uma legenda (n\u00e3o se esque\u00e7a de colocar&nbsp;<em>hashtags<\/em>, no Instagram elas s\u00e3o bem importantes para buscas) e publique-a!<\/p>\n<p style=\"font-size: 17px; line-height: 24px; word-break: break-word; color: #666666; font-family: UOLText, Arial, sans-serif; letter-spacing: normal;\">Voc\u00ea pode ainda incluir localiza\u00e7\u00e3o da foto, clicando no \u00edcone &#8220;nomeie este local&#8221;. Para isto, voc\u00ea deve deixar a op\u00e7\u00e3o &#8220;adicionar foto ao mapa&#8221; ativada.<\/p>\n<p style=\"font-size: 17px; line-height: 24px; word-break: break-word; color: #666666; font-family: UOLText, Arial, sans-serif; letter-spacing: normal;\">Voc\u00ea vai reparar que, antes de enviar para publica\u00e7\u00e3o, \u00e9 poss\u00edvel selecionar as op\u00e7\u00f5es de compartilhamento (Facebook, Twitter, e-mail, Tumblr, Flickr e Foursquare). Caso n\u00e3o tenha atrelado sua conta do Instagram \u00e0s outras redes no passo inicial, voc\u00ea pode ir em ferramentas, selecionar configura\u00e7\u00f5es de compartilhamento e sincroniz\u00e1-las. \u00c9 bem simples.<\/p>\n<p>Marcou as op\u00e7\u00f5es de compartilhamento?<\/p>\n<p style=\"margin-bottom: 20px; font-size: 17px; line-height: 24px; word-break: break-word; color: #666666; font-family: UOLText, Arial, sans-serif; letter-spacing: normal;\">Ent\u00e3o manda ver! \u00c9 s\u00f3 publicar e correr para o abra\u00e7o!<\/p>\n<p>\t\t\t\t\t\t\t\t\t\t\t<a href=\"http:\/\/clicklogger.rm.uol.com.br\/?prd=939&amp;grp=src:13;chn:546;cpg:cross-sell-banner-site-pronto;&amp;msr=Cliques%20de%20Origem:1&amp;oper=11&amp;redir=https:\/\/cadastro.uol.com.br\/indexb.html?eos=yes&amp;skin=cadastrounificado\/visitor\/pf&amp;skinPath=meunegocio&amp;promochild=PROMPKSC3387\"><br \/>\n<img loading=\"lazy\" decoding=\"async\" width=\"600\" height=\"150\" src=\"https:\/\/uolhost.uol.com.br\/blog\/wp-content\/uploads\/2020\/04\/banner_uolmn_lojavirtuol_academia-1.gif\" alt=\"\">\t\t\t\t\t\t\t\t<\/a><\/p>\n","protected":false},"excerpt":{"rendered":"<p>Bombe suas vendas com um perfil no Instagram Mais de 40 mil curtidas em menos de 24 horas. \u00c9 este tipo de engajamento que a loja de roupas e acess\u00f3rios Urban Outfitters consegue compartilhando imagens criativas, belas e descoladas no seu perfil do Instagram. Nada mal, n\u00e3o \u00e9? Com mais de 880 mil seguidores na [&hellip;]<\/p>\n","protected":false},"author":24,"featured_media":5851,"comment_status":"closed","ping_status":"closed","sticky":false,"template":"","format":"standard","meta":{"footnotes":""},"categories":[33,85,88,38,43],"tags":[653],"class_list":["post-5850","post","type-post","status-publish","format-standard","has-post-thumbnail","hentry","category-presenca-digital","category-primeiros-passos-loja","category-produtos-uol-meu-negocio","category-solucoes","category-tudo-para-sua-loja-virtual","tag-loja"],"gutentor_comment":0,"yoast_head":"<!-- This site is optimized with the Yoast SEO plugin v26.4 - https:\/\/yoast.com\/wordpress\/plugins\/seo\/ -->\n<title>Crie um Instagram para sua loja virtual em 5 passos -<\/title>\n<meta name=\"description\" content=\"Crie um Instagram para sua loja virtual em 5 passos: leia este ou outros artigos sobre E-commerce na Academia UOL Meu Neg\u00f3cio.\" \/>\n<meta name=\"robots\" content=\"index, follow, max-snippet:-1, max-image-preview:large, max-video-preview:-1\" \/>\n<link rel=\"canonical\" href=\"https:\/\/uolhost.uol.com.br\/blog\/crie-um-instagram-para-sua-loja-virtual-em-5-passos\/\" \/>\n<meta property=\"og:locale\" content=\"pt_BR\" \/>\n<meta property=\"og:type\" content=\"article\" \/>\n<meta property=\"og:title\" content=\"Crie um Instagram para sua loja virtual em 5 passos -\" \/>\n<meta property=\"og:description\" content=\"Crie um Instagram para sua loja virtual em 5 passos: leia este ou outros artigos sobre E-commerce na Academia UOL Meu Neg\u00f3cio.\" \/>\n<meta property=\"og:url\" content=\"https:\/\/uolhost.uol.com.br\/blog\/crie-um-instagram-para-sua-loja-virtual-em-5-passos\/\" \/>\n<meta property=\"article:published_time\" content=\"2020-05-12T16:53:35+00:00\" \/>\n<meta property=\"article:modified_time\" content=\"2026-01-15T10:55:13+00:00\" \/>\n<meta property=\"og:image\" content=\"https:\/\/uolhost.uol.com.br\/blog\/wp-content\/uploads\/2020\/05\/crie-um-instagram-para-sua-loja-virtual-em-5-passos-1393521928974_600x320.jpg\" \/>\n\t<meta property=\"og:image:width\" content=\"600\" \/>\n\t<meta property=\"og:image:height\" content=\"320\" \/>\n\t<meta property=\"og:image:type\" content=\"image\/jpeg\" \/>\n<meta name=\"author\" content=\"Yuri Torres\" \/>\n<meta name=\"twitter:card\" content=\"summary_large_image\" \/>\n<meta name=\"twitter:label1\" content=\"Escrito por\" \/>\n\t<meta name=\"twitter:data1\" content=\"Yuri Torres\" \/>\n\t<meta name=\"twitter:label2\" content=\"Est. tempo de leitura\" \/>\n\t<meta name=\"twitter:data2\" content=\"3 minutos\" \/>\n<script type=\"application\/ld+json\" class=\"yoast-schema-graph\">{\"@context\":\"https:\/\/schema.org\",\"@graph\":[{\"@type\":\"Article\",\"@id\":\"https:\/\/uolhost.uol.com.br\/blog\/crie-um-instagram-para-sua-loja-virtual-em-5-passos\/#article\",\"isPartOf\":{\"@id\":\"https:\/\/uolhost.uol.com.br\/blog\/crie-um-instagram-para-sua-loja-virtual-em-5-passos\/\"},\"author\":{\"name\":\"Yuri Torres\",\"@id\":\"https:\/\/uolhost.uol.com.br\/blog\/#\/schema\/person\/41505c2cd07dc07109e30bea51edee93\"},\"headline\":\"Crie um Instagram para sua loja virtual em 5 passos\",\"datePublished\":\"2020-05-12T16:53:35+00:00\",\"dateModified\":\"2026-01-15T10:55:13+00:00\",\"mainEntityOfPage\":{\"@id\":\"https:\/\/uolhost.uol.com.br\/blog\/crie-um-instagram-para-sua-loja-virtual-em-5-passos\/\"},\"wordCount\":533,\"publisher\":{\"@id\":\"https:\/\/uolhost.uol.com.br\/blog\/#organization\"},\"image\":{\"@id\":\"https:\/\/uolhost.uol.com.br\/blog\/crie-um-instagram-para-sua-loja-virtual-em-5-passos\/#primaryimage\"},\"thumbnailUrl\":\"https:\/\/uolhost.uol.com.br\/blog\/wp-content\/uploads\/2020\/05\/crie-um-instagram-para-sua-loja-virtual-em-5-passos-1393521928974_600x320.jpg?wsr\",\"keywords\":[\"loja\"],\"articleSection\":[\"Presen\u00e7a digital\",\"Primeiros passos\",\"Produtos UOL Meu Neg\u00f3cio\",\"Solu\u00e7\u00f5es\",\"Tudo para sua Loja Virtual\"],\"inLanguage\":\"pt-BR\"},{\"@type\":\"WebPage\",\"@id\":\"https:\/\/uolhost.uol.com.br\/blog\/crie-um-instagram-para-sua-loja-virtual-em-5-passos\/\",\"url\":\"https:\/\/uolhost.uol.com.br\/blog\/crie-um-instagram-para-sua-loja-virtual-em-5-passos\/\",\"name\":\"Crie um Instagram para sua loja virtual em 5 passos -\",\"isPartOf\":{\"@id\":\"https:\/\/uolhost.uol.com.br\/blog\/#website\"},\"primaryImageOfPage\":{\"@id\":\"https:\/\/uolhost.uol.com.br\/blog\/crie-um-instagram-para-sua-loja-virtual-em-5-passos\/#primaryimage\"},\"image\":{\"@id\":\"https:\/\/uolhost.uol.com.br\/blog\/crie-um-instagram-para-sua-loja-virtual-em-5-passos\/#primaryimage\"},\"thumbnailUrl\":\"https:\/\/uolhost.uol.com.br\/blog\/wp-content\/uploads\/2020\/05\/crie-um-instagram-para-sua-loja-virtual-em-5-passos-1393521928974_600x320.jpg?wsr\",\"datePublished\":\"2020-05-12T16:53:35+00:00\",\"dateModified\":\"2026-01-15T10:55:13+00:00\",\"description\":\"Crie um Instagram para sua loja virtual em 5 passos: leia este ou outros artigos sobre E-commerce na Academia UOL Meu Neg\u00f3cio.\",\"breadcrumb\":{\"@id\":\"https:\/\/uolhost.uol.com.br\/blog\/crie-um-instagram-para-sua-loja-virtual-em-5-passos\/#breadcrumb\"},\"inLanguage\":\"pt-BR\",\"potentialAction\":[{\"@type\":\"ReadAction\",\"target\":[\"https:\/\/uolhost.uol.com.br\/blog\/crie-um-instagram-para-sua-loja-virtual-em-5-passos\/\"]}]},{\"@type\":\"ImageObject\",\"inLanguage\":\"pt-BR\",\"@id\":\"https:\/\/uolhost.uol.com.br\/blog\/crie-um-instagram-para-sua-loja-virtual-em-5-passos\/#primaryimage\",\"url\":\"https:\/\/uolhost.uol.com.br\/blog\/wp-content\/uploads\/2020\/05\/crie-um-instagram-para-sua-loja-virtual-em-5-passos-1393521928974_600x320.jpg?wsr\",\"contentUrl\":\"https:\/\/uolhost.uol.com.br\/blog\/wp-content\/uploads\/2020\/05\/crie-um-instagram-para-sua-loja-virtual-em-5-passos-1393521928974_600x320.jpg?wsr\",\"width\":600,\"height\":320},{\"@type\":\"BreadcrumbList\",\"@id\":\"https:\/\/uolhost.uol.com.br\/blog\/crie-um-instagram-para-sua-loja-virtual-em-5-passos\/#breadcrumb\",\"itemListElement\":[{\"@type\":\"ListItem\",\"position\":1,\"name\":\"In\u00edcio\",\"item\":\"https:\/\/uolhost.uol.com.br\/blog\/\"},{\"@type\":\"ListItem\",\"position\":2,\"name\":\"Crie um Instagram para sua loja virtual em 5 passos\"}]},{\"@type\":\"WebSite\",\"@id\":\"https:\/\/uolhost.uol.com.br\/blog\/#website\",\"url\":\"https:\/\/uolhost.uol.com.br\/blog\/\",\"name\":\"Blog UOL Host\",\"description\":\"\",\"publisher\":{\"@id\":\"https:\/\/uolhost.uol.com.br\/blog\/#organization\"},\"potentialAction\":[{\"@type\":\"SearchAction\",\"target\":{\"@type\":\"EntryPoint\",\"urlTemplate\":\"https:\/\/uolhost.uol.com.br\/blog\/?s={search_term_string}\"},\"query-input\":{\"@type\":\"PropertyValueSpecification\",\"valueRequired\":true,\"valueName\":\"search_term_string\"}}],\"inLanguage\":\"pt-BR\"},{\"@type\":\"Organization\",\"@id\":\"https:\/\/uolhost.uol.com.br\/blog\/#organization\",\"name\":\"Blog UOL Host\",\"url\":\"https:\/\/uolhost.uol.com.br\/blog\/\",\"logo\":{\"@type\":\"ImageObject\",\"inLanguage\":\"pt-BR\",\"@id\":\"https:\/\/uolhost.uol.com.br\/blog\/#\/schema\/logo\/image\/\",\"url\":\"https:\/\/uolhost.uol.com.br\/blog\/wp-content\/uploads\/2025\/01\/UOL_Host.png?wsr\",\"contentUrl\":\"https:\/\/uolhost.uol.com.br\/blog\/wp-content\/uploads\/2025\/01\/UOL_Host.png?wsr\",\"width\":2000,\"height\":393,\"caption\":\"Blog UOL Host\"},\"image\":{\"@id\":\"https:\/\/uolhost.uol.com.br\/blog\/#\/schema\/logo\/image\/\"}},{\"@type\":\"Person\",\"@id\":\"https:\/\/uolhost.uol.com.br\/blog\/#\/schema\/person\/41505c2cd07dc07109e30bea51edee93\",\"name\":\"Yuri Torres\",\"image\":{\"@type\":\"ImageObject\",\"inLanguage\":\"pt-BR\",\"@id\":\"https:\/\/uolhost.uol.com.br\/blog\/#\/schema\/person\/image\/\",\"url\":\"https:\/\/secure.gravatar.com\/avatar\/4c96a05faea9fdf86f95d5b723e438c9cc14ad5c342d76486e5a4c8ac8259492?s=96&d=mm&r=g\",\"contentUrl\":\"https:\/\/secure.gravatar.com\/avatar\/4c96a05faea9fdf86f95d5b723e438c9cc14ad5c342d76486e5a4c8ac8259492?s=96&d=mm&r=g\",\"caption\":\"Yuri Torres\"},\"description\":\"Profissional de Reda\u00e7\u00e3o e Marketing, com 10 anos de experi\u00eancia no desenvolvimento de estrat\u00e9gias de conte\u00fado voltadas \u00e0 comunica\u00e7\u00e3o de marcas. Atua na cria\u00e7\u00e3o de materiais que fortalecem a presen\u00e7a digital, ampliam o engajamento e contribuem para o alcance de resultados alinhados aos objetivos de neg\u00f3cio, com experi\u00eancia no atendimento a empresas de diferentes segmentos. LinkedIn\",\"sameAs\":[\"https:\/\/www.linkedin.com\/in\/yuri-torres-271093108\/\"],\"url\":\"https:\/\/uolhost.uol.com.br\/blog\/author\/yuri-torres\/\"}]}<\/script>\n<!-- \/ Yoast SEO plugin. -->","yoast_head_json":{"title":"Crie um Instagram para sua loja virtual em 5 passos -","description":"Crie um Instagram para sua loja virtual em 5 passos: leia este ou outros artigos sobre E-commerce na Academia UOL Meu Neg\u00f3cio.","robots":{"index":"index","follow":"follow","max-snippet":"max-snippet:-1","max-image-preview":"max-image-preview:large","max-video-preview":"max-video-preview:-1"},"canonical":"https:\/\/uolhost.uol.com.br\/blog\/crie-um-instagram-para-sua-loja-virtual-em-5-passos\/","og_locale":"pt_BR","og_type":"article","og_title":"Crie um Instagram para sua loja virtual em 5 passos -","og_description":"Crie um Instagram para sua loja virtual em 5 passos: leia este ou outros artigos sobre E-commerce na Academia UOL Meu Neg\u00f3cio.","og_url":"https:\/\/uolhost.uol.com.br\/blog\/crie-um-instagram-para-sua-loja-virtual-em-5-passos\/","article_published_time":"2020-05-12T16:53:35+00:00","article_modified_time":"2026-01-15T10:55:13+00:00","og_image":[{"width":600,"height":320,"url":"https:\/\/uolhost.uol.com.br\/blog\/wp-content\/uploads\/2020\/05\/crie-um-instagram-para-sua-loja-virtual-em-5-passos-1393521928974_600x320.jpg","type":"image\/jpeg"}],"author":"Yuri Torres","twitter_card":"summary_large_image","twitter_misc":{"Escrito por":"Yuri Torres","Est. tempo de leitura":"3 minutos"},"schema":{"@context":"https:\/\/schema.org","@graph":[{"@type":"Article","@id":"https:\/\/uolhost.uol.com.br\/blog\/crie-um-instagram-para-sua-loja-virtual-em-5-passos\/#article","isPartOf":{"@id":"https:\/\/uolhost.uol.com.br\/blog\/crie-um-instagram-para-sua-loja-virtual-em-5-passos\/"},"author":{"name":"Yuri Torres","@id":"https:\/\/uolhost.uol.com.br\/blog\/#\/schema\/person\/41505c2cd07dc07109e30bea51edee93"},"headline":"Crie um Instagram para sua loja virtual em 5 passos","datePublished":"2020-05-12T16:53:35+00:00","dateModified":"2026-01-15T10:55:13+00:00","mainEntityOfPage":{"@id":"https:\/\/uolhost.uol.com.br\/blog\/crie-um-instagram-para-sua-loja-virtual-em-5-passos\/"},"wordCount":533,"publisher":{"@id":"https:\/\/uolhost.uol.com.br\/blog\/#organization"},"image":{"@id":"https:\/\/uolhost.uol.com.br\/blog\/crie-um-instagram-para-sua-loja-virtual-em-5-passos\/#primaryimage"},"thumbnailUrl":"https:\/\/uolhost.uol.com.br\/blog\/wp-content\/uploads\/2020\/05\/crie-um-instagram-para-sua-loja-virtual-em-5-passos-1393521928974_600x320.jpg?wsr","keywords":["loja"],"articleSection":["Presen\u00e7a digital","Primeiros passos","Produtos UOL Meu Neg\u00f3cio","Solu\u00e7\u00f5es","Tudo para sua Loja Virtual"],"inLanguage":"pt-BR"},{"@type":"WebPage","@id":"https:\/\/uolhost.uol.com.br\/blog\/crie-um-instagram-para-sua-loja-virtual-em-5-passos\/","url":"https:\/\/uolhost.uol.com.br\/blog\/crie-um-instagram-para-sua-loja-virtual-em-5-passos\/","name":"Crie um Instagram para sua loja virtual em 5 passos -","isPartOf":{"@id":"https:\/\/uolhost.uol.com.br\/blog\/#website"},"primaryImageOfPage":{"@id":"https:\/\/uolhost.uol.com.br\/blog\/crie-um-instagram-para-sua-loja-virtual-em-5-passos\/#primaryimage"},"image":{"@id":"https:\/\/uolhost.uol.com.br\/blog\/crie-um-instagram-para-sua-loja-virtual-em-5-passos\/#primaryimage"},"thumbnailUrl":"https:\/\/uolhost.uol.com.br\/blog\/wp-content\/uploads\/2020\/05\/crie-um-instagram-para-sua-loja-virtual-em-5-passos-1393521928974_600x320.jpg?wsr","datePublished":"2020-05-12T16:53:35+00:00","dateModified":"2026-01-15T10:55:13+00:00","description":"Crie um Instagram para sua loja virtual em 5 passos: leia este ou outros artigos sobre E-commerce na Academia UOL Meu Neg\u00f3cio.","breadcrumb":{"@id":"https:\/\/uolhost.uol.com.br\/blog\/crie-um-instagram-para-sua-loja-virtual-em-5-passos\/#breadcrumb"},"inLanguage":"pt-BR","potentialAction":[{"@type":"ReadAction","target":["https:\/\/uolhost.uol.com.br\/blog\/crie-um-instagram-para-sua-loja-virtual-em-5-passos\/"]}]},{"@type":"ImageObject","inLanguage":"pt-BR","@id":"https:\/\/uolhost.uol.com.br\/blog\/crie-um-instagram-para-sua-loja-virtual-em-5-passos\/#primaryimage","url":"https:\/\/uolhost.uol.com.br\/blog\/wp-content\/uploads\/2020\/05\/crie-um-instagram-para-sua-loja-virtual-em-5-passos-1393521928974_600x320.jpg?wsr","contentUrl":"https:\/\/uolhost.uol.com.br\/blog\/wp-content\/uploads\/2020\/05\/crie-um-instagram-para-sua-loja-virtual-em-5-passos-1393521928974_600x320.jpg?wsr","width":600,"height":320},{"@type":"BreadcrumbList","@id":"https:\/\/uolhost.uol.com.br\/blog\/crie-um-instagram-para-sua-loja-virtual-em-5-passos\/#breadcrumb","itemListElement":[{"@type":"ListItem","position":1,"name":"In\u00edcio","item":"https:\/\/uolhost.uol.com.br\/blog\/"},{"@type":"ListItem","position":2,"name":"Crie um Instagram para sua loja virtual em 5 passos"}]},{"@type":"WebSite","@id":"https:\/\/uolhost.uol.com.br\/blog\/#website","url":"https:\/\/uolhost.uol.com.br\/blog\/","name":"Blog UOL Host","description":"","publisher":{"@id":"https:\/\/uolhost.uol.com.br\/blog\/#organization"},"potentialAction":[{"@type":"SearchAction","target":{"@type":"EntryPoint","urlTemplate":"https:\/\/uolhost.uol.com.br\/blog\/?s={search_term_string}"},"query-input":{"@type":"PropertyValueSpecification","valueRequired":true,"valueName":"search_term_string"}}],"inLanguage":"pt-BR"},{"@type":"Organization","@id":"https:\/\/uolhost.uol.com.br\/blog\/#organization","name":"Blog UOL Host","url":"https:\/\/uolhost.uol.com.br\/blog\/","logo":{"@type":"ImageObject","inLanguage":"pt-BR","@id":"https:\/\/uolhost.uol.com.br\/blog\/#\/schema\/logo\/image\/","url":"https:\/\/uolhost.uol.com.br\/blog\/wp-content\/uploads\/2025\/01\/UOL_Host.png?wsr","contentUrl":"https:\/\/uolhost.uol.com.br\/blog\/wp-content\/uploads\/2025\/01\/UOL_Host.png?wsr","width":2000,"height":393,"caption":"Blog UOL Host"},"image":{"@id":"https:\/\/uolhost.uol.com.br\/blog\/#\/schema\/logo\/image\/"}},{"@type":"Person","@id":"https:\/\/uolhost.uol.com.br\/blog\/#\/schema\/person\/41505c2cd07dc07109e30bea51edee93","name":"Yuri Torres","image":{"@type":"ImageObject","inLanguage":"pt-BR","@id":"https:\/\/uolhost.uol.com.br\/blog\/#\/schema\/person\/image\/","url":"https:\/\/secure.gravatar.com\/avatar\/4c96a05faea9fdf86f95d5b723e438c9cc14ad5c342d76486e5a4c8ac8259492?s=96&d=mm&r=g","contentUrl":"https:\/\/secure.gravatar.com\/avatar\/4c96a05faea9fdf86f95d5b723e438c9cc14ad5c342d76486e5a4c8ac8259492?s=96&d=mm&r=g","caption":"Yuri Torres"},"description":"Profissional de Reda\u00e7\u00e3o e Marketing, com 10 anos de experi\u00eancia no desenvolvimento de estrat\u00e9gias de conte\u00fado voltadas \u00e0 comunica\u00e7\u00e3o de marcas. Atua na cria\u00e7\u00e3o de materiais que fortalecem a presen\u00e7a digital, ampliam o engajamento e contribuem para o alcance de resultados alinhados aos objetivos de neg\u00f3cio, com experi\u00eancia no atendimento a empresas de diferentes segmentos. LinkedIn","sameAs":["https:\/\/www.linkedin.com\/in\/yuri-torres-271093108\/"],"url":"https:\/\/uolhost.uol.com.br\/blog\/author\/yuri-torres\/"}]}},"_links":{"self":[{"href":"https:\/\/uolhost.uol.com.br\/blog\/wp-json\/wp\/v2\/posts\/5850","targetHints":{"allow":["GET"]}}],"collection":[{"href":"https:\/\/uolhost.uol.com.br\/blog\/wp-json\/wp\/v2\/posts"}],"about":[{"href":"https:\/\/uolhost.uol.com.br\/blog\/wp-json\/wp\/v2\/types\/post"}],"author":[{"embeddable":true,"href":"https:\/\/uolhost.uol.com.br\/blog\/wp-json\/wp\/v2\/users\/24"}],"replies":[{"embeddable":true,"href":"https:\/\/uolhost.uol.com.br\/blog\/wp-json\/wp\/v2\/comments?post=5850"}],"version-history":[{"count":1,"href":"https:\/\/uolhost.uol.com.br\/blog\/wp-json\/wp\/v2\/posts\/5850\/revisions"}],"predecessor-version":[{"id":19857,"href":"https:\/\/uolhost.uol.com.br\/blog\/wp-json\/wp\/v2\/posts\/5850\/revisions\/19857"}],"wp:featuredmedia":[{"embeddable":true,"href":"https:\/\/uolhost.uol.com.br\/blog\/wp-json\/wp\/v2\/media\/5851"}],"wp:attachment":[{"href":"https:\/\/uolhost.uol.com.br\/blog\/wp-json\/wp\/v2\/media?parent=5850"}],"wp:term":[{"taxonomy":"category","embeddable":true,"href":"https:\/\/uolhost.uol.com.br\/blog\/wp-json\/wp\/v2\/categories?post=5850"},{"taxonomy":"post_tag","embeddable":true,"href":"https:\/\/uolhost.uol.com.br\/blog\/wp-json\/wp\/v2\/tags?post=5850"}],"curies":[{"name":"wp","href":"https:\/\/api.w.org\/{rel}","templated":true}]}}