{"id":5967,"date":"2020-05-14T11:39:01","date_gmt":"2020-05-14T14:39:01","guid":{"rendered":"https:\/\/meunegocio.uol.com.br\/blog\/?p=5967"},"modified":"2026-04-23T18:44:10","modified_gmt":"2026-04-23T21:44:10","slug":"compras-coletivas-estao-chegando-ao-fim","status":"publish","type":"post","link":"https:\/\/uolhost.uol.com.br\/blog\/compras-coletivas-estao-chegando-ao-fim\/","title":{"rendered":"Compras coletivas acabaram? Entenda o que mudou nesse modelo"},"content":{"rendered":"\n<p>Amanda Laghi, 19 anos, viveu um verdadeiro pesadelo ap\u00f3s adquirir um pacote para fazer luzes em um site de compras coletivas. Por apenas 49 reais, a oferta parecia promissora. Mas no meio do procedimento, a cabeleireira avisou que ela teria que pagar uma taxa extra para terminar o servi\u00e7o.&nbsp; \u201cDepois de descolorir meu cabelo, ela pediu mais 90 reais para terminar o servi\u00e7o. Como eu n\u00e3o ia sair grisalha do sal\u00e3o, fui obrigada a pagar a mais\u201d, conta.<\/p>\n\n\n\n<p>Assim como Amanda, milh\u00f5es de brasileiros de renderam \u00e0 febre das&nbsp;<a style=\"color: #1082be;\" href=\"https:\/\/www.uolhost.uol.com.br\/academia\/noticias\/2014\/02\/10\/como-fazer-um-bom-anuncio-em-sites-de-compras-coletivas.html\">compras coletivas<\/a>. Entre 2010 e 2012, o Brasil experimentou um boom de sites do g\u00eanero. De acordo com a consultoria e-Bit, em 2011, eles eram mais de 1,2 mil. Durante o ano de 2012, a modalidade faturou 1,65 bilh\u00e3o de reais, com 25,3 milh\u00f5es de ofertas adquiridas.<\/p>\n\n\n\n<p>E n\u00e3o era por menos. A princ\u00edpio, parecia um formato de neg\u00f3cios ideal para todos os envolvidos. Como intermediador, os sites de compras coletivas fazem a ponte entre empresas e consumidores e arrecadam dinheiro com os investimentos das companhias participantes.<\/p>\n\n\n\n<p>Por sua vez, as empresas usam a plataforma online para fazer promo\u00e7\u00f5es agressivas como uma estrat\u00e9gia de marketing mais barata. E, por fim, os consumidores ganham uma grande variedade de produtos e servi\u00e7os em pre\u00e7os bem mais acess\u00edveis.<\/p>\n\n\n\n<p>S\u00f3 que, na pr\u00e1tica, a hist\u00f3ria n\u00e3o funcionou bem assim. Apesar do grande volume de ofertas, o segmento apresentava uma baixa&nbsp;<a style=\"color: #1082be;\" href=\"https:\/\/www.uolhost.uol.com.br\/academia\/noticias\/2014\/03\/07\/como-calcular-minha-margem-de-lucro.html\">margem de lucro<\/a>. Al\u00e9m disso, 85% do faturamento do setor ficava concentrado nas m\u00e3os dos oito maiores players.<\/p>\n\n\n\n<p>Para completar, os sites de compras coletivas se tornaram alvos constantes de&nbsp;<a style=\"color: #1082be;\" href=\"https:\/\/www.uolhost.uol.com.br\/academia\/noticias\/2014\/07\/24\/6-dicas-para-transformar-reclamacoes-em-marketing-positivo.html\">reclama\u00e7\u00f5es<\/a>&nbsp;de clientes e de empresas participantes. De acordo com o Procon de S\u00e3o Paulo, as den\u00fancias contra empresas do setor aumentaram 400% entre 2012 e 2013.<\/p>\n\n\n\n<p>Para Denis Zanini, consultor de marketing digital, o fim da fase de deslumbramento com os sites de compras coletivas tem explica\u00e7\u00e3o simples. \u201cOs consumidores passaram a perceber que o barato estava saindo caro por conta da baixa qualidade do produto ou do servi\u00e7o adquirido\u201d, diz.<\/p>\n\n\n\n<p>Ele ainda cita o inconveniente bombardeio de e-mails com promo\u00e7\u00f5es n\u00e3o alinhadas com o gosto do p\u00fablico como um problema. O que era para ser uma estrat\u00e9gia para gerar mais tr\u00e1fego acabou virando um verdadeiro tiro no p\u00e9.<\/p>\n\n\n\n<p>E as reclama\u00e7\u00f5es n\u00e3o se limitam com os consumidores finais. Muitas empresas participantes tamb\u00e9m n\u00e3o tiveram o resultado esperado, n\u00e3o conseguindo transformar os compradores de cupons em&nbsp;&nbsp;<a style=\"color: #1082be;\" href=\"https:\/\/www.uolhost.uol.com.br\/academia\/noticias\/2014\/02\/19\/5-dicas-infaliveis-para-conquistar-clientes-mais-fieis.html\">clientes cativos<\/a>.<\/p>\n\n\n\n<p>Contudo, Zanini n\u00e3o responsabiliza integralmente as plataformas online por isso. \u201cAs empresas tamb\u00e9m tiveram culpa no cart\u00f3rio. Muitas n\u00e3o estavam preparadas para atender a alta demanda e ainda ofereciam um mau servi\u00e7o, o que causou grande insatisfa\u00e7\u00e3o nos consumidores\u201d, diz.<\/p>\n\n\n\n<figure class=\"wp-block-image size-large\"><a href=\"https:\/\/meunegocio.uol.com.br\/loja-virtual\" target=\"_blank\" rel=\"Criar Loja Virtual noopener\"><img loading=\"lazy\" decoding=\"async\" width=\"1024\" height=\"610\" src=\"https:\/\/uolhost.uol.com.br\/blog\/wp-content\/uploads\/2022\/01\/loja-banner-1024x610.png\" alt=\"\" class=\"wp-image-12745\" srcset=\"https:\/\/uolhost.uol.com.br\/blog\/wp-content\/uploads\/2022\/01\/loja-banner-1024x610.png 1024w, https:\/\/uolhost.uol.com.br\/blog\/wp-content\/uploads\/2022\/01\/loja-banner-300x179.png 300w, https:\/\/uolhost.uol.com.br\/blog\/wp-content\/uploads\/2022\/01\/loja-banner-768x458.png 768w, https:\/\/uolhost.uol.com.br\/blog\/wp-content\/uploads\/2022\/01\/loja-banner.png 1148w\" sizes=\"auto, (max-width: 1024px) 100vw, 1024px\" \/><\/a><\/figure>\n\n\n\n<p><a href=\"https:\/\/meunegocio.uol.com.br\/loja-virtual\"><br> <\/a><\/p>\n\n\n\n<p>Salve-se quem puder<\/p>\n\n\n\n<p>Com tantos problemas, l\u00edderes deste mercado, como Groupon e Peixe Urbano, tiveram que se reinventar para sobreviver.<\/p>\n\n\n\n<p>Antecipando a \u201ccrise\u201d dos setor, o Peixe Urbano, que popularizou as compras coletivas no Brasil, vem mudando o seu conceito desde 2012. Aos poucos, a empresa vem se transformando em um verdadeiro shopping virtual.<\/p>\n\n\n\n<p>&nbsp;\u201cAntigamente, a nossa plataforma colocava uma oferta por dia e precisava de um n\u00famero m\u00ednimo de compradores para ativ\u00e1-la. Hoje, diversas promo\u00e7\u00f5es ficam no ar durante mais tempo ou at\u00e9 todos os cupons serem vendidos\u201d, explica Julio Vasconcellos, co-fundador e CEO do Peixe Urbano.<\/p>\n\n\n\n<p>E as mudan\u00e7as n\u00e3o param por a\u00ed. A empresa observou uma evidente migra\u00e7\u00e3o de usu\u00e1rios do PC para os aparelhos port\u00e1teis e decidiu investir na experi\u00eancia do&nbsp;<a style=\"color: #1082be;\" href=\"https:\/\/www.uolhost.uol.com.br\/academia\/noticias\/2014\/11\/24\/mobile-commerce-a-revolucao-no-comercio-eletronico-ja-comecou.html\">consumidor m\u00f3vel<\/a>. Com a cria\u00e7\u00e3o de um aplicativo para dispositivos m\u00f3veis, a ideia \u00e9 apresentar ofertas que est\u00e3o pr\u00f3ximas de onde o usu\u00e1rio est\u00e1 para ele adquirir a promo\u00e7\u00e3o e us\u00e1-la na mesma hora.<\/p>\n\n\n\n<p>Outro gigante que teve passar por transforma\u00e7\u00f5es foi o norte-americano Groupon. Desde a sua funda\u00e7\u00e3o em 2008, a empresa sofre para se tornar rent\u00e1vel e, em setembro deste ano, anunciou sua sa\u00edda das compras coletivas.<\/p>\n\n\n\n<p>Aproveitando sua base de&nbsp; 53,2 milh\u00f5es de assinantes, o Groupon tamb\u00e9m desenvolveu uma s\u00e9rie de novos servi\u00e7os para ganhar mais f\u00f4lego. Assim como no Peixe Urbano, a oferta n\u00e3o mais precisa atingir um n\u00famero m\u00ednimo de pessoas para valer.&nbsp; A plataforma tamb\u00e9m oferece tr\u00eas novos servi\u00e7os: Groupon Reservas, Groupon Cupons e Groupon Live. Com eles, respectivamente, os consumidores poder\u00e3o fazer reservas para restaurantes, acumular cupons de descontos em lojas e comprar ingressos para shows.<\/p>\n\n\n\n<p>Para os dispositivos m\u00f3veis, o Groupon lan\u00e7ou um aplicativo que apresenta as melhores promo\u00e7\u00f5es aos consumidores de acordo com a sua localiza\u00e7\u00e3o e perfil. Quase 92 milh\u00f5es de pessoas j\u00e1 baixaram o aplicativo, e o mercado mobile j\u00e1 representa mais da metade dos neg\u00f3cios da empresa.<\/p>\n\n\n\n<p>Se os gigantes tiveram que mudar de estrat\u00e9gia para continuar no mercado, para a maioria dos pequenos a \u00fanica sa\u00edda foi fechar as portas. \u201cNa internet, esse tipo de onda \u00e9 comum. N\u00e3o \u00e9 exclusividade dos sites de compras coletivas. Os primeiros que ofereceram a novidade se deram bem, arrecadaram mais e sobreviveram. Quem chegou um pouco depois, j\u00e1 n\u00e3o tinha condi\u00e7\u00f5es para competir\u201d, diz Heitor Siviero, consultor de marketing digital da ag\u00eancia WSI.<\/p>\n\n\n\n<p>\u201cMuitas pessoas aproveitaram a oportunidade e embarcaram na febre do momento, mas foi vis\u00edvel que apenas as empresas bem estruturadas conseguiram se manter no mercado e acompanhar a evolu\u00e7\u00e3o e novidades do segmento\u201d, diz Vasconcellos.<\/p>\n\n\n\n<p>Apesar de todas as turbul\u00eancias, \u00e9 justo dizer modelo de compras coletivas n\u00e3o morreu, se transformou. De certa forma, tamb\u00e9m amadureceu, oferecendo a compradores e anunciantes de ofertas uma experi\u00eancia melhor. Mas n\u00e3o h\u00e1 duvida de que este \u00e9 hoje um neg\u00f3cio para peixes grandes.<\/p>\n","protected":false},"excerpt":{"rendered":"<p>Amanda Laghi, 19 anos, viveu um verdadeiro pesadelo ap\u00f3s adquirir um pacote para fazer luzes em um site de compras coletivas. Por apenas 49 reais, a oferta parecia promissora. Mas no meio do procedimento, a cabeleireira avisou que ela teria que pagar uma taxa extra para terminar o servi\u00e7o.&nbsp; \u201cDepois de descolorir meu cabelo, ela [&hellip;]<\/p>\n","protected":false},"author":24,"featured_media":5968,"comment_status":"closed","ping_status":"closed","sticky":false,"template":"","format":"standard","meta":{"footnotes":""},"categories":[53,33,88,38,43],"tags":[],"class_list":["post-5967","post","type-post","status-publish","format-standard","has-post-thumbnail","hentry","category-cases","category-presenca-digital","category-produtos-uol-meu-negocio","category-solucoes","category-tudo-para-sua-loja-virtual"],"gutentor_comment":0,"yoast_head":"<!-- This site is optimized with the Yoast SEO plugin v26.4 - https:\/\/yoast.com\/wordpress\/plugins\/seo\/ -->\n<title>Compras coletivas est\u00e3o chegando ao fim?<\/title>\n<meta name=\"description\" content=\"Compras coletivas chegaram ao fim ou ainda t\u00eam espa\u00e7o? Veja o que est\u00e1 por tr\u00e1s dessa mudan\u00e7a no mercado.\" \/>\n<meta name=\"robots\" content=\"index, follow, max-snippet:-1, max-image-preview:large, max-video-preview:-1\" \/>\n<link rel=\"canonical\" href=\"https:\/\/uolhost.uol.com.br\/blog\/compras-coletivas-estao-chegando-ao-fim\/\" \/>\n<meta property=\"og:locale\" content=\"pt_BR\" \/>\n<meta property=\"og:type\" content=\"article\" \/>\n<meta property=\"og:title\" content=\"Compras coletivas est\u00e3o chegando ao fim?\" \/>\n<meta property=\"og:description\" content=\"Compras coletivas chegaram ao fim ou ainda t\u00eam espa\u00e7o? Veja o que est\u00e1 por tr\u00e1s dessa mudan\u00e7a no mercado.\" \/>\n<meta property=\"og:url\" content=\"https:\/\/uolhost.uol.com.br\/blog\/compras-coletivas-estao-chegando-ao-fim\/\" \/>\n<meta property=\"article:published_time\" content=\"2020-05-14T14:39:01+00:00\" \/>\n<meta property=\"article:modified_time\" content=\"2026-04-23T21:44:10+00:00\" \/>\n<meta property=\"og:image\" content=\"https:\/\/uolhost.uol.com.br\/blog\/wp-content\/uploads\/2020\/05\/compras-coletivas-1422452497663_600x250.png\" \/>\n\t<meta property=\"og:image:width\" content=\"600\" \/>\n\t<meta property=\"og:image:height\" content=\"250\" \/>\n\t<meta property=\"og:image:type\" content=\"image\/png\" \/>\n<meta name=\"author\" content=\"Yuri Torres\" \/>\n<meta name=\"twitter:card\" content=\"summary_large_image\" \/>\n<meta name=\"twitter:label1\" content=\"Escrito por\" \/>\n\t<meta name=\"twitter:data1\" content=\"Yuri Torres\" \/>\n\t<meta name=\"twitter:label2\" content=\"Est. tempo de leitura\" \/>\n\t<meta name=\"twitter:data2\" content=\"6 minutos\" \/>\n<script type=\"application\/ld+json\" class=\"yoast-schema-graph\">{\"@context\":\"https:\/\/schema.org\",\"@graph\":[{\"@type\":\"Article\",\"@id\":\"https:\/\/uolhost.uol.com.br\/blog\/compras-coletivas-estao-chegando-ao-fim\/#article\",\"isPartOf\":{\"@id\":\"https:\/\/uolhost.uol.com.br\/blog\/compras-coletivas-estao-chegando-ao-fim\/\"},\"author\":{\"name\":\"Yuri Torres\",\"@id\":\"https:\/\/uolhost.uol.com.br\/blog\/#\/schema\/person\/41505c2cd07dc07109e30bea51edee93\"},\"headline\":\"Compras coletivas acabaram? Entenda o que mudou nesse modelo\",\"datePublished\":\"2020-05-14T14:39:01+00:00\",\"dateModified\":\"2026-04-23T21:44:10+00:00\",\"mainEntityOfPage\":{\"@id\":\"https:\/\/uolhost.uol.com.br\/blog\/compras-coletivas-estao-chegando-ao-fim\/\"},\"wordCount\":1006,\"publisher\":{\"@id\":\"https:\/\/uolhost.uol.com.br\/blog\/#organization\"},\"image\":{\"@id\":\"https:\/\/uolhost.uol.com.br\/blog\/compras-coletivas-estao-chegando-ao-fim\/#primaryimage\"},\"thumbnailUrl\":\"https:\/\/uolhost.uol.com.br\/blog\/wp-content\/uploads\/2020\/05\/compras-coletivas-1422452497663_600x250.png?wsr\",\"articleSection\":[\"Cases\",\"Presen\u00e7a digital\",\"Produtos UOL Meu Neg\u00f3cio\",\"Solu\u00e7\u00f5es\",\"Tudo para sua Loja Virtual\"],\"inLanguage\":\"pt-BR\"},{\"@type\":\"WebPage\",\"@id\":\"https:\/\/uolhost.uol.com.br\/blog\/compras-coletivas-estao-chegando-ao-fim\/\",\"url\":\"https:\/\/uolhost.uol.com.br\/blog\/compras-coletivas-estao-chegando-ao-fim\/\",\"name\":\"Compras coletivas est\u00e3o chegando ao fim?\",\"isPartOf\":{\"@id\":\"https:\/\/uolhost.uol.com.br\/blog\/#website\"},\"primaryImageOfPage\":{\"@id\":\"https:\/\/uolhost.uol.com.br\/blog\/compras-coletivas-estao-chegando-ao-fim\/#primaryimage\"},\"image\":{\"@id\":\"https:\/\/uolhost.uol.com.br\/blog\/compras-coletivas-estao-chegando-ao-fim\/#primaryimage\"},\"thumbnailUrl\":\"https:\/\/uolhost.uol.com.br\/blog\/wp-content\/uploads\/2020\/05\/compras-coletivas-1422452497663_600x250.png?wsr\",\"datePublished\":\"2020-05-14T14:39:01+00:00\",\"dateModified\":\"2026-04-23T21:44:10+00:00\",\"description\":\"Compras coletivas chegaram ao fim ou ainda t\u00eam espa\u00e7o? Veja o que est\u00e1 por tr\u00e1s dessa mudan\u00e7a no mercado.\",\"breadcrumb\":{\"@id\":\"https:\/\/uolhost.uol.com.br\/blog\/compras-coletivas-estao-chegando-ao-fim\/#breadcrumb\"},\"inLanguage\":\"pt-BR\",\"potentialAction\":[{\"@type\":\"ReadAction\",\"target\":[\"https:\/\/uolhost.uol.com.br\/blog\/compras-coletivas-estao-chegando-ao-fim\/\"]}]},{\"@type\":\"ImageObject\",\"inLanguage\":\"pt-BR\",\"@id\":\"https:\/\/uolhost.uol.com.br\/blog\/compras-coletivas-estao-chegando-ao-fim\/#primaryimage\",\"url\":\"https:\/\/uolhost.uol.com.br\/blog\/wp-content\/uploads\/2020\/05\/compras-coletivas-1422452497663_600x250.png?wsr\",\"contentUrl\":\"https:\/\/uolhost.uol.com.br\/blog\/wp-content\/uploads\/2020\/05\/compras-coletivas-1422452497663_600x250.png?wsr\",\"width\":600,\"height\":250},{\"@type\":\"BreadcrumbList\",\"@id\":\"https:\/\/uolhost.uol.com.br\/blog\/compras-coletivas-estao-chegando-ao-fim\/#breadcrumb\",\"itemListElement\":[{\"@type\":\"ListItem\",\"position\":1,\"name\":\"In\u00edcio\",\"item\":\"https:\/\/uolhost.uol.com.br\/blog\/\"},{\"@type\":\"ListItem\",\"position\":2,\"name\":\"Compras coletivas acabaram? Entenda o que mudou nesse modelo\"}]},{\"@type\":\"WebSite\",\"@id\":\"https:\/\/uolhost.uol.com.br\/blog\/#website\",\"url\":\"https:\/\/uolhost.uol.com.br\/blog\/\",\"name\":\"Blog UOL Host\",\"description\":\"\",\"publisher\":{\"@id\":\"https:\/\/uolhost.uol.com.br\/blog\/#organization\"},\"potentialAction\":[{\"@type\":\"SearchAction\",\"target\":{\"@type\":\"EntryPoint\",\"urlTemplate\":\"https:\/\/uolhost.uol.com.br\/blog\/?s={search_term_string}\"},\"query-input\":{\"@type\":\"PropertyValueSpecification\",\"valueRequired\":true,\"valueName\":\"search_term_string\"}}],\"inLanguage\":\"pt-BR\"},{\"@type\":\"Organization\",\"@id\":\"https:\/\/uolhost.uol.com.br\/blog\/#organization\",\"name\":\"Blog UOL Host\",\"url\":\"https:\/\/uolhost.uol.com.br\/blog\/\",\"logo\":{\"@type\":\"ImageObject\",\"inLanguage\":\"pt-BR\",\"@id\":\"https:\/\/uolhost.uol.com.br\/blog\/#\/schema\/logo\/image\/\",\"url\":\"https:\/\/uolhost.uol.com.br\/blog\/wp-content\/uploads\/2025\/01\/UOL_Host.png?wsr\",\"contentUrl\":\"https:\/\/uolhost.uol.com.br\/blog\/wp-content\/uploads\/2025\/01\/UOL_Host.png?wsr\",\"width\":2000,\"height\":393,\"caption\":\"Blog UOL Host\"},\"image\":{\"@id\":\"https:\/\/uolhost.uol.com.br\/blog\/#\/schema\/logo\/image\/\"}},{\"@type\":\"Person\",\"@id\":\"https:\/\/uolhost.uol.com.br\/blog\/#\/schema\/person\/41505c2cd07dc07109e30bea51edee93\",\"name\":\"Yuri Torres\",\"image\":{\"@type\":\"ImageObject\",\"inLanguage\":\"pt-BR\",\"@id\":\"https:\/\/uolhost.uol.com.br\/blog\/#\/schema\/person\/image\/\",\"url\":\"https:\/\/secure.gravatar.com\/avatar\/4c96a05faea9fdf86f95d5b723e438c9cc14ad5c342d76486e5a4c8ac8259492?s=96&d=mm&r=g\",\"contentUrl\":\"https:\/\/secure.gravatar.com\/avatar\/4c96a05faea9fdf86f95d5b723e438c9cc14ad5c342d76486e5a4c8ac8259492?s=96&d=mm&r=g\",\"caption\":\"Yuri Torres\"},\"description\":\"Profissional de Reda\u00e7\u00e3o e Marketing, com 10 anos de experi\u00eancia no desenvolvimento de estrat\u00e9gias de conte\u00fado voltadas \u00e0 comunica\u00e7\u00e3o de marcas. Atua na cria\u00e7\u00e3o de materiais que fortalecem a presen\u00e7a digital, ampliam o engajamento e contribuem para o alcance de resultados alinhados aos objetivos de neg\u00f3cio, com experi\u00eancia no atendimento a empresas de diferentes segmentos. LinkedIn\",\"sameAs\":[\"https:\/\/www.linkedin.com\/in\/yuri-torres-271093108\/\"],\"url\":\"https:\/\/uolhost.uol.com.br\/blog\/author\/yuri-torres\/\"}]}<\/script>\n<!-- \/ Yoast SEO plugin. -->","yoast_head_json":{"title":"Compras coletivas est\u00e3o chegando ao fim?","description":"Compras coletivas chegaram ao fim ou ainda t\u00eam espa\u00e7o? Veja o que est\u00e1 por tr\u00e1s dessa mudan\u00e7a no mercado.","robots":{"index":"index","follow":"follow","max-snippet":"max-snippet:-1","max-image-preview":"max-image-preview:large","max-video-preview":"max-video-preview:-1"},"canonical":"https:\/\/uolhost.uol.com.br\/blog\/compras-coletivas-estao-chegando-ao-fim\/","og_locale":"pt_BR","og_type":"article","og_title":"Compras coletivas est\u00e3o chegando ao fim?","og_description":"Compras coletivas chegaram ao fim ou ainda t\u00eam espa\u00e7o? Veja o que est\u00e1 por tr\u00e1s dessa mudan\u00e7a no mercado.","og_url":"https:\/\/uolhost.uol.com.br\/blog\/compras-coletivas-estao-chegando-ao-fim\/","article_published_time":"2020-05-14T14:39:01+00:00","article_modified_time":"2026-04-23T21:44:10+00:00","og_image":[{"width":600,"height":250,"url":"https:\/\/uolhost.uol.com.br\/blog\/wp-content\/uploads\/2020\/05\/compras-coletivas-1422452497663_600x250.png","type":"image\/png"}],"author":"Yuri Torres","twitter_card":"summary_large_image","twitter_misc":{"Escrito por":"Yuri Torres","Est. tempo de leitura":"6 minutos"},"schema":{"@context":"https:\/\/schema.org","@graph":[{"@type":"Article","@id":"https:\/\/uolhost.uol.com.br\/blog\/compras-coletivas-estao-chegando-ao-fim\/#article","isPartOf":{"@id":"https:\/\/uolhost.uol.com.br\/blog\/compras-coletivas-estao-chegando-ao-fim\/"},"author":{"name":"Yuri Torres","@id":"https:\/\/uolhost.uol.com.br\/blog\/#\/schema\/person\/41505c2cd07dc07109e30bea51edee93"},"headline":"Compras coletivas acabaram? Entenda o que mudou nesse modelo","datePublished":"2020-05-14T14:39:01+00:00","dateModified":"2026-04-23T21:44:10+00:00","mainEntityOfPage":{"@id":"https:\/\/uolhost.uol.com.br\/blog\/compras-coletivas-estao-chegando-ao-fim\/"},"wordCount":1006,"publisher":{"@id":"https:\/\/uolhost.uol.com.br\/blog\/#organization"},"image":{"@id":"https:\/\/uolhost.uol.com.br\/blog\/compras-coletivas-estao-chegando-ao-fim\/#primaryimage"},"thumbnailUrl":"https:\/\/uolhost.uol.com.br\/blog\/wp-content\/uploads\/2020\/05\/compras-coletivas-1422452497663_600x250.png?wsr","articleSection":["Cases","Presen\u00e7a digital","Produtos UOL Meu Neg\u00f3cio","Solu\u00e7\u00f5es","Tudo para sua Loja Virtual"],"inLanguage":"pt-BR"},{"@type":"WebPage","@id":"https:\/\/uolhost.uol.com.br\/blog\/compras-coletivas-estao-chegando-ao-fim\/","url":"https:\/\/uolhost.uol.com.br\/blog\/compras-coletivas-estao-chegando-ao-fim\/","name":"Compras coletivas est\u00e3o chegando ao fim?","isPartOf":{"@id":"https:\/\/uolhost.uol.com.br\/blog\/#website"},"primaryImageOfPage":{"@id":"https:\/\/uolhost.uol.com.br\/blog\/compras-coletivas-estao-chegando-ao-fim\/#primaryimage"},"image":{"@id":"https:\/\/uolhost.uol.com.br\/blog\/compras-coletivas-estao-chegando-ao-fim\/#primaryimage"},"thumbnailUrl":"https:\/\/uolhost.uol.com.br\/blog\/wp-content\/uploads\/2020\/05\/compras-coletivas-1422452497663_600x250.png?wsr","datePublished":"2020-05-14T14:39:01+00:00","dateModified":"2026-04-23T21:44:10+00:00","description":"Compras coletivas chegaram ao fim ou ainda t\u00eam espa\u00e7o? Veja o que est\u00e1 por tr\u00e1s dessa mudan\u00e7a no mercado.","breadcrumb":{"@id":"https:\/\/uolhost.uol.com.br\/blog\/compras-coletivas-estao-chegando-ao-fim\/#breadcrumb"},"inLanguage":"pt-BR","potentialAction":[{"@type":"ReadAction","target":["https:\/\/uolhost.uol.com.br\/blog\/compras-coletivas-estao-chegando-ao-fim\/"]}]},{"@type":"ImageObject","inLanguage":"pt-BR","@id":"https:\/\/uolhost.uol.com.br\/blog\/compras-coletivas-estao-chegando-ao-fim\/#primaryimage","url":"https:\/\/uolhost.uol.com.br\/blog\/wp-content\/uploads\/2020\/05\/compras-coletivas-1422452497663_600x250.png?wsr","contentUrl":"https:\/\/uolhost.uol.com.br\/blog\/wp-content\/uploads\/2020\/05\/compras-coletivas-1422452497663_600x250.png?wsr","width":600,"height":250},{"@type":"BreadcrumbList","@id":"https:\/\/uolhost.uol.com.br\/blog\/compras-coletivas-estao-chegando-ao-fim\/#breadcrumb","itemListElement":[{"@type":"ListItem","position":1,"name":"In\u00edcio","item":"https:\/\/uolhost.uol.com.br\/blog\/"},{"@type":"ListItem","position":2,"name":"Compras coletivas acabaram? Entenda o que mudou nesse modelo"}]},{"@type":"WebSite","@id":"https:\/\/uolhost.uol.com.br\/blog\/#website","url":"https:\/\/uolhost.uol.com.br\/blog\/","name":"Blog UOL Host","description":"","publisher":{"@id":"https:\/\/uolhost.uol.com.br\/blog\/#organization"},"potentialAction":[{"@type":"SearchAction","target":{"@type":"EntryPoint","urlTemplate":"https:\/\/uolhost.uol.com.br\/blog\/?s={search_term_string}"},"query-input":{"@type":"PropertyValueSpecification","valueRequired":true,"valueName":"search_term_string"}}],"inLanguage":"pt-BR"},{"@type":"Organization","@id":"https:\/\/uolhost.uol.com.br\/blog\/#organization","name":"Blog UOL Host","url":"https:\/\/uolhost.uol.com.br\/blog\/","logo":{"@type":"ImageObject","inLanguage":"pt-BR","@id":"https:\/\/uolhost.uol.com.br\/blog\/#\/schema\/logo\/image\/","url":"https:\/\/uolhost.uol.com.br\/blog\/wp-content\/uploads\/2025\/01\/UOL_Host.png?wsr","contentUrl":"https:\/\/uolhost.uol.com.br\/blog\/wp-content\/uploads\/2025\/01\/UOL_Host.png?wsr","width":2000,"height":393,"caption":"Blog UOL Host"},"image":{"@id":"https:\/\/uolhost.uol.com.br\/blog\/#\/schema\/logo\/image\/"}},{"@type":"Person","@id":"https:\/\/uolhost.uol.com.br\/blog\/#\/schema\/person\/41505c2cd07dc07109e30bea51edee93","name":"Yuri Torres","image":{"@type":"ImageObject","inLanguage":"pt-BR","@id":"https:\/\/uolhost.uol.com.br\/blog\/#\/schema\/person\/image\/","url":"https:\/\/secure.gravatar.com\/avatar\/4c96a05faea9fdf86f95d5b723e438c9cc14ad5c342d76486e5a4c8ac8259492?s=96&d=mm&r=g","contentUrl":"https:\/\/secure.gravatar.com\/avatar\/4c96a05faea9fdf86f95d5b723e438c9cc14ad5c342d76486e5a4c8ac8259492?s=96&d=mm&r=g","caption":"Yuri Torres"},"description":"Profissional de Reda\u00e7\u00e3o e Marketing, com 10 anos de experi\u00eancia no desenvolvimento de estrat\u00e9gias de conte\u00fado voltadas \u00e0 comunica\u00e7\u00e3o de marcas. Atua na cria\u00e7\u00e3o de materiais que fortalecem a presen\u00e7a digital, ampliam o engajamento e contribuem para o alcance de resultados alinhados aos objetivos de neg\u00f3cio, com experi\u00eancia no atendimento a empresas de diferentes segmentos. LinkedIn","sameAs":["https:\/\/www.linkedin.com\/in\/yuri-torres-271093108\/"],"url":"https:\/\/uolhost.uol.com.br\/blog\/author\/yuri-torres\/"}]}},"_links":{"self":[{"href":"https:\/\/uolhost.uol.com.br\/blog\/wp-json\/wp\/v2\/posts\/5967","targetHints":{"allow":["GET"]}}],"collection":[{"href":"https:\/\/uolhost.uol.com.br\/blog\/wp-json\/wp\/v2\/posts"}],"about":[{"href":"https:\/\/uolhost.uol.com.br\/blog\/wp-json\/wp\/v2\/types\/post"}],"author":[{"embeddable":true,"href":"https:\/\/uolhost.uol.com.br\/blog\/wp-json\/wp\/v2\/users\/24"}],"replies":[{"embeddable":true,"href":"https:\/\/uolhost.uol.com.br\/blog\/wp-json\/wp\/v2\/comments?post=5967"}],"version-history":[{"count":2,"href":"https:\/\/uolhost.uol.com.br\/blog\/wp-json\/wp\/v2\/posts\/5967\/revisions"}],"predecessor-version":[{"id":20630,"href":"https:\/\/uolhost.uol.com.br\/blog\/wp-json\/wp\/v2\/posts\/5967\/revisions\/20630"}],"wp:featuredmedia":[{"embeddable":true,"href":"https:\/\/uolhost.uol.com.br\/blog\/wp-json\/wp\/v2\/media\/5968"}],"wp:attachment":[{"href":"https:\/\/uolhost.uol.com.br\/blog\/wp-json\/wp\/v2\/media?parent=5967"}],"wp:term":[{"taxonomy":"category","embeddable":true,"href":"https:\/\/uolhost.uol.com.br\/blog\/wp-json\/wp\/v2\/categories?post=5967"},{"taxonomy":"post_tag","embeddable":true,"href":"https:\/\/uolhost.uol.com.br\/blog\/wp-json\/wp\/v2\/tags?post=5967"}],"curies":[{"name":"wp","href":"https:\/\/api.w.org\/{rel}","templated":true}]}}