{"id":5991,"date":"2020-05-14T18:07:03","date_gmt":"2020-05-14T21:07:03","guid":{"rendered":"https:\/\/meunegocio.uol.com.br\/blog\/?p=5991"},"modified":"2026-01-15T07:54:43","modified_gmt":"2026-01-15T10:54:43","slug":"especial-dia-das-mulheres-5-mulheres-que-marcam-presenca-no-comercio-eletronico","status":"publish","type":"post","link":"https:\/\/uolhost.uol.com.br\/blog\/especial-dia-das-mulheres-5-mulheres-que-marcam-presenca-no-comercio-eletronico\/","title":{"rendered":"Especial Dia das Mulheres: 5 mulheres que marcam presen\u00e7a no com\u00e9rcio eletr\u00f4nico"},"content":{"rendered":"<h2 style=\"font-family: UOLText, Arial, sans-serif; font-weight: 100; line-height: 1.1; color: #444444; margin-bottom: 25px; font-size: 26px; letter-spacing: normal; text-align: start;\">Inspire-se com estas hist\u00f3rias de sucesso<\/h2>\n<p style=\"font-size: 17px; line-height: 24px; word-break: break-word; color: #666666; font-family: UOLText, Arial, sans-serif; letter-spacing: normal;\">Lugar de mulher \u00e9&#8230; no mundo dos neg\u00f3cios, claro! Foi por essa causa (entre tantas outras) que, no s\u00e9culo passado, nossas antepassadas foram \u00e0s ruas exigir direitos iguais.<\/p>\n<p style=\"font-size: 17px; line-height: 24px; word-break: break-word; color: #666666; font-family: UOLText, Arial, sans-serif; letter-spacing: normal;\">E hoje vivemos em uma realidade bem mais favor\u00e1vel que a de 50 anos atr\u00e1s. Nem tudo s\u00e3o flores: no Brasil, as mulheres t\u00eam um sal\u00e1rio de 73% do total recebido pelos homens, segundo resultados da Pnad 2012 (Pesquisa Nacional por Amostra de Domic\u00edlios).<\/p>\n<p style=\"font-size: 17px; line-height: 24px; word-break: break-word; color: #666666; font-family: UOLText, Arial, sans-serif; letter-spacing: normal;\">Mas a porcentagem de trabalhadoras no mercado vem crescendo. Em 2012, o n\u00famero de mulheres com carteira assinada cresceu quase 6% em rela\u00e7\u00e3o a 2011.<\/p>\n<p style=\"font-size: 17px; line-height: 24px; word-break: break-word; color: #666666; font-family: UOLText, Arial, sans-serif; letter-spacing: normal;\">No ramo do empreendedorismo, os n\u00fameros tamb\u00e9m s\u00e3o animadores. De acordo com pesquisa realizada pelo Sebrae, mais de 30% de micro e pequenas empresas s\u00e3o comandadas por mulheres. E quando o assunto \u00e9 a participa\u00e7\u00e3o em novos neg\u00f3cios, elas quase atingem a marca de 50%.<\/p>\n<p style=\"font-size: 17px; line-height: 24px; word-break: break-word; color: #666666; font-family: UOLText, Arial, sans-serif; letter-spacing: normal;\">Para comemorar o dia delas, conhe\u00e7a quatro hist\u00f3rias de empreendedoras que est\u00e3o se aventurando no com\u00e9rcio eletr\u00f4nico.<\/p>\n<p style=\"font-size: 17px; line-height: 24px; word-break: break-word; color: #666666; font-family: UOLText, Arial, sans-serif; letter-spacing: normal;\">Quem sabe essa n\u00e3o \u00e9 a inspira\u00e7\u00e3o de que voc\u00ea precisava para acreditar e investir na sua&nbsp;<a href=\"https:\/\/meunegocio.uol.com.br\/loja-virtual\" target=\"_blank\" rel=\"noopener noreferrer\">loja virtual<\/a>?<\/p>\n<p style=\"font-size: 17px; line-height: 24px; word-break: break-word; color: #666666; font-family: UOLText, Arial, sans-serif; letter-spacing: normal;\">Alana Louren\u00e7o e Carolina Lima &#8211; Prapreta<\/p>\n<p style=\"font-size: 17px; line-height: 24px; word-break: break-word; color: #666666; font-family: UOLText, Arial, sans-serif; letter-spacing: normal;\">No come\u00e7o de 2012, as duas amigas notaram que faltava, na internet, uma loja especializada em produtos de beleza para mulheres negras. Durante mais de um ano, elas amadureceram a ideia, estudaram o mercado e planejaram o neg\u00f3cio.<\/p>\n<p style=\"font-size: 17px; line-height: 24px; word-break: break-word; color: #666666; font-family: UOLText, Arial, sans-serif; letter-spacing: normal;\">Quando o projeto estava maduro, em agosto de 2013,a dupla colocou no ar o site Prapreta, e-commerce especializado em cosm\u00e9ticos para mulheres negras.<\/p>\n<p style=\"font-size: 17px; line-height: 24px; word-break: break-word; color: #666666; font-family: UOLText, Arial, sans-serif; letter-spacing: normal;\">Para o pontap\u00e9 inicial, as s\u00f3cias investiram 30 mil reais, sendo que parte da verba foi recurso pr\u00f3prio, e outra parte veio de empr\u00e9stimo do Banco do Povo.<\/p>\n<p style=\"font-size: 17px; line-height: 24px; word-break: break-word; color: #666666; font-family: UOLText, Arial, sans-serif; letter-spacing: normal;\">&#8220;Nossa proje\u00e7\u00e3o inicial \u00e9 ter o retorno do valor investido em um ano&#8221;, conta Alana.<\/p>\n<p style=\"font-size: 17px; line-height: 24px; word-break: break-word; color: #666666; font-family: UOLText, Arial, sans-serif; letter-spacing: normal;\">Para que a loja atraia clientes, e consequentemente elas alcancem o objetivo de faturamento, as empres\u00e1rias fizeram cursos sobre os produtos que oferecem, e buscaram certificados de confiabilidade para o site.<\/p>\n<p style=\"margin-bottom: 20px; font-size: 17px; line-height: 24px; word-break: break-word; color: #666666; font-family: UOLText, Arial, sans-serif; letter-spacing: normal;\">&#8220;A seguran\u00e7a do ambiente virtual reflete em vendas&#8221; afirma a empreendedora.<\/p>\n<p>\t\t\t\t\t\t\t\t\t\t\t<a href=\"http:\/\/clicklogger.rm.uol.com.br\/?prd=939&amp;grp=src:13;chn:546;cpg:cross-sell-banner-site-pronto;&amp;msr=Cliques%20de%20Origem:1&amp;oper=11&amp;redir=https:\/\/cadastro.uol.com.br\/indexb.html?eos=yes&amp;skin=cadastrounificado\/visitor\/pf&amp;skinPath=meunegocio&amp;promochild=PROMPKSC3387\"><br \/>\n<img loading=\"lazy\" decoding=\"async\" width=\"600\" height=\"150\" src=\"https:\/\/uolhost.uol.com.br\/blog\/wp-content\/uploads\/2020\/04\/banner_uolmn_lojavirtuol_academia-1.gif\" alt=\"\">\t\t\t\t\t\t\t\t<\/a><\/p>\n<p style=\"font-size: 17px; line-height: 24px; word-break: break-word; color: #666666; font-family: UOLText, Arial, sans-serif; letter-spacing: normal;\"><a style=\"color: #1082be;\" href=\"https:\/\/www.tricae.com.br\/\" target=\"_blank\" rel=\"noopener noreferrer\">Juliana Mader Duarte &#8211; Tricae<\/a><\/p>\n<p style=\"font-size: 17px; line-height: 24px; word-break: break-word; color: #666666; font-family: UOLText, Arial, sans-serif; letter-spacing: normal;\">Com 29 anos, Juliana vive entre fraldas, brinquedos e roupinhas de tamanho 2. Mas isso n\u00e3o tem nada a ver com sua vida pessoal. Ela \u00e9 cofundadora daTricae, e-commerce especializado em artigos infantis, criada em 2011.<\/p>\n<p style=\"font-size: 17px; line-height: 24px; word-break: break-word; color: #666666; font-family: UOLText, Arial, sans-serif; letter-spacing: normal;\">Juliana e seu s\u00f3cio, Wilson Firmino, contaram com uma &#8220;forcinha&#8221; de investidoras do mercado para fazer a marca decolar. Juntas, a Rocket Internet, Millicom e AB-Kinnevik injetaram 20 milh\u00f5es na loja virtual.<\/p>\n<p style=\"font-size: 17px; line-height: 24px; word-break: break-word; color: #666666; font-family: UOLText, Arial, sans-serif; letter-spacing: normal;\">Mas n\u00e3o pense que o aporte financeiro resolveu todos os problemas da empreendedora. Para ela, as dificuldades v\u00e3o muito al\u00e9m, especialmente pelo fato de ser mulher.<\/p>\n<p style=\"font-size: 17px; line-height: 24px; word-break: break-word; color: #666666; font-family: UOLText, Arial, sans-serif; letter-spacing: normal;\">&#8220;O mundo ainda \u00e9 bastante machista e o fato de eu ser nova tamb\u00e9m torna mais dif\u00edcil essa empreitada. N\u00e3o \u00e9 f\u00e1cil conquistar a confian\u00e7a de pessoas do mercado&#8221;, revela a empreendedora.<\/p>\n<p style=\"font-size: 17px; line-height: 24px; word-break: break-word; color: #666666; font-family: UOLText, Arial, sans-serif; letter-spacing: normal;\">Para enfrentar essas dificuldades, sua dica \u00e9 ser firme e ter seguran\u00e7a no que faz e fala.<br \/>\n&#8220;Sua postura e capacidade de demonstrar seguran\u00e7a e conhecimento s\u00e3o mais importantes do que o fato de voc\u00ea ser jovem ou mulher&#8221;, diz ela.<\/p>\n<p style=\"font-size: 17px; line-height: 24px; word-break: break-word; color: #666666; font-family: UOLText, Arial, sans-serif; letter-spacing: normal;\"><a style=\"color: #1082be;\" href=\"https:\/\/www.camilaklein.com.br\/\" target=\"_blank\" rel=\"noopener noreferrer\">Camila Klein &#8211; Camila Klein<\/a><\/p>\n<p style=\"font-size: 17px; line-height: 24px; word-break: break-word; color: #666666; font-family: UOLText, Arial, sans-serif; letter-spacing: normal;\">Para a designer tempo n\u00e3o \u00e9 dinheiro, e sim luxo! \u00c9 com esse glamour e feminilidade que ela toca a sua loja virtual de acess\u00f3rios femininos.<\/p>\n<p style=\"font-size: 17px; line-height: 24px; word-break: break-word; color: #666666; font-family: UOLText, Arial, sans-serif; letter-spacing: normal;\">H\u00e1 mais de 10 anos no mercado com lojas f\u00edsicas, a empres\u00e1ria decidiu investir no mundo virtual justamente por achar que quanto agilidade e rapidez no momento da compra trariam mais satisfa\u00e7\u00e3o \u00e0s clientes.<\/p>\n<p style=\"font-size: 17px; line-height: 24px; word-break: break-word; color: #666666; font-family: UOLText, Arial, sans-serif; letter-spacing: normal;\">No entanto, ela toma o cuidado de n\u00e3o transformar essa facilidade em um atendimento rob\u00f3tico e sem gra\u00e7a.<\/p>\n<p style=\"font-size: 17px; line-height: 24px; word-break: break-word; color: #666666; font-family: UOLText, Arial, sans-serif; letter-spacing: normal;\">&#8220;Nossas clientes recebem todo aux\u00edlio durante as compras, inclusive com acompanhamento por telefone. Elas recebem, tamb\u00e9m, os produtos embalados com o aroma do ch\u00e1 servido nas filiais f\u00edsicas&#8221;, conta a empreendedora.<\/p>\n<p style=\"font-size: 17px; line-height: 24px; word-break: break-word; color: #666666; font-family: UOLText, Arial, sans-serif; letter-spacing: normal;\"><a style=\"color: #1082be;\" href=\"https:\/\/myglossacessorios.com.br\/\" target=\"_blank\" rel=\"noopener noreferrer\">Katia Stocco &#8211; My Gloss<\/a><\/p>\n<p style=\"font-size: 17px; line-height: 24px; word-break: break-word; color: #666666; font-family: UOLText, Arial, sans-serif; letter-spacing: normal;\">S\u00f3cia, diretora de cria\u00e7\u00e3o e branding e estilista. Katia n\u00e3o ocupa apenas um, mas tr\u00eas cargos na loja de moda e acess\u00f3rios.<\/p>\n<p style=\"font-size: 17px; line-height: 24px; word-break: break-word; color: #666666; font-family: UOLText, Arial, sans-serif; letter-spacing: normal;\">A loja come\u00e7ou com um blog. No in\u00edcio eram s\u00f3 dicas e artigos de moda. A popularidade da p\u00e1gina levou K\u00e1tia e seu s\u00f3cio, Rodrigo, a investirem no mercado online, em 2009.<\/p>\n<p style=\"font-size: 17px; line-height: 24px; word-break: break-word; color: #666666; font-family: UOLText, Arial, sans-serif; letter-spacing: normal;\">E, segundo eles, essa foi a decis\u00e3o mais acertada que podiam ter. com o sucesso no e-commerce, eles fizeram o caminho inverso do trilhado pro muitos e abriram a primeira loja f\u00edsica em 2011, em Campo Grande (MS).<\/p>\n<p style=\"font-size: 17px; line-height: 24px; word-break: break-word; color: #666666; font-family: UOLText, Arial, sans-serif; letter-spacing: normal;\">Hoje, a marca tem 23 lojas espalhadas pelo Brasil. Em 2013, ofaturamento da rede foi de 15 milh\u00f5es de reais.<\/p>\n<p style=\"font-size: 17px; line-height: 24px; word-break: break-word; color: #666666; font-family: UOLText, Arial, sans-serif; letter-spacing: normal;\">As cifras se devem ao bom controle financeiro que K\u00e1tia faz, desde o come\u00e7o, da marca.<\/p>\n<p style=\"font-size: 17px; line-height: 24px; word-break: break-word; color: #666666; font-family: UOLText, Arial, sans-serif; letter-spacing: normal;\">&#8220;Enxugar gastos \u00e9 essencial. O controle dos custos da opera\u00e7\u00e3o \u00e9 fundamental para evitar grandes preju\u00edzos&#8221;, conta a empres\u00e1ria.<\/p>\n<p style=\"margin-bottom: 20px; font-size: 17px; line-height: 24px; word-break: break-word; color: #666666; font-family: UOLText, Arial, sans-serif; letter-spacing: normal;\">E voc\u00ea, leitora, est\u00e1 pensando em empreender? Crie j\u00e1 sua&nbsp;<a href=\"https:\/\/meunegocio.uol.com.br\/loja-virtual\" target=\"_blank\" rel=\"noopener noreferrer\">Loja Virtual no UOL Meu Neg\u00f3cio<\/a>, quem sabe ela n\u00e3o se torna um caso de sucesso como os citados acima.<\/p>\n","protected":false},"excerpt":{"rendered":"<p>Inspire-se com estas hist\u00f3rias de sucesso Lugar de mulher \u00e9&#8230; no mundo dos neg\u00f3cios, claro! Foi por essa causa (entre tantas outras) que, no s\u00e9culo passado, nossas antepassadas foram \u00e0s ruas exigir direitos iguais. E hoje vivemos em uma realidade bem mais favor\u00e1vel que a de 50 anos atr\u00e1s. Nem tudo s\u00e3o flores: no Brasil, [&hellip;]<\/p>\n","protected":false},"author":24,"featured_media":5992,"comment_status":"closed","ping_status":"closed","sticky":false,"template":"","format":"standard","meta":{"footnotes":""},"categories":[53,33,88,38,43],"tags":[],"class_list":["post-5991","post","type-post","status-publish","format-standard","has-post-thumbnail","hentry","category-cases","category-presenca-digital","category-produtos-uol-meu-negocio","category-solucoes","category-tudo-para-sua-loja-virtual"],"gutentor_comment":0,"yoast_head":"<!-- This site is optimized with the Yoast SEO plugin v26.4 - https:\/\/yoast.com\/wordpress\/plugins\/seo\/ -->\n<title>Especial Dia das Mulheres: 5 mulheres que marcam presen\u00e7a no com\u00e9rcio eletr\u00f4nico -<\/title>\n<meta name=\"description\" content=\"Especial Dia das Mulheres: 5 mulheres que marcam presen\u00e7a no com\u00e9rcio eletr\u00f4nico: leia este ou outros artigos sobre E-commerce na Academia UOL Meu Neg\u00f3cio.\" \/>\n<meta name=\"robots\" content=\"index, follow, max-snippet:-1, max-image-preview:large, max-video-preview:-1\" \/>\n<link rel=\"canonical\" href=\"https:\/\/uolhost.uol.com.br\/blog\/especial-dia-das-mulheres-5-mulheres-que-marcam-presenca-no-comercio-eletronico\/\" \/>\n<meta property=\"og:locale\" content=\"pt_BR\" \/>\n<meta property=\"og:type\" content=\"article\" \/>\n<meta property=\"og:title\" content=\"Especial Dia das Mulheres: 5 mulheres que marcam presen\u00e7a no com\u00e9rcio eletr\u00f4nico -\" \/>\n<meta property=\"og:description\" content=\"Especial Dia das Mulheres: 5 mulheres que marcam presen\u00e7a no com\u00e9rcio eletr\u00f4nico: leia este ou outros artigos sobre E-commerce na Academia UOL Meu Neg\u00f3cio.\" \/>\n<meta property=\"og:url\" content=\"https:\/\/uolhost.uol.com.br\/blog\/especial-dia-das-mulheres-5-mulheres-que-marcam-presenca-no-comercio-eletronico\/\" \/>\n<meta property=\"article:published_time\" content=\"2020-05-14T21:07:03+00:00\" \/>\n<meta property=\"article:modified_time\" content=\"2026-01-15T10:54:43+00:00\" \/>\n<meta property=\"og:image\" content=\"https:\/\/uolhost.uol.com.br\/blog\/wp-content\/uploads\/2020\/05\/especial-dia-das-mulheres-5-mulheres-que-marcam-presenca-no-comercio-eletronico-1394133175721_600x320.jpg\" \/>\n\t<meta property=\"og:image:width\" content=\"600\" \/>\n\t<meta property=\"og:image:height\" content=\"320\" \/>\n\t<meta property=\"og:image:type\" content=\"image\/jpeg\" \/>\n<meta name=\"author\" content=\"Yuri Torres\" \/>\n<meta name=\"twitter:card\" content=\"summary_large_image\" \/>\n<meta name=\"twitter:label1\" content=\"Escrito por\" \/>\n\t<meta name=\"twitter:data1\" content=\"Yuri Torres\" \/>\n\t<meta name=\"twitter:label2\" content=\"Est. tempo de leitura\" \/>\n\t<meta name=\"twitter:data2\" content=\"4 minutos\" \/>\n<script type=\"application\/ld+json\" class=\"yoast-schema-graph\">{\"@context\":\"https:\/\/schema.org\",\"@graph\":[{\"@type\":\"Article\",\"@id\":\"https:\/\/uolhost.uol.com.br\/blog\/especial-dia-das-mulheres-5-mulheres-que-marcam-presenca-no-comercio-eletronico\/#article\",\"isPartOf\":{\"@id\":\"https:\/\/uolhost.uol.com.br\/blog\/especial-dia-das-mulheres-5-mulheres-que-marcam-presenca-no-comercio-eletronico\/\"},\"author\":{\"name\":\"Yuri Torres\",\"@id\":\"https:\/\/uolhost.uol.com.br\/blog\/#\/schema\/person\/41505c2cd07dc07109e30bea51edee93\"},\"headline\":\"Especial Dia das Mulheres: 5 mulheres que marcam presen\u00e7a no com\u00e9rcio eletr\u00f4nico\",\"datePublished\":\"2020-05-14T21:07:03+00:00\",\"dateModified\":\"2026-01-15T10:54:43+00:00\",\"mainEntityOfPage\":{\"@id\":\"https:\/\/uolhost.uol.com.br\/blog\/especial-dia-das-mulheres-5-mulheres-que-marcam-presenca-no-comercio-eletronico\/\"},\"wordCount\":868,\"publisher\":{\"@id\":\"https:\/\/uolhost.uol.com.br\/blog\/#organization\"},\"image\":{\"@id\":\"https:\/\/uolhost.uol.com.br\/blog\/especial-dia-das-mulheres-5-mulheres-que-marcam-presenca-no-comercio-eletronico\/#primaryimage\"},\"thumbnailUrl\":\"https:\/\/uolhost.uol.com.br\/blog\/wp-content\/uploads\/2020\/05\/especial-dia-das-mulheres-5-mulheres-que-marcam-presenca-no-comercio-eletronico-1394133175721_600x320.jpg?wsr\",\"articleSection\":[\"Cases\",\"Presen\u00e7a digital\",\"Produtos UOL Meu Neg\u00f3cio\",\"Solu\u00e7\u00f5es\",\"Tudo para sua Loja Virtual\"],\"inLanguage\":\"pt-BR\"},{\"@type\":\"WebPage\",\"@id\":\"https:\/\/uolhost.uol.com.br\/blog\/especial-dia-das-mulheres-5-mulheres-que-marcam-presenca-no-comercio-eletronico\/\",\"url\":\"https:\/\/uolhost.uol.com.br\/blog\/especial-dia-das-mulheres-5-mulheres-que-marcam-presenca-no-comercio-eletronico\/\",\"name\":\"Especial Dia das Mulheres: 5 mulheres que marcam presen\u00e7a no com\u00e9rcio eletr\u00f4nico -\",\"isPartOf\":{\"@id\":\"https:\/\/uolhost.uol.com.br\/blog\/#website\"},\"primaryImageOfPage\":{\"@id\":\"https:\/\/uolhost.uol.com.br\/blog\/especial-dia-das-mulheres-5-mulheres-que-marcam-presenca-no-comercio-eletronico\/#primaryimage\"},\"image\":{\"@id\":\"https:\/\/uolhost.uol.com.br\/blog\/especial-dia-das-mulheres-5-mulheres-que-marcam-presenca-no-comercio-eletronico\/#primaryimage\"},\"thumbnailUrl\":\"https:\/\/uolhost.uol.com.br\/blog\/wp-content\/uploads\/2020\/05\/especial-dia-das-mulheres-5-mulheres-que-marcam-presenca-no-comercio-eletronico-1394133175721_600x320.jpg?wsr\",\"datePublished\":\"2020-05-14T21:07:03+00:00\",\"dateModified\":\"2026-01-15T10:54:43+00:00\",\"description\":\"Especial Dia das Mulheres: 5 mulheres que marcam presen\u00e7a no com\u00e9rcio eletr\u00f4nico: leia este ou outros artigos sobre E-commerce na Academia UOL Meu Neg\u00f3cio.\",\"breadcrumb\":{\"@id\":\"https:\/\/uolhost.uol.com.br\/blog\/especial-dia-das-mulheres-5-mulheres-que-marcam-presenca-no-comercio-eletronico\/#breadcrumb\"},\"inLanguage\":\"pt-BR\",\"potentialAction\":[{\"@type\":\"ReadAction\",\"target\":[\"https:\/\/uolhost.uol.com.br\/blog\/especial-dia-das-mulheres-5-mulheres-que-marcam-presenca-no-comercio-eletronico\/\"]}]},{\"@type\":\"ImageObject\",\"inLanguage\":\"pt-BR\",\"@id\":\"https:\/\/uolhost.uol.com.br\/blog\/especial-dia-das-mulheres-5-mulheres-que-marcam-presenca-no-comercio-eletronico\/#primaryimage\",\"url\":\"https:\/\/uolhost.uol.com.br\/blog\/wp-content\/uploads\/2020\/05\/especial-dia-das-mulheres-5-mulheres-que-marcam-presenca-no-comercio-eletronico-1394133175721_600x320.jpg?wsr\",\"contentUrl\":\"https:\/\/uolhost.uol.com.br\/blog\/wp-content\/uploads\/2020\/05\/especial-dia-das-mulheres-5-mulheres-que-marcam-presenca-no-comercio-eletronico-1394133175721_600x320.jpg?wsr\",\"width\":600,\"height\":320},{\"@type\":\"BreadcrumbList\",\"@id\":\"https:\/\/uolhost.uol.com.br\/blog\/especial-dia-das-mulheres-5-mulheres-que-marcam-presenca-no-comercio-eletronico\/#breadcrumb\",\"itemListElement\":[{\"@type\":\"ListItem\",\"position\":1,\"name\":\"In\u00edcio\",\"item\":\"https:\/\/uolhost.uol.com.br\/blog\/\"},{\"@type\":\"ListItem\",\"position\":2,\"name\":\"Especial Dia das Mulheres: 5 mulheres que marcam presen\u00e7a no com\u00e9rcio eletr\u00f4nico\"}]},{\"@type\":\"WebSite\",\"@id\":\"https:\/\/uolhost.uol.com.br\/blog\/#website\",\"url\":\"https:\/\/uolhost.uol.com.br\/blog\/\",\"name\":\"Blog UOL Host\",\"description\":\"\",\"publisher\":{\"@id\":\"https:\/\/uolhost.uol.com.br\/blog\/#organization\"},\"potentialAction\":[{\"@type\":\"SearchAction\",\"target\":{\"@type\":\"EntryPoint\",\"urlTemplate\":\"https:\/\/uolhost.uol.com.br\/blog\/?s={search_term_string}\"},\"query-input\":{\"@type\":\"PropertyValueSpecification\",\"valueRequired\":true,\"valueName\":\"search_term_string\"}}],\"inLanguage\":\"pt-BR\"},{\"@type\":\"Organization\",\"@id\":\"https:\/\/uolhost.uol.com.br\/blog\/#organization\",\"name\":\"Blog UOL Host\",\"url\":\"https:\/\/uolhost.uol.com.br\/blog\/\",\"logo\":{\"@type\":\"ImageObject\",\"inLanguage\":\"pt-BR\",\"@id\":\"https:\/\/uolhost.uol.com.br\/blog\/#\/schema\/logo\/image\/\",\"url\":\"https:\/\/uolhost.uol.com.br\/blog\/wp-content\/uploads\/2025\/01\/UOL_Host.png?wsr\",\"contentUrl\":\"https:\/\/uolhost.uol.com.br\/blog\/wp-content\/uploads\/2025\/01\/UOL_Host.png?wsr\",\"width\":2000,\"height\":393,\"caption\":\"Blog UOL Host\"},\"image\":{\"@id\":\"https:\/\/uolhost.uol.com.br\/blog\/#\/schema\/logo\/image\/\"}},{\"@type\":\"Person\",\"@id\":\"https:\/\/uolhost.uol.com.br\/blog\/#\/schema\/person\/41505c2cd07dc07109e30bea51edee93\",\"name\":\"Yuri Torres\",\"image\":{\"@type\":\"ImageObject\",\"inLanguage\":\"pt-BR\",\"@id\":\"https:\/\/uolhost.uol.com.br\/blog\/#\/schema\/person\/image\/\",\"url\":\"https:\/\/secure.gravatar.com\/avatar\/4c96a05faea9fdf86f95d5b723e438c9cc14ad5c342d76486e5a4c8ac8259492?s=96&d=mm&r=g\",\"contentUrl\":\"https:\/\/secure.gravatar.com\/avatar\/4c96a05faea9fdf86f95d5b723e438c9cc14ad5c342d76486e5a4c8ac8259492?s=96&d=mm&r=g\",\"caption\":\"Yuri Torres\"},\"description\":\"Profissional de Reda\u00e7\u00e3o e Marketing, com 10 anos de experi\u00eancia no desenvolvimento de estrat\u00e9gias de conte\u00fado voltadas \u00e0 comunica\u00e7\u00e3o de marcas. Atua na cria\u00e7\u00e3o de materiais que fortalecem a presen\u00e7a digital, ampliam o engajamento e contribuem para o alcance de resultados alinhados aos objetivos de neg\u00f3cio, com experi\u00eancia no atendimento a empresas de diferentes segmentos. LinkedIn\",\"sameAs\":[\"https:\/\/www.linkedin.com\/in\/yuri-torres-271093108\/\"],\"url\":\"https:\/\/uolhost.uol.com.br\/blog\/author\/yuri-torres\/\"}]}<\/script>\n<!-- \/ Yoast SEO plugin. -->","yoast_head_json":{"title":"Especial Dia das Mulheres: 5 mulheres que marcam presen\u00e7a no com\u00e9rcio eletr\u00f4nico -","description":"Especial Dia das Mulheres: 5 mulheres que marcam presen\u00e7a no com\u00e9rcio eletr\u00f4nico: leia este ou outros artigos sobre E-commerce na Academia UOL Meu Neg\u00f3cio.","robots":{"index":"index","follow":"follow","max-snippet":"max-snippet:-1","max-image-preview":"max-image-preview:large","max-video-preview":"max-video-preview:-1"},"canonical":"https:\/\/uolhost.uol.com.br\/blog\/especial-dia-das-mulheres-5-mulheres-que-marcam-presenca-no-comercio-eletronico\/","og_locale":"pt_BR","og_type":"article","og_title":"Especial Dia das Mulheres: 5 mulheres que marcam presen\u00e7a no com\u00e9rcio eletr\u00f4nico -","og_description":"Especial Dia das Mulheres: 5 mulheres que marcam presen\u00e7a no com\u00e9rcio eletr\u00f4nico: leia este ou outros artigos sobre E-commerce na Academia UOL Meu Neg\u00f3cio.","og_url":"https:\/\/uolhost.uol.com.br\/blog\/especial-dia-das-mulheres-5-mulheres-que-marcam-presenca-no-comercio-eletronico\/","article_published_time":"2020-05-14T21:07:03+00:00","article_modified_time":"2026-01-15T10:54:43+00:00","og_image":[{"width":600,"height":320,"url":"https:\/\/uolhost.uol.com.br\/blog\/wp-content\/uploads\/2020\/05\/especial-dia-das-mulheres-5-mulheres-que-marcam-presenca-no-comercio-eletronico-1394133175721_600x320.jpg","type":"image\/jpeg"}],"author":"Yuri Torres","twitter_card":"summary_large_image","twitter_misc":{"Escrito por":"Yuri Torres","Est. tempo de leitura":"4 minutos"},"schema":{"@context":"https:\/\/schema.org","@graph":[{"@type":"Article","@id":"https:\/\/uolhost.uol.com.br\/blog\/especial-dia-das-mulheres-5-mulheres-que-marcam-presenca-no-comercio-eletronico\/#article","isPartOf":{"@id":"https:\/\/uolhost.uol.com.br\/blog\/especial-dia-das-mulheres-5-mulheres-que-marcam-presenca-no-comercio-eletronico\/"},"author":{"name":"Yuri Torres","@id":"https:\/\/uolhost.uol.com.br\/blog\/#\/schema\/person\/41505c2cd07dc07109e30bea51edee93"},"headline":"Especial Dia das Mulheres: 5 mulheres que marcam presen\u00e7a no com\u00e9rcio eletr\u00f4nico","datePublished":"2020-05-14T21:07:03+00:00","dateModified":"2026-01-15T10:54:43+00:00","mainEntityOfPage":{"@id":"https:\/\/uolhost.uol.com.br\/blog\/especial-dia-das-mulheres-5-mulheres-que-marcam-presenca-no-comercio-eletronico\/"},"wordCount":868,"publisher":{"@id":"https:\/\/uolhost.uol.com.br\/blog\/#organization"},"image":{"@id":"https:\/\/uolhost.uol.com.br\/blog\/especial-dia-das-mulheres-5-mulheres-que-marcam-presenca-no-comercio-eletronico\/#primaryimage"},"thumbnailUrl":"https:\/\/uolhost.uol.com.br\/blog\/wp-content\/uploads\/2020\/05\/especial-dia-das-mulheres-5-mulheres-que-marcam-presenca-no-comercio-eletronico-1394133175721_600x320.jpg?wsr","articleSection":["Cases","Presen\u00e7a digital","Produtos UOL Meu Neg\u00f3cio","Solu\u00e7\u00f5es","Tudo para sua Loja Virtual"],"inLanguage":"pt-BR"},{"@type":"WebPage","@id":"https:\/\/uolhost.uol.com.br\/blog\/especial-dia-das-mulheres-5-mulheres-que-marcam-presenca-no-comercio-eletronico\/","url":"https:\/\/uolhost.uol.com.br\/blog\/especial-dia-das-mulheres-5-mulheres-que-marcam-presenca-no-comercio-eletronico\/","name":"Especial Dia das Mulheres: 5 mulheres que marcam presen\u00e7a no com\u00e9rcio eletr\u00f4nico -","isPartOf":{"@id":"https:\/\/uolhost.uol.com.br\/blog\/#website"},"primaryImageOfPage":{"@id":"https:\/\/uolhost.uol.com.br\/blog\/especial-dia-das-mulheres-5-mulheres-que-marcam-presenca-no-comercio-eletronico\/#primaryimage"},"image":{"@id":"https:\/\/uolhost.uol.com.br\/blog\/especial-dia-das-mulheres-5-mulheres-que-marcam-presenca-no-comercio-eletronico\/#primaryimage"},"thumbnailUrl":"https:\/\/uolhost.uol.com.br\/blog\/wp-content\/uploads\/2020\/05\/especial-dia-das-mulheres-5-mulheres-que-marcam-presenca-no-comercio-eletronico-1394133175721_600x320.jpg?wsr","datePublished":"2020-05-14T21:07:03+00:00","dateModified":"2026-01-15T10:54:43+00:00","description":"Especial Dia das Mulheres: 5 mulheres que marcam presen\u00e7a no com\u00e9rcio eletr\u00f4nico: leia este ou outros artigos sobre E-commerce na Academia UOL Meu Neg\u00f3cio.","breadcrumb":{"@id":"https:\/\/uolhost.uol.com.br\/blog\/especial-dia-das-mulheres-5-mulheres-que-marcam-presenca-no-comercio-eletronico\/#breadcrumb"},"inLanguage":"pt-BR","potentialAction":[{"@type":"ReadAction","target":["https:\/\/uolhost.uol.com.br\/blog\/especial-dia-das-mulheres-5-mulheres-que-marcam-presenca-no-comercio-eletronico\/"]}]},{"@type":"ImageObject","inLanguage":"pt-BR","@id":"https:\/\/uolhost.uol.com.br\/blog\/especial-dia-das-mulheres-5-mulheres-que-marcam-presenca-no-comercio-eletronico\/#primaryimage","url":"https:\/\/uolhost.uol.com.br\/blog\/wp-content\/uploads\/2020\/05\/especial-dia-das-mulheres-5-mulheres-que-marcam-presenca-no-comercio-eletronico-1394133175721_600x320.jpg?wsr","contentUrl":"https:\/\/uolhost.uol.com.br\/blog\/wp-content\/uploads\/2020\/05\/especial-dia-das-mulheres-5-mulheres-que-marcam-presenca-no-comercio-eletronico-1394133175721_600x320.jpg?wsr","width":600,"height":320},{"@type":"BreadcrumbList","@id":"https:\/\/uolhost.uol.com.br\/blog\/especial-dia-das-mulheres-5-mulheres-que-marcam-presenca-no-comercio-eletronico\/#breadcrumb","itemListElement":[{"@type":"ListItem","position":1,"name":"In\u00edcio","item":"https:\/\/uolhost.uol.com.br\/blog\/"},{"@type":"ListItem","position":2,"name":"Especial Dia das Mulheres: 5 mulheres que marcam presen\u00e7a no com\u00e9rcio eletr\u00f4nico"}]},{"@type":"WebSite","@id":"https:\/\/uolhost.uol.com.br\/blog\/#website","url":"https:\/\/uolhost.uol.com.br\/blog\/","name":"Blog UOL Host","description":"","publisher":{"@id":"https:\/\/uolhost.uol.com.br\/blog\/#organization"},"potentialAction":[{"@type":"SearchAction","target":{"@type":"EntryPoint","urlTemplate":"https:\/\/uolhost.uol.com.br\/blog\/?s={search_term_string}"},"query-input":{"@type":"PropertyValueSpecification","valueRequired":true,"valueName":"search_term_string"}}],"inLanguage":"pt-BR"},{"@type":"Organization","@id":"https:\/\/uolhost.uol.com.br\/blog\/#organization","name":"Blog UOL Host","url":"https:\/\/uolhost.uol.com.br\/blog\/","logo":{"@type":"ImageObject","inLanguage":"pt-BR","@id":"https:\/\/uolhost.uol.com.br\/blog\/#\/schema\/logo\/image\/","url":"https:\/\/uolhost.uol.com.br\/blog\/wp-content\/uploads\/2025\/01\/UOL_Host.png?wsr","contentUrl":"https:\/\/uolhost.uol.com.br\/blog\/wp-content\/uploads\/2025\/01\/UOL_Host.png?wsr","width":2000,"height":393,"caption":"Blog UOL Host"},"image":{"@id":"https:\/\/uolhost.uol.com.br\/blog\/#\/schema\/logo\/image\/"}},{"@type":"Person","@id":"https:\/\/uolhost.uol.com.br\/blog\/#\/schema\/person\/41505c2cd07dc07109e30bea51edee93","name":"Yuri Torres","image":{"@type":"ImageObject","inLanguage":"pt-BR","@id":"https:\/\/uolhost.uol.com.br\/blog\/#\/schema\/person\/image\/","url":"https:\/\/secure.gravatar.com\/avatar\/4c96a05faea9fdf86f95d5b723e438c9cc14ad5c342d76486e5a4c8ac8259492?s=96&d=mm&r=g","contentUrl":"https:\/\/secure.gravatar.com\/avatar\/4c96a05faea9fdf86f95d5b723e438c9cc14ad5c342d76486e5a4c8ac8259492?s=96&d=mm&r=g","caption":"Yuri Torres"},"description":"Profissional de Reda\u00e7\u00e3o e Marketing, com 10 anos de experi\u00eancia no desenvolvimento de estrat\u00e9gias de conte\u00fado voltadas \u00e0 comunica\u00e7\u00e3o de marcas. Atua na cria\u00e7\u00e3o de materiais que fortalecem a presen\u00e7a digital, ampliam o engajamento e contribuem para o alcance de resultados alinhados aos objetivos de neg\u00f3cio, com experi\u00eancia no atendimento a empresas de diferentes segmentos. LinkedIn","sameAs":["https:\/\/www.linkedin.com\/in\/yuri-torres-271093108\/"],"url":"https:\/\/uolhost.uol.com.br\/blog\/author\/yuri-torres\/"}]}},"_links":{"self":[{"href":"https:\/\/uolhost.uol.com.br\/blog\/wp-json\/wp\/v2\/posts\/5991","targetHints":{"allow":["GET"]}}],"collection":[{"href":"https:\/\/uolhost.uol.com.br\/blog\/wp-json\/wp\/v2\/posts"}],"about":[{"href":"https:\/\/uolhost.uol.com.br\/blog\/wp-json\/wp\/v2\/types\/post"}],"author":[{"embeddable":true,"href":"https:\/\/uolhost.uol.com.br\/blog\/wp-json\/wp\/v2\/users\/24"}],"replies":[{"embeddable":true,"href":"https:\/\/uolhost.uol.com.br\/blog\/wp-json\/wp\/v2\/comments?post=5991"}],"version-history":[{"count":1,"href":"https:\/\/uolhost.uol.com.br\/blog\/wp-json\/wp\/v2\/posts\/5991\/revisions"}],"predecessor-version":[{"id":19838,"href":"https:\/\/uolhost.uol.com.br\/blog\/wp-json\/wp\/v2\/posts\/5991\/revisions\/19838"}],"wp:featuredmedia":[{"embeddable":true,"href":"https:\/\/uolhost.uol.com.br\/blog\/wp-json\/wp\/v2\/media\/5992"}],"wp:attachment":[{"href":"https:\/\/uolhost.uol.com.br\/blog\/wp-json\/wp\/v2\/media?parent=5991"}],"wp:term":[{"taxonomy":"category","embeddable":true,"href":"https:\/\/uolhost.uol.com.br\/blog\/wp-json\/wp\/v2\/categories?post=5991"},{"taxonomy":"post_tag","embeddable":true,"href":"https:\/\/uolhost.uol.com.br\/blog\/wp-json\/wp\/v2\/tags?post=5991"}],"curies":[{"name":"wp","href":"https:\/\/api.w.org\/{rel}","templated":true}]}}