{"id":6095,"date":"2020-05-18T15:25:01","date_gmt":"2020-05-18T18:25:01","guid":{"rendered":"https:\/\/meunegocio.uol.com.br\/blog\/?p=6095"},"modified":"2026-01-15T07:53:48","modified_gmt":"2026-01-15T10:53:48","slug":"infografico-dia-dos-pais-e-o-comercio-eletronico-brasileiro","status":"publish","type":"post","link":"https:\/\/uolhost.uol.com.br\/blog\/infografico-dia-dos-pais-e-o-comercio-eletronico-brasileiro\/","title":{"rendered":"Infogr\u00e1fico: Dia dos Pais e o Com\u00e9rcio Eletr\u00f4nico Brasileiro"},"content":{"rendered":"<p style=\"font-size: 17px; line-height: 24px; word-break: break-word; color: #666666; font-family: UOLText, Arial, sans-serif; letter-spacing: normal;\">As vendas online para o Dia dos Pais crescem ano a ano no Brasil. \u00c9 hora de sua loja se preparar para participar dessa festa.<\/p>\n<p style=\"font-size: 17px; line-height: 24px; word-break: break-word; color: #666666; font-family: UOLText, Arial, sans-serif; letter-spacing: normal;\"><img decoding=\"async\" style=\"border-width: 0px; border-style: initial; vertical-align: middle; display: block; margin-bottom: 20px;\" src=\"https:\/\/ferramentas.download.uol.com.br\/uolhost\/infograficos\/dia-dos-pais\/Infografico-Dia-dos-Pais-1.jpg\" alt=\"\"><\/p>\n<p style=\"margin-top: -40px; font-size: 17px; line-height: 24px; word-break: break-word; color: #666666; font-family: UOLText, Arial, sans-serif; letter-spacing: normal;\"><img decoding=\"async\" style=\"border-width: 0px; border-style: initial; vertical-align: middle; display: block; margin-bottom: 20px;\" src=\"https:\/\/ferramentas.download.uol.com.br\/uolhost\/infograficos\/dia-dos-pais\/Infografico-Dia-dos-Pais-2.jpg\" alt=\"\"><\/p>\n<p style=\"margin-top: -40px; font-size: 17px; line-height: 24px; word-break: break-word; color: #666666; font-family: UOLText, Arial, sans-serif; letter-spacing: normal;\"><img decoding=\"async\" style=\"border-width: 0px; border-style: initial; vertical-align: middle; display: block; margin-bottom: 20px;\" src=\"https:\/\/ferramentas.download.uol.com.br\/uolhost\/infograficos\/dia-dos-pais\/Infografico-Dia-dos-Pais-3.jpg\" alt=\"\"><\/p>\n<p style=\"margin-top: -40px; font-size: 17px; line-height: 24px; word-break: break-word; color: #666666; font-family: UOLText, Arial, sans-serif; letter-spacing: normal;\"><img decoding=\"async\" style=\"border-width: 0px; border-style: initial; vertical-align: middle; display: block; margin-bottom: 20px;\" src=\"https:\/\/ferramentas.download.uol.com.br\/uolhost\/infograficos\/dia-dos-pais\/Infografico-Dia-dos-Pais-4.jpg\" alt=\"\"><\/p>\n<p style=\"margin-top: -40px; font-size: 17px; line-height: 24px; word-break: break-word; color: #666666; font-family: UOLText, Arial, sans-serif; letter-spacing: normal;\"><img decoding=\"async\" style=\"border-width: 0px; border-style: initial; vertical-align: middle; display: block; margin-bottom: 20px;\" src=\"https:\/\/ferramentas.download.uol.com.br\/uolhost\/infograficos\/dia-dos-pais\/Infografico-Dia-dos-Pais-5.jpg\" alt=\"\"><\/p>\n<p style=\"margin-top: -40px; font-size: 17px; line-height: 24px; word-break: break-word; color: #666666; font-family: UOLText, Arial, sans-serif; letter-spacing: normal;\"><img decoding=\"async\" style=\"border-width: 0px; border-style: initial; vertical-align: middle; display: block; margin-bottom: 20px;\" src=\"https:\/\/ferramentas.download.uol.com.br\/uolhost\/infograficos\/dia-dos-pais\/Infografico-Dia-dos-Pais-6.jpg\" alt=\"\"><\/p>\n<p style=\"margin-top: -40px; font-size: 17px; line-height: 24px; word-break: break-word; color: #666666; font-family: UOLText, Arial, sans-serif; letter-spacing: normal;\"><img decoding=\"async\" style=\"border-width: 0px; border-style: initial; vertical-align: middle; display: block; margin-bottom: 20px;\" src=\"https:\/\/ferramentas.download.uol.com.br\/uolhost\/infograficos\/dia-dos-pais\/Infografico-Dia-dos-Pais-7.jpg\" alt=\"\"><\/p>\n<p style=\"margin-top: -40px; font-size: 17px; line-height: 24px; word-break: break-word; color: #666666; font-family: UOLText, Arial, sans-serif; letter-spacing: normal;\"><img decoding=\"async\" style=\"border-width: 0px; border-style: initial; vertical-align: middle; display: block; margin-bottom: 20px;\" src=\"https:\/\/ferramentas.download.uol.com.br\/uolhost\/infograficos\/dia-dos-pais\/Infografico-Dia-dos-Pais-8.jpg\" alt=\"\"><\/p>\n<p style=\"margin-top: -40px; font-size: 17px; line-height: 24px; word-break: break-word; color: #666666; font-family: UOLText, Arial, sans-serif; letter-spacing: normal;\"><img decoding=\"async\" style=\"border-width: 0px; border-style: initial; vertical-align: middle; display: block; margin-bottom: 20px;\" src=\"https:\/\/ferramentas.download.uol.com.br\/uolhost\/infograficos\/dia-dos-pais\/Infografico-Dia-dos-Pais-9.jpg\" alt=\"\"><\/p>\n<p style=\"margin-bottom: 20px; font-size: 17px; line-height: 24px; word-break: break-word; color: #666666; font-family: UOLText, Arial, sans-serif; letter-spacing: normal;\">Para ver o infogr\u00e1fico em tamanho real,&nbsp;<a style=\"color: #1082be;\" href=\"https:\/\/ferramentas.download.uol.com.br\/uolhost\/infograficos\/Infografico-Dia-dos-Pais.jpg\" target=\"_blank\" rel=\"noopener noreferrer\">clique aqui<\/a>.<\/p>\n<p>\t\t\t\t\t\t\t\t\t\t\t<a href=\"http:\/\/clicklogger.rm.uol.com.br\/?prd=939&amp;grp=src:13;chn:546;cpg:cross-sell-banner-site-pronto;&amp;msr=Cliques%20de%20Origem:1&amp;oper=11&amp;redir=https:\/\/cadastro.uol.com.br\/indexb.html?eos=yes&amp;skin=cadastrounificado\/visitor\/pf&amp;skinPath=meunegocio&amp;promochild=PROMPKSC3387\"><br \/>\n<img loading=\"lazy\" decoding=\"async\" width=\"600\" height=\"150\" src=\"https:\/\/uolhost.uol.com.br\/blog\/wp-content\/uploads\/2020\/04\/banner_uolmn_lojavirtuol_academia-1.gif\" alt=\"\">\t\t\t\t\t\t\t\t<\/a><\/p>\n","protected":false},"excerpt":{"rendered":"<p>As vendas online para o Dia dos Pais crescem ano a ano no Brasil. \u00c9 hora de sua loja se preparar para participar dessa festa. Para ver o infogr\u00e1fico em tamanho real,&nbsp;clique aqui.<\/p>\n","protected":false},"author":24,"featured_media":6096,"comment_status":"closed","ping_status":"closed","sticky":false,"template":"","format":"standard","meta":{"footnotes":""},"categories":[33,85,88,38,43],"tags":[],"class_list":["post-6095","post","type-post","status-publish","format-standard","has-post-thumbnail","hentry","category-presenca-digital","category-primeiros-passos-loja","category-produtos-uol-meu-negocio","category-solucoes","category-tudo-para-sua-loja-virtual"],"gutentor_comment":0,"yoast_head":"<!-- This site is optimized with the Yoast SEO plugin v26.4 - https:\/\/yoast.com\/wordpress\/plugins\/seo\/ -->\n<title>Infogr\u00e1fico: Dia dos Pais e o Com\u00e9rcio Eletr\u00f4nico Brasileiro -<\/title>\n<meta name=\"description\" content=\"Infogr\u00e1fico: Dia dos Pais e o Com\u00e9rcio Eletr\u00f4nico Brasileiro: leia este ou outros artigos sobre E-commerce na Academia UOL Meu Neg\u00f3cio.\" \/>\n<meta name=\"robots\" content=\"index, follow, max-snippet:-1, max-image-preview:large, max-video-preview:-1\" \/>\n<link rel=\"canonical\" href=\"https:\/\/uolhost.uol.com.br\/blog\/infografico-dia-dos-pais-e-o-comercio-eletronico-brasileiro\/\" \/>\n<meta property=\"og:locale\" content=\"pt_BR\" \/>\n<meta property=\"og:type\" content=\"article\" \/>\n<meta property=\"og:title\" content=\"Infogr\u00e1fico: Dia dos Pais e o Com\u00e9rcio Eletr\u00f4nico Brasileiro -\" \/>\n<meta property=\"og:description\" content=\"Infogr\u00e1fico: Dia dos Pais e o Com\u00e9rcio Eletr\u00f4nico Brasileiro: leia este ou outros artigos sobre E-commerce na Academia UOL Meu Neg\u00f3cio.\" \/>\n<meta property=\"og:url\" content=\"https:\/\/uolhost.uol.com.br\/blog\/infografico-dia-dos-pais-e-o-comercio-eletronico-brasileiro\/\" \/>\n<meta property=\"article:published_time\" content=\"2020-05-18T18:25:01+00:00\" \/>\n<meta property=\"article:modified_time\" content=\"2026-01-15T10:53:48+00:00\" \/>\n<meta property=\"og:image\" content=\"https:\/\/uolhost.uol.com.br\/blog\/wp-content\/uploads\/2020\/05\/dia-dos-pais-1407355588962_600x320.jpg\" \/>\n\t<meta property=\"og:image:width\" content=\"600\" \/>\n\t<meta property=\"og:image:height\" content=\"320\" \/>\n\t<meta property=\"og:image:type\" content=\"image\/jpeg\" \/>\n<meta name=\"author\" content=\"Yuri Torres\" \/>\n<meta name=\"twitter:card\" content=\"summary_large_image\" \/>\n<meta name=\"twitter:label1\" content=\"Escrito por\" \/>\n\t<meta name=\"twitter:data1\" content=\"Yuri Torres\" \/>\n<script type=\"application\/ld+json\" class=\"yoast-schema-graph\">{\"@context\":\"https:\/\/schema.org\",\"@graph\":[{\"@type\":\"Article\",\"@id\":\"https:\/\/uolhost.uol.com.br\/blog\/infografico-dia-dos-pais-e-o-comercio-eletronico-brasileiro\/#article\",\"isPartOf\":{\"@id\":\"https:\/\/uolhost.uol.com.br\/blog\/infografico-dia-dos-pais-e-o-comercio-eletronico-brasileiro\/\"},\"author\":{\"name\":\"Yuri Torres\",\"@id\":\"https:\/\/uolhost.uol.com.br\/blog\/#\/schema\/person\/41505c2cd07dc07109e30bea51edee93\"},\"headline\":\"Infogr\u00e1fico: Dia dos Pais e o Com\u00e9rcio Eletr\u00f4nico Brasileiro\",\"datePublished\":\"2020-05-18T18:25:01+00:00\",\"dateModified\":\"2026-01-15T10:53:48+00:00\",\"mainEntityOfPage\":{\"@id\":\"https:\/\/uolhost.uol.com.br\/blog\/infografico-dia-dos-pais-e-o-comercio-eletronico-brasileiro\/\"},\"wordCount\":47,\"publisher\":{\"@id\":\"https:\/\/uolhost.uol.com.br\/blog\/#organization\"},\"image\":{\"@id\":\"https:\/\/uolhost.uol.com.br\/blog\/infografico-dia-dos-pais-e-o-comercio-eletronico-brasileiro\/#primaryimage\"},\"thumbnailUrl\":\"https:\/\/uolhost.uol.com.br\/blog\/wp-content\/uploads\/2020\/05\/dia-dos-pais-1407355588962_600x320.jpg?wsr\",\"articleSection\":[\"Presen\u00e7a digital\",\"Primeiros passos\",\"Produtos UOL Meu Neg\u00f3cio\",\"Solu\u00e7\u00f5es\",\"Tudo para sua Loja Virtual\"],\"inLanguage\":\"pt-BR\"},{\"@type\":\"WebPage\",\"@id\":\"https:\/\/uolhost.uol.com.br\/blog\/infografico-dia-dos-pais-e-o-comercio-eletronico-brasileiro\/\",\"url\":\"https:\/\/uolhost.uol.com.br\/blog\/infografico-dia-dos-pais-e-o-comercio-eletronico-brasileiro\/\",\"name\":\"Infogr\u00e1fico: Dia dos Pais e o Com\u00e9rcio Eletr\u00f4nico Brasileiro -\",\"isPartOf\":{\"@id\":\"https:\/\/uolhost.uol.com.br\/blog\/#website\"},\"primaryImageOfPage\":{\"@id\":\"https:\/\/uolhost.uol.com.br\/blog\/infografico-dia-dos-pais-e-o-comercio-eletronico-brasileiro\/#primaryimage\"},\"image\":{\"@id\":\"https:\/\/uolhost.uol.com.br\/blog\/infografico-dia-dos-pais-e-o-comercio-eletronico-brasileiro\/#primaryimage\"},\"thumbnailUrl\":\"https:\/\/uolhost.uol.com.br\/blog\/wp-content\/uploads\/2020\/05\/dia-dos-pais-1407355588962_600x320.jpg?wsr\",\"datePublished\":\"2020-05-18T18:25:01+00:00\",\"dateModified\":\"2026-01-15T10:53:48+00:00\",\"description\":\"Infogr\u00e1fico: Dia dos Pais e o Com\u00e9rcio Eletr\u00f4nico Brasileiro: leia este ou outros artigos sobre E-commerce na Academia UOL Meu Neg\u00f3cio.\",\"breadcrumb\":{\"@id\":\"https:\/\/uolhost.uol.com.br\/blog\/infografico-dia-dos-pais-e-o-comercio-eletronico-brasileiro\/#breadcrumb\"},\"inLanguage\":\"pt-BR\",\"potentialAction\":[{\"@type\":\"ReadAction\",\"target\":[\"https:\/\/uolhost.uol.com.br\/blog\/infografico-dia-dos-pais-e-o-comercio-eletronico-brasileiro\/\"]}]},{\"@type\":\"ImageObject\",\"inLanguage\":\"pt-BR\",\"@id\":\"https:\/\/uolhost.uol.com.br\/blog\/infografico-dia-dos-pais-e-o-comercio-eletronico-brasileiro\/#primaryimage\",\"url\":\"https:\/\/uolhost.uol.com.br\/blog\/wp-content\/uploads\/2020\/05\/dia-dos-pais-1407355588962_600x320.jpg?wsr\",\"contentUrl\":\"https:\/\/uolhost.uol.com.br\/blog\/wp-content\/uploads\/2020\/05\/dia-dos-pais-1407355588962_600x320.jpg?wsr\",\"width\":600,\"height\":320},{\"@type\":\"BreadcrumbList\",\"@id\":\"https:\/\/uolhost.uol.com.br\/blog\/infografico-dia-dos-pais-e-o-comercio-eletronico-brasileiro\/#breadcrumb\",\"itemListElement\":[{\"@type\":\"ListItem\",\"position\":1,\"name\":\"In\u00edcio\",\"item\":\"https:\/\/uolhost.uol.com.br\/blog\/\"},{\"@type\":\"ListItem\",\"position\":2,\"name\":\"Infogr\u00e1fico: Dia dos Pais e o Com\u00e9rcio Eletr\u00f4nico Brasileiro\"}]},{\"@type\":\"WebSite\",\"@id\":\"https:\/\/uolhost.uol.com.br\/blog\/#website\",\"url\":\"https:\/\/uolhost.uol.com.br\/blog\/\",\"name\":\"Blog UOL Host\",\"description\":\"\",\"publisher\":{\"@id\":\"https:\/\/uolhost.uol.com.br\/blog\/#organization\"},\"potentialAction\":[{\"@type\":\"SearchAction\",\"target\":{\"@type\":\"EntryPoint\",\"urlTemplate\":\"https:\/\/uolhost.uol.com.br\/blog\/?s={search_term_string}\"},\"query-input\":{\"@type\":\"PropertyValueSpecification\",\"valueRequired\":true,\"valueName\":\"search_term_string\"}}],\"inLanguage\":\"pt-BR\"},{\"@type\":\"Organization\",\"@id\":\"https:\/\/uolhost.uol.com.br\/blog\/#organization\",\"name\":\"Blog UOL Host\",\"url\":\"https:\/\/uolhost.uol.com.br\/blog\/\",\"logo\":{\"@type\":\"ImageObject\",\"inLanguage\":\"pt-BR\",\"@id\":\"https:\/\/uolhost.uol.com.br\/blog\/#\/schema\/logo\/image\/\",\"url\":\"https:\/\/uolhost.uol.com.br\/blog\/wp-content\/uploads\/2025\/01\/UOL_Host.png?wsr\",\"contentUrl\":\"https:\/\/uolhost.uol.com.br\/blog\/wp-content\/uploads\/2025\/01\/UOL_Host.png?wsr\",\"width\":2000,\"height\":393,\"caption\":\"Blog UOL Host\"},\"image\":{\"@id\":\"https:\/\/uolhost.uol.com.br\/blog\/#\/schema\/logo\/image\/\"}},{\"@type\":\"Person\",\"@id\":\"https:\/\/uolhost.uol.com.br\/blog\/#\/schema\/person\/41505c2cd07dc07109e30bea51edee93\",\"name\":\"Yuri Torres\",\"image\":{\"@type\":\"ImageObject\",\"inLanguage\":\"pt-BR\",\"@id\":\"https:\/\/uolhost.uol.com.br\/blog\/#\/schema\/person\/image\/\",\"url\":\"https:\/\/secure.gravatar.com\/avatar\/4c96a05faea9fdf86f95d5b723e438c9cc14ad5c342d76486e5a4c8ac8259492?s=96&d=mm&r=g\",\"contentUrl\":\"https:\/\/secure.gravatar.com\/avatar\/4c96a05faea9fdf86f95d5b723e438c9cc14ad5c342d76486e5a4c8ac8259492?s=96&d=mm&r=g\",\"caption\":\"Yuri Torres\"},\"description\":\"Profissional de Reda\u00e7\u00e3o e Marketing, com 10 anos de experi\u00eancia no desenvolvimento de estrat\u00e9gias de conte\u00fado voltadas \u00e0 comunica\u00e7\u00e3o de marcas. Atua na cria\u00e7\u00e3o de materiais que fortalecem a presen\u00e7a digital, ampliam o engajamento e contribuem para o alcance de resultados alinhados aos objetivos de neg\u00f3cio, com experi\u00eancia no atendimento a empresas de diferentes segmentos. LinkedIn\",\"sameAs\":[\"https:\/\/www.linkedin.com\/in\/yuri-torres-271093108\/\"],\"url\":\"https:\/\/uolhost.uol.com.br\/blog\/author\/yuri-torres\/\"}]}<\/script>\n<!-- \/ Yoast SEO plugin. -->","yoast_head_json":{"title":"Infogr\u00e1fico: Dia dos Pais e o Com\u00e9rcio Eletr\u00f4nico Brasileiro -","description":"Infogr\u00e1fico: Dia dos Pais e o Com\u00e9rcio Eletr\u00f4nico Brasileiro: leia este ou outros artigos sobre E-commerce na Academia UOL Meu Neg\u00f3cio.","robots":{"index":"index","follow":"follow","max-snippet":"max-snippet:-1","max-image-preview":"max-image-preview:large","max-video-preview":"max-video-preview:-1"},"canonical":"https:\/\/uolhost.uol.com.br\/blog\/infografico-dia-dos-pais-e-o-comercio-eletronico-brasileiro\/","og_locale":"pt_BR","og_type":"article","og_title":"Infogr\u00e1fico: Dia dos Pais e o Com\u00e9rcio Eletr\u00f4nico Brasileiro -","og_description":"Infogr\u00e1fico: Dia dos Pais e o Com\u00e9rcio Eletr\u00f4nico Brasileiro: leia este ou outros artigos sobre E-commerce na Academia UOL Meu Neg\u00f3cio.","og_url":"https:\/\/uolhost.uol.com.br\/blog\/infografico-dia-dos-pais-e-o-comercio-eletronico-brasileiro\/","article_published_time":"2020-05-18T18:25:01+00:00","article_modified_time":"2026-01-15T10:53:48+00:00","og_image":[{"width":600,"height":320,"url":"https:\/\/uolhost.uol.com.br\/blog\/wp-content\/uploads\/2020\/05\/dia-dos-pais-1407355588962_600x320.jpg","type":"image\/jpeg"}],"author":"Yuri Torres","twitter_card":"summary_large_image","twitter_misc":{"Escrito por":"Yuri Torres"},"schema":{"@context":"https:\/\/schema.org","@graph":[{"@type":"Article","@id":"https:\/\/uolhost.uol.com.br\/blog\/infografico-dia-dos-pais-e-o-comercio-eletronico-brasileiro\/#article","isPartOf":{"@id":"https:\/\/uolhost.uol.com.br\/blog\/infografico-dia-dos-pais-e-o-comercio-eletronico-brasileiro\/"},"author":{"name":"Yuri Torres","@id":"https:\/\/uolhost.uol.com.br\/blog\/#\/schema\/person\/41505c2cd07dc07109e30bea51edee93"},"headline":"Infogr\u00e1fico: Dia dos Pais e o Com\u00e9rcio Eletr\u00f4nico Brasileiro","datePublished":"2020-05-18T18:25:01+00:00","dateModified":"2026-01-15T10:53:48+00:00","mainEntityOfPage":{"@id":"https:\/\/uolhost.uol.com.br\/blog\/infografico-dia-dos-pais-e-o-comercio-eletronico-brasileiro\/"},"wordCount":47,"publisher":{"@id":"https:\/\/uolhost.uol.com.br\/blog\/#organization"},"image":{"@id":"https:\/\/uolhost.uol.com.br\/blog\/infografico-dia-dos-pais-e-o-comercio-eletronico-brasileiro\/#primaryimage"},"thumbnailUrl":"https:\/\/uolhost.uol.com.br\/blog\/wp-content\/uploads\/2020\/05\/dia-dos-pais-1407355588962_600x320.jpg?wsr","articleSection":["Presen\u00e7a digital","Primeiros passos","Produtos UOL Meu Neg\u00f3cio","Solu\u00e7\u00f5es","Tudo para sua Loja Virtual"],"inLanguage":"pt-BR"},{"@type":"WebPage","@id":"https:\/\/uolhost.uol.com.br\/blog\/infografico-dia-dos-pais-e-o-comercio-eletronico-brasileiro\/","url":"https:\/\/uolhost.uol.com.br\/blog\/infografico-dia-dos-pais-e-o-comercio-eletronico-brasileiro\/","name":"Infogr\u00e1fico: Dia dos Pais e o Com\u00e9rcio Eletr\u00f4nico Brasileiro -","isPartOf":{"@id":"https:\/\/uolhost.uol.com.br\/blog\/#website"},"primaryImageOfPage":{"@id":"https:\/\/uolhost.uol.com.br\/blog\/infografico-dia-dos-pais-e-o-comercio-eletronico-brasileiro\/#primaryimage"},"image":{"@id":"https:\/\/uolhost.uol.com.br\/blog\/infografico-dia-dos-pais-e-o-comercio-eletronico-brasileiro\/#primaryimage"},"thumbnailUrl":"https:\/\/uolhost.uol.com.br\/blog\/wp-content\/uploads\/2020\/05\/dia-dos-pais-1407355588962_600x320.jpg?wsr","datePublished":"2020-05-18T18:25:01+00:00","dateModified":"2026-01-15T10:53:48+00:00","description":"Infogr\u00e1fico: Dia dos Pais e o Com\u00e9rcio Eletr\u00f4nico Brasileiro: leia este ou outros artigos sobre E-commerce na Academia UOL Meu Neg\u00f3cio.","breadcrumb":{"@id":"https:\/\/uolhost.uol.com.br\/blog\/infografico-dia-dos-pais-e-o-comercio-eletronico-brasileiro\/#breadcrumb"},"inLanguage":"pt-BR","potentialAction":[{"@type":"ReadAction","target":["https:\/\/uolhost.uol.com.br\/blog\/infografico-dia-dos-pais-e-o-comercio-eletronico-brasileiro\/"]}]},{"@type":"ImageObject","inLanguage":"pt-BR","@id":"https:\/\/uolhost.uol.com.br\/blog\/infografico-dia-dos-pais-e-o-comercio-eletronico-brasileiro\/#primaryimage","url":"https:\/\/uolhost.uol.com.br\/blog\/wp-content\/uploads\/2020\/05\/dia-dos-pais-1407355588962_600x320.jpg?wsr","contentUrl":"https:\/\/uolhost.uol.com.br\/blog\/wp-content\/uploads\/2020\/05\/dia-dos-pais-1407355588962_600x320.jpg?wsr","width":600,"height":320},{"@type":"BreadcrumbList","@id":"https:\/\/uolhost.uol.com.br\/blog\/infografico-dia-dos-pais-e-o-comercio-eletronico-brasileiro\/#breadcrumb","itemListElement":[{"@type":"ListItem","position":1,"name":"In\u00edcio","item":"https:\/\/uolhost.uol.com.br\/blog\/"},{"@type":"ListItem","position":2,"name":"Infogr\u00e1fico: Dia dos Pais e o Com\u00e9rcio Eletr\u00f4nico Brasileiro"}]},{"@type":"WebSite","@id":"https:\/\/uolhost.uol.com.br\/blog\/#website","url":"https:\/\/uolhost.uol.com.br\/blog\/","name":"Blog UOL Host","description":"","publisher":{"@id":"https:\/\/uolhost.uol.com.br\/blog\/#organization"},"potentialAction":[{"@type":"SearchAction","target":{"@type":"EntryPoint","urlTemplate":"https:\/\/uolhost.uol.com.br\/blog\/?s={search_term_string}"},"query-input":{"@type":"PropertyValueSpecification","valueRequired":true,"valueName":"search_term_string"}}],"inLanguage":"pt-BR"},{"@type":"Organization","@id":"https:\/\/uolhost.uol.com.br\/blog\/#organization","name":"Blog UOL Host","url":"https:\/\/uolhost.uol.com.br\/blog\/","logo":{"@type":"ImageObject","inLanguage":"pt-BR","@id":"https:\/\/uolhost.uol.com.br\/blog\/#\/schema\/logo\/image\/","url":"https:\/\/uolhost.uol.com.br\/blog\/wp-content\/uploads\/2025\/01\/UOL_Host.png?wsr","contentUrl":"https:\/\/uolhost.uol.com.br\/blog\/wp-content\/uploads\/2025\/01\/UOL_Host.png?wsr","width":2000,"height":393,"caption":"Blog UOL Host"},"image":{"@id":"https:\/\/uolhost.uol.com.br\/blog\/#\/schema\/logo\/image\/"}},{"@type":"Person","@id":"https:\/\/uolhost.uol.com.br\/blog\/#\/schema\/person\/41505c2cd07dc07109e30bea51edee93","name":"Yuri Torres","image":{"@type":"ImageObject","inLanguage":"pt-BR","@id":"https:\/\/uolhost.uol.com.br\/blog\/#\/schema\/person\/image\/","url":"https:\/\/secure.gravatar.com\/avatar\/4c96a05faea9fdf86f95d5b723e438c9cc14ad5c342d76486e5a4c8ac8259492?s=96&d=mm&r=g","contentUrl":"https:\/\/secure.gravatar.com\/avatar\/4c96a05faea9fdf86f95d5b723e438c9cc14ad5c342d76486e5a4c8ac8259492?s=96&d=mm&r=g","caption":"Yuri Torres"},"description":"Profissional de Reda\u00e7\u00e3o e Marketing, com 10 anos de experi\u00eancia no desenvolvimento de estrat\u00e9gias de conte\u00fado voltadas \u00e0 comunica\u00e7\u00e3o de marcas. Atua na cria\u00e7\u00e3o de materiais que fortalecem a presen\u00e7a digital, ampliam o engajamento e contribuem para o alcance de resultados alinhados aos objetivos de neg\u00f3cio, com experi\u00eancia no atendimento a empresas de diferentes segmentos. LinkedIn","sameAs":["https:\/\/www.linkedin.com\/in\/yuri-torres-271093108\/"],"url":"https:\/\/uolhost.uol.com.br\/blog\/author\/yuri-torres\/"}]}},"_links":{"self":[{"href":"https:\/\/uolhost.uol.com.br\/blog\/wp-json\/wp\/v2\/posts\/6095","targetHints":{"allow":["GET"]}}],"collection":[{"href":"https:\/\/uolhost.uol.com.br\/blog\/wp-json\/wp\/v2\/posts"}],"about":[{"href":"https:\/\/uolhost.uol.com.br\/blog\/wp-json\/wp\/v2\/types\/post"}],"author":[{"embeddable":true,"href":"https:\/\/uolhost.uol.com.br\/blog\/wp-json\/wp\/v2\/users\/24"}],"replies":[{"embeddable":true,"href":"https:\/\/uolhost.uol.com.br\/blog\/wp-json\/wp\/v2\/comments?post=6095"}],"version-history":[{"count":1,"href":"https:\/\/uolhost.uol.com.br\/blog\/wp-json\/wp\/v2\/posts\/6095\/revisions"}],"predecessor-version":[{"id":19823,"href":"https:\/\/uolhost.uol.com.br\/blog\/wp-json\/wp\/v2\/posts\/6095\/revisions\/19823"}],"wp:featuredmedia":[{"embeddable":true,"href":"https:\/\/uolhost.uol.com.br\/blog\/wp-json\/wp\/v2\/media\/6096"}],"wp:attachment":[{"href":"https:\/\/uolhost.uol.com.br\/blog\/wp-json\/wp\/v2\/media?parent=6095"}],"wp:term":[{"taxonomy":"category","embeddable":true,"href":"https:\/\/uolhost.uol.com.br\/blog\/wp-json\/wp\/v2\/categories?post=6095"},{"taxonomy":"post_tag","embeddable":true,"href":"https:\/\/uolhost.uol.com.br\/blog\/wp-json\/wp\/v2\/tags?post=6095"}],"curies":[{"name":"wp","href":"https:\/\/api.w.org\/{rel}","templated":true}]}}