{"id":6107,"date":"2020-05-18T15:48:55","date_gmt":"2020-05-18T18:48:55","guid":{"rendered":"https:\/\/meunegocio.uol.com.br\/blog\/?p=6107"},"modified":"2026-01-15T07:53:47","modified_gmt":"2026-01-15T10:53:47","slug":"infografico-o-dias-das-criancas-e-o-comercio-eletronico-brasileiro","status":"publish","type":"post","link":"https:\/\/uolhost.uol.com.br\/blog\/infografico-o-dias-das-criancas-e-o-comercio-eletronico-brasileiro\/","title":{"rendered":"Infogr\u00e1fico: O Dias das Crian\u00e7as e o com\u00e9rcio eletr\u00f4nico brasileiro"},"content":{"rendered":"<p style=\"font-size: 17px; line-height: 24px; word-break: break-word; color: #666666; font-family: UOLText, Arial, sans-serif; letter-spacing: normal;\">Com a aproxima\u00e7\u00e3o do m\u00eas de outubro, os lojistas virtuais ficam feito crian\u00e7as, com os olhos brilhando ansiosos pelo dia 12 de outubro. Isso porque a data est\u00e1 entre as mais importantes do ano para o faturamento do setor.<\/p>\n<p style=\"font-size: 17px; line-height: 24px; word-break: break-word; color: #666666; font-family: UOLText, Arial, sans-serif; letter-spacing: normal;\">Oscilando entre segundo e terceiro evento que mais movimenta o com\u00e9rcio eletr\u00f4nico, os n\u00fameros sempre comprovam que o Dia das Crian\u00e7as \u00e9 \u201ccoisa de gente grande\u201d para o e-commerce.<\/p>\n<p style=\"font-size: 17px; line-height: 24px; word-break: break-word; color: #666666; font-family: UOLText, Arial, sans-serif; letter-spacing: normal;\">Confira os animadores n\u00fameros para as&nbsp;<a href=\"https:\/\/meunegocio.uol.com.br\/loja-virtual\" target=\"_blank\" rel=\"noopener noreferrer\">lojas virtuais<\/a>&nbsp;referentes ao evento nos \u00faltimos anos:<\/p>\n<p style=\"font-size: 17px; line-height: 24px; word-break: break-word; color: #666666; font-family: UOLText, Arial, sans-serif; letter-spacing: normal;\">\n<p style=\"font-size: 17px; line-height: 24px; word-break: break-word; color: #666666; font-family: UOLText, Arial, sans-serif; letter-spacing: normal;\">Brincadeira boa<\/p>\n<p>O Dia das Crian\u00e7as est\u00e1 entre as tr\u00eas datas mais importantes para o e-commerce brasileiro. Em 2013, o faturamento do evento alcan\u00e7ou a casa do bilh\u00e3o, ficando apenas atr\u00e1s do Natal no na quantidade de cifras arrecadadas.<\/p>\n<p>Enquanto o Natal reina absoluto na 1\u00aa posi\u00e7\u00e3o em faturamento, as M\u00e3es e as Crian\u00e7as brigam ano a ano pelo segundo lugar.<\/p>\n<p>Dia das M\u00e3es x Dia das Crian\u00e7as<\/p>\n<p style=\"font-size: 17px; line-height: 24px; word-break: break-word; color: #666666; font-family: UOLText, Arial, sans-serif; letter-spacing: normal;\">2009<br \/>\nM\u00e3es R$ 440 milh\u00f5es x Crian\u00e7as R$ 450 milh\u00f5es<br \/>\n2010<br \/>\nM\u00e3es R$ 625 milh\u00f5es x Crian\u00e7as R$ 615 milh\u00f5es<br \/>\n2011<br \/>\nM\u00e3es R$ 760 milh\u00f5es x Crian\u00e7as R$ 713 milh\u00f5es<br \/>\n2012<br \/>\nM\u00e3es R$ 918 milh\u00f5es x Crian\u00e7as R$ 897 milh\u00f5es<br \/>\n2013<br \/>\nM\u00e3es R$ 1,055 bilh\u00e3o x Crian\u00e7as R$ 1,154 bilh\u00e3o<br \/>\n2014<br \/>\nM\u00e3es R$ 1,6 bilh\u00e3o x Crian\u00e7as ?<br \/>\nQuem ser\u00e1 que vence essa batalha em 2014?<\/p>\n<p style=\"font-size: 17px; line-height: 24px; word-break: break-word; color: #666666; font-family: UOLText, Arial, sans-serif; letter-spacing: normal;\">Crescimento do faturamento no Dia das Crian\u00e7as, nos \u00faltimos 4 anos<\/p>\n<p>De 2009 para 2010\u2013 crescimento de 36%<br \/>\nDe 2010 para 2011&nbsp;\u2013 crescimento de 16%<br \/>\nDe 2001 para 2012&nbsp;\u2013 crescimento de 26%<br \/>\nDe 2012 para 2013&nbsp;\u2013 crescimento de 29%<\/p>\n<p style=\"font-size: 17px; line-height: 24px; word-break: break-word; color: #666666; font-family: UOLText, Arial, sans-serif; letter-spacing: normal;\">Present\u00f5es<\/p>\n<p>R$ 394 foi o&nbsp;t\u00edquete-m\u00e9dio das compras para a data em 2013<br \/>\n2,93 milh\u00f5es de pedidos foram realizados pela internet durante o per\u00edodo (28\/09 a 11\/10)<\/p>\n<p style=\"margin-bottom: 20px; font-size: 17px; line-height: 24px; word-break: break-word; color: #666666; font-family: UOLText, Arial, sans-serif; letter-spacing: normal;\">Categorias mais vendidas&nbsp;em 2013<\/p>\n<p>1\u00ba &#8211; Moda &amp; Acess\u00f3rios<br \/>\n2\u00ba &#8211; Eletrodom\u00e9sticos<br \/>\n3\u00ba &#8211; Telefonia\/Celulares<br \/>\n4\u00ba &#8211; Inform\u00e1tica<br \/>\n5\u00ba &#8211; Brinquedos e jogos<\/p>\n<p><a href=\"http:\/\/clicklogger.rm.uol.com.br\/?prd=939&amp;grp=src:13;chn:546;cpg:cross-sell-banner-site-pronto;&amp;msr=Cliques%20de%20Origem:1&amp;oper=11&amp;redir=https:\/\/cadastro.uol.com.br\/indexb.html?eos=yes&amp;skin=cadastrounificado\/visitor\/pf&amp;skinPath=meunegocio&amp;promochild=PROMPKSC3387\"><br \/>\n<img loading=\"lazy\" decoding=\"async\" width=\"600\" height=\"150\" src=\"https:\/\/uolhost.uol.com.br\/blog\/wp-content\/uploads\/2020\/04\/banner_uolmn_lojavirtuol_academia-1.gif\" alt=\"\">\t\t\t\t\t\t\t\t<\/a><\/p>\n","protected":false},"excerpt":{"rendered":"<p>Com a aproxima\u00e7\u00e3o do m\u00eas de outubro, os lojistas virtuais ficam feito crian\u00e7as, com os olhos brilhando ansiosos pelo dia 12 de outubro. Isso porque a data est\u00e1 entre as mais importantes do ano para o faturamento do setor. Oscilando entre segundo e terceiro evento que mais movimenta o com\u00e9rcio eletr\u00f4nico, os n\u00fameros sempre comprovam [&hellip;]<\/p>\n","protected":false},"author":24,"featured_media":6048,"comment_status":"closed","ping_status":"closed","sticky":false,"template":"","format":"standard","meta":{"footnotes":""},"categories":[33,85,88,38,43],"tags":[],"class_list":["post-6107","post","type-post","status-publish","format-standard","has-post-thumbnail","hentry","category-presenca-digital","category-primeiros-passos-loja","category-produtos-uol-meu-negocio","category-solucoes","category-tudo-para-sua-loja-virtual"],"gutentor_comment":0,"yoast_head":"<!-- This site is optimized with the Yoast SEO plugin v26.4 - https:\/\/yoast.com\/wordpress\/plugins\/seo\/ -->\n<title>Infogr\u00e1fico: O Dias das Crian\u00e7as e o com\u00e9rcio eletr\u00f4nico brasileiro -<\/title>\n<meta name=\"description\" content=\"Infogr\u00e1fico: O Dias das Crian\u00e7as e o com\u00e9rcio eletr\u00f4nico brasileiro: leia este ou outros artigos sobre E-commerce na Academia UOL Meu Neg\u00f3cio.\" \/>\n<meta name=\"robots\" content=\"index, follow, max-snippet:-1, max-image-preview:large, max-video-preview:-1\" \/>\n<link rel=\"canonical\" href=\"https:\/\/uolhost.uol.com.br\/blog\/infografico-o-dias-das-criancas-e-o-comercio-eletronico-brasileiro\/\" \/>\n<meta property=\"og:locale\" content=\"pt_BR\" \/>\n<meta property=\"og:type\" content=\"article\" \/>\n<meta property=\"og:title\" content=\"Infogr\u00e1fico: O Dias das Crian\u00e7as e o com\u00e9rcio eletr\u00f4nico brasileiro -\" \/>\n<meta property=\"og:description\" content=\"Infogr\u00e1fico: O Dias das Crian\u00e7as e o com\u00e9rcio eletr\u00f4nico brasileiro: leia este ou outros artigos sobre E-commerce na Academia UOL Meu Neg\u00f3cio.\" \/>\n<meta property=\"og:url\" content=\"https:\/\/uolhost.uol.com.br\/blog\/infografico-o-dias-das-criancas-e-o-comercio-eletronico-brasileiro\/\" \/>\n<meta property=\"article:published_time\" content=\"2020-05-18T18:48:55+00:00\" \/>\n<meta property=\"article:modified_time\" content=\"2026-01-15T10:53:47+00:00\" \/>\n<meta property=\"og:image\" content=\"https:\/\/uolhost.uol.com.br\/blog\/wp-content\/uploads\/2020\/05\/geracao-z-qual-seu-papel-no-e-commerce-brasileiro-e-como-conquista-la-1418240126928_600x320.jpg\" \/>\n\t<meta property=\"og:image:width\" content=\"600\" \/>\n\t<meta property=\"og:image:height\" content=\"320\" \/>\n\t<meta property=\"og:image:type\" content=\"image\/jpeg\" \/>\n<meta name=\"author\" content=\"Yuri Torres\" \/>\n<meta name=\"twitter:card\" content=\"summary_large_image\" \/>\n<meta name=\"twitter:label1\" content=\"Escrito por\" \/>\n\t<meta name=\"twitter:data1\" content=\"Yuri Torres\" \/>\n\t<meta name=\"twitter:label2\" content=\"Est. tempo de leitura\" \/>\n\t<meta name=\"twitter:data2\" content=\"2 minutos\" \/>\n<script type=\"application\/ld+json\" class=\"yoast-schema-graph\">{\"@context\":\"https:\/\/schema.org\",\"@graph\":[{\"@type\":\"Article\",\"@id\":\"https:\/\/uolhost.uol.com.br\/blog\/infografico-o-dias-das-criancas-e-o-comercio-eletronico-brasileiro\/#article\",\"isPartOf\":{\"@id\":\"https:\/\/uolhost.uol.com.br\/blog\/infografico-o-dias-das-criancas-e-o-comercio-eletronico-brasileiro\/\"},\"author\":{\"name\":\"Yuri Torres\",\"@id\":\"https:\/\/uolhost.uol.com.br\/blog\/#\/schema\/person\/41505c2cd07dc07109e30bea51edee93\"},\"headline\":\"Infogr\u00e1fico: O Dias das Crian\u00e7as e o com\u00e9rcio eletr\u00f4nico brasileiro\",\"datePublished\":\"2020-05-18T18:48:55+00:00\",\"dateModified\":\"2026-01-15T10:53:47+00:00\",\"mainEntityOfPage\":{\"@id\":\"https:\/\/uolhost.uol.com.br\/blog\/infografico-o-dias-das-criancas-e-o-comercio-eletronico-brasileiro\/\"},\"wordCount\":331,\"publisher\":{\"@id\":\"https:\/\/uolhost.uol.com.br\/blog\/#organization\"},\"image\":{\"@id\":\"https:\/\/uolhost.uol.com.br\/blog\/infografico-o-dias-das-criancas-e-o-comercio-eletronico-brasileiro\/#primaryimage\"},\"thumbnailUrl\":\"https:\/\/uolhost.uol.com.br\/blog\/wp-content\/uploads\/2020\/05\/geracao-z-qual-seu-papel-no-e-commerce-brasileiro-e-como-conquista-la-1418240126928_600x320.jpg?wsr\",\"articleSection\":[\"Presen\u00e7a digital\",\"Primeiros passos\",\"Produtos UOL Meu Neg\u00f3cio\",\"Solu\u00e7\u00f5es\",\"Tudo para sua Loja Virtual\"],\"inLanguage\":\"pt-BR\"},{\"@type\":\"WebPage\",\"@id\":\"https:\/\/uolhost.uol.com.br\/blog\/infografico-o-dias-das-criancas-e-o-comercio-eletronico-brasileiro\/\",\"url\":\"https:\/\/uolhost.uol.com.br\/blog\/infografico-o-dias-das-criancas-e-o-comercio-eletronico-brasileiro\/\",\"name\":\"Infogr\u00e1fico: O Dias das Crian\u00e7as e o com\u00e9rcio eletr\u00f4nico brasileiro -\",\"isPartOf\":{\"@id\":\"https:\/\/uolhost.uol.com.br\/blog\/#website\"},\"primaryImageOfPage\":{\"@id\":\"https:\/\/uolhost.uol.com.br\/blog\/infografico-o-dias-das-criancas-e-o-comercio-eletronico-brasileiro\/#primaryimage\"},\"image\":{\"@id\":\"https:\/\/uolhost.uol.com.br\/blog\/infografico-o-dias-das-criancas-e-o-comercio-eletronico-brasileiro\/#primaryimage\"},\"thumbnailUrl\":\"https:\/\/uolhost.uol.com.br\/blog\/wp-content\/uploads\/2020\/05\/geracao-z-qual-seu-papel-no-e-commerce-brasileiro-e-como-conquista-la-1418240126928_600x320.jpg?wsr\",\"datePublished\":\"2020-05-18T18:48:55+00:00\",\"dateModified\":\"2026-01-15T10:53:47+00:00\",\"description\":\"Infogr\u00e1fico: O Dias das Crian\u00e7as e o com\u00e9rcio eletr\u00f4nico brasileiro: leia este ou outros artigos sobre E-commerce na Academia UOL Meu Neg\u00f3cio.\",\"breadcrumb\":{\"@id\":\"https:\/\/uolhost.uol.com.br\/blog\/infografico-o-dias-das-criancas-e-o-comercio-eletronico-brasileiro\/#breadcrumb\"},\"inLanguage\":\"pt-BR\",\"potentialAction\":[{\"@type\":\"ReadAction\",\"target\":[\"https:\/\/uolhost.uol.com.br\/blog\/infografico-o-dias-das-criancas-e-o-comercio-eletronico-brasileiro\/\"]}]},{\"@type\":\"ImageObject\",\"inLanguage\":\"pt-BR\",\"@id\":\"https:\/\/uolhost.uol.com.br\/blog\/infografico-o-dias-das-criancas-e-o-comercio-eletronico-brasileiro\/#primaryimage\",\"url\":\"https:\/\/uolhost.uol.com.br\/blog\/wp-content\/uploads\/2020\/05\/geracao-z-qual-seu-papel-no-e-commerce-brasileiro-e-como-conquista-la-1418240126928_600x320.jpg?wsr\",\"contentUrl\":\"https:\/\/uolhost.uol.com.br\/blog\/wp-content\/uploads\/2020\/05\/geracao-z-qual-seu-papel-no-e-commerce-brasileiro-e-como-conquista-la-1418240126928_600x320.jpg?wsr\",\"width\":600,\"height\":320},{\"@type\":\"BreadcrumbList\",\"@id\":\"https:\/\/uolhost.uol.com.br\/blog\/infografico-o-dias-das-criancas-e-o-comercio-eletronico-brasileiro\/#breadcrumb\",\"itemListElement\":[{\"@type\":\"ListItem\",\"position\":1,\"name\":\"In\u00edcio\",\"item\":\"https:\/\/uolhost.uol.com.br\/blog\/\"},{\"@type\":\"ListItem\",\"position\":2,\"name\":\"Infogr\u00e1fico: O Dias das Crian\u00e7as e o com\u00e9rcio eletr\u00f4nico brasileiro\"}]},{\"@type\":\"WebSite\",\"@id\":\"https:\/\/uolhost.uol.com.br\/blog\/#website\",\"url\":\"https:\/\/uolhost.uol.com.br\/blog\/\",\"name\":\"Blog UOL Host\",\"description\":\"\",\"publisher\":{\"@id\":\"https:\/\/uolhost.uol.com.br\/blog\/#organization\"},\"potentialAction\":[{\"@type\":\"SearchAction\",\"target\":{\"@type\":\"EntryPoint\",\"urlTemplate\":\"https:\/\/uolhost.uol.com.br\/blog\/?s={search_term_string}\"},\"query-input\":{\"@type\":\"PropertyValueSpecification\",\"valueRequired\":true,\"valueName\":\"search_term_string\"}}],\"inLanguage\":\"pt-BR\"},{\"@type\":\"Organization\",\"@id\":\"https:\/\/uolhost.uol.com.br\/blog\/#organization\",\"name\":\"Blog UOL Host\",\"url\":\"https:\/\/uolhost.uol.com.br\/blog\/\",\"logo\":{\"@type\":\"ImageObject\",\"inLanguage\":\"pt-BR\",\"@id\":\"https:\/\/uolhost.uol.com.br\/blog\/#\/schema\/logo\/image\/\",\"url\":\"https:\/\/uolhost.uol.com.br\/blog\/wp-content\/uploads\/2025\/01\/UOL_Host.png?wsr\",\"contentUrl\":\"https:\/\/uolhost.uol.com.br\/blog\/wp-content\/uploads\/2025\/01\/UOL_Host.png?wsr\",\"width\":2000,\"height\":393,\"caption\":\"Blog UOL Host\"},\"image\":{\"@id\":\"https:\/\/uolhost.uol.com.br\/blog\/#\/schema\/logo\/image\/\"}},{\"@type\":\"Person\",\"@id\":\"https:\/\/uolhost.uol.com.br\/blog\/#\/schema\/person\/41505c2cd07dc07109e30bea51edee93\",\"name\":\"Yuri Torres\",\"image\":{\"@type\":\"ImageObject\",\"inLanguage\":\"pt-BR\",\"@id\":\"https:\/\/uolhost.uol.com.br\/blog\/#\/schema\/person\/image\/\",\"url\":\"https:\/\/secure.gravatar.com\/avatar\/4c96a05faea9fdf86f95d5b723e438c9cc14ad5c342d76486e5a4c8ac8259492?s=96&d=mm&r=g\",\"contentUrl\":\"https:\/\/secure.gravatar.com\/avatar\/4c96a05faea9fdf86f95d5b723e438c9cc14ad5c342d76486e5a4c8ac8259492?s=96&d=mm&r=g\",\"caption\":\"Yuri Torres\"},\"description\":\"Profissional de Reda\u00e7\u00e3o e Marketing, com 10 anos de experi\u00eancia no desenvolvimento de estrat\u00e9gias de conte\u00fado voltadas \u00e0 comunica\u00e7\u00e3o de marcas. Atua na cria\u00e7\u00e3o de materiais que fortalecem a presen\u00e7a digital, ampliam o engajamento e contribuem para o alcance de resultados alinhados aos objetivos de neg\u00f3cio, com experi\u00eancia no atendimento a empresas de diferentes segmentos. LinkedIn\",\"sameAs\":[\"https:\/\/www.linkedin.com\/in\/yuri-torres-271093108\/\"],\"url\":\"https:\/\/uolhost.uol.com.br\/blog\/author\/yuri-torres\/\"}]}<\/script>\n<!-- \/ Yoast SEO plugin. -->","yoast_head_json":{"title":"Infogr\u00e1fico: O Dias das Crian\u00e7as e o com\u00e9rcio eletr\u00f4nico brasileiro -","description":"Infogr\u00e1fico: O Dias das Crian\u00e7as e o com\u00e9rcio eletr\u00f4nico brasileiro: leia este ou outros artigos sobre E-commerce na Academia UOL Meu Neg\u00f3cio.","robots":{"index":"index","follow":"follow","max-snippet":"max-snippet:-1","max-image-preview":"max-image-preview:large","max-video-preview":"max-video-preview:-1"},"canonical":"https:\/\/uolhost.uol.com.br\/blog\/infografico-o-dias-das-criancas-e-o-comercio-eletronico-brasileiro\/","og_locale":"pt_BR","og_type":"article","og_title":"Infogr\u00e1fico: O Dias das Crian\u00e7as e o com\u00e9rcio eletr\u00f4nico brasileiro -","og_description":"Infogr\u00e1fico: O Dias das Crian\u00e7as e o com\u00e9rcio eletr\u00f4nico brasileiro: leia este ou outros artigos sobre E-commerce na Academia UOL Meu Neg\u00f3cio.","og_url":"https:\/\/uolhost.uol.com.br\/blog\/infografico-o-dias-das-criancas-e-o-comercio-eletronico-brasileiro\/","article_published_time":"2020-05-18T18:48:55+00:00","article_modified_time":"2026-01-15T10:53:47+00:00","og_image":[{"width":600,"height":320,"url":"https:\/\/uolhost.uol.com.br\/blog\/wp-content\/uploads\/2020\/05\/geracao-z-qual-seu-papel-no-e-commerce-brasileiro-e-como-conquista-la-1418240126928_600x320.jpg","type":"image\/jpeg"}],"author":"Yuri Torres","twitter_card":"summary_large_image","twitter_misc":{"Escrito por":"Yuri Torres","Est. tempo de leitura":"2 minutos"},"schema":{"@context":"https:\/\/schema.org","@graph":[{"@type":"Article","@id":"https:\/\/uolhost.uol.com.br\/blog\/infografico-o-dias-das-criancas-e-o-comercio-eletronico-brasileiro\/#article","isPartOf":{"@id":"https:\/\/uolhost.uol.com.br\/blog\/infografico-o-dias-das-criancas-e-o-comercio-eletronico-brasileiro\/"},"author":{"name":"Yuri Torres","@id":"https:\/\/uolhost.uol.com.br\/blog\/#\/schema\/person\/41505c2cd07dc07109e30bea51edee93"},"headline":"Infogr\u00e1fico: O Dias das Crian\u00e7as e o com\u00e9rcio eletr\u00f4nico brasileiro","datePublished":"2020-05-18T18:48:55+00:00","dateModified":"2026-01-15T10:53:47+00:00","mainEntityOfPage":{"@id":"https:\/\/uolhost.uol.com.br\/blog\/infografico-o-dias-das-criancas-e-o-comercio-eletronico-brasileiro\/"},"wordCount":331,"publisher":{"@id":"https:\/\/uolhost.uol.com.br\/blog\/#organization"},"image":{"@id":"https:\/\/uolhost.uol.com.br\/blog\/infografico-o-dias-das-criancas-e-o-comercio-eletronico-brasileiro\/#primaryimage"},"thumbnailUrl":"https:\/\/uolhost.uol.com.br\/blog\/wp-content\/uploads\/2020\/05\/geracao-z-qual-seu-papel-no-e-commerce-brasileiro-e-como-conquista-la-1418240126928_600x320.jpg?wsr","articleSection":["Presen\u00e7a digital","Primeiros passos","Produtos UOL Meu Neg\u00f3cio","Solu\u00e7\u00f5es","Tudo para sua Loja Virtual"],"inLanguage":"pt-BR"},{"@type":"WebPage","@id":"https:\/\/uolhost.uol.com.br\/blog\/infografico-o-dias-das-criancas-e-o-comercio-eletronico-brasileiro\/","url":"https:\/\/uolhost.uol.com.br\/blog\/infografico-o-dias-das-criancas-e-o-comercio-eletronico-brasileiro\/","name":"Infogr\u00e1fico: O Dias das Crian\u00e7as e o com\u00e9rcio eletr\u00f4nico brasileiro -","isPartOf":{"@id":"https:\/\/uolhost.uol.com.br\/blog\/#website"},"primaryImageOfPage":{"@id":"https:\/\/uolhost.uol.com.br\/blog\/infografico-o-dias-das-criancas-e-o-comercio-eletronico-brasileiro\/#primaryimage"},"image":{"@id":"https:\/\/uolhost.uol.com.br\/blog\/infografico-o-dias-das-criancas-e-o-comercio-eletronico-brasileiro\/#primaryimage"},"thumbnailUrl":"https:\/\/uolhost.uol.com.br\/blog\/wp-content\/uploads\/2020\/05\/geracao-z-qual-seu-papel-no-e-commerce-brasileiro-e-como-conquista-la-1418240126928_600x320.jpg?wsr","datePublished":"2020-05-18T18:48:55+00:00","dateModified":"2026-01-15T10:53:47+00:00","description":"Infogr\u00e1fico: O Dias das Crian\u00e7as e o com\u00e9rcio eletr\u00f4nico brasileiro: leia este ou outros artigos sobre E-commerce na Academia UOL Meu Neg\u00f3cio.","breadcrumb":{"@id":"https:\/\/uolhost.uol.com.br\/blog\/infografico-o-dias-das-criancas-e-o-comercio-eletronico-brasileiro\/#breadcrumb"},"inLanguage":"pt-BR","potentialAction":[{"@type":"ReadAction","target":["https:\/\/uolhost.uol.com.br\/blog\/infografico-o-dias-das-criancas-e-o-comercio-eletronico-brasileiro\/"]}]},{"@type":"ImageObject","inLanguage":"pt-BR","@id":"https:\/\/uolhost.uol.com.br\/blog\/infografico-o-dias-das-criancas-e-o-comercio-eletronico-brasileiro\/#primaryimage","url":"https:\/\/uolhost.uol.com.br\/blog\/wp-content\/uploads\/2020\/05\/geracao-z-qual-seu-papel-no-e-commerce-brasileiro-e-como-conquista-la-1418240126928_600x320.jpg?wsr","contentUrl":"https:\/\/uolhost.uol.com.br\/blog\/wp-content\/uploads\/2020\/05\/geracao-z-qual-seu-papel-no-e-commerce-brasileiro-e-como-conquista-la-1418240126928_600x320.jpg?wsr","width":600,"height":320},{"@type":"BreadcrumbList","@id":"https:\/\/uolhost.uol.com.br\/blog\/infografico-o-dias-das-criancas-e-o-comercio-eletronico-brasileiro\/#breadcrumb","itemListElement":[{"@type":"ListItem","position":1,"name":"In\u00edcio","item":"https:\/\/uolhost.uol.com.br\/blog\/"},{"@type":"ListItem","position":2,"name":"Infogr\u00e1fico: O Dias das Crian\u00e7as e o com\u00e9rcio eletr\u00f4nico brasileiro"}]},{"@type":"WebSite","@id":"https:\/\/uolhost.uol.com.br\/blog\/#website","url":"https:\/\/uolhost.uol.com.br\/blog\/","name":"Blog UOL Host","description":"","publisher":{"@id":"https:\/\/uolhost.uol.com.br\/blog\/#organization"},"potentialAction":[{"@type":"SearchAction","target":{"@type":"EntryPoint","urlTemplate":"https:\/\/uolhost.uol.com.br\/blog\/?s={search_term_string}"},"query-input":{"@type":"PropertyValueSpecification","valueRequired":true,"valueName":"search_term_string"}}],"inLanguage":"pt-BR"},{"@type":"Organization","@id":"https:\/\/uolhost.uol.com.br\/blog\/#organization","name":"Blog UOL Host","url":"https:\/\/uolhost.uol.com.br\/blog\/","logo":{"@type":"ImageObject","inLanguage":"pt-BR","@id":"https:\/\/uolhost.uol.com.br\/blog\/#\/schema\/logo\/image\/","url":"https:\/\/uolhost.uol.com.br\/blog\/wp-content\/uploads\/2025\/01\/UOL_Host.png?wsr","contentUrl":"https:\/\/uolhost.uol.com.br\/blog\/wp-content\/uploads\/2025\/01\/UOL_Host.png?wsr","width":2000,"height":393,"caption":"Blog UOL Host"},"image":{"@id":"https:\/\/uolhost.uol.com.br\/blog\/#\/schema\/logo\/image\/"}},{"@type":"Person","@id":"https:\/\/uolhost.uol.com.br\/blog\/#\/schema\/person\/41505c2cd07dc07109e30bea51edee93","name":"Yuri Torres","image":{"@type":"ImageObject","inLanguage":"pt-BR","@id":"https:\/\/uolhost.uol.com.br\/blog\/#\/schema\/person\/image\/","url":"https:\/\/secure.gravatar.com\/avatar\/4c96a05faea9fdf86f95d5b723e438c9cc14ad5c342d76486e5a4c8ac8259492?s=96&d=mm&r=g","contentUrl":"https:\/\/secure.gravatar.com\/avatar\/4c96a05faea9fdf86f95d5b723e438c9cc14ad5c342d76486e5a4c8ac8259492?s=96&d=mm&r=g","caption":"Yuri Torres"},"description":"Profissional de Reda\u00e7\u00e3o e Marketing, com 10 anos de experi\u00eancia no desenvolvimento de estrat\u00e9gias de conte\u00fado voltadas \u00e0 comunica\u00e7\u00e3o de marcas. Atua na cria\u00e7\u00e3o de materiais que fortalecem a presen\u00e7a digital, ampliam o engajamento e contribuem para o alcance de resultados alinhados aos objetivos de neg\u00f3cio, com experi\u00eancia no atendimento a empresas de diferentes segmentos. LinkedIn","sameAs":["https:\/\/www.linkedin.com\/in\/yuri-torres-271093108\/"],"url":"https:\/\/uolhost.uol.com.br\/blog\/author\/yuri-torres\/"}]}},"_links":{"self":[{"href":"https:\/\/uolhost.uol.com.br\/blog\/wp-json\/wp\/v2\/posts\/6107","targetHints":{"allow":["GET"]}}],"collection":[{"href":"https:\/\/uolhost.uol.com.br\/blog\/wp-json\/wp\/v2\/posts"}],"about":[{"href":"https:\/\/uolhost.uol.com.br\/blog\/wp-json\/wp\/v2\/types\/post"}],"author":[{"embeddable":true,"href":"https:\/\/uolhost.uol.com.br\/blog\/wp-json\/wp\/v2\/users\/24"}],"replies":[{"embeddable":true,"href":"https:\/\/uolhost.uol.com.br\/blog\/wp-json\/wp\/v2\/comments?post=6107"}],"version-history":[{"count":1,"href":"https:\/\/uolhost.uol.com.br\/blog\/wp-json\/wp\/v2\/posts\/6107\/revisions"}],"predecessor-version":[{"id":19821,"href":"https:\/\/uolhost.uol.com.br\/blog\/wp-json\/wp\/v2\/posts\/6107\/revisions\/19821"}],"wp:featuredmedia":[{"embeddable":true,"href":"https:\/\/uolhost.uol.com.br\/blog\/wp-json\/wp\/v2\/media\/6048"}],"wp:attachment":[{"href":"https:\/\/uolhost.uol.com.br\/blog\/wp-json\/wp\/v2\/media?parent=6107"}],"wp:term":[{"taxonomy":"category","embeddable":true,"href":"https:\/\/uolhost.uol.com.br\/blog\/wp-json\/wp\/v2\/categories?post=6107"},{"taxonomy":"post_tag","embeddable":true,"href":"https:\/\/uolhost.uol.com.br\/blog\/wp-json\/wp\/v2\/tags?post=6107"}],"curies":[{"name":"wp","href":"https:\/\/api.w.org\/{rel}","templated":true}]}}