{"id":6163,"date":"2020-05-18T17:56:28","date_gmt":"2020-05-18T20:56:28","guid":{"rendered":"https:\/\/meunegocio.uol.com.br\/blog\/?p=6163"},"modified":"2026-01-15T07:53:24","modified_gmt":"2026-01-15T10:53:24","slug":"marco-civil-da-internet-como-a-nova-lei-afeta-o-comercio-eletronico","status":"publish","type":"post","link":"https:\/\/uolhost.uol.com.br\/blog\/marco-civil-da-internet-como-a-nova-lei-afeta-o-comercio-eletronico\/","title":{"rendered":"Marco Civil da Internet: como a nova lei afeta o com\u00e9rcio eletr\u00f4nico"},"content":{"rendered":"<p style=\"font-size: 17px; line-height: 24px; word-break: break-word; color: #666666; font-family: UOLText, Arial, sans-serif; letter-spacing: normal;\">Muito tem se falado nas \u00faltimas semanas sobre o tal do \u201cMarco Civil da Internet\u201d. Se voc\u00ea est\u00e1 por fora do assunto, trata-se de um projeto que nasceu em meados de 2009, visando regular o uso da internet no Brasil, e que, em abril, foi sancionado pela Presidente Dilma Roussef.<\/p>\n<p style=\"font-size: 17px; line-height: 24px; word-break: break-word; color: #666666; font-family: UOLText, Arial, sans-serif; letter-spacing: normal;\">Neste m\u00eas de junho, ele entra em vigor, passando a fazer parte da Legisla\u00e7\u00e3o brasileira. O objetivo da lei \u00e9 estabelecer princ\u00edpios, garantias, direitos e deveres aos usu\u00e1rios que navegam pela rede e tamb\u00e9m aos provedores de servi\u00e7os.<\/p>\n<p style=\"font-size: 17px; line-height: 24px; word-break: break-word; color: #666666; font-family: UOLText, Arial, sans-serif; letter-spacing: normal;\">Ok. Mas e o que o seu e-commerce tem a ver com isso? Em tese, tudo. Afinal, a mudan\u00e7a ocorre no \u201cmundo\u201d de sua loja, o virtual.<\/p>\n<p style=\"font-size: 17px; line-height: 24px; word-break: break-word; color: #666666; font-family: UOLText, Arial, sans-serif; letter-spacing: normal;\">Abaixo voc\u00ea vai entender melhor o que \u00e9 o Marco Civil e quais s\u00e3o os pontos que podem impactar o seu neg\u00f3cio:<\/p>\n<p style=\"font-size: 17px; line-height: 24px; word-break: break-word; color: #666666; font-family: UOLText, Arial, sans-serif; letter-spacing: normal;\">Afinal, o que \u00e9 o Marco Civil?<\/p>\n<p>A ideia \u00e9 que ele seja uma esp\u00e9cie de Constitui\u00e7\u00e3o da Internet, definindo direitos e deveres para usu\u00e1rios, empresas e governo. E nesse \u201cpacote\u201d est\u00e3o inclusos, tamb\u00e9m os provedores do servi\u00e7o (como NET, TIM, Vivo, Claro, GVT e outras).<\/p>\n<p style=\"font-size: 17px; line-height: 24px; word-break: break-word; color: #666666; font-family: UOLText, Arial, sans-serif; letter-spacing: normal;\">Os tr\u00eas pilares do projeto envolvem:<\/p>\n<p style=\"font-size: 17px; line-height: 24px; word-break: break-word; color: #666666; font-family: UOLText, Arial, sans-serif; letter-spacing: normal;\">Neutralidade\u00a0\u2013 esse t\u00f3pico tem o intuito de garantir que todo o conte\u00fado que trafega pela internet ser\u00e1 tratado de forma igual. Para o usu\u00e1rio o que muda \u00e9 que as empresas de telecomunica\u00e7\u00f5es n\u00e3o poder\u00e3o diminuir a velocidade de sua conex\u00e3o, caso ele use a rede para acessar conte\u00fados \u201cpesados\u201d, como v\u00eddeos em HD e games.<\/p>\n<p style=\"font-size: 17px; line-height: 24px; word-break: break-word; color: #666666; font-family: UOLText, Arial, sans-serif; letter-spacing: normal;\">Na pr\u00e1tica, as empresas continuar\u00e3o vendendo planos de diferentes velocidades (1Mbps, 10Mbps ou 30Mbps, por exemplo), por\u00e9m a lei pro\u00edbe que a velocidade da conex\u00e3o seja alterada de acordo com o conte\u00fado acessado pelo usu\u00e1rio.<\/p>\n<p style=\"font-size: 17px; line-height: 24px; word-break: break-word; color: #666666; font-family: UOLText, Arial, sans-serif; letter-spacing: normal;\">Privacidade\u00a0\u2013 o projeto garante o sigilo dos dados de comunica\u00e7\u00e3o via internet. O acesso a essas informa\u00e7\u00f5es, por qualquer pessoa ou empresa, s\u00f3 poder\u00e1 ser feito diante de uma ordem judicial. As companhias s\u00f3 poder\u00e3o usar dados para prop\u00f3sito pr\u00e9-determinado. Sites como o Facebook e Google ter\u00e3o ainda que manter por seis meses o registro de acesso de todos os usu\u00e1rios.<\/p>\n<p style=\"margin-bottom: 20px; font-size: 17px; line-height: 24px; word-break: break-word; color: #666666; font-family: UOLText, Arial, sans-serif; letter-spacing: normal;\">Liberdade de express\u00e3o\u00a0\u2013 conte\u00fados, sejam v\u00eddeos ou textos, n\u00e3o poder\u00e3o mais ser exclu\u00eddos pelos provedores. Essa a\u00e7\u00e3o s\u00f3 poder\u00e1 ser feita diante de uma ordem judicial. Um usu\u00e1rio que se sentir ofendido por algum conte\u00fado, ou uma marca que acredita ter seus direitos autorais violados, ter\u00e1 de procurar a Justi\u00e7a e n\u00e3o a empresa que disponibilizou os dados.<\/p>\n<p>\t\t\t\t\t\t\t\t\t\t\t<a href=\"http:\/\/clicklogger.rm.uol.com.br\/?prd=939&amp;grp=src:13;chn:546;cpg:cross-sell-banner-site-pronto;&amp;msr=Cliques%20de%20Origem:1&amp;oper=11&amp;redir=https:\/\/cadastro.uol.com.br\/indexb.html?eos=yes&amp;skin=cadastrounificado\/visitor\/pf&amp;skinPath=meunegocio&amp;promochild=PROMPKSC3387\"><br \/>\n\t\t\t\t\t\t\t<img loading=\"lazy\" decoding=\"async\" width=\"600\" height=\"150\" src=\"https:\/\/uolhost.uol.com.br\/blog\/wp-content\/uploads\/2020\/04\/banner_uolmn_lojavirtuol_academia-1.gif\" alt=\"\" \/>\t\t\t\t\t\t\t\t<\/a><\/p>\n<p style=\"font-size: 17px; line-height: 24px; word-break: break-word; color: #666666; font-family: UOLText, Arial, sans-serif; letter-spacing: normal;\">Algum desses itens vai afetar minha loja virtual?<\/p>\n<p>Sim. Com o Marco Civil, \u00e9 preciso se adaptar \u00e0s novas regras de privacidade e ficar de olho ao lidar com os dados do cliente.<\/p>\n<p style=\"font-size: 17px; line-height: 24px; word-break: break-word; color: #666666; font-family: UOLText, Arial, sans-serif; letter-spacing: normal;\">O segundo cap\u00edtulo da lei diz que as empresas precisar\u00e3o garantir aos internautas a privacidade de seus dados pessoais e de sua vida privada, sendo assim, n\u00e3o poder\u00e3o usar informa\u00e7\u00f5es trocadas por meio de mensagens para segmentar an\u00fancios ou ainda para fins comerciais.<\/p>\n<p>Vale a pena rever seu contrato e colocar uma cl\u00e1usula de acordo com os novos termos da lei para evitar futuros problemas, sempre pedindo autoriza\u00e7\u00e3o do usu\u00e1rio para futuras intera\u00e7\u00f5es da sua loja com ele.<\/p>\n<p style=\"font-size: 17px; line-height: 24px; word-break: break-word; color: #666666; font-family: UOLText, Arial, sans-serif; letter-spacing: normal;\">\u00c9 o fim do marketing dirigido?<\/p>\n<p>O impacto mais forte para o com\u00e9rcio eletr\u00f4nico \u00e9, sem d\u00favida, no remarketing, a\u00e7\u00e3o que consiste em armazenar dados da visita de um usu\u00e1rio em um site, para depois enviar propagandas dirigidas a ele, de acordo com os interesses demonstrados durante a passagem pela&nbsp;<a href=\"https:\/\/meunegocio.uol.com.br\/loja-virtual\" target=\"_blank\" rel=\"noopener noreferrer\">loja virtual<\/a>.<\/p>\n<p style=\"font-size: 17px; line-height: 24px; word-break: break-word; color: #666666; font-family: UOLText, Arial, sans-serif; letter-spacing: normal;\">Com a garantia de privacidade e o sigilo de informa\u00e7\u00f5es, h\u00e1 duvidas sobre o tipo de monitoramento e an\u00e1lise que poder\u00e3o ser feitos. H\u00e1 quem diga que n\u00e3o ser\u00e1 poss\u00edvel fazer o remarketing dentro das novas regras, mas diante das representativas cifras que esse tipo de publicidade movimentam, os provedores deste tipo de an\u00fancio certamente est\u00e3o em buscas de alternativas para se adequar \u00e0 lei sem prejudicar os anunciantes.<\/p>\n<p style=\"font-size: 17px; line-height: 24px; word-break: break-word; color: #666666; font-family: UOLText, Arial, sans-serif; letter-spacing: normal;\">Uma coisa \u00e9 certa: cada vez mais ser\u00e1 necess\u00e1rio buscar o consentimento do internauta para o uso de dados para esse fim.<\/p>\n<p style=\"font-size: 17px; line-height: 24px; word-break: break-word; color: #666666; font-family: UOLText, Arial, sans-serif; letter-spacing: normal;\">Diante dessa novidade, as lojas virtuais tamb\u00e9m devem passar a investir mais em outras estrat\u00e9gias de marketing, como links patrocinados, redes sociais, t\u00e9cnicas de SEO e&nbsp;<a href=\"https:\/\/meunegocio.uol.com.br\/e-mail-marketing\" target=\"_blank\" rel=\"noopener noreferrer\">e-mail marketing<\/a>. Lembrando que nessa \u00faltimo caso, agora, mais do que nunca, \u00e9 preciso que o consumidor permita o envio de mensagens ao seu endere\u00e7o eletr\u00f4nico.<\/p>\n<p style=\"font-size: 17px; line-height: 24px; word-break: break-word; color: #666666; font-family: UOLText, Arial, sans-serif; letter-spacing: normal;\">\n<p style=\"margin-bottom: 20px; font-size: 17px; line-height: 24px; word-break: break-word; color: #666666; font-family: UOLText, Arial, sans-serif; letter-spacing: normal;\">O importante \u00e9 ficar de olho nas interpreta\u00e7\u00f5es que ser\u00e3o feitas sobre o Marco Civil e se adequar \u00e0s regras. Est\u00e1 pronto para esse desafio?<\/p>\n","protected":false},"excerpt":{"rendered":"<p>Muito tem se falado nas \u00faltimas semanas sobre o tal do \u201cMarco Civil da Internet\u201d. Se voc\u00ea est\u00e1 por fora do assunto, trata-se de um projeto que nasceu em meados de 2009, visando regular o uso da internet no Brasil, e que, em abril, foi sancionado pela Presidente Dilma Roussef. Neste m\u00eas de junho, ele [&hellip;]<\/p>\n","protected":false},"author":24,"featured_media":4204,"comment_status":"closed","ping_status":"closed","sticky":false,"template":"","format":"standard","meta":{"footnotes":""},"categories":[75,33,88,38,43],"tags":[],"class_list":["post-6163","post","type-post","status-publish","format-standard","has-post-thumbnail","hentry","category-impostos-e-leis","category-presenca-digital","category-produtos-uol-meu-negocio","category-solucoes","category-tudo-para-sua-loja-virtual"],"gutentor_comment":0,"yoast_head":"<!-- This site is optimized with the Yoast SEO plugin v26.4 - https:\/\/yoast.com\/wordpress\/plugins\/seo\/ -->\n<title>Marco Civil da Internet: como a nova lei afeta o com\u00e9rcio eletr\u00f4nico -<\/title>\n<meta name=\"description\" content=\"Marco Civil da Internet: como a nova lei afeta o com\u00e9rcio eletr\u00f4nico: leia este ou outros artigos sobre E-commerce na Academia UOL Meu Neg\u00f3cio.\" \/>\n<meta name=\"robots\" content=\"index, follow, max-snippet:-1, max-image-preview:large, max-video-preview:-1\" \/>\n<link rel=\"canonical\" href=\"https:\/\/uolhost.uol.com.br\/blog\/marco-civil-da-internet-como-a-nova-lei-afeta-o-comercio-eletronico\/\" \/>\n<meta property=\"og:locale\" content=\"pt_BR\" \/>\n<meta property=\"og:type\" content=\"article\" \/>\n<meta property=\"og:title\" content=\"Marco Civil da Internet: como a nova lei afeta o com\u00e9rcio eletr\u00f4nico -\" \/>\n<meta property=\"og:description\" content=\"Marco Civil da Internet: como a nova lei afeta o com\u00e9rcio eletr\u00f4nico: leia este ou outros artigos sobre E-commerce na Academia UOL Meu Neg\u00f3cio.\" \/>\n<meta property=\"og:url\" content=\"https:\/\/uolhost.uol.com.br\/blog\/marco-civil-da-internet-como-a-nova-lei-afeta-o-comercio-eletronico\/\" \/>\n<meta property=\"article:published_time\" content=\"2020-05-18T20:56:28+00:00\" \/>\n<meta property=\"article:modified_time\" content=\"2026-01-15T10:53:24+00:00\" \/>\n<meta property=\"og:image\" content=\"https:\/\/uolhost.uol.com.br\/blog\/wp-content\/uploads\/2020\/04\/banner_uolmn_lojavirtuol_academia-1.gif\" \/>\n\t<meta property=\"og:image:width\" content=\"600\" \/>\n\t<meta property=\"og:image:height\" content=\"150\" \/>\n\t<meta property=\"og:image:type\" content=\"image\/gif\" \/>\n<meta name=\"author\" content=\"Yuri Torres\" \/>\n<meta name=\"twitter:card\" content=\"summary_large_image\" \/>\n<meta name=\"twitter:label1\" content=\"Escrito por\" \/>\n\t<meta name=\"twitter:data1\" content=\"Yuri Torres\" \/>\n\t<meta name=\"twitter:label2\" content=\"Est. tempo de leitura\" \/>\n\t<meta name=\"twitter:data2\" content=\"4 minutos\" \/>\n<script type=\"application\/ld+json\" class=\"yoast-schema-graph\">{\"@context\":\"https:\/\/schema.org\",\"@graph\":[{\"@type\":\"Article\",\"@id\":\"https:\/\/uolhost.uol.com.br\/blog\/marco-civil-da-internet-como-a-nova-lei-afeta-o-comercio-eletronico\/#article\",\"isPartOf\":{\"@id\":\"https:\/\/uolhost.uol.com.br\/blog\/marco-civil-da-internet-como-a-nova-lei-afeta-o-comercio-eletronico\/\"},\"author\":{\"name\":\"Yuri Torres\",\"@id\":\"https:\/\/uolhost.uol.com.br\/blog\/#\/schema\/person\/41505c2cd07dc07109e30bea51edee93\"},\"headline\":\"Marco Civil da Internet: como a nova lei afeta o com\u00e9rcio eletr\u00f4nico\",\"datePublished\":\"2020-05-18T20:56:28+00:00\",\"dateModified\":\"2026-01-15T10:53:24+00:00\",\"mainEntityOfPage\":{\"@id\":\"https:\/\/uolhost.uol.com.br\/blog\/marco-civil-da-internet-como-a-nova-lei-afeta-o-comercio-eletronico\/\"},\"wordCount\":813,\"publisher\":{\"@id\":\"https:\/\/uolhost.uol.com.br\/blog\/#organization\"},\"image\":{\"@id\":\"https:\/\/uolhost.uol.com.br\/blog\/marco-civil-da-internet-como-a-nova-lei-afeta-o-comercio-eletronico\/#primaryimage\"},\"thumbnailUrl\":\"https:\/\/uolhost.uol.com.br\/blog\/wp-content\/uploads\/2020\/04\/banner_uolmn_lojavirtuol_academia-1.gif?wsr\",\"articleSection\":[\"Impostos e leis\",\"Presen\u00e7a digital\",\"Produtos UOL Meu Neg\u00f3cio\",\"Solu\u00e7\u00f5es\",\"Tudo para sua Loja Virtual\"],\"inLanguage\":\"pt-BR\"},{\"@type\":\"WebPage\",\"@id\":\"https:\/\/uolhost.uol.com.br\/blog\/marco-civil-da-internet-como-a-nova-lei-afeta-o-comercio-eletronico\/\",\"url\":\"https:\/\/uolhost.uol.com.br\/blog\/marco-civil-da-internet-como-a-nova-lei-afeta-o-comercio-eletronico\/\",\"name\":\"Marco Civil da Internet: como a nova lei afeta o com\u00e9rcio eletr\u00f4nico -\",\"isPartOf\":{\"@id\":\"https:\/\/uolhost.uol.com.br\/blog\/#website\"},\"primaryImageOfPage\":{\"@id\":\"https:\/\/uolhost.uol.com.br\/blog\/marco-civil-da-internet-como-a-nova-lei-afeta-o-comercio-eletronico\/#primaryimage\"},\"image\":{\"@id\":\"https:\/\/uolhost.uol.com.br\/blog\/marco-civil-da-internet-como-a-nova-lei-afeta-o-comercio-eletronico\/#primaryimage\"},\"thumbnailUrl\":\"https:\/\/uolhost.uol.com.br\/blog\/wp-content\/uploads\/2020\/04\/banner_uolmn_lojavirtuol_academia-1.gif?wsr\",\"datePublished\":\"2020-05-18T20:56:28+00:00\",\"dateModified\":\"2026-01-15T10:53:24+00:00\",\"description\":\"Marco Civil da Internet: como a nova lei afeta o com\u00e9rcio eletr\u00f4nico: leia este ou outros artigos sobre E-commerce na Academia UOL Meu Neg\u00f3cio.\",\"breadcrumb\":{\"@id\":\"https:\/\/uolhost.uol.com.br\/blog\/marco-civil-da-internet-como-a-nova-lei-afeta-o-comercio-eletronico\/#breadcrumb\"},\"inLanguage\":\"pt-BR\",\"potentialAction\":[{\"@type\":\"ReadAction\",\"target\":[\"https:\/\/uolhost.uol.com.br\/blog\/marco-civil-da-internet-como-a-nova-lei-afeta-o-comercio-eletronico\/\"]}]},{\"@type\":\"ImageObject\",\"inLanguage\":\"pt-BR\",\"@id\":\"https:\/\/uolhost.uol.com.br\/blog\/marco-civil-da-internet-como-a-nova-lei-afeta-o-comercio-eletronico\/#primaryimage\",\"url\":\"https:\/\/uolhost.uol.com.br\/blog\/wp-content\/uploads\/2020\/04\/banner_uolmn_lojavirtuol_academia-1.gif?wsr\",\"contentUrl\":\"https:\/\/uolhost.uol.com.br\/blog\/wp-content\/uploads\/2020\/04\/banner_uolmn_lojavirtuol_academia-1.gif?wsr\",\"width\":600,\"height\":150},{\"@type\":\"BreadcrumbList\",\"@id\":\"https:\/\/uolhost.uol.com.br\/blog\/marco-civil-da-internet-como-a-nova-lei-afeta-o-comercio-eletronico\/#breadcrumb\",\"itemListElement\":[{\"@type\":\"ListItem\",\"position\":1,\"name\":\"In\u00edcio\",\"item\":\"https:\/\/uolhost.uol.com.br\/blog\/\"},{\"@type\":\"ListItem\",\"position\":2,\"name\":\"Marco Civil da Internet: como a nova lei afeta o com\u00e9rcio eletr\u00f4nico\"}]},{\"@type\":\"WebSite\",\"@id\":\"https:\/\/uolhost.uol.com.br\/blog\/#website\",\"url\":\"https:\/\/uolhost.uol.com.br\/blog\/\",\"name\":\"Blog UOL Host\",\"description\":\"\",\"publisher\":{\"@id\":\"https:\/\/uolhost.uol.com.br\/blog\/#organization\"},\"potentialAction\":[{\"@type\":\"SearchAction\",\"target\":{\"@type\":\"EntryPoint\",\"urlTemplate\":\"https:\/\/uolhost.uol.com.br\/blog\/?s={search_term_string}\"},\"query-input\":{\"@type\":\"PropertyValueSpecification\",\"valueRequired\":true,\"valueName\":\"search_term_string\"}}],\"inLanguage\":\"pt-BR\"},{\"@type\":\"Organization\",\"@id\":\"https:\/\/uolhost.uol.com.br\/blog\/#organization\",\"name\":\"Blog UOL Host\",\"url\":\"https:\/\/uolhost.uol.com.br\/blog\/\",\"logo\":{\"@type\":\"ImageObject\",\"inLanguage\":\"pt-BR\",\"@id\":\"https:\/\/uolhost.uol.com.br\/blog\/#\/schema\/logo\/image\/\",\"url\":\"https:\/\/uolhost.uol.com.br\/blog\/wp-content\/uploads\/2025\/01\/UOL_Host.png?wsr\",\"contentUrl\":\"https:\/\/uolhost.uol.com.br\/blog\/wp-content\/uploads\/2025\/01\/UOL_Host.png?wsr\",\"width\":2000,\"height\":393,\"caption\":\"Blog UOL Host\"},\"image\":{\"@id\":\"https:\/\/uolhost.uol.com.br\/blog\/#\/schema\/logo\/image\/\"}},{\"@type\":\"Person\",\"@id\":\"https:\/\/uolhost.uol.com.br\/blog\/#\/schema\/person\/41505c2cd07dc07109e30bea51edee93\",\"name\":\"Yuri Torres\",\"image\":{\"@type\":\"ImageObject\",\"inLanguage\":\"pt-BR\",\"@id\":\"https:\/\/uolhost.uol.com.br\/blog\/#\/schema\/person\/image\/\",\"url\":\"https:\/\/secure.gravatar.com\/avatar\/4c96a05faea9fdf86f95d5b723e438c9cc14ad5c342d76486e5a4c8ac8259492?s=96&d=mm&r=g\",\"contentUrl\":\"https:\/\/secure.gravatar.com\/avatar\/4c96a05faea9fdf86f95d5b723e438c9cc14ad5c342d76486e5a4c8ac8259492?s=96&d=mm&r=g\",\"caption\":\"Yuri Torres\"},\"description\":\"Profissional de Reda\u00e7\u00e3o e Marketing, com 10 anos de experi\u00eancia no desenvolvimento de estrat\u00e9gias de conte\u00fado voltadas \u00e0 comunica\u00e7\u00e3o de marcas. Atua na cria\u00e7\u00e3o de materiais que fortalecem a presen\u00e7a digital, ampliam o engajamento e contribuem para o alcance de resultados alinhados aos objetivos de neg\u00f3cio, com experi\u00eancia no atendimento a empresas de diferentes segmentos. LinkedIn\",\"sameAs\":[\"https:\/\/www.linkedin.com\/in\/yuri-torres-271093108\/\"],\"url\":\"https:\/\/uolhost.uol.com.br\/blog\/author\/yuri-torres\/\"}]}<\/script>\n<!-- \/ Yoast SEO plugin. -->","yoast_head_json":{"title":"Marco Civil da Internet: como a nova lei afeta o com\u00e9rcio eletr\u00f4nico -","description":"Marco Civil da Internet: como a nova lei afeta o com\u00e9rcio eletr\u00f4nico: leia este ou outros artigos sobre E-commerce na Academia UOL Meu Neg\u00f3cio.","robots":{"index":"index","follow":"follow","max-snippet":"max-snippet:-1","max-image-preview":"max-image-preview:large","max-video-preview":"max-video-preview:-1"},"canonical":"https:\/\/uolhost.uol.com.br\/blog\/marco-civil-da-internet-como-a-nova-lei-afeta-o-comercio-eletronico\/","og_locale":"pt_BR","og_type":"article","og_title":"Marco Civil da Internet: como a nova lei afeta o com\u00e9rcio eletr\u00f4nico -","og_description":"Marco Civil da Internet: como a nova lei afeta o com\u00e9rcio eletr\u00f4nico: leia este ou outros artigos sobre E-commerce na Academia UOL Meu Neg\u00f3cio.","og_url":"https:\/\/uolhost.uol.com.br\/blog\/marco-civil-da-internet-como-a-nova-lei-afeta-o-comercio-eletronico\/","article_published_time":"2020-05-18T20:56:28+00:00","article_modified_time":"2026-01-15T10:53:24+00:00","og_image":[{"width":600,"height":150,"url":"https:\/\/uolhost.uol.com.br\/blog\/wp-content\/uploads\/2020\/04\/banner_uolmn_lojavirtuol_academia-1.gif","type":"image\/gif"}],"author":"Yuri Torres","twitter_card":"summary_large_image","twitter_misc":{"Escrito por":"Yuri Torres","Est. tempo de leitura":"4 minutos"},"schema":{"@context":"https:\/\/schema.org","@graph":[{"@type":"Article","@id":"https:\/\/uolhost.uol.com.br\/blog\/marco-civil-da-internet-como-a-nova-lei-afeta-o-comercio-eletronico\/#article","isPartOf":{"@id":"https:\/\/uolhost.uol.com.br\/blog\/marco-civil-da-internet-como-a-nova-lei-afeta-o-comercio-eletronico\/"},"author":{"name":"Yuri Torres","@id":"https:\/\/uolhost.uol.com.br\/blog\/#\/schema\/person\/41505c2cd07dc07109e30bea51edee93"},"headline":"Marco Civil da Internet: como a nova lei afeta o com\u00e9rcio eletr\u00f4nico","datePublished":"2020-05-18T20:56:28+00:00","dateModified":"2026-01-15T10:53:24+00:00","mainEntityOfPage":{"@id":"https:\/\/uolhost.uol.com.br\/blog\/marco-civil-da-internet-como-a-nova-lei-afeta-o-comercio-eletronico\/"},"wordCount":813,"publisher":{"@id":"https:\/\/uolhost.uol.com.br\/blog\/#organization"},"image":{"@id":"https:\/\/uolhost.uol.com.br\/blog\/marco-civil-da-internet-como-a-nova-lei-afeta-o-comercio-eletronico\/#primaryimage"},"thumbnailUrl":"https:\/\/uolhost.uol.com.br\/blog\/wp-content\/uploads\/2020\/04\/banner_uolmn_lojavirtuol_academia-1.gif?wsr","articleSection":["Impostos e leis","Presen\u00e7a digital","Produtos UOL Meu Neg\u00f3cio","Solu\u00e7\u00f5es","Tudo para sua Loja Virtual"],"inLanguage":"pt-BR"},{"@type":"WebPage","@id":"https:\/\/uolhost.uol.com.br\/blog\/marco-civil-da-internet-como-a-nova-lei-afeta-o-comercio-eletronico\/","url":"https:\/\/uolhost.uol.com.br\/blog\/marco-civil-da-internet-como-a-nova-lei-afeta-o-comercio-eletronico\/","name":"Marco Civil da Internet: como a nova lei afeta o com\u00e9rcio eletr\u00f4nico -","isPartOf":{"@id":"https:\/\/uolhost.uol.com.br\/blog\/#website"},"primaryImageOfPage":{"@id":"https:\/\/uolhost.uol.com.br\/blog\/marco-civil-da-internet-como-a-nova-lei-afeta-o-comercio-eletronico\/#primaryimage"},"image":{"@id":"https:\/\/uolhost.uol.com.br\/blog\/marco-civil-da-internet-como-a-nova-lei-afeta-o-comercio-eletronico\/#primaryimage"},"thumbnailUrl":"https:\/\/uolhost.uol.com.br\/blog\/wp-content\/uploads\/2020\/04\/banner_uolmn_lojavirtuol_academia-1.gif?wsr","datePublished":"2020-05-18T20:56:28+00:00","dateModified":"2026-01-15T10:53:24+00:00","description":"Marco Civil da Internet: como a nova lei afeta o com\u00e9rcio eletr\u00f4nico: leia este ou outros artigos sobre E-commerce na Academia UOL Meu Neg\u00f3cio.","breadcrumb":{"@id":"https:\/\/uolhost.uol.com.br\/blog\/marco-civil-da-internet-como-a-nova-lei-afeta-o-comercio-eletronico\/#breadcrumb"},"inLanguage":"pt-BR","potentialAction":[{"@type":"ReadAction","target":["https:\/\/uolhost.uol.com.br\/blog\/marco-civil-da-internet-como-a-nova-lei-afeta-o-comercio-eletronico\/"]}]},{"@type":"ImageObject","inLanguage":"pt-BR","@id":"https:\/\/uolhost.uol.com.br\/blog\/marco-civil-da-internet-como-a-nova-lei-afeta-o-comercio-eletronico\/#primaryimage","url":"https:\/\/uolhost.uol.com.br\/blog\/wp-content\/uploads\/2020\/04\/banner_uolmn_lojavirtuol_academia-1.gif?wsr","contentUrl":"https:\/\/uolhost.uol.com.br\/blog\/wp-content\/uploads\/2020\/04\/banner_uolmn_lojavirtuol_academia-1.gif?wsr","width":600,"height":150},{"@type":"BreadcrumbList","@id":"https:\/\/uolhost.uol.com.br\/blog\/marco-civil-da-internet-como-a-nova-lei-afeta-o-comercio-eletronico\/#breadcrumb","itemListElement":[{"@type":"ListItem","position":1,"name":"In\u00edcio","item":"https:\/\/uolhost.uol.com.br\/blog\/"},{"@type":"ListItem","position":2,"name":"Marco Civil da Internet: como a nova lei afeta o com\u00e9rcio eletr\u00f4nico"}]},{"@type":"WebSite","@id":"https:\/\/uolhost.uol.com.br\/blog\/#website","url":"https:\/\/uolhost.uol.com.br\/blog\/","name":"Blog UOL Host","description":"","publisher":{"@id":"https:\/\/uolhost.uol.com.br\/blog\/#organization"},"potentialAction":[{"@type":"SearchAction","target":{"@type":"EntryPoint","urlTemplate":"https:\/\/uolhost.uol.com.br\/blog\/?s={search_term_string}"},"query-input":{"@type":"PropertyValueSpecification","valueRequired":true,"valueName":"search_term_string"}}],"inLanguage":"pt-BR"},{"@type":"Organization","@id":"https:\/\/uolhost.uol.com.br\/blog\/#organization","name":"Blog UOL Host","url":"https:\/\/uolhost.uol.com.br\/blog\/","logo":{"@type":"ImageObject","inLanguage":"pt-BR","@id":"https:\/\/uolhost.uol.com.br\/blog\/#\/schema\/logo\/image\/","url":"https:\/\/uolhost.uol.com.br\/blog\/wp-content\/uploads\/2025\/01\/UOL_Host.png?wsr","contentUrl":"https:\/\/uolhost.uol.com.br\/blog\/wp-content\/uploads\/2025\/01\/UOL_Host.png?wsr","width":2000,"height":393,"caption":"Blog UOL Host"},"image":{"@id":"https:\/\/uolhost.uol.com.br\/blog\/#\/schema\/logo\/image\/"}},{"@type":"Person","@id":"https:\/\/uolhost.uol.com.br\/blog\/#\/schema\/person\/41505c2cd07dc07109e30bea51edee93","name":"Yuri Torres","image":{"@type":"ImageObject","inLanguage":"pt-BR","@id":"https:\/\/uolhost.uol.com.br\/blog\/#\/schema\/person\/image\/","url":"https:\/\/secure.gravatar.com\/avatar\/4c96a05faea9fdf86f95d5b723e438c9cc14ad5c342d76486e5a4c8ac8259492?s=96&d=mm&r=g","contentUrl":"https:\/\/secure.gravatar.com\/avatar\/4c96a05faea9fdf86f95d5b723e438c9cc14ad5c342d76486e5a4c8ac8259492?s=96&d=mm&r=g","caption":"Yuri Torres"},"description":"Profissional de Reda\u00e7\u00e3o e Marketing, com 10 anos de experi\u00eancia no desenvolvimento de estrat\u00e9gias de conte\u00fado voltadas \u00e0 comunica\u00e7\u00e3o de marcas. Atua na cria\u00e7\u00e3o de materiais que fortalecem a presen\u00e7a digital, ampliam o engajamento e contribuem para o alcance de resultados alinhados aos objetivos de neg\u00f3cio, com experi\u00eancia no atendimento a empresas de diferentes segmentos. LinkedIn","sameAs":["https:\/\/www.linkedin.com\/in\/yuri-torres-271093108\/"],"url":"https:\/\/uolhost.uol.com.br\/blog\/author\/yuri-torres\/"}]}},"_links":{"self":[{"href":"https:\/\/uolhost.uol.com.br\/blog\/wp-json\/wp\/v2\/posts\/6163","targetHints":{"allow":["GET"]}}],"collection":[{"href":"https:\/\/uolhost.uol.com.br\/blog\/wp-json\/wp\/v2\/posts"}],"about":[{"href":"https:\/\/uolhost.uol.com.br\/blog\/wp-json\/wp\/v2\/types\/post"}],"author":[{"embeddable":true,"href":"https:\/\/uolhost.uol.com.br\/blog\/wp-json\/wp\/v2\/users\/24"}],"replies":[{"embeddable":true,"href":"https:\/\/uolhost.uol.com.br\/blog\/wp-json\/wp\/v2\/comments?post=6163"}],"version-history":[{"count":1,"href":"https:\/\/uolhost.uol.com.br\/blog\/wp-json\/wp\/v2\/posts\/6163\/revisions"}],"predecessor-version":[{"id":19810,"href":"https:\/\/uolhost.uol.com.br\/blog\/wp-json\/wp\/v2\/posts\/6163\/revisions\/19810"}],"wp:featuredmedia":[{"embeddable":true,"href":"https:\/\/uolhost.uol.com.br\/blog\/wp-json\/wp\/v2\/media\/4204"}],"wp:attachment":[{"href":"https:\/\/uolhost.uol.com.br\/blog\/wp-json\/wp\/v2\/media?parent=6163"}],"wp:term":[{"taxonomy":"category","embeddable":true,"href":"https:\/\/uolhost.uol.com.br\/blog\/wp-json\/wp\/v2\/categories?post=6163"},{"taxonomy":"post_tag","embeddable":true,"href":"https:\/\/uolhost.uol.com.br\/blog\/wp-json\/wp\/v2\/tags?post=6163"}],"curies":[{"name":"wp","href":"https:\/\/api.w.org\/{rel}","templated":true}]}}