{"id":6182,"date":"2020-05-19T11:12:30","date_gmt":"2020-05-19T14:12:30","guid":{"rendered":"https:\/\/meunegocio.uol.com.br\/blog\/?p=6182"},"modified":"2026-01-15T07:53:23","modified_gmt":"2026-01-15T10:53:23","slug":"mude-o-visual-e-traga-um-novo-folego-a-sua-loja-virtual","status":"publish","type":"post","link":"https:\/\/uolhost.uol.com.br\/blog\/mude-o-visual-e-traga-um-novo-folego-a-sua-loja-virtual\/","title":{"rendered":"Mude o visual e traga um novo f\u00f4lego \u00e0 sua loja virtual"},"content":{"rendered":"<h2 style=\"font-family: UOLText, Arial, sans-serif; font-weight: 100; line-height: 1.1; color: #444444; margin-bottom: 25px; font-size: 26px; letter-spacing: normal; text-align: start;\">D\u00ea uma repaginada e aumente suas vendas.<\/h2>\n<p style=\"font-size: 17px; line-height: 24px; word-break: break-word; color: #666666; font-family: UOLText, Arial, sans-serif; letter-spacing: normal;\">Qual a cor do seu cabelo e olhos? Sua estatura, cor da pele e sexo? E no seu RG, qual o nome, filia\u00e7\u00e3o e nacionalidade que constam?<\/p>\n<p style=\"font-size: 17px; line-height: 24px; word-break: break-word; color: #666666; font-family: UOLText, Arial, sans-serif; letter-spacing: normal;\">As respostas \u00e0s perguntas acima formam um conjunto de elementos que fazem com que voc\u00ea seja \u00fanico.<\/p>\n<p style=\"font-size: 17px; line-height: 24px; word-break: break-word; color: #666666; font-family: UOLText, Arial, sans-serif; letter-spacing: normal;\">Assim como as pessoas, uma&nbsp;<a href=\"https:\/\/meunegocio.uol.com.br\/loja-virtual\" target=\"_blank\" rel=\"noopener noreferrer\">loja virtual<\/a>&nbsp;tamb\u00e9m precisa ter caracter\u00edsticas que a definam e a tornem exclusiva. E um dos elementos-chaves para essa constru\u00e7\u00e3o \u00e9 a&nbsp;<a href=\"https:\/\/meunegocio.uol.com.br\/academia\/e-commerce\/qual-deve-ser-a-cara-da-sua-loja-virtual.html\" target=\"_blank\" rel=\"noopener noreferrer\">identidade visual<\/a>.<\/p>\n<p style=\"font-size: 17px; line-height: 24px; word-break: break-word; color: #666666; font-family: UOLText, Arial, sans-serif; letter-spacing: normal;\">Elementos como as cores e a tipografia usadas no seu site representa a personalidade da sua marca e podem influenciar a opini\u00e3o do p\u00fablico a respeito dela.<\/p>\n<p style=\"font-size: 17px; line-height: 24px; word-break: break-word; color: #666666; font-family: UOLText, Arial, sans-serif; letter-spacing: normal;\">Mas, assim como voc\u00ea, de vez em quando, cansa da imagem refletida no espelho e decide dar uma mudada no visual, sua loja pode se beneficiar de um novo look.<\/p>\n<p style=\"font-size: 17px; line-height: 24px; word-break: break-word; color: #666666; font-family: UOLText, Arial, sans-serif; letter-spacing: normal;\">Se essa mudan\u00e7a for bem pensada, planejada e executada, o resultado pode&nbsp;<a href=\"https:\/\/meunegocio.uol.com.br\/academia\/gestao-de-empresas\/5-atitudes-que-conquistam-a-simpatia-do-cliente.html\" target=\"_blank\" rel=\"noopener noreferrer\">agradar ao p\u00fabli<\/a><a href=\"https:\/\/www.uolhost.com.br\/academia\/noticias\/2014\/06\/16\/5-atitudes-que-conquistam-a-simpatia-do-cliente.html\" target=\"_blank\" rel=\"noopener noreferrer\">co<\/a>.&nbsp;<\/p>\n<p style=\"font-size: 17px; line-height: 24px; word-break: break-word; color: #666666; font-family: UOLText, Arial, sans-serif; letter-spacing: normal;\">Veja como fazer essa transi\u00e7\u00e3o da maneira certa, sem &#8220;assustar&#8221; a clientela:<\/p>\n<p style=\"font-size: 17px; line-height: 24px; word-break: break-word; color: #666666; font-family: UOLText, Arial, sans-serif; letter-spacing: normal;\">Avalie os motivos reais<\/p>\n<p style=\"font-size: 17px; line-height: 24px; word-break: break-word; color: #666666; font-family: UOLText, Arial, sans-serif; letter-spacing: normal;\">A mudan\u00e7a de identidade visual tem que ser um marco de algo novo na empresa. Um novo posicionamento no mercado, mudan\u00e7as de gest\u00e3o ou foco em um novo p\u00fablico, por exemplo, s\u00e3o momentos que pedem uma nova &#8220;cara&#8221; ao neg\u00f3cio.&nbsp;<\/p>\n<p style=\"font-size: 17px; line-height: 24px; word-break: break-word; color: #666666; font-family: UOLText, Arial, sans-serif; letter-spacing: normal;\">A inova\u00e7\u00e3o pode significar tamb\u00e9m moderniza\u00e7\u00e3o e evolu\u00e7\u00e3o. Mas, para que ela fa\u00e7a sentido, e o conceito seja realmente entendido e bem aceito pelos clientes, \u00e9 preciso que haja, de fato, um avan\u00e7o na marca.&nbsp;<\/p>\n<p style=\"font-size: 17px; line-height: 24px; word-break: break-word; color: #666666; font-family: UOLText, Arial, sans-serif; letter-spacing: normal;\">Junto com a apar\u00eancia renovada, promova revolu\u00e7\u00f5es internas. Adicionar novos produtos ao seu portf\u00f3lio pode ser uma maneira de justificar a transforma\u00e7\u00e3o.<\/p>\n<p style=\"font-size: 17px; line-height: 24px; word-break: break-word; color: #666666; font-family: UOLText, Arial, sans-serif; letter-spacing: normal;\">Estude muito antes de mudar<\/p>\n<p style=\"font-size: 17px; line-height: 24px; word-break: break-word; color: #666666; font-family: UOLText, Arial, sans-serif; letter-spacing: normal;\">Recentemente, a Netshoes, loja de cal\u00e7ados online, trocou todo o visual de sua loja. Mas a mudan\u00e7a n\u00e3o foi do dia para noite. O novo conceito \u00e9 resultado de um ano de estudos de marca, realizado em parceria com a consultoria Interbrand.<\/p>\n<p style=\"font-size: 17px; line-height: 24px; word-break: break-word; color: #666666; font-family: UOLText, Arial, sans-serif; letter-spacing: normal;\">Antes de fazer seu extreme makeover, fa\u00e7a a li\u00e7\u00e3o de casa. Pesquise refer\u00eancias, converse com seus clientes e fa\u00e7a testes com o novo layout antes de virar a chave.&nbsp;<\/p>\n<p style=\"font-size: 17px; line-height: 24px; word-break: break-word; color: #666666; font-family: UOLText, Arial, sans-serif; letter-spacing: normal;\">Mude sem perder o rumo<\/p>\n<p style=\"font-size: 17px; line-height: 24px; word-break: break-word; color: #666666; font-family: UOLText, Arial, sans-serif; letter-spacing: normal;\">O que leva muitas empresas a falharem nessa miss\u00e3o \u00e9 a mudan\u00e7a radical. O conceito principal deve ser mantido, e n\u00e3o se deve mexer no elemento que mais gera identifica\u00e7\u00e3o da marca com o p\u00fablico.<\/p>\n<p style=\"font-size: 17px; line-height: 24px; word-break: break-word; color: #666666; font-family: UOLText, Arial, sans-serif; letter-spacing: normal;\">Veja a Pepsi, por exemplo. A marca de refrigerantes j\u00e1 redesenhou seu logo e tipografia diversas vezes. Mas as cores azul e vermelho nunca foram substitu\u00eddas, pois s\u00e3o marca registrada da bebida.<\/p>\n<p style=\"font-size: 17px; line-height: 24px; word-break: break-word; color: #666666; font-family: UOLText, Arial, sans-serif; letter-spacing: normal;\">Tanto que, em 2013, ao lan\u00e7ar uma edi\u00e7\u00e3o especial de latas para a Copa das Confedera\u00e7\u00f5es, a Coca-Cola acabou sendo alvo de cr\u00edticas na internet.<\/p>\n<p style=\"font-size: 17px; line-height: 24px; word-break: break-word; color: #666666; font-family: UOLText, Arial, sans-serif; letter-spacing: normal;\">Em uma dessas latas estilizadas, as cores usadas eram as cl\u00e1ssicas da concorrente. E, dependendo do \u00e2ngulo pela qual a embalagem era vista, era poss\u00edvel enxergar at\u00e9 mesmo o logo da Pepsi.<\/p>\n<p style=\"font-size: 17px; line-height: 24px; word-break: break-word; color: #666666; font-family: UOLText, Arial, sans-serif; letter-spacing: normal;\">Mas nem sempre s\u00e3o as cores os elementos mais marcantes. Um exemplo cl\u00e1ssico disso \u00e9 a Apple. A ma\u00e7\u00e3 mordida \u00e9 rapidamente associada \u00e0 marca, independente da sua colora\u00e7\u00e3o.<\/p>\n<p style=\"font-size: 17px; line-height: 24px; word-break: break-word; color: #666666; font-family: UOLText, Arial, sans-serif; letter-spacing: normal;\">Quer exemplo de outro aspecto marcante? A tipografia da Disney. A palavra pode ser escrita em qualquer fundo, mas desde que esteja com a tradicional fonte, ela ser\u00e1 rapidamente entendida pelo p\u00fablico.<\/p>\n<p style=\"font-size: 17px; line-height: 24px; word-break: break-word; color: #666666; font-family: UOLText, Arial, sans-serif; letter-spacing: normal;\">N\u00e3o deixe seus clientes &#8220;boiando&#8221;<\/p>\n<p style=\"font-size: 17px; line-height: 24px; word-break: break-word; color: #666666; font-family: UOLText, Arial, sans-serif; letter-spacing: normal;\">Tem empresas que adotam como estrat\u00e9gia mudar de surpresa o visual. J\u00e1 outras gostam de comunicar o p\u00fablico que est\u00e3o trabalhando em novidades com anteced\u00eancia.<\/p>\n<p style=\"font-size: 17px; line-height: 24px; word-break: break-word; color: #666666; font-family: UOLText, Arial, sans-serif; letter-spacing: normal;\">Mesmo que voc\u00ea opte pela mudan\u00e7a sem aviso pr\u00e9vio, \u00e9 preciso explic\u00e1-la quando acontecer. O cliente n\u00e3o pode simplesmente abrir o site, dar de cara com uma identidade visual diferente, e n\u00e3o encontrar nenhuma informa\u00e7\u00e3o a respeito do assunto.<\/p>\n<p style=\"font-size: 17px; line-height: 24px; word-break: break-word; color: #666666; font-family: UOLText, Arial, sans-serif; letter-spacing: normal;\">Fa\u00e7a um comunicado explicando os motivos pelos quais a empresa decidiu adotar essa nova imagem. E aproveite o texto para pedir a opini\u00e3o do p\u00fablico. Deixe que eles se sintam \u00e0 vontade para dizer se gostaram ou n\u00e3o, e se o visual est\u00e1 de acordo com a mensagem que a loja quer passar.<\/p>\n<p style=\"font-size: 17px; line-height: 24px; word-break: break-word; color: #666666; font-family: UOLText, Arial, sans-serif; letter-spacing: normal;\">Divulgue esse texto no seu pr\u00f3prio site, nas redes sociais, e at\u00e9 vale o envio de um&nbsp;<a href=\"https:\/\/meunegocio.uol.com.br\/e-mail-marketing\" target=\"_blank\" rel=\"noopener noreferrer\">e-mail marketing<\/a>&nbsp;falando sobre o assunto. O importante \u00e9 dividir a novidade, os motivos e os objetivos da mudan\u00e7a, com o seu cliente. Ele ficar\u00e1 feliz em compartilhar desse momento.<\/p>\n<p style=\"margin-bottom: 20px; font-size: 17px; line-height: 24px; word-break: break-word; color: #666666; font-family: UOLText, Arial, sans-serif; letter-spacing: normal;\">Voc\u00ea j\u00e1 promoveu mudan\u00e7as no visual de sua loja? Como foi esse processo? Conte para a gente os resultados dessa a\u00e7\u00e3o.<\/p>\n<p>\t\t\t\t\t\t\t\t\t\t\t<a href=\"http:\/\/clicklogger.rm.uol.com.br\/?prd=939&amp;grp=src:13;chn:546;cpg:cross-sell-banner-site-pronto;&amp;msr=Cliques%20de%20Origem:1&amp;oper=11&amp;redir=https:\/\/cadastro.uol.com.br\/indexb.html?eos=yes&amp;skin=cadastrounificado\/visitor\/pf&amp;skinPath=meunegocio&amp;promochild=PROMPKSC3387\"><br \/>\n\t\t\t\t\t\t\t<img loading=\"lazy\" decoding=\"async\" width=\"600\" height=\"150\" src=\"https:\/\/uolhost.uol.com.br\/blog\/wp-content\/uploads\/2020\/04\/banner_uolmn_lojavirtuol_academia-1.gif\" alt=\"\" \/>\t\t\t\t\t\t\t\t<\/a><\/p>\n","protected":false},"excerpt":{"rendered":"<p>D\u00ea uma repaginada e aumente suas vendas. Qual a cor do seu cabelo e olhos? Sua estatura, cor da pele e sexo? E no seu RG, qual o nome, filia\u00e7\u00e3o e nacionalidade que constam? As respostas \u00e0s perguntas acima formam um conjunto de elementos que fazem com que voc\u00ea seja \u00fanico. Assim como as pessoas, [&hellip;]<\/p>\n","protected":false},"author":24,"featured_media":6183,"comment_status":"closed","ping_status":"closed","sticky":false,"template":"","format":"standard","meta":{"footnotes":""},"categories":[82,33,88,38,43],"tags":[],"class_list":["post-6182","post","type-post","status-publish","format-standard","has-post-thumbnail","hentry","category-otimizacao-de-loja","category-presenca-digital","category-produtos-uol-meu-negocio","category-solucoes","category-tudo-para-sua-loja-virtual"],"gutentor_comment":0,"yoast_head":"<!-- This site is optimized with the Yoast SEO plugin v26.4 - https:\/\/yoast.com\/wordpress\/plugins\/seo\/ -->\n<title>Mude o visual e traga um novo f\u00f4lego \u00e0 sua loja virtual -<\/title>\n<meta name=\"description\" content=\"Mude o visual e traga um novo f\u00f4lego \u00e0 sua loja virtual: leia este ou outros artigos sobre E-commerce na Academia UOL Meu Neg\u00f3cio.\" \/>\n<meta name=\"robots\" content=\"index, follow, max-snippet:-1, max-image-preview:large, max-video-preview:-1\" \/>\n<link rel=\"canonical\" href=\"https:\/\/uolhost.uol.com.br\/blog\/mude-o-visual-e-traga-um-novo-folego-a-sua-loja-virtual\/\" \/>\n<meta property=\"og:locale\" content=\"pt_BR\" \/>\n<meta property=\"og:type\" content=\"article\" \/>\n<meta property=\"og:title\" content=\"Mude o visual e traga um novo f\u00f4lego \u00e0 sua loja virtual -\" \/>\n<meta property=\"og:description\" content=\"Mude o visual e traga um novo f\u00f4lego \u00e0 sua loja virtual: leia este ou outros artigos sobre E-commerce na Academia UOL Meu Neg\u00f3cio.\" \/>\n<meta property=\"og:url\" content=\"https:\/\/uolhost.uol.com.br\/blog\/mude-o-visual-e-traga-um-novo-folego-a-sua-loja-virtual\/\" \/>\n<meta property=\"article:published_time\" content=\"2020-05-19T14:12:30+00:00\" \/>\n<meta property=\"article:modified_time\" content=\"2026-01-15T10:53:23+00:00\" \/>\n<meta property=\"og:image\" content=\"https:\/\/uolhost.uol.com.br\/blog\/wp-content\/uploads\/2020\/05\/mude-o-visual-e-traga-um-novo-folego-a-sua-loja-virtual-1403922554058_600x320.jpg\" \/>\n\t<meta property=\"og:image:width\" content=\"600\" \/>\n\t<meta property=\"og:image:height\" content=\"320\" \/>\n\t<meta property=\"og:image:type\" content=\"image\/jpeg\" \/>\n<meta name=\"author\" content=\"Yuri Torres\" \/>\n<meta name=\"twitter:card\" content=\"summary_large_image\" \/>\n<meta name=\"twitter:label1\" content=\"Escrito por\" \/>\n\t<meta name=\"twitter:data1\" content=\"Yuri Torres\" \/>\n\t<meta name=\"twitter:label2\" content=\"Est. tempo de leitura\" \/>\n\t<meta name=\"twitter:data2\" content=\"4 minutos\" \/>\n<script type=\"application\/ld+json\" class=\"yoast-schema-graph\">{\"@context\":\"https:\/\/schema.org\",\"@graph\":[{\"@type\":\"Article\",\"@id\":\"https:\/\/uolhost.uol.com.br\/blog\/mude-o-visual-e-traga-um-novo-folego-a-sua-loja-virtual\/#article\",\"isPartOf\":{\"@id\":\"https:\/\/uolhost.uol.com.br\/blog\/mude-o-visual-e-traga-um-novo-folego-a-sua-loja-virtual\/\"},\"author\":{\"name\":\"Yuri Torres\",\"@id\":\"https:\/\/uolhost.uol.com.br\/blog\/#\/schema\/person\/41505c2cd07dc07109e30bea51edee93\"},\"headline\":\"Mude o visual e traga um novo f\u00f4lego \u00e0 sua loja virtual\",\"datePublished\":\"2020-05-19T14:12:30+00:00\",\"dateModified\":\"2026-01-15T10:53:23+00:00\",\"mainEntityOfPage\":{\"@id\":\"https:\/\/uolhost.uol.com.br\/blog\/mude-o-visual-e-traga-um-novo-folego-a-sua-loja-virtual\/\"},\"wordCount\":801,\"publisher\":{\"@id\":\"https:\/\/uolhost.uol.com.br\/blog\/#organization\"},\"image\":{\"@id\":\"https:\/\/uolhost.uol.com.br\/blog\/mude-o-visual-e-traga-um-novo-folego-a-sua-loja-virtual\/#primaryimage\"},\"thumbnailUrl\":\"https:\/\/uolhost.uol.com.br\/blog\/wp-content\/uploads\/2020\/05\/mude-o-visual-e-traga-um-novo-folego-a-sua-loja-virtual-1403922554058_600x320.jpg?wsr\",\"articleSection\":[\"Otimiza\u00e7\u00e3o de loja\",\"Presen\u00e7a digital\",\"Produtos UOL Meu Neg\u00f3cio\",\"Solu\u00e7\u00f5es\",\"Tudo para sua Loja Virtual\"],\"inLanguage\":\"pt-BR\"},{\"@type\":\"WebPage\",\"@id\":\"https:\/\/uolhost.uol.com.br\/blog\/mude-o-visual-e-traga-um-novo-folego-a-sua-loja-virtual\/\",\"url\":\"https:\/\/uolhost.uol.com.br\/blog\/mude-o-visual-e-traga-um-novo-folego-a-sua-loja-virtual\/\",\"name\":\"Mude o visual e traga um novo f\u00f4lego \u00e0 sua loja virtual -\",\"isPartOf\":{\"@id\":\"https:\/\/uolhost.uol.com.br\/blog\/#website\"},\"primaryImageOfPage\":{\"@id\":\"https:\/\/uolhost.uol.com.br\/blog\/mude-o-visual-e-traga-um-novo-folego-a-sua-loja-virtual\/#primaryimage\"},\"image\":{\"@id\":\"https:\/\/uolhost.uol.com.br\/blog\/mude-o-visual-e-traga-um-novo-folego-a-sua-loja-virtual\/#primaryimage\"},\"thumbnailUrl\":\"https:\/\/uolhost.uol.com.br\/blog\/wp-content\/uploads\/2020\/05\/mude-o-visual-e-traga-um-novo-folego-a-sua-loja-virtual-1403922554058_600x320.jpg?wsr\",\"datePublished\":\"2020-05-19T14:12:30+00:00\",\"dateModified\":\"2026-01-15T10:53:23+00:00\",\"description\":\"Mude o visual e traga um novo f\u00f4lego \u00e0 sua loja virtual: leia este ou outros artigos sobre E-commerce na Academia UOL Meu Neg\u00f3cio.\",\"breadcrumb\":{\"@id\":\"https:\/\/uolhost.uol.com.br\/blog\/mude-o-visual-e-traga-um-novo-folego-a-sua-loja-virtual\/#breadcrumb\"},\"inLanguage\":\"pt-BR\",\"potentialAction\":[{\"@type\":\"ReadAction\",\"target\":[\"https:\/\/uolhost.uol.com.br\/blog\/mude-o-visual-e-traga-um-novo-folego-a-sua-loja-virtual\/\"]}]},{\"@type\":\"ImageObject\",\"inLanguage\":\"pt-BR\",\"@id\":\"https:\/\/uolhost.uol.com.br\/blog\/mude-o-visual-e-traga-um-novo-folego-a-sua-loja-virtual\/#primaryimage\",\"url\":\"https:\/\/uolhost.uol.com.br\/blog\/wp-content\/uploads\/2020\/05\/mude-o-visual-e-traga-um-novo-folego-a-sua-loja-virtual-1403922554058_600x320.jpg?wsr\",\"contentUrl\":\"https:\/\/uolhost.uol.com.br\/blog\/wp-content\/uploads\/2020\/05\/mude-o-visual-e-traga-um-novo-folego-a-sua-loja-virtual-1403922554058_600x320.jpg?wsr\",\"width\":600,\"height\":320},{\"@type\":\"BreadcrumbList\",\"@id\":\"https:\/\/uolhost.uol.com.br\/blog\/mude-o-visual-e-traga-um-novo-folego-a-sua-loja-virtual\/#breadcrumb\",\"itemListElement\":[{\"@type\":\"ListItem\",\"position\":1,\"name\":\"In\u00edcio\",\"item\":\"https:\/\/uolhost.uol.com.br\/blog\/\"},{\"@type\":\"ListItem\",\"position\":2,\"name\":\"Mude o visual e traga um novo f\u00f4lego \u00e0 sua loja virtual\"}]},{\"@type\":\"WebSite\",\"@id\":\"https:\/\/uolhost.uol.com.br\/blog\/#website\",\"url\":\"https:\/\/uolhost.uol.com.br\/blog\/\",\"name\":\"Blog UOL Host\",\"description\":\"\",\"publisher\":{\"@id\":\"https:\/\/uolhost.uol.com.br\/blog\/#organization\"},\"potentialAction\":[{\"@type\":\"SearchAction\",\"target\":{\"@type\":\"EntryPoint\",\"urlTemplate\":\"https:\/\/uolhost.uol.com.br\/blog\/?s={search_term_string}\"},\"query-input\":{\"@type\":\"PropertyValueSpecification\",\"valueRequired\":true,\"valueName\":\"search_term_string\"}}],\"inLanguage\":\"pt-BR\"},{\"@type\":\"Organization\",\"@id\":\"https:\/\/uolhost.uol.com.br\/blog\/#organization\",\"name\":\"Blog UOL Host\",\"url\":\"https:\/\/uolhost.uol.com.br\/blog\/\",\"logo\":{\"@type\":\"ImageObject\",\"inLanguage\":\"pt-BR\",\"@id\":\"https:\/\/uolhost.uol.com.br\/blog\/#\/schema\/logo\/image\/\",\"url\":\"https:\/\/uolhost.uol.com.br\/blog\/wp-content\/uploads\/2025\/01\/UOL_Host.png?wsr\",\"contentUrl\":\"https:\/\/uolhost.uol.com.br\/blog\/wp-content\/uploads\/2025\/01\/UOL_Host.png?wsr\",\"width\":2000,\"height\":393,\"caption\":\"Blog UOL Host\"},\"image\":{\"@id\":\"https:\/\/uolhost.uol.com.br\/blog\/#\/schema\/logo\/image\/\"}},{\"@type\":\"Person\",\"@id\":\"https:\/\/uolhost.uol.com.br\/blog\/#\/schema\/person\/41505c2cd07dc07109e30bea51edee93\",\"name\":\"Yuri Torres\",\"image\":{\"@type\":\"ImageObject\",\"inLanguage\":\"pt-BR\",\"@id\":\"https:\/\/uolhost.uol.com.br\/blog\/#\/schema\/person\/image\/\",\"url\":\"https:\/\/secure.gravatar.com\/avatar\/4c96a05faea9fdf86f95d5b723e438c9cc14ad5c342d76486e5a4c8ac8259492?s=96&d=mm&r=g\",\"contentUrl\":\"https:\/\/secure.gravatar.com\/avatar\/4c96a05faea9fdf86f95d5b723e438c9cc14ad5c342d76486e5a4c8ac8259492?s=96&d=mm&r=g\",\"caption\":\"Yuri Torres\"},\"description\":\"Profissional de Reda\u00e7\u00e3o e Marketing, com 10 anos de experi\u00eancia no desenvolvimento de estrat\u00e9gias de conte\u00fado voltadas \u00e0 comunica\u00e7\u00e3o de marcas. Atua na cria\u00e7\u00e3o de materiais que fortalecem a presen\u00e7a digital, ampliam o engajamento e contribuem para o alcance de resultados alinhados aos objetivos de neg\u00f3cio, com experi\u00eancia no atendimento a empresas de diferentes segmentos. LinkedIn\",\"sameAs\":[\"https:\/\/www.linkedin.com\/in\/yuri-torres-271093108\/\"],\"url\":\"https:\/\/uolhost.uol.com.br\/blog\/author\/yuri-torres\/\"}]}<\/script>\n<!-- \/ Yoast SEO plugin. -->","yoast_head_json":{"title":"Mude o visual e traga um novo f\u00f4lego \u00e0 sua loja virtual -","description":"Mude o visual e traga um novo f\u00f4lego \u00e0 sua loja virtual: leia este ou outros artigos sobre E-commerce na Academia UOL Meu Neg\u00f3cio.","robots":{"index":"index","follow":"follow","max-snippet":"max-snippet:-1","max-image-preview":"max-image-preview:large","max-video-preview":"max-video-preview:-1"},"canonical":"https:\/\/uolhost.uol.com.br\/blog\/mude-o-visual-e-traga-um-novo-folego-a-sua-loja-virtual\/","og_locale":"pt_BR","og_type":"article","og_title":"Mude o visual e traga um novo f\u00f4lego \u00e0 sua loja virtual -","og_description":"Mude o visual e traga um novo f\u00f4lego \u00e0 sua loja virtual: leia este ou outros artigos sobre E-commerce na Academia UOL Meu Neg\u00f3cio.","og_url":"https:\/\/uolhost.uol.com.br\/blog\/mude-o-visual-e-traga-um-novo-folego-a-sua-loja-virtual\/","article_published_time":"2020-05-19T14:12:30+00:00","article_modified_time":"2026-01-15T10:53:23+00:00","og_image":[{"width":600,"height":320,"url":"https:\/\/uolhost.uol.com.br\/blog\/wp-content\/uploads\/2020\/05\/mude-o-visual-e-traga-um-novo-folego-a-sua-loja-virtual-1403922554058_600x320.jpg","type":"image\/jpeg"}],"author":"Yuri Torres","twitter_card":"summary_large_image","twitter_misc":{"Escrito por":"Yuri Torres","Est. tempo de leitura":"4 minutos"},"schema":{"@context":"https:\/\/schema.org","@graph":[{"@type":"Article","@id":"https:\/\/uolhost.uol.com.br\/blog\/mude-o-visual-e-traga-um-novo-folego-a-sua-loja-virtual\/#article","isPartOf":{"@id":"https:\/\/uolhost.uol.com.br\/blog\/mude-o-visual-e-traga-um-novo-folego-a-sua-loja-virtual\/"},"author":{"name":"Yuri Torres","@id":"https:\/\/uolhost.uol.com.br\/blog\/#\/schema\/person\/41505c2cd07dc07109e30bea51edee93"},"headline":"Mude o visual e traga um novo f\u00f4lego \u00e0 sua loja virtual","datePublished":"2020-05-19T14:12:30+00:00","dateModified":"2026-01-15T10:53:23+00:00","mainEntityOfPage":{"@id":"https:\/\/uolhost.uol.com.br\/blog\/mude-o-visual-e-traga-um-novo-folego-a-sua-loja-virtual\/"},"wordCount":801,"publisher":{"@id":"https:\/\/uolhost.uol.com.br\/blog\/#organization"},"image":{"@id":"https:\/\/uolhost.uol.com.br\/blog\/mude-o-visual-e-traga-um-novo-folego-a-sua-loja-virtual\/#primaryimage"},"thumbnailUrl":"https:\/\/uolhost.uol.com.br\/blog\/wp-content\/uploads\/2020\/05\/mude-o-visual-e-traga-um-novo-folego-a-sua-loja-virtual-1403922554058_600x320.jpg?wsr","articleSection":["Otimiza\u00e7\u00e3o de loja","Presen\u00e7a digital","Produtos UOL Meu Neg\u00f3cio","Solu\u00e7\u00f5es","Tudo para sua Loja Virtual"],"inLanguage":"pt-BR"},{"@type":"WebPage","@id":"https:\/\/uolhost.uol.com.br\/blog\/mude-o-visual-e-traga-um-novo-folego-a-sua-loja-virtual\/","url":"https:\/\/uolhost.uol.com.br\/blog\/mude-o-visual-e-traga-um-novo-folego-a-sua-loja-virtual\/","name":"Mude o visual e traga um novo f\u00f4lego \u00e0 sua loja virtual -","isPartOf":{"@id":"https:\/\/uolhost.uol.com.br\/blog\/#website"},"primaryImageOfPage":{"@id":"https:\/\/uolhost.uol.com.br\/blog\/mude-o-visual-e-traga-um-novo-folego-a-sua-loja-virtual\/#primaryimage"},"image":{"@id":"https:\/\/uolhost.uol.com.br\/blog\/mude-o-visual-e-traga-um-novo-folego-a-sua-loja-virtual\/#primaryimage"},"thumbnailUrl":"https:\/\/uolhost.uol.com.br\/blog\/wp-content\/uploads\/2020\/05\/mude-o-visual-e-traga-um-novo-folego-a-sua-loja-virtual-1403922554058_600x320.jpg?wsr","datePublished":"2020-05-19T14:12:30+00:00","dateModified":"2026-01-15T10:53:23+00:00","description":"Mude o visual e traga um novo f\u00f4lego \u00e0 sua loja virtual: leia este ou outros artigos sobre E-commerce na Academia UOL Meu Neg\u00f3cio.","breadcrumb":{"@id":"https:\/\/uolhost.uol.com.br\/blog\/mude-o-visual-e-traga-um-novo-folego-a-sua-loja-virtual\/#breadcrumb"},"inLanguage":"pt-BR","potentialAction":[{"@type":"ReadAction","target":["https:\/\/uolhost.uol.com.br\/blog\/mude-o-visual-e-traga-um-novo-folego-a-sua-loja-virtual\/"]}]},{"@type":"ImageObject","inLanguage":"pt-BR","@id":"https:\/\/uolhost.uol.com.br\/blog\/mude-o-visual-e-traga-um-novo-folego-a-sua-loja-virtual\/#primaryimage","url":"https:\/\/uolhost.uol.com.br\/blog\/wp-content\/uploads\/2020\/05\/mude-o-visual-e-traga-um-novo-folego-a-sua-loja-virtual-1403922554058_600x320.jpg?wsr","contentUrl":"https:\/\/uolhost.uol.com.br\/blog\/wp-content\/uploads\/2020\/05\/mude-o-visual-e-traga-um-novo-folego-a-sua-loja-virtual-1403922554058_600x320.jpg?wsr","width":600,"height":320},{"@type":"BreadcrumbList","@id":"https:\/\/uolhost.uol.com.br\/blog\/mude-o-visual-e-traga-um-novo-folego-a-sua-loja-virtual\/#breadcrumb","itemListElement":[{"@type":"ListItem","position":1,"name":"In\u00edcio","item":"https:\/\/uolhost.uol.com.br\/blog\/"},{"@type":"ListItem","position":2,"name":"Mude o visual e traga um novo f\u00f4lego \u00e0 sua loja virtual"}]},{"@type":"WebSite","@id":"https:\/\/uolhost.uol.com.br\/blog\/#website","url":"https:\/\/uolhost.uol.com.br\/blog\/","name":"Blog UOL Host","description":"","publisher":{"@id":"https:\/\/uolhost.uol.com.br\/blog\/#organization"},"potentialAction":[{"@type":"SearchAction","target":{"@type":"EntryPoint","urlTemplate":"https:\/\/uolhost.uol.com.br\/blog\/?s={search_term_string}"},"query-input":{"@type":"PropertyValueSpecification","valueRequired":true,"valueName":"search_term_string"}}],"inLanguage":"pt-BR"},{"@type":"Organization","@id":"https:\/\/uolhost.uol.com.br\/blog\/#organization","name":"Blog UOL Host","url":"https:\/\/uolhost.uol.com.br\/blog\/","logo":{"@type":"ImageObject","inLanguage":"pt-BR","@id":"https:\/\/uolhost.uol.com.br\/blog\/#\/schema\/logo\/image\/","url":"https:\/\/uolhost.uol.com.br\/blog\/wp-content\/uploads\/2025\/01\/UOL_Host.png?wsr","contentUrl":"https:\/\/uolhost.uol.com.br\/blog\/wp-content\/uploads\/2025\/01\/UOL_Host.png?wsr","width":2000,"height":393,"caption":"Blog UOL Host"},"image":{"@id":"https:\/\/uolhost.uol.com.br\/blog\/#\/schema\/logo\/image\/"}},{"@type":"Person","@id":"https:\/\/uolhost.uol.com.br\/blog\/#\/schema\/person\/41505c2cd07dc07109e30bea51edee93","name":"Yuri Torres","image":{"@type":"ImageObject","inLanguage":"pt-BR","@id":"https:\/\/uolhost.uol.com.br\/blog\/#\/schema\/person\/image\/","url":"https:\/\/secure.gravatar.com\/avatar\/4c96a05faea9fdf86f95d5b723e438c9cc14ad5c342d76486e5a4c8ac8259492?s=96&d=mm&r=g","contentUrl":"https:\/\/secure.gravatar.com\/avatar\/4c96a05faea9fdf86f95d5b723e438c9cc14ad5c342d76486e5a4c8ac8259492?s=96&d=mm&r=g","caption":"Yuri Torres"},"description":"Profissional de Reda\u00e7\u00e3o e Marketing, com 10 anos de experi\u00eancia no desenvolvimento de estrat\u00e9gias de conte\u00fado voltadas \u00e0 comunica\u00e7\u00e3o de marcas. Atua na cria\u00e7\u00e3o de materiais que fortalecem a presen\u00e7a digital, ampliam o engajamento e contribuem para o alcance de resultados alinhados aos objetivos de neg\u00f3cio, com experi\u00eancia no atendimento a empresas de diferentes segmentos. LinkedIn","sameAs":["https:\/\/www.linkedin.com\/in\/yuri-torres-271093108\/"],"url":"https:\/\/uolhost.uol.com.br\/blog\/author\/yuri-torres\/"}]}},"_links":{"self":[{"href":"https:\/\/uolhost.uol.com.br\/blog\/wp-json\/wp\/v2\/posts\/6182","targetHints":{"allow":["GET"]}}],"collection":[{"href":"https:\/\/uolhost.uol.com.br\/blog\/wp-json\/wp\/v2\/posts"}],"about":[{"href":"https:\/\/uolhost.uol.com.br\/blog\/wp-json\/wp\/v2\/types\/post"}],"author":[{"embeddable":true,"href":"https:\/\/uolhost.uol.com.br\/blog\/wp-json\/wp\/v2\/users\/24"}],"replies":[{"embeddable":true,"href":"https:\/\/uolhost.uol.com.br\/blog\/wp-json\/wp\/v2\/comments?post=6182"}],"version-history":[{"count":1,"href":"https:\/\/uolhost.uol.com.br\/blog\/wp-json\/wp\/v2\/posts\/6182\/revisions"}],"predecessor-version":[{"id":19807,"href":"https:\/\/uolhost.uol.com.br\/blog\/wp-json\/wp\/v2\/posts\/6182\/revisions\/19807"}],"wp:featuredmedia":[{"embeddable":true,"href":"https:\/\/uolhost.uol.com.br\/blog\/wp-json\/wp\/v2\/media\/6183"}],"wp:attachment":[{"href":"https:\/\/uolhost.uol.com.br\/blog\/wp-json\/wp\/v2\/media?parent=6182"}],"wp:term":[{"taxonomy":"category","embeddable":true,"href":"https:\/\/uolhost.uol.com.br\/blog\/wp-json\/wp\/v2\/categories?post=6182"},{"taxonomy":"post_tag","embeddable":true,"href":"https:\/\/uolhost.uol.com.br\/blog\/wp-json\/wp\/v2\/tags?post=6182"}],"curies":[{"name":"wp","href":"https:\/\/api.w.org\/{rel}","templated":true}]}}