{"id":6860,"date":"2020-06-04T09:38:48","date_gmt":"2020-06-04T12:38:48","guid":{"rendered":"https:\/\/meunegocio.uol.com.br\/blog\/?p=6860"},"modified":"2026-01-15T11:38:42","modified_gmt":"2026-01-15T14:38:42","slug":"calcule-os-custos-de-migrar-para-a-nuvem","status":"publish","type":"post","link":"https:\/\/uolhost.uol.com.br\/blog\/calcule-os-custos-de-migrar-para-a-nuvem\/","title":{"rendered":"Calcule os custos de migrar para a nuvem"},"content":{"rendered":"<p style=\"font-size: 17px; line-height: 24px; word-break: break-word; color: #666666; font-family: UOLText, Arial, sans-serif; letter-spacing: normal;\">\u00c0 medida que uma empresa cresce, os gastos com tecnologia decolam. Antigamente, o jeito era encaixar essas despesas no or\u00e7amento e arrumar espa\u00e7o f\u00edsico para o n\u00famero cada vez maior de computadores e funcion\u00e1rios da \u00e1rea de TI.<\/p>\n<p style=\"font-size: 17px; line-height: 24px; word-break: break-word; color: #666666; font-family: UOLText, Arial, sans-serif; letter-spacing: normal;\">Com a populariza\u00e7\u00e3o das conex\u00f5es \u00e0 internet de alta velocidade, os servi\u00e7os de computa\u00e7\u00e3o em nuvem, ou&nbsp;<a style=\"color: #1082be;\" href=\"https:\/\/meunegocio.uol.com.br\/blog\/o-que-e-cloud-computing\/\" target=\"_blank\" rel=\"noopener noreferrer\">cloud computing<\/a>, tornaram-se uma alternativa bem mais pr\u00e1tica e econ\u00f4mica.<\/p>\n<p style=\"font-size: 17px; line-height: 24px; word-break: break-word; color: #666666; font-family: UOLText, Arial, sans-serif; letter-spacing: normal;\">De acordo com um estudo divulgado em junho pela organiza\u00e7\u00e3o Global e-Sustainability Initiative, o aumento da ado\u00e7\u00e3o de cloud computing em 11 pa\u00edses, incluindo o Brasil, deve provocar uma economia anual de 2,2 bilh\u00f5es de d\u00f3lares para os empres\u00e1rios.<\/p>\n<p style=\"font-size: 17px; line-height: 24px; word-break: break-word; color: #666666; font-family: UOLText, Arial, sans-serif; letter-spacing: normal;\">Como a estrutura \u00e9 mantida remotamente em um data center e atende a v\u00e1rias empresas ao mesmo tempo, o uso \u00e9 otimizado de acordo com a demanda. Isso faz os custos despencarem. Um levantamento de 2012 da consultoria IDC mostrou que 18% das m\u00e9dias e grandes empresas optaram por esse servi\u00e7o no pa\u00eds, um porcentual que deve crescer para at\u00e9 35% neste ano.<\/p>\n<p style=\"font-size: 17px; line-height: 24px; word-break: break-word; color: #666666; font-family: UOLText, Arial, sans-serif; letter-spacing: normal;\">Mas como saber quanto voc\u00ea vai poupar se tamb\u00e9m mudar para a nuvem? Confira, a seguir, algumas dicas de como botar na ponta do l\u00e1pis os custos da migra\u00e7\u00e3o.<\/p>\n<p style=\"font-size: 17px; line-height: 24px; word-break: break-word; color: #666666; font-family: UOLText, Arial, sans-serif; letter-spacing: normal;\">O que vai para a nuvem?<\/p>\n<p style=\"font-size: 17px; line-height: 24px; word-break: break-word; color: #666666; font-family: UOLText, Arial, sans-serif; letter-spacing: normal;\">Para saber quanto voc\u00ea vai economizar, defina em primeiro lugar o que vai migrar para servi\u00e7os de cloud computing. Cada empresa tem necessidades diferentes e a mudan\u00e7a muitas vezes \u00e9 parcial. Parte da infraestrutura de TI continua a existir, enquanto outra parte torna-se virtualizada.<\/p>\n<p style=\"font-size: 17px; line-height: 24px; word-break: break-word; color: #666666; font-family: UOLText, Arial, sans-serif; letter-spacing: normal;\">Que tipo de nuvem voc\u00ea quer?<\/p>\n<p style=\"margin-bottom: 20px; font-size: 17px; line-height: 24px; word-break: break-word; color: #666666; font-family: UOLText, Arial, sans-serif; letter-spacing: normal;\">O tipo de solu\u00e7\u00e3o ter\u00e1 impacto nos custos. H\u00e1 modelos de planos mais simples, em que se pode definir algumas caracter\u00edsticas dos servidores \u2013 como a mem\u00f3ria RAM. Outros permitem especificar quais tipos de computadores ser\u00e3o usados, com alto n\u00edvel de detalhe \u2013 e, por isso, s\u00e3o mais caros.<\/p>\n<p>\t\t\t\t\t\t\t\t\t\t\t<a href=\"http:\/\/clicklogger.rm.uol.com.br\/?prd=939&amp;grp=src:13;chn:546;cpg:cross-sell-banner-site-pronto;&amp;msr=Cliques%20de%20Origem:1&amp;oper=11&amp;redir=https:\/\/cadastro.uol.com.br\/indexb.html?eos=yes&amp;skin=cadastrounificado\/visitor\/pf&amp;skinPath=meunegocio&amp;promochild=PROMPKSC3387\"><br \/>\n<img decoding=\"async\" src=\"https:\/\/uolhost.uol.com.br\/blog\/wp-content\/uploads\/2020\/04\/banner_uolmn_lojavirtuol_academia-1.gif\" title=\"banner_uolmn_lojavirtuol_academia\" alt=\"banner_uolmn_lojavirtuol_academia\">\t\t\t\t\t\t\t\t<\/a><\/p>\n<p style=\"font-size: 17px; line-height: 24px; word-break: break-word; color: #666666; font-family: UOLText, Arial, sans-serif; letter-spacing: normal;\">Como voc\u00ea vai usar a nuvem?<\/p>\n<p style=\"font-size: 17px; line-height: 24px; word-break: break-word; color: #666666; font-family: UOLText, Arial, sans-serif; letter-spacing: normal;\">Analise qual o volume de dados que vai ser transmitido, para saber que tipo de plano se encaixa melhor no seu or\u00e7amento. Fique atento para n\u00e3o escolher um servi\u00e7o subdimensionado, que pode acabar travando o funcionamento da sua empresa.<\/p>\n<p style=\"font-size: 17px; line-height: 24px; word-break: break-word; color: #666666; font-family: UOLText, Arial, sans-serif; letter-spacing: normal;\">Qual tarifa\u00e7\u00e3o \u00e9 melhor?<\/p>\n<p style=\"font-size: 17px; line-height: 24px; word-break: break-word; color: #666666; font-family: UOLText, Arial, sans-serif; letter-spacing: normal;\">Pense sobre a frequ\u00eancia com que a sua empresa vai recorrer aos servi\u00e7os da nuvem. Se o n\u00famero de acessos for constante e muito grande, melhor escolher uma tarifa\u00e7\u00e3o fixa mensal. Se houver picos de acesso intercalados com muitas horas ociosas, \u00e9 melhor escolher pagar por hora.<\/p>\n<p style=\"font-size: 17px; line-height: 24px; word-break: break-word; color: #666666; font-family: UOLText, Arial, sans-serif; letter-spacing: normal;\">Quais unidades ter\u00e3o acesso \u00e0 nuvem?<\/p>\n<p style=\"font-size: 17px; line-height: 24px; word-break: break-word; color: #666666; font-family: UOLText, Arial, sans-serif; letter-spacing: normal;\">Se a sua empresa tem v\u00e1rias filiais, voc\u00ea pode deix\u00e1-las 100% na nuvem. A matriz pode continuar com um departamento de TI reduzido, capaz de gerenciar tudo. Decida como ser\u00e1 a TI em cada uma delas e, depois, calcule quanto vai deixar de gastar.<\/p>\n<p style=\"margin-bottom: 20px; font-size: 17px; line-height: 24px; word-break: break-word; color: #666666; font-family: UOLText, Arial, sans-serif; letter-spacing: normal;\">Por fim, escolha o provedor que oferece a melhor rela\u00e7\u00e3o custo-benef\u00edcio, de acordo com a sua necessidade. Conhe\u00e7a aqui&nbsp;<a style=\"color: #1082be;\" href=\"https:\/\/uolhost.uol.com.br\/uol-cloud-computing.html#rmcl\" target=\"_blank\" rel=\"noopener noreferrer\">as solu\u00e7\u00f5es de Cloud Computing do UOL Host<\/a>, que oferecem muito mais performance e seguran\u00e7a.<\/p>\n","protected":false},"excerpt":{"rendered":"<p>\u00c0 medida que uma empresa cresce, os gastos com tecnologia decolam. Antigamente, o jeito era encaixar essas despesas no or\u00e7amento e arrumar espa\u00e7o f\u00edsico para o n\u00famero cada vez maior de computadores e funcion\u00e1rios da \u00e1rea de TI. Com a populariza\u00e7\u00e3o das conex\u00f5es \u00e0 internet de alta velocidade, os servi\u00e7os de computa\u00e7\u00e3o em nuvem, ou&nbsp;cloud [&hellip;]<\/p>\n","protected":false},"author":24,"featured_media":6861,"comment_status":"closed","ping_status":"closed","sticky":false,"template":"","format":"standard","meta":{"footnotes":""},"categories":[56,87,38,39],"tags":[],"class_list":["post-6860","post","type-post","status-publish","format-standard","has-post-thumbnail","hentry","category-cloud-computing","category-produtos-uol-host","category-solucoes","category-tecnologia"],"gutentor_comment":0,"yoast_head":"<!-- This site is optimized with the Yoast SEO plugin v26.4 - https:\/\/yoast.com\/wordpress\/plugins\/seo\/ -->\n<title>Calcule os custos de migrar para a nuvem \u2013 Academia UOL Meu neg\u00f3cio<\/title>\n<meta name=\"description\" content=\"Calcule os custos de migrar para a nuvem: leia este ou outros artigos sobre Tecnologia na Academia UOL Meu neg\u00f3cio.\" \/>\n<meta name=\"robots\" content=\"index, follow, max-snippet:-1, max-image-preview:large, max-video-preview:-1\" \/>\n<link rel=\"canonical\" href=\"https:\/\/uolhost.uol.com.br\/blog\/calcule-os-custos-de-migrar-para-a-nuvem\/\" \/>\n<meta property=\"og:locale\" content=\"pt_BR\" \/>\n<meta property=\"og:type\" content=\"article\" \/>\n<meta property=\"og:title\" content=\"Calcule os custos de migrar para a nuvem \u2013 Academia UOL Meu neg\u00f3cio\" \/>\n<meta property=\"og:description\" content=\"Calcule os custos de migrar para a nuvem: leia este ou outros artigos sobre Tecnologia na Academia UOL Meu neg\u00f3cio.\" \/>\n<meta property=\"og:url\" content=\"https:\/\/uolhost.uol.com.br\/blog\/calcule-os-custos-de-migrar-para-a-nuvem\/\" \/>\n<meta property=\"article:published_time\" content=\"2020-06-04T12:38:48+00:00\" \/>\n<meta property=\"article:modified_time\" content=\"2026-01-15T14:38:42+00:00\" \/>\n<meta property=\"og:image\" content=\"https:\/\/uolhost.uol.com.br\/blog\/wp-content\/uploads\/2020\/06\/3-truques-que-ajudam-a-calcular-o-roi-das-suas-acoes-de-marketing.jpg\" \/>\n\t<meta property=\"og:image:width\" content=\"600\" \/>\n\t<meta property=\"og:image:height\" content=\"320\" \/>\n\t<meta property=\"og:image:type\" content=\"image\/jpeg\" \/>\n<meta name=\"author\" content=\"Yuri Torres\" \/>\n<meta name=\"twitter:card\" content=\"summary_large_image\" \/>\n<meta name=\"twitter:label1\" content=\"Escrito por\" \/>\n\t<meta name=\"twitter:data1\" content=\"Yuri Torres\" \/>\n\t<meta name=\"twitter:label2\" content=\"Est. tempo de leitura\" \/>\n\t<meta name=\"twitter:data2\" content=\"3 minutos\" \/>\n<script type=\"application\/ld+json\" class=\"yoast-schema-graph\">{\"@context\":\"https:\/\/schema.org\",\"@graph\":[{\"@type\":\"Article\",\"@id\":\"https:\/\/uolhost.uol.com.br\/blog\/calcule-os-custos-de-migrar-para-a-nuvem\/#article\",\"isPartOf\":{\"@id\":\"https:\/\/uolhost.uol.com.br\/blog\/calcule-os-custos-de-migrar-para-a-nuvem\/\"},\"author\":{\"name\":\"Yuri Torres\",\"@id\":\"https:\/\/uolhost.uol.com.br\/blog\/#\/schema\/person\/41505c2cd07dc07109e30bea51edee93\"},\"headline\":\"Calcule os custos de migrar para a nuvem\",\"datePublished\":\"2020-06-04T12:38:48+00:00\",\"dateModified\":\"2026-01-15T14:38:42+00:00\",\"mainEntityOfPage\":{\"@id\":\"https:\/\/uolhost.uol.com.br\/blog\/calcule-os-custos-de-migrar-para-a-nuvem\/\"},\"wordCount\":523,\"publisher\":{\"@id\":\"https:\/\/uolhost.uol.com.br\/blog\/#organization\"},\"image\":{\"@id\":\"https:\/\/uolhost.uol.com.br\/blog\/calcule-os-custos-de-migrar-para-a-nuvem\/#primaryimage\"},\"thumbnailUrl\":\"https:\/\/uolhost.uol.com.br\/blog\/wp-content\/uploads\/2020\/06\/3-truques-que-ajudam-a-calcular-o-roi-das-suas-acoes-de-marketing.jpg?wsr\",\"articleSection\":[\"Cloud Computing\",\"Produtos UOL Host\",\"Solu\u00e7\u00f5es\",\"Tecnologia\"],\"inLanguage\":\"pt-BR\"},{\"@type\":\"WebPage\",\"@id\":\"https:\/\/uolhost.uol.com.br\/blog\/calcule-os-custos-de-migrar-para-a-nuvem\/\",\"url\":\"https:\/\/uolhost.uol.com.br\/blog\/calcule-os-custos-de-migrar-para-a-nuvem\/\",\"name\":\"Calcule os custos de migrar para a nuvem \u2013 Academia UOL Meu neg\u00f3cio\",\"isPartOf\":{\"@id\":\"https:\/\/uolhost.uol.com.br\/blog\/#website\"},\"primaryImageOfPage\":{\"@id\":\"https:\/\/uolhost.uol.com.br\/blog\/calcule-os-custos-de-migrar-para-a-nuvem\/#primaryimage\"},\"image\":{\"@id\":\"https:\/\/uolhost.uol.com.br\/blog\/calcule-os-custos-de-migrar-para-a-nuvem\/#primaryimage\"},\"thumbnailUrl\":\"https:\/\/uolhost.uol.com.br\/blog\/wp-content\/uploads\/2020\/06\/3-truques-que-ajudam-a-calcular-o-roi-das-suas-acoes-de-marketing.jpg?wsr\",\"datePublished\":\"2020-06-04T12:38:48+00:00\",\"dateModified\":\"2026-01-15T14:38:42+00:00\",\"description\":\"Calcule os custos de migrar para a nuvem: leia este ou outros artigos sobre Tecnologia na Academia UOL Meu neg\u00f3cio.\",\"breadcrumb\":{\"@id\":\"https:\/\/uolhost.uol.com.br\/blog\/calcule-os-custos-de-migrar-para-a-nuvem\/#breadcrumb\"},\"inLanguage\":\"pt-BR\",\"potentialAction\":[{\"@type\":\"ReadAction\",\"target\":[\"https:\/\/uolhost.uol.com.br\/blog\/calcule-os-custos-de-migrar-para-a-nuvem\/\"]}]},{\"@type\":\"ImageObject\",\"inLanguage\":\"pt-BR\",\"@id\":\"https:\/\/uolhost.uol.com.br\/blog\/calcule-os-custos-de-migrar-para-a-nuvem\/#primaryimage\",\"url\":\"https:\/\/uolhost.uol.com.br\/blog\/wp-content\/uploads\/2020\/06\/3-truques-que-ajudam-a-calcular-o-roi-das-suas-acoes-de-marketing.jpg?wsr\",\"contentUrl\":\"https:\/\/uolhost.uol.com.br\/blog\/wp-content\/uploads\/2020\/06\/3-truques-que-ajudam-a-calcular-o-roi-das-suas-acoes-de-marketing.jpg?wsr\",\"width\":600,\"height\":320},{\"@type\":\"BreadcrumbList\",\"@id\":\"https:\/\/uolhost.uol.com.br\/blog\/calcule-os-custos-de-migrar-para-a-nuvem\/#breadcrumb\",\"itemListElement\":[{\"@type\":\"ListItem\",\"position\":1,\"name\":\"In\u00edcio\",\"item\":\"https:\/\/uolhost.uol.com.br\/blog\/\"},{\"@type\":\"ListItem\",\"position\":2,\"name\":\"Calcule os custos de migrar para a nuvem\"}]},{\"@type\":\"WebSite\",\"@id\":\"https:\/\/uolhost.uol.com.br\/blog\/#website\",\"url\":\"https:\/\/uolhost.uol.com.br\/blog\/\",\"name\":\"Blog UOL Host\",\"description\":\"\",\"publisher\":{\"@id\":\"https:\/\/uolhost.uol.com.br\/blog\/#organization\"},\"potentialAction\":[{\"@type\":\"SearchAction\",\"target\":{\"@type\":\"EntryPoint\",\"urlTemplate\":\"https:\/\/uolhost.uol.com.br\/blog\/?s={search_term_string}\"},\"query-input\":{\"@type\":\"PropertyValueSpecification\",\"valueRequired\":true,\"valueName\":\"search_term_string\"}}],\"inLanguage\":\"pt-BR\"},{\"@type\":\"Organization\",\"@id\":\"https:\/\/uolhost.uol.com.br\/blog\/#organization\",\"name\":\"Blog UOL Host\",\"url\":\"https:\/\/uolhost.uol.com.br\/blog\/\",\"logo\":{\"@type\":\"ImageObject\",\"inLanguage\":\"pt-BR\",\"@id\":\"https:\/\/uolhost.uol.com.br\/blog\/#\/schema\/logo\/image\/\",\"url\":\"https:\/\/uolhost.uol.com.br\/blog\/wp-content\/uploads\/2025\/01\/UOL_Host.png?wsr\",\"contentUrl\":\"https:\/\/uolhost.uol.com.br\/blog\/wp-content\/uploads\/2025\/01\/UOL_Host.png?wsr\",\"width\":2000,\"height\":393,\"caption\":\"Blog UOL Host\"},\"image\":{\"@id\":\"https:\/\/uolhost.uol.com.br\/blog\/#\/schema\/logo\/image\/\"}},{\"@type\":\"Person\",\"@id\":\"https:\/\/uolhost.uol.com.br\/blog\/#\/schema\/person\/41505c2cd07dc07109e30bea51edee93\",\"name\":\"Yuri Torres\",\"image\":{\"@type\":\"ImageObject\",\"inLanguage\":\"pt-BR\",\"@id\":\"https:\/\/uolhost.uol.com.br\/blog\/#\/schema\/person\/image\/\",\"url\":\"https:\/\/secure.gravatar.com\/avatar\/4c96a05faea9fdf86f95d5b723e438c9cc14ad5c342d76486e5a4c8ac8259492?s=96&d=mm&r=g\",\"contentUrl\":\"https:\/\/secure.gravatar.com\/avatar\/4c96a05faea9fdf86f95d5b723e438c9cc14ad5c342d76486e5a4c8ac8259492?s=96&d=mm&r=g\",\"caption\":\"Yuri Torres\"},\"description\":\"Profissional de Reda\u00e7\u00e3o e Marketing, com 10 anos de experi\u00eancia no desenvolvimento de estrat\u00e9gias de conte\u00fado voltadas \u00e0 comunica\u00e7\u00e3o de marcas. Atua na cria\u00e7\u00e3o de materiais que fortalecem a presen\u00e7a digital, ampliam o engajamento e contribuem para o alcance de resultados alinhados aos objetivos de neg\u00f3cio, com experi\u00eancia no atendimento a empresas de diferentes segmentos. LinkedIn\",\"sameAs\":[\"https:\/\/www.linkedin.com\/in\/yuri-torres-271093108\/\"],\"url\":\"https:\/\/uolhost.uol.com.br\/blog\/author\/yuri-torres\/\"}]}<\/script>\n<!-- \/ Yoast SEO plugin. -->","yoast_head_json":{"title":"Calcule os custos de migrar para a nuvem \u2013 Academia UOL Meu neg\u00f3cio","description":"Calcule os custos de migrar para a nuvem: leia este ou outros artigos sobre Tecnologia na Academia UOL Meu neg\u00f3cio.","robots":{"index":"index","follow":"follow","max-snippet":"max-snippet:-1","max-image-preview":"max-image-preview:large","max-video-preview":"max-video-preview:-1"},"canonical":"https:\/\/uolhost.uol.com.br\/blog\/calcule-os-custos-de-migrar-para-a-nuvem\/","og_locale":"pt_BR","og_type":"article","og_title":"Calcule os custos de migrar para a nuvem \u2013 Academia UOL Meu neg\u00f3cio","og_description":"Calcule os custos de migrar para a nuvem: leia este ou outros artigos sobre Tecnologia na Academia UOL Meu neg\u00f3cio.","og_url":"https:\/\/uolhost.uol.com.br\/blog\/calcule-os-custos-de-migrar-para-a-nuvem\/","article_published_time":"2020-06-04T12:38:48+00:00","article_modified_time":"2026-01-15T14:38:42+00:00","og_image":[{"width":600,"height":320,"url":"https:\/\/uolhost.uol.com.br\/blog\/wp-content\/uploads\/2020\/06\/3-truques-que-ajudam-a-calcular-o-roi-das-suas-acoes-de-marketing.jpg","type":"image\/jpeg"}],"author":"Yuri Torres","twitter_card":"summary_large_image","twitter_misc":{"Escrito por":"Yuri Torres","Est. tempo de leitura":"3 minutos"},"schema":{"@context":"https:\/\/schema.org","@graph":[{"@type":"Article","@id":"https:\/\/uolhost.uol.com.br\/blog\/calcule-os-custos-de-migrar-para-a-nuvem\/#article","isPartOf":{"@id":"https:\/\/uolhost.uol.com.br\/blog\/calcule-os-custos-de-migrar-para-a-nuvem\/"},"author":{"name":"Yuri Torres","@id":"https:\/\/uolhost.uol.com.br\/blog\/#\/schema\/person\/41505c2cd07dc07109e30bea51edee93"},"headline":"Calcule os custos de migrar para a nuvem","datePublished":"2020-06-04T12:38:48+00:00","dateModified":"2026-01-15T14:38:42+00:00","mainEntityOfPage":{"@id":"https:\/\/uolhost.uol.com.br\/blog\/calcule-os-custos-de-migrar-para-a-nuvem\/"},"wordCount":523,"publisher":{"@id":"https:\/\/uolhost.uol.com.br\/blog\/#organization"},"image":{"@id":"https:\/\/uolhost.uol.com.br\/blog\/calcule-os-custos-de-migrar-para-a-nuvem\/#primaryimage"},"thumbnailUrl":"https:\/\/uolhost.uol.com.br\/blog\/wp-content\/uploads\/2020\/06\/3-truques-que-ajudam-a-calcular-o-roi-das-suas-acoes-de-marketing.jpg?wsr","articleSection":["Cloud Computing","Produtos UOL Host","Solu\u00e7\u00f5es","Tecnologia"],"inLanguage":"pt-BR"},{"@type":"WebPage","@id":"https:\/\/uolhost.uol.com.br\/blog\/calcule-os-custos-de-migrar-para-a-nuvem\/","url":"https:\/\/uolhost.uol.com.br\/blog\/calcule-os-custos-de-migrar-para-a-nuvem\/","name":"Calcule os custos de migrar para a nuvem \u2013 Academia UOL Meu neg\u00f3cio","isPartOf":{"@id":"https:\/\/uolhost.uol.com.br\/blog\/#website"},"primaryImageOfPage":{"@id":"https:\/\/uolhost.uol.com.br\/blog\/calcule-os-custos-de-migrar-para-a-nuvem\/#primaryimage"},"image":{"@id":"https:\/\/uolhost.uol.com.br\/blog\/calcule-os-custos-de-migrar-para-a-nuvem\/#primaryimage"},"thumbnailUrl":"https:\/\/uolhost.uol.com.br\/blog\/wp-content\/uploads\/2020\/06\/3-truques-que-ajudam-a-calcular-o-roi-das-suas-acoes-de-marketing.jpg?wsr","datePublished":"2020-06-04T12:38:48+00:00","dateModified":"2026-01-15T14:38:42+00:00","description":"Calcule os custos de migrar para a nuvem: leia este ou outros artigos sobre Tecnologia na Academia UOL Meu neg\u00f3cio.","breadcrumb":{"@id":"https:\/\/uolhost.uol.com.br\/blog\/calcule-os-custos-de-migrar-para-a-nuvem\/#breadcrumb"},"inLanguage":"pt-BR","potentialAction":[{"@type":"ReadAction","target":["https:\/\/uolhost.uol.com.br\/blog\/calcule-os-custos-de-migrar-para-a-nuvem\/"]}]},{"@type":"ImageObject","inLanguage":"pt-BR","@id":"https:\/\/uolhost.uol.com.br\/blog\/calcule-os-custos-de-migrar-para-a-nuvem\/#primaryimage","url":"https:\/\/uolhost.uol.com.br\/blog\/wp-content\/uploads\/2020\/06\/3-truques-que-ajudam-a-calcular-o-roi-das-suas-acoes-de-marketing.jpg?wsr","contentUrl":"https:\/\/uolhost.uol.com.br\/blog\/wp-content\/uploads\/2020\/06\/3-truques-que-ajudam-a-calcular-o-roi-das-suas-acoes-de-marketing.jpg?wsr","width":600,"height":320},{"@type":"BreadcrumbList","@id":"https:\/\/uolhost.uol.com.br\/blog\/calcule-os-custos-de-migrar-para-a-nuvem\/#breadcrumb","itemListElement":[{"@type":"ListItem","position":1,"name":"In\u00edcio","item":"https:\/\/uolhost.uol.com.br\/blog\/"},{"@type":"ListItem","position":2,"name":"Calcule os custos de migrar para a nuvem"}]},{"@type":"WebSite","@id":"https:\/\/uolhost.uol.com.br\/blog\/#website","url":"https:\/\/uolhost.uol.com.br\/blog\/","name":"Blog UOL Host","description":"","publisher":{"@id":"https:\/\/uolhost.uol.com.br\/blog\/#organization"},"potentialAction":[{"@type":"SearchAction","target":{"@type":"EntryPoint","urlTemplate":"https:\/\/uolhost.uol.com.br\/blog\/?s={search_term_string}"},"query-input":{"@type":"PropertyValueSpecification","valueRequired":true,"valueName":"search_term_string"}}],"inLanguage":"pt-BR"},{"@type":"Organization","@id":"https:\/\/uolhost.uol.com.br\/blog\/#organization","name":"Blog UOL Host","url":"https:\/\/uolhost.uol.com.br\/blog\/","logo":{"@type":"ImageObject","inLanguage":"pt-BR","@id":"https:\/\/uolhost.uol.com.br\/blog\/#\/schema\/logo\/image\/","url":"https:\/\/uolhost.uol.com.br\/blog\/wp-content\/uploads\/2025\/01\/UOL_Host.png?wsr","contentUrl":"https:\/\/uolhost.uol.com.br\/blog\/wp-content\/uploads\/2025\/01\/UOL_Host.png?wsr","width":2000,"height":393,"caption":"Blog UOL Host"},"image":{"@id":"https:\/\/uolhost.uol.com.br\/blog\/#\/schema\/logo\/image\/"}},{"@type":"Person","@id":"https:\/\/uolhost.uol.com.br\/blog\/#\/schema\/person\/41505c2cd07dc07109e30bea51edee93","name":"Yuri Torres","image":{"@type":"ImageObject","inLanguage":"pt-BR","@id":"https:\/\/uolhost.uol.com.br\/blog\/#\/schema\/person\/image\/","url":"https:\/\/secure.gravatar.com\/avatar\/4c96a05faea9fdf86f95d5b723e438c9cc14ad5c342d76486e5a4c8ac8259492?s=96&d=mm&r=g","contentUrl":"https:\/\/secure.gravatar.com\/avatar\/4c96a05faea9fdf86f95d5b723e438c9cc14ad5c342d76486e5a4c8ac8259492?s=96&d=mm&r=g","caption":"Yuri Torres"},"description":"Profissional de Reda\u00e7\u00e3o e Marketing, com 10 anos de experi\u00eancia no desenvolvimento de estrat\u00e9gias de conte\u00fado voltadas \u00e0 comunica\u00e7\u00e3o de marcas. Atua na cria\u00e7\u00e3o de materiais que fortalecem a presen\u00e7a digital, ampliam o engajamento e contribuem para o alcance de resultados alinhados aos objetivos de neg\u00f3cio, com experi\u00eancia no atendimento a empresas de diferentes segmentos. LinkedIn","sameAs":["https:\/\/www.linkedin.com\/in\/yuri-torres-271093108\/"],"url":"https:\/\/uolhost.uol.com.br\/blog\/author\/yuri-torres\/"}]}},"_links":{"self":[{"href":"https:\/\/uolhost.uol.com.br\/blog\/wp-json\/wp\/v2\/posts\/6860","targetHints":{"allow":["GET"]}}],"collection":[{"href":"https:\/\/uolhost.uol.com.br\/blog\/wp-json\/wp\/v2\/posts"}],"about":[{"href":"https:\/\/uolhost.uol.com.br\/blog\/wp-json\/wp\/v2\/types\/post"}],"author":[{"embeddable":true,"href":"https:\/\/uolhost.uol.com.br\/blog\/wp-json\/wp\/v2\/users\/24"}],"replies":[{"embeddable":true,"href":"https:\/\/uolhost.uol.com.br\/blog\/wp-json\/wp\/v2\/comments?post=6860"}],"version-history":[{"count":1,"href":"https:\/\/uolhost.uol.com.br\/blog\/wp-json\/wp\/v2\/posts\/6860\/revisions"}],"predecessor-version":[{"id":20302,"href":"https:\/\/uolhost.uol.com.br\/blog\/wp-json\/wp\/v2\/posts\/6860\/revisions\/20302"}],"wp:featuredmedia":[{"embeddable":true,"href":"https:\/\/uolhost.uol.com.br\/blog\/wp-json\/wp\/v2\/media\/6861"}],"wp:attachment":[{"href":"https:\/\/uolhost.uol.com.br\/blog\/wp-json\/wp\/v2\/media?parent=6860"}],"wp:term":[{"taxonomy":"category","embeddable":true,"href":"https:\/\/uolhost.uol.com.br\/blog\/wp-json\/wp\/v2\/categories?post=6860"},{"taxonomy":"post_tag","embeddable":true,"href":"https:\/\/uolhost.uol.com.br\/blog\/wp-json\/wp\/v2\/tags?post=6860"}],"curies":[{"name":"wp","href":"https:\/\/api.w.org\/{rel}","templated":true}]}}