{"id":6866,"date":"2020-06-04T10:54:22","date_gmt":"2020-06-04T13:54:22","guid":{"rendered":"https:\/\/meunegocio.uol.com.br\/blog\/?p=6866"},"modified":"2026-01-15T11:38:42","modified_gmt":"2026-01-15T14:38:42","slug":"cloud-computing-pesquisas-e-tendencias-da-tecnologia-para-os-proximos-anos","status":"publish","type":"post","link":"https:\/\/uolhost.uol.com.br\/blog\/cloud-computing-pesquisas-e-tendencias-da-tecnologia-para-os-proximos-anos\/","title":{"rendered":"Cloud computing: pesquisas e tend\u00eancias da tecnologia para os pr\u00f3ximos anos"},"content":{"rendered":"<h2 style=\"font-family: UOLText, Arial, sans-serif; font-weight: 100; line-height: 1.1; color: #444444; margin-bottom: 25px; font-size: 26px; letter-spacing: normal; text-align: start;\">Veja alguns dados e perspectivas para a computa\u00e7\u00e3o em nuvem em um futuro pr\u00f3ximo<\/h2>\n<p style=\"font-size: 17px; line-height: 24px; word-break: break-word; color: #666666; font-family: UOLText, Arial, sans-serif; letter-spacing: normal;\">A tecnologia de&nbsp;<a style=\"color: #1082be;\" href=\"https:\/\/meunegocio.uol.com.br\/blog\/7-duvidas-muito-comuns-sobre-cloud-computing\/\">computa\u00e7\u00e3o em nuvem<\/a>, com certeza, veio para revolucionar os processos das empresas e a vida do consumidor.<\/p>\n<p style=\"font-size: 17px; line-height: 24px; word-break: break-word; color: #666666; font-family: UOLText, Arial, sans-serif; letter-spacing: normal;\">A possibilidade de armazenar arquivos e informa\u00e7\u00f5es sem ocupar espa\u00e7o f\u00edsico, acessar e compartilhar tarefas com pessoas em qualquer lugar e a partir de todo tipo de dispositivo e a escalabilidade fizeram do cloud o \u201cqueridinho\u201d dos \u00faltimos tempos.<\/p>\n<p style=\"font-size: 17px; line-height: 24px; word-break: break-word; color: #666666; font-family: UOLText, Arial, sans-serif; letter-spacing: normal;\">\u21d2&nbsp;Leia tamb\u00e9m:&nbsp;<a style=\"color: #1082be;\" href=\"https:\/\/meunegocio.uol.com.br\/blog\/como-o-cloud-pode-ajudar-sua-empresa-a-driblar-a-crise-economica\/\">Como o cloud pode ajudar sua empresa a driblar a crise econ\u00f4mica<\/a><\/p>\n<p style=\"font-size: 17px; line-height: 24px; word-break: break-word; color: #666666; font-family: UOLText, Arial, sans-serif; letter-spacing: normal;\">Com o crescimento da popularidade, aumentam tamb\u00e9m o volume de pesquisas e as proje\u00e7\u00f5es para o futuro da computa\u00e7\u00e3o em nuvem no Brasil e no mundo. E \u00e9 importante que sua empresa esteja por dentro dessas novidades, principalmente, se voc\u00ea j\u00e1 usa ou tem a inten\u00e7\u00e3o de usar a tecnologia em breve.<\/p>\n<p style=\"font-size: 17px; line-height: 24px; word-break: break-word; color: #666666; font-family: UOLText, Arial, sans-serif; letter-spacing: normal;\">\u21d2&nbsp;Aproveite e baixe e-book gr\u00e1tis:&nbsp;<a style=\"color: #1082be;\" href=\"https:\/\/meunegocio.uol.com.br\/academia\/downloads\/e-books\/\">Cloud computing: como trazer sua empresa para a nuvem<\/a><\/p>\n<p style=\"font-size: 17px; line-height: 24px; word-break: break-word; color: #666666; font-family: UOLText, Arial, sans-serif; letter-spacing: normal;\">Para ajud\u00e1-lo com isso, destacamos as principais e mais atuais pesquisas desse mercado e as tend\u00eancias do que deve acontecer daqui para a frente. Confira:<\/p>\n<p style=\"font-size: 17px; line-height: 24px; word-break: break-word; color: #666666; font-family: UOLText, Arial, sans-serif; letter-spacing: normal;\">Expans\u00e3o do IaaS deve levar ao crescimento na receita<\/p>\n<p style=\"font-size: 17px; line-height: 24px; word-break: break-word; color: #666666; font-family: UOLText, Arial, sans-serif; letter-spacing: normal;\">A Gartner, uma das empresas de consultoria em tecnologia l\u00edderes no mercado, est\u00e1 sempre publicando estudos sobre o universo cloud, e um deles previu que o cloud computing atingir\u00e1 a marca de 204 bilh\u00f5es de d\u00f3lares at\u00e9 o fim de 2016, um crescimento de 16,5% em rela\u00e7\u00e3o a 2015.<\/p>\n<p style=\"font-size: 17px; line-height: 24px; word-break: break-word; color: #666666; font-family: UOLText, Arial, sans-serif; letter-spacing: normal;\">\u201cOs servi\u00e7os de nuvem p\u00fablica seguem demonstrando alta taxa de crescimento, e isso deve continuar, pelo menos, at\u00e9 2017\u201d,&nbsp;declarou&nbsp;o diretor de pesquisa da Gartner, Sid Nag.<\/p>\n<p style=\"font-size: 17px; line-height: 24px; word-break: break-word; color: #666666; font-family: UOLText, Arial, sans-serif; letter-spacing: normal;\">De acordo com a consultoria, este cen\u00e1rio ser\u00e1 poss\u00edvel gra\u00e7as \u00e0 amplia\u00e7\u00e3o da IaaS (estrutura como servi\u00e7o). S\u00f3 essa modalidade deve ser respons\u00e1vel por 22,4 bilh\u00f5es de d\u00f3lares, cerca de 38,4% do faturamento total do ano.<\/p>\n<p style=\"font-size: 17px; line-height: 24px; word-break: break-word; color: #666666; font-family: UOLText, Arial, sans-serif; letter-spacing: normal;\">Outros servi\u00e7os tamb\u00e9m devem crescer. O SaaS (software como servi\u00e7o) deve crescer 20,3%; a gest\u00e3o de nuvens e servi\u00e7os de seguran\u00e7a deve crescer 24,7%; e as PaaS (plataforma como servi\u00e7o) devem evoluir 21,1%.<\/p>\n<p style=\"font-size: 17px; line-height: 24px; word-break: break-word; color: #666666; font-family: UOLText, Arial, sans-serif; letter-spacing: normal;\">\u21d2&nbsp;Leia tamb\u00e9m:&nbsp;<a style=\"color: #1082be;\" href=\"https:\/\/meunegocio.uol.com.br\/blog\/saas-x-iaas-x-paas-qual-e-o-melhor-modelo-de-cloud-computing-para-suas-necessidades\/\">SaaS x IaaS x PaaS: qual \u00e9 o melhor modelo de cloud computing para suas necessidades?<\/a><\/p>\n<p style=\"font-size: 17px; line-height: 24px; word-break: break-word; color: #666666; font-family: UOLText, Arial, sans-serif; letter-spacing: normal;\">At\u00e9 2018 o mundo estar\u00e1 na nuvem<\/p>\n<p style=\"font-size: 17px; line-height: 24px; word-break: break-word; color: #666666; font-family: UOLText, Arial, sans-serif; letter-spacing: normal;\">Para Frank Gens, vice-presidente e analista-chefe da IDC, dentro de aproximadamente um ano o mundo vai adotar, definitivamente, a computa\u00e7\u00e3o na nuvem. Ele acredita que o cloud ser\u00e1 unanimidade na hora das escolhas. &nbsp;<\/p>\n<p style=\"margin-bottom: 20px; font-size: 17px; line-height: 24px; word-break: break-word; color: #666666; font-family: UOLText, Arial, sans-serif; letter-spacing: normal;\">\u201cNos \u00faltimos anos, a ind\u00fastria de software vem adotando uma postura de cloud first. Em 2018, a maioria dos provedores de sistemas ter\u00e1 completado a migra\u00e7\u00e3o de seus c\u00f3digos base para o modelo PaaS\/SaaS\u201d,&nbsp;disse Gens.<\/p>\n<p>\t\t\t\t\t\t\t\t\t\t\t<a href=\"http:\/\/clicklogger.rm.uol.com.br\/?prd=939&amp;grp=src:13;chn:546;cpg:cross-sell-banner-site-pronto;&amp;msr=Cliques%20de%20Origem:1&amp;oper=11&amp;redir=https:\/\/cadastro.uol.com.br\/indexb.html?eos=yes&amp;skin=cadastrounificado\/visitor\/pf&amp;skinPath=meunegocio&amp;promochild=PROMPKSC3387\"><br \/>\n<img decoding=\"async\" src=\"https:\/\/uolhost.uol.com.br\/blog\/wp-content\/uploads\/2020\/04\/banner_uolmn_lojavirtuol_academia-1.gif\" title=\"banner_uolmn_lojavirtuol_academia\" alt=\"banner_uolmn_lojavirtuol_academia\">\t\t\t\t\t\t\t\t<\/a><\/p>\n<p style=\"font-size: 17px; line-height: 24px; word-break: break-word; color: #666666; font-family: UOLText, Arial, sans-serif; letter-spacing: normal;\">O cloud vai fazer as empresas ganhar mais dinheiro<\/p>\n<p style=\"font-size: 17px; line-height: 24px; word-break: break-word; color: #666666; font-family: UOLText, Arial, sans-serif; letter-spacing: normal;\">Outro estudo desenvolvido pela IDC e divulgado pela Cisco mostrou que 53% das empresas pesquisadas acreditam que v\u00e3o elevar a receita gra\u00e7as ao uso da tecnologia cloud.<\/p>\n<p style=\"font-size: 17px; line-height: 24px; word-break: break-word; color: #666666; font-family: UOLText, Arial, sans-serif; letter-spacing: normal;\">A perspectiva \u00e9 impulsionada por algumas estat\u00edsticas que demonstram o quanto a nuvem pode&nbsp;<a style=\"color: #1082be;\" href=\"https:\/\/meunegocio.uol.com.br\/blog\/como-os-softwares-na-nuvem-podem-ajudar-a-enxugar-custos-em-sua-empresa\/\">gerar economia<\/a>&nbsp;e aumentar o faturamento. A pesquisa mostrou que 10,4% das companhias faturaram cerca de 1,6 milh\u00e3o de d\u00f3lares a mais depois do cloud; 77% sentiram diminui\u00e7\u00e3o nos custos com TI de at\u00e9 1,2 milh\u00e3o de d\u00f3lares ao ano; e 99% diminu\u00edram o tempo de trabalho da equipe de TI.<\/p>\n<p style=\"font-size: 17px; line-height: 24px; word-break: break-word; color: #666666; font-family: UOLText, Arial, sans-serif; letter-spacing: normal;\">Varejo ainda resiste ao cloud<\/p>\n<p style=\"font-size: 17px; line-height: 24px; word-break: break-word; color: #666666; font-family: UOLText, Arial, sans-serif; letter-spacing: normal;\">A pesquisa da IDC tamb\u00e9m levantou quais os setores que mais aderem \u00e0 nuvem. Enquanto mercados como ind\u00fastria (33%), TI (30%), finan\u00e7as (29%) e sa\u00fade (28%) t\u00eam alto grau de aceita\u00e7\u00e3o, o varejo e atacado (20%) e os servi\u00e7os profissionais (22%) s\u00e3o os que menos t\u00eam utilizado o cloud e demonstram maior resist\u00eancia \u00e0 nova tecnologia.<\/p>\n<p style=\"font-size: 17px; line-height: 24px; word-break: break-word; color: #666666; font-family: UOLText, Arial, sans-serif; letter-spacing: normal;\">Ferramentas lift-and-shift melhorar\u00e3o a migra\u00e7\u00e3o para a nuvem<\/p>\n<p style=\"font-size: 17px; line-height: 24px; word-break: break-word; color: #666666; font-family: UOLText, Arial, sans-serif; letter-spacing: normal;\">A Forrester tamb\u00e9m publicou um relat\u00f3rio com algumas previs\u00f5es do que pode acontecer no futuro do mercado do cloud, e uma delas \u00e9 que a&nbsp;<a style=\"color: #1082be;\" href=\"https:\/\/meunegocio.uol.com.br\/blog\/6-dicas-para-migrar-para-a-nuvem-com-seguranca\/\">migra\u00e7\u00e3o<\/a>&nbsp;massiva de clientes para a nuvem ser\u00e1 facilitada pelas ferramentas lift-and-shift.<\/p>\n<p style=\"font-size: 17px; line-height: 24px; word-break: break-word; color: #666666; font-family: UOLText, Arial, sans-serif; letter-spacing: normal;\">Esse procedimento \u00e9 capaz de copiar aplica\u00e7\u00f5es de um ambiente para o outro com facilidade e sem alterar a l\u00f3gica ou o funcionamento deles. Al\u00e9m disso, a tend\u00eancia \u00e9 que o lift-and-shift seja muitas vezes mais r\u00e1pido do que outras formas de migra\u00e7\u00e3o, o que tamb\u00e9m \u00e9 uma caracter\u00edstica positiva que pode influenciar bastante.<\/p>\n<p style=\"font-size: 17px; line-height: 24px; word-break: break-word; color: #666666; font-family: UOLText, Arial, sans-serif; letter-spacing: normal;\">Empresas v\u00e3o come\u00e7ar a fugir de nuvens gigantes, caras e complexas<\/p>\n<p style=\"font-size: 17px; line-height: 24px; word-break: break-word; color: #666666; font-family: UOLText, Arial, sans-serif; letter-spacing: normal;\">Outra perspectiva da Forrester \u00e9 que nos pr\u00f3ximos anos as empresas, mais acostumadas com a din\u00e2mica do cloud, v\u00e3o escolher melhor como e onde querem contratar os seus servi\u00e7os na nuvem.<\/p>\n<p style=\"font-size: 17px; line-height: 24px; word-break: break-word; color: #666666; font-family: UOLText, Arial, sans-serif; letter-spacing: normal;\">A tend\u00eancia \u00e9 que elas fujam de softwares caros e privados e procurem por mais op\u00e7\u00f5es de personaliza\u00e7\u00e3o, nuvens mais simples ou&nbsp;<a style=\"color: #1082be;\" href=\"https:\/\/meunegocio.uol.com.br\/blog\/nuvem-hibrida-x-privada-x-publica-qual-e-melhor-para-sua-empresa\/\">p\u00fablicas<\/a>. A pesquisa tamb\u00e9m apurou que estar em uma nuvem p\u00fablica \u00e9 a preocupa\u00e7\u00e3o de muitas empresas para o pr\u00f3ximo ano.<\/p>\n<p style=\"font-size: 17px; line-height: 24px; word-break: break-word; color: #666666; font-family: UOLText, Arial, sans-serif; letter-spacing: normal;\">\u21d2&nbsp;Leia tamb\u00e9m:&nbsp;<a style=\"color: #1082be;\" href=\"https:\/\/meunegocio.uol.com.br\/blog\/4-beneficios-legais-de-usar-um-cloud-nacional\/\">4 benef\u00edcios legais de usar um cloud nacional<\/a><\/p>\n<p style=\"font-size: 17px; line-height: 24px; word-break: break-word; color: #666666; font-family: UOLText, Arial, sans-serif; letter-spacing: normal;\">Conte com os containers<\/p>\n<p style=\"font-size: 17px; line-height: 24px; word-break: break-word; color: #666666; font-family: UOLText, Arial, sans-serif; letter-spacing: normal;\">A expectativa da Forrester \u00e9 que a tecnologia dos containers \u2013 que permite isolar recursos e administrar elementos distintos na mesma nuvem \u2013 ser\u00e1 capaz de se destacar com o grande p\u00fablico ainda em 2017, e o n\u00edvel de utiliza\u00e7\u00e3o dos containers dever\u00e1 ser a primeira op\u00e7\u00e3o de desenvolvedores em empresas de todo o mundo.<\/p>\n<p style=\"font-size: 17px; line-height: 24px; word-break: break-word; color: #666666; font-family: UOLText, Arial, sans-serif; letter-spacing: normal;\">\u21d2&nbsp;Saiba mais sobre esse assunto. Baixe e-book gr\u00e1tis:&nbsp;<a style=\"color: #1082be;\" href=\"https:\/\/meunegocio.uol.com.br\/academia\/downloads\/e-books\/\">OpenStack: direto da NASA para o seu neg\u00f3cio<\/a><\/p>\n<p style=\"margin-bottom: 20px; font-size: 17px; line-height: 24px; word-break: break-word; color: #666666; font-family: UOLText, Arial, sans-serif; letter-spacing: normal;\">Com toda a evolu\u00e7\u00e3o do cloud que est\u00e1 prevista para os pr\u00f3ximos anos, uma coisa \u00e9 certa: a hora de fazer uso dessa tecnologia \u00e9 agora! Se voc\u00ea est\u00e1 pensando em migrar para a nuvem, aproveite para conhecer os planos de&nbsp;<a style=\"color: #1082be;\" href=\"https:\/\/clicklogger.rm.uol.com.br\/?prd=16&amp;grp=chn:546;cpg_int:textos_academia;creative:Cloud-computing-pesquisas-e-tendencias-da-tecnologia-para-os-proximos-anos&amp;msr=Cliques%20de%20Origem:1&amp;oper=8&amp;redir=\/\/www.uolhost.uol.com.br\/uol-cloud-computing.html\">cloud computing do UOL HOST<\/a>, que s\u00e3o perfeitos para hospedar sites, bancos de dados e outras aplica\u00e7\u00f5es com seguran\u00e7a, flexibilidade e alto n\u00edvel de customiza\u00e7\u00e3o.<\/p>\n","protected":false},"excerpt":{"rendered":"<p>Veja alguns dados e perspectivas para a computa\u00e7\u00e3o em nuvem em um futuro pr\u00f3ximo A tecnologia de&nbsp;computa\u00e7\u00e3o em nuvem, com certeza, veio para revolucionar os processos das empresas e a vida do consumidor. A possibilidade de armazenar arquivos e informa\u00e7\u00f5es sem ocupar espa\u00e7o f\u00edsico, acessar e compartilhar tarefas com pessoas em qualquer lugar e a [&hellip;]<\/p>\n","protected":false},"author":24,"featured_media":6867,"comment_status":"closed","ping_status":"closed","sticky":false,"template":"","format":"standard","meta":{"footnotes":""},"categories":[56,87,38,39],"tags":[],"class_list":["post-6866","post","type-post","status-publish","format-standard","has-post-thumbnail","hentry","category-cloud-computing","category-produtos-uol-host","category-solucoes","category-tecnologia"],"gutentor_comment":0,"yoast_head":"<!-- This site is optimized with the Yoast SEO plugin v26.4 - https:\/\/yoast.com\/wordpress\/plugins\/seo\/ -->\n<title>Cloud computing: pesquisas e tend\u00eancias da tecnologia para os pr\u00f3ximos anos \u2013 Academia UOL Meu neg\u00f3cio<\/title>\n<meta name=\"description\" content=\"Cloud computing: pesquisas e tend\u00eancias da tecnologia para os pr\u00f3ximos anos: leia este ou outros artigos sobre Tecnologia na Academia UOL Meu neg\u00f3cio.\" \/>\n<meta name=\"robots\" content=\"index, follow, max-snippet:-1, max-image-preview:large, max-video-preview:-1\" \/>\n<link rel=\"canonical\" href=\"https:\/\/uolhost.uol.com.br\/blog\/cloud-computing-pesquisas-e-tendencias-da-tecnologia-para-os-proximos-anos\/\" \/>\n<meta property=\"og:locale\" content=\"pt_BR\" \/>\n<meta property=\"og:type\" content=\"article\" \/>\n<meta property=\"og:title\" content=\"Cloud computing: pesquisas e tend\u00eancias da tecnologia para os pr\u00f3ximos anos \u2013 Academia UOL Meu neg\u00f3cio\" \/>\n<meta property=\"og:description\" content=\"Cloud computing: pesquisas e tend\u00eancias da tecnologia para os pr\u00f3ximos anos: leia este ou outros artigos sobre Tecnologia na Academia UOL Meu neg\u00f3cio.\" \/>\n<meta property=\"og:url\" content=\"https:\/\/uolhost.uol.com.br\/blog\/cloud-computing-pesquisas-e-tendencias-da-tecnologia-para-os-proximos-anos\/\" \/>\n<meta property=\"article:published_time\" content=\"2020-06-04T13:54:22+00:00\" \/>\n<meta property=\"article:modified_time\" content=\"2026-01-15T14:38:42+00:00\" \/>\n<meta property=\"og:image\" content=\"https:\/\/uolhost.uol.com.br\/blog\/wp-content\/uploads\/2020\/06\/cloud-.jpg\" \/>\n\t<meta property=\"og:image:width\" content=\"600\" \/>\n\t<meta property=\"og:image:height\" content=\"320\" \/>\n\t<meta property=\"og:image:type\" content=\"image\/jpeg\" \/>\n<meta name=\"author\" content=\"Yuri Torres\" \/>\n<meta name=\"twitter:card\" content=\"summary_large_image\" \/>\n<meta name=\"twitter:label1\" content=\"Escrito por\" \/>\n\t<meta name=\"twitter:data1\" content=\"Yuri Torres\" \/>\n\t<meta name=\"twitter:label2\" content=\"Est. tempo de leitura\" \/>\n\t<meta name=\"twitter:data2\" content=\"5 minutos\" \/>\n<script type=\"application\/ld+json\" class=\"yoast-schema-graph\">{\"@context\":\"https:\/\/schema.org\",\"@graph\":[{\"@type\":\"Article\",\"@id\":\"https:\/\/uolhost.uol.com.br\/blog\/cloud-computing-pesquisas-e-tendencias-da-tecnologia-para-os-proximos-anos\/#article\",\"isPartOf\":{\"@id\":\"https:\/\/uolhost.uol.com.br\/blog\/cloud-computing-pesquisas-e-tendencias-da-tecnologia-para-os-proximos-anos\/\"},\"author\":{\"name\":\"Yuri Torres\",\"@id\":\"https:\/\/uolhost.uol.com.br\/blog\/#\/schema\/person\/41505c2cd07dc07109e30bea51edee93\"},\"headline\":\"Cloud computing: pesquisas e tend\u00eancias da tecnologia para os pr\u00f3ximos anos\",\"datePublished\":\"2020-06-04T13:54:22+00:00\",\"dateModified\":\"2026-01-15T14:38:42+00:00\",\"mainEntityOfPage\":{\"@id\":\"https:\/\/uolhost.uol.com.br\/blog\/cloud-computing-pesquisas-e-tendencias-da-tecnologia-para-os-proximos-anos\/\"},\"wordCount\":1019,\"publisher\":{\"@id\":\"https:\/\/uolhost.uol.com.br\/blog\/#organization\"},\"image\":{\"@id\":\"https:\/\/uolhost.uol.com.br\/blog\/cloud-computing-pesquisas-e-tendencias-da-tecnologia-para-os-proximos-anos\/#primaryimage\"},\"thumbnailUrl\":\"https:\/\/uolhost.uol.com.br\/blog\/wp-content\/uploads\/2020\/06\/cloud-.jpg?wsr\",\"articleSection\":[\"Cloud Computing\",\"Produtos UOL Host\",\"Solu\u00e7\u00f5es\",\"Tecnologia\"],\"inLanguage\":\"pt-BR\"},{\"@type\":\"WebPage\",\"@id\":\"https:\/\/uolhost.uol.com.br\/blog\/cloud-computing-pesquisas-e-tendencias-da-tecnologia-para-os-proximos-anos\/\",\"url\":\"https:\/\/uolhost.uol.com.br\/blog\/cloud-computing-pesquisas-e-tendencias-da-tecnologia-para-os-proximos-anos\/\",\"name\":\"Cloud computing: pesquisas e tend\u00eancias da tecnologia para os pr\u00f3ximos anos \u2013 Academia UOL Meu neg\u00f3cio\",\"isPartOf\":{\"@id\":\"https:\/\/uolhost.uol.com.br\/blog\/#website\"},\"primaryImageOfPage\":{\"@id\":\"https:\/\/uolhost.uol.com.br\/blog\/cloud-computing-pesquisas-e-tendencias-da-tecnologia-para-os-proximos-anos\/#primaryimage\"},\"image\":{\"@id\":\"https:\/\/uolhost.uol.com.br\/blog\/cloud-computing-pesquisas-e-tendencias-da-tecnologia-para-os-proximos-anos\/#primaryimage\"},\"thumbnailUrl\":\"https:\/\/uolhost.uol.com.br\/blog\/wp-content\/uploads\/2020\/06\/cloud-.jpg?wsr\",\"datePublished\":\"2020-06-04T13:54:22+00:00\",\"dateModified\":\"2026-01-15T14:38:42+00:00\",\"description\":\"Cloud computing: pesquisas e tend\u00eancias da tecnologia para os pr\u00f3ximos anos: leia este ou outros artigos sobre Tecnologia na Academia UOL Meu neg\u00f3cio.\",\"breadcrumb\":{\"@id\":\"https:\/\/uolhost.uol.com.br\/blog\/cloud-computing-pesquisas-e-tendencias-da-tecnologia-para-os-proximos-anos\/#breadcrumb\"},\"inLanguage\":\"pt-BR\",\"potentialAction\":[{\"@type\":\"ReadAction\",\"target\":[\"https:\/\/uolhost.uol.com.br\/blog\/cloud-computing-pesquisas-e-tendencias-da-tecnologia-para-os-proximos-anos\/\"]}]},{\"@type\":\"ImageObject\",\"inLanguage\":\"pt-BR\",\"@id\":\"https:\/\/uolhost.uol.com.br\/blog\/cloud-computing-pesquisas-e-tendencias-da-tecnologia-para-os-proximos-anos\/#primaryimage\",\"url\":\"https:\/\/uolhost.uol.com.br\/blog\/wp-content\/uploads\/2020\/06\/cloud-.jpg?wsr\",\"contentUrl\":\"https:\/\/uolhost.uol.com.br\/blog\/wp-content\/uploads\/2020\/06\/cloud-.jpg?wsr\",\"width\":600,\"height\":320},{\"@type\":\"BreadcrumbList\",\"@id\":\"https:\/\/uolhost.uol.com.br\/blog\/cloud-computing-pesquisas-e-tendencias-da-tecnologia-para-os-proximos-anos\/#breadcrumb\",\"itemListElement\":[{\"@type\":\"ListItem\",\"position\":1,\"name\":\"In\u00edcio\",\"item\":\"https:\/\/uolhost.uol.com.br\/blog\/\"},{\"@type\":\"ListItem\",\"position\":2,\"name\":\"Cloud computing: pesquisas e tend\u00eancias da tecnologia para os pr\u00f3ximos anos\"}]},{\"@type\":\"WebSite\",\"@id\":\"https:\/\/uolhost.uol.com.br\/blog\/#website\",\"url\":\"https:\/\/uolhost.uol.com.br\/blog\/\",\"name\":\"Blog UOL Host\",\"description\":\"\",\"publisher\":{\"@id\":\"https:\/\/uolhost.uol.com.br\/blog\/#organization\"},\"potentialAction\":[{\"@type\":\"SearchAction\",\"target\":{\"@type\":\"EntryPoint\",\"urlTemplate\":\"https:\/\/uolhost.uol.com.br\/blog\/?s={search_term_string}\"},\"query-input\":{\"@type\":\"PropertyValueSpecification\",\"valueRequired\":true,\"valueName\":\"search_term_string\"}}],\"inLanguage\":\"pt-BR\"},{\"@type\":\"Organization\",\"@id\":\"https:\/\/uolhost.uol.com.br\/blog\/#organization\",\"name\":\"Blog UOL Host\",\"url\":\"https:\/\/uolhost.uol.com.br\/blog\/\",\"logo\":{\"@type\":\"ImageObject\",\"inLanguage\":\"pt-BR\",\"@id\":\"https:\/\/uolhost.uol.com.br\/blog\/#\/schema\/logo\/image\/\",\"url\":\"https:\/\/uolhost.uol.com.br\/blog\/wp-content\/uploads\/2025\/01\/UOL_Host.png?wsr\",\"contentUrl\":\"https:\/\/uolhost.uol.com.br\/blog\/wp-content\/uploads\/2025\/01\/UOL_Host.png?wsr\",\"width\":2000,\"height\":393,\"caption\":\"Blog UOL Host\"},\"image\":{\"@id\":\"https:\/\/uolhost.uol.com.br\/blog\/#\/schema\/logo\/image\/\"}},{\"@type\":\"Person\",\"@id\":\"https:\/\/uolhost.uol.com.br\/blog\/#\/schema\/person\/41505c2cd07dc07109e30bea51edee93\",\"name\":\"Yuri Torres\",\"image\":{\"@type\":\"ImageObject\",\"inLanguage\":\"pt-BR\",\"@id\":\"https:\/\/uolhost.uol.com.br\/blog\/#\/schema\/person\/image\/\",\"url\":\"https:\/\/secure.gravatar.com\/avatar\/4c96a05faea9fdf86f95d5b723e438c9cc14ad5c342d76486e5a4c8ac8259492?s=96&d=mm&r=g\",\"contentUrl\":\"https:\/\/secure.gravatar.com\/avatar\/4c96a05faea9fdf86f95d5b723e438c9cc14ad5c342d76486e5a4c8ac8259492?s=96&d=mm&r=g\",\"caption\":\"Yuri Torres\"},\"description\":\"Profissional de Reda\u00e7\u00e3o e Marketing, com 10 anos de experi\u00eancia no desenvolvimento de estrat\u00e9gias de conte\u00fado voltadas \u00e0 comunica\u00e7\u00e3o de marcas. Atua na cria\u00e7\u00e3o de materiais que fortalecem a presen\u00e7a digital, ampliam o engajamento e contribuem para o alcance de resultados alinhados aos objetivos de neg\u00f3cio, com experi\u00eancia no atendimento a empresas de diferentes segmentos. LinkedIn\",\"sameAs\":[\"https:\/\/www.linkedin.com\/in\/yuri-torres-271093108\/\"],\"url\":\"https:\/\/uolhost.uol.com.br\/blog\/author\/yuri-torres\/\"}]}<\/script>\n<!-- \/ Yoast SEO plugin. -->","yoast_head_json":{"title":"Cloud computing: pesquisas e tend\u00eancias da tecnologia para os pr\u00f3ximos anos \u2013 Academia UOL Meu neg\u00f3cio","description":"Cloud computing: pesquisas e tend\u00eancias da tecnologia para os pr\u00f3ximos anos: leia este ou outros artigos sobre Tecnologia na Academia UOL Meu neg\u00f3cio.","robots":{"index":"index","follow":"follow","max-snippet":"max-snippet:-1","max-image-preview":"max-image-preview:large","max-video-preview":"max-video-preview:-1"},"canonical":"https:\/\/uolhost.uol.com.br\/blog\/cloud-computing-pesquisas-e-tendencias-da-tecnologia-para-os-proximos-anos\/","og_locale":"pt_BR","og_type":"article","og_title":"Cloud computing: pesquisas e tend\u00eancias da tecnologia para os pr\u00f3ximos anos \u2013 Academia UOL Meu neg\u00f3cio","og_description":"Cloud computing: pesquisas e tend\u00eancias da tecnologia para os pr\u00f3ximos anos: leia este ou outros artigos sobre Tecnologia na Academia UOL Meu neg\u00f3cio.","og_url":"https:\/\/uolhost.uol.com.br\/blog\/cloud-computing-pesquisas-e-tendencias-da-tecnologia-para-os-proximos-anos\/","article_published_time":"2020-06-04T13:54:22+00:00","article_modified_time":"2026-01-15T14:38:42+00:00","og_image":[{"width":600,"height":320,"url":"https:\/\/uolhost.uol.com.br\/blog\/wp-content\/uploads\/2020\/06\/cloud-.jpg","type":"image\/jpeg"}],"author":"Yuri Torres","twitter_card":"summary_large_image","twitter_misc":{"Escrito por":"Yuri Torres","Est. tempo de leitura":"5 minutos"},"schema":{"@context":"https:\/\/schema.org","@graph":[{"@type":"Article","@id":"https:\/\/uolhost.uol.com.br\/blog\/cloud-computing-pesquisas-e-tendencias-da-tecnologia-para-os-proximos-anos\/#article","isPartOf":{"@id":"https:\/\/uolhost.uol.com.br\/blog\/cloud-computing-pesquisas-e-tendencias-da-tecnologia-para-os-proximos-anos\/"},"author":{"name":"Yuri Torres","@id":"https:\/\/uolhost.uol.com.br\/blog\/#\/schema\/person\/41505c2cd07dc07109e30bea51edee93"},"headline":"Cloud computing: pesquisas e tend\u00eancias da tecnologia para os pr\u00f3ximos anos","datePublished":"2020-06-04T13:54:22+00:00","dateModified":"2026-01-15T14:38:42+00:00","mainEntityOfPage":{"@id":"https:\/\/uolhost.uol.com.br\/blog\/cloud-computing-pesquisas-e-tendencias-da-tecnologia-para-os-proximos-anos\/"},"wordCount":1019,"publisher":{"@id":"https:\/\/uolhost.uol.com.br\/blog\/#organization"},"image":{"@id":"https:\/\/uolhost.uol.com.br\/blog\/cloud-computing-pesquisas-e-tendencias-da-tecnologia-para-os-proximos-anos\/#primaryimage"},"thumbnailUrl":"https:\/\/uolhost.uol.com.br\/blog\/wp-content\/uploads\/2020\/06\/cloud-.jpg?wsr","articleSection":["Cloud Computing","Produtos UOL Host","Solu\u00e7\u00f5es","Tecnologia"],"inLanguage":"pt-BR"},{"@type":"WebPage","@id":"https:\/\/uolhost.uol.com.br\/blog\/cloud-computing-pesquisas-e-tendencias-da-tecnologia-para-os-proximos-anos\/","url":"https:\/\/uolhost.uol.com.br\/blog\/cloud-computing-pesquisas-e-tendencias-da-tecnologia-para-os-proximos-anos\/","name":"Cloud computing: pesquisas e tend\u00eancias da tecnologia para os pr\u00f3ximos anos \u2013 Academia UOL Meu neg\u00f3cio","isPartOf":{"@id":"https:\/\/uolhost.uol.com.br\/blog\/#website"},"primaryImageOfPage":{"@id":"https:\/\/uolhost.uol.com.br\/blog\/cloud-computing-pesquisas-e-tendencias-da-tecnologia-para-os-proximos-anos\/#primaryimage"},"image":{"@id":"https:\/\/uolhost.uol.com.br\/blog\/cloud-computing-pesquisas-e-tendencias-da-tecnologia-para-os-proximos-anos\/#primaryimage"},"thumbnailUrl":"https:\/\/uolhost.uol.com.br\/blog\/wp-content\/uploads\/2020\/06\/cloud-.jpg?wsr","datePublished":"2020-06-04T13:54:22+00:00","dateModified":"2026-01-15T14:38:42+00:00","description":"Cloud computing: pesquisas e tend\u00eancias da tecnologia para os pr\u00f3ximos anos: leia este ou outros artigos sobre Tecnologia na Academia UOL Meu neg\u00f3cio.","breadcrumb":{"@id":"https:\/\/uolhost.uol.com.br\/blog\/cloud-computing-pesquisas-e-tendencias-da-tecnologia-para-os-proximos-anos\/#breadcrumb"},"inLanguage":"pt-BR","potentialAction":[{"@type":"ReadAction","target":["https:\/\/uolhost.uol.com.br\/blog\/cloud-computing-pesquisas-e-tendencias-da-tecnologia-para-os-proximos-anos\/"]}]},{"@type":"ImageObject","inLanguage":"pt-BR","@id":"https:\/\/uolhost.uol.com.br\/blog\/cloud-computing-pesquisas-e-tendencias-da-tecnologia-para-os-proximos-anos\/#primaryimage","url":"https:\/\/uolhost.uol.com.br\/blog\/wp-content\/uploads\/2020\/06\/cloud-.jpg?wsr","contentUrl":"https:\/\/uolhost.uol.com.br\/blog\/wp-content\/uploads\/2020\/06\/cloud-.jpg?wsr","width":600,"height":320},{"@type":"BreadcrumbList","@id":"https:\/\/uolhost.uol.com.br\/blog\/cloud-computing-pesquisas-e-tendencias-da-tecnologia-para-os-proximos-anos\/#breadcrumb","itemListElement":[{"@type":"ListItem","position":1,"name":"In\u00edcio","item":"https:\/\/uolhost.uol.com.br\/blog\/"},{"@type":"ListItem","position":2,"name":"Cloud computing: pesquisas e tend\u00eancias da tecnologia para os pr\u00f3ximos anos"}]},{"@type":"WebSite","@id":"https:\/\/uolhost.uol.com.br\/blog\/#website","url":"https:\/\/uolhost.uol.com.br\/blog\/","name":"Blog UOL Host","description":"","publisher":{"@id":"https:\/\/uolhost.uol.com.br\/blog\/#organization"},"potentialAction":[{"@type":"SearchAction","target":{"@type":"EntryPoint","urlTemplate":"https:\/\/uolhost.uol.com.br\/blog\/?s={search_term_string}"},"query-input":{"@type":"PropertyValueSpecification","valueRequired":true,"valueName":"search_term_string"}}],"inLanguage":"pt-BR"},{"@type":"Organization","@id":"https:\/\/uolhost.uol.com.br\/blog\/#organization","name":"Blog UOL Host","url":"https:\/\/uolhost.uol.com.br\/blog\/","logo":{"@type":"ImageObject","inLanguage":"pt-BR","@id":"https:\/\/uolhost.uol.com.br\/blog\/#\/schema\/logo\/image\/","url":"https:\/\/uolhost.uol.com.br\/blog\/wp-content\/uploads\/2025\/01\/UOL_Host.png?wsr","contentUrl":"https:\/\/uolhost.uol.com.br\/blog\/wp-content\/uploads\/2025\/01\/UOL_Host.png?wsr","width":2000,"height":393,"caption":"Blog UOL Host"},"image":{"@id":"https:\/\/uolhost.uol.com.br\/blog\/#\/schema\/logo\/image\/"}},{"@type":"Person","@id":"https:\/\/uolhost.uol.com.br\/blog\/#\/schema\/person\/41505c2cd07dc07109e30bea51edee93","name":"Yuri Torres","image":{"@type":"ImageObject","inLanguage":"pt-BR","@id":"https:\/\/uolhost.uol.com.br\/blog\/#\/schema\/person\/image\/","url":"https:\/\/secure.gravatar.com\/avatar\/4c96a05faea9fdf86f95d5b723e438c9cc14ad5c342d76486e5a4c8ac8259492?s=96&d=mm&r=g","contentUrl":"https:\/\/secure.gravatar.com\/avatar\/4c96a05faea9fdf86f95d5b723e438c9cc14ad5c342d76486e5a4c8ac8259492?s=96&d=mm&r=g","caption":"Yuri Torres"},"description":"Profissional de Reda\u00e7\u00e3o e Marketing, com 10 anos de experi\u00eancia no desenvolvimento de estrat\u00e9gias de conte\u00fado voltadas \u00e0 comunica\u00e7\u00e3o de marcas. Atua na cria\u00e7\u00e3o de materiais que fortalecem a presen\u00e7a digital, ampliam o engajamento e contribuem para o alcance de resultados alinhados aos objetivos de neg\u00f3cio, com experi\u00eancia no atendimento a empresas de diferentes segmentos. LinkedIn","sameAs":["https:\/\/www.linkedin.com\/in\/yuri-torres-271093108\/"],"url":"https:\/\/uolhost.uol.com.br\/blog\/author\/yuri-torres\/"}]}},"_links":{"self":[{"href":"https:\/\/uolhost.uol.com.br\/blog\/wp-json\/wp\/v2\/posts\/6866","targetHints":{"allow":["GET"]}}],"collection":[{"href":"https:\/\/uolhost.uol.com.br\/blog\/wp-json\/wp\/v2\/posts"}],"about":[{"href":"https:\/\/uolhost.uol.com.br\/blog\/wp-json\/wp\/v2\/types\/post"}],"author":[{"embeddable":true,"href":"https:\/\/uolhost.uol.com.br\/blog\/wp-json\/wp\/v2\/users\/24"}],"replies":[{"embeddable":true,"href":"https:\/\/uolhost.uol.com.br\/blog\/wp-json\/wp\/v2\/comments?post=6866"}],"version-history":[{"count":1,"href":"https:\/\/uolhost.uol.com.br\/blog\/wp-json\/wp\/v2\/posts\/6866\/revisions"}],"predecessor-version":[{"id":20301,"href":"https:\/\/uolhost.uol.com.br\/blog\/wp-json\/wp\/v2\/posts\/6866\/revisions\/20301"}],"wp:featuredmedia":[{"embeddable":true,"href":"https:\/\/uolhost.uol.com.br\/blog\/wp-json\/wp\/v2\/media\/6867"}],"wp:attachment":[{"href":"https:\/\/uolhost.uol.com.br\/blog\/wp-json\/wp\/v2\/media?parent=6866"}],"wp:term":[{"taxonomy":"category","embeddable":true,"href":"https:\/\/uolhost.uol.com.br\/blog\/wp-json\/wp\/v2\/categories?post=6866"},{"taxonomy":"post_tag","embeddable":true,"href":"https:\/\/uolhost.uol.com.br\/blog\/wp-json\/wp\/v2\/tags?post=6866"}],"curies":[{"name":"wp","href":"https:\/\/api.w.org\/{rel}","templated":true}]}}