{"id":7034,"date":"2020-06-08T13:44:40","date_gmt":"2020-06-08T16:44:40","guid":{"rendered":"https:\/\/meunegocio.uol.com.br\/blog\/?p=7034"},"modified":"2026-01-14T09:57:40","modified_gmt":"2026-01-14T12:57:40","slug":"design-responsivo-a-palavra-de-ordem-em-e-mail-marketing","status":"publish","type":"post","link":"https:\/\/uolhost.uol.com.br\/blog\/design-responsivo-a-palavra-de-ordem-em-e-mail-marketing\/","title":{"rendered":"Design responsivo: a palavra de ordem em e-mail marketing"},"content":{"rendered":"<p style=\"font-size: 17px; line-height: 24px; word-break: break-word; color: #666666; font-family: UOLText, Arial, sans-serif; letter-spacing: normal;\">Imagine que voc\u00ea investiu um bom tempo e uma quantidade consider\u00e1vel de dinheiro na concep\u00e7\u00e3o de um e-mail marketing para sua loja virtual que ser\u00e1 disparado na semana daquela queima de estoque incr\u00edvel que voc\u00ea est\u00e1 programando.<\/p>\n<p style=\"font-size: 17px; line-height: 24px; word-break: break-word; color: #666666; font-family: UOLText, Arial, sans-serif; letter-spacing: normal;\">A liquida\u00e7\u00e3o vem sendo planejada h\u00e1 meses e voc\u00ea apostou todas as suas fichas nela. Por\u00e9m, quando voc\u00ea come\u00e7a a divulga\u00e7\u00e3o, os resultados ficam bem aqu\u00e9m do esperado.<\/p>\n<p style=\"font-size: 17px; line-height: 24px; word-break: break-word; color: #666666; font-family: UOLText, Arial, sans-serif; letter-spacing: normal;\">\n<p style=\"font-size: 17px; line-height: 24px; word-break: break-word; color: #666666; font-family: UOLText, Arial, sans-serif; letter-spacing: normal;\">Um dos motivos que pode estar por tr\u00e1s do fracasso da a\u00e7\u00e3o \u00e9 que seu e-mail n\u00e3o pode ser visualizado em todas as telas.<\/p>\n<p style=\"font-size: 17px; line-height: 24px; word-break: break-word; color: #666666; font-family: UOLText, Arial, sans-serif; letter-spacing: normal;\">Cada vez mais usu\u00e1rios abrem suas mensagens em smartphones e tablets. De acordo com dados do Centro de Estudos sobre as Tecnologias da Informa\u00e7\u00e3o e da Comunica\u00e7\u00e3o (Cetic.br), 24% dos usu\u00e1rios de internet no Brasil se conectam \u00e0 rede via celular.<\/p>\n<p style=\"margin-bottom: 20px; font-size: 17px; line-height: 24px; word-break: break-word; color: #666666; font-family: UOLText, Arial, sans-serif; letter-spacing: normal;\">Se o seu e-mail marketing n\u00e3o funcionar bem em todos os dispositivos \u2013 incluindo os m\u00f3veis \u2013, todo o esfor\u00e7o ser\u00e1 em v\u00e3o.<\/p>\n<p>\t\t\t\t\t\t\t\t\t\t\t<a href=\"http:\/\/clicklogger.rm.uol.com.br\/?prd=939&amp;grp=src:13;chn:546;cpg:cross-sell-banner-site-pronto;&amp;msr=Cliques%20de%20Origem:1&amp;oper=11&amp;redir=https:\/\/cadastro.uol.com.br\/indexb.html?eos=yes&amp;skin=cadastrounificado\/visitor\/pf&amp;skinPath=meunegocio&amp;promochild=PROMPKSC3324\"><br \/>\n<img loading=\"lazy\" decoding=\"async\" width=\"600\" height=\"150\" src=\"https:\/\/uolhost.uol.com.br\/blog\/wp-content\/uploads\/2020\/04\/banner_uolmn_emailmarketing_academia-1.png\" alt=\"\" srcset=\"https:\/\/uolhost.uol.com.br\/blog\/wp-content\/uploads\/2020\/04\/banner_uolmn_emailmarketing_academia-1.png 600w, https:\/\/uolhost.uol.com.br\/blog\/wp-content\/uploads\/2020\/04\/banner_uolmn_emailmarketing_academia-1-300x75.png 300w, https:\/\/uolhost.uol.com.br\/blog\/wp-content\/uploads\/2020\/04\/banner_uolmn_emailmarketing_academia-1-370x93.png 370w\" sizes=\"auto, (max-width: 600px) 100vw, 600px\">\t\t\t\t\t\t\t\t<\/a><\/p>\n<p style=\"font-size: 17px; line-height: 24px; word-break: break-word; color: #666666; font-family: UOLText, Arial, sans-serif; letter-spacing: normal;\">A principal arma para vencer essa barreira \u00e9 o design responsivo. Ele garante que seu e-mail se ajuste automaticamente ao tamanho da tela dispon\u00edvel, sem comprometer a navega\u00e7\u00e3o.<\/p>\n<p style=\"font-size: 17px; line-height: 24px; word-break: break-word; color: #666666; font-family: UOLText, Arial, sans-serif; letter-spacing: normal;\">Essa miss\u00e3o ficar\u00e1 a cargo do designer que vai criar a pe\u00e7a. Para facilitar, voc\u00ea pode comprar um template pronto com essas propriedades.<\/p>\n<p style=\"font-size: 17px; line-height: 24px; word-break: break-word; color: #666666; font-family: UOLText, Arial, sans-serif; letter-spacing: normal;\">Antes de disparar a mensagem para toda a base, fa\u00e7a um teste, enviando o e-mail para si mesmo e abrindo em v\u00e1rios dispositivos.<\/p>\n<p style=\"font-size: 17px; line-height: 24px; word-break: break-word; color: #666666; font-family: UOLText, Arial, sans-serif; letter-spacing: normal;\">\n<p style=\"font-size: 17px; line-height: 24px; word-break: break-word; color: #666666; font-family: UOLText, Arial, sans-serif; letter-spacing: normal;\">Se der certo, pode clicar no bot\u00e3o enviar sem medo! Aproveite e confira aqui outras dicas que v\u00e3o ajuda-lo a fazer um e-mail marketing mais eficaz:<\/p>\n<p style=\"font-size: 17px; line-height: 24px; word-break: break-word; color: #666666; font-family: UOLText, Arial, sans-serif; letter-spacing: normal;\">&#8211;&nbsp;<a style=\"color: #1082be;\" href=\"https:\/\/www.uolhost.com.br\/academia\/noticias\/2014\/03\/10\/o-que-e-e-mail-marketing.html\">O que \u00e9 e-mail marketing?<\/a><\/p>\n<p style=\"font-size: 17px; line-height: 24px; word-break: break-word; color: #666666; font-family: UOLText, Arial, sans-serif; letter-spacing: normal;\">&#8211;&nbsp;<a style=\"color: #1082be;\" href=\"https:\/\/www.uolhost.com.br\/academia\/noticias\/2014\/02\/10\/10-dicas-para-seu-e-mail-marketing-chegar-na-caixa-de-entrada.html\">10 dicas para seu e-mail marketing chegar na caixa de entrada<\/a><\/p>\n<p style=\"font-size: 17px; line-height: 24px; word-break: break-word; color: #666666; font-family: UOLText, Arial, sans-serif; letter-spacing: normal;\">&#8211;&nbsp;<a style=\"color: #1082be;\" href=\"https:\/\/www.uolhost.com.br\/academia\/noticias\/2014\/04\/24\/meu-e-mail-marketing-esta-tao-lindo-mas-nao-vende-socorro.html\">Meu e-mail marketing est\u00e1 t\u00e3o lindo, mas n\u00e3o vende. Socorro!<\/a><\/p>\n<p style=\"margin-bottom: 20px; font-size: 17px; line-height: 24px; word-break: break-word; color: #666666; font-family: UOLText, Arial, sans-serif; letter-spacing: normal;\">&#8211;&nbsp;<a style=\"color: #1082be;\" href=\"https:\/\/www.uolhost.com.br\/academia\/noticias\/2014\/02\/26\/projeta-sua-base-de-e-mail-marketing-com-disparos-inteligentes.html\">Projeta sua base de e-mail marketing com disparos inteligentes<\/a><\/p>\n","protected":false},"excerpt":{"rendered":"<p>Imagine que voc\u00ea investiu um bom tempo e uma quantidade consider\u00e1vel de dinheiro na concep\u00e7\u00e3o de um e-mail marketing para sua loja virtual que ser\u00e1 disparado na semana daquela queima de estoque incr\u00edvel que voc\u00ea est\u00e1 programando. A liquida\u00e7\u00e3o vem sendo planejada h\u00e1 meses e voc\u00ea apostou todas as suas fichas nela. Por\u00e9m, quando voc\u00ea [&hellip;]<\/p>\n","protected":false},"author":24,"featured_media":7035,"comment_status":"closed","ping_status":"closed","sticky":false,"template":"","format":"standard","meta":{"footnotes":""},"categories":[60,63,67,22,35,36,37],"tags":[596,958,1214,1229],"class_list":["post-7034","post","type-post","status-publish","format-standard","has-post-thumbnail","hentry","category-crm","category-divulgacao","category-e-mail-marketing","category-marketing-digital","category-redes-sociais","category-sem-categoria","category-seo","tag-inbound","tag-otimizacao","tag-seo","tag-site"],"gutentor_comment":0,"yoast_head":"<!-- This site is optimized with the Yoast SEO plugin v26.4 - https:\/\/yoast.com\/wordpress\/plugins\/seo\/ -->\n<title>Design responsivo: a palavra de ordem em e-mail marketing -<\/title>\n<meta name=\"robots\" content=\"index, follow, max-snippet:-1, max-image-preview:large, max-video-preview:-1\" \/>\n<link rel=\"canonical\" href=\"https:\/\/uolhost.uol.com.br\/blog\/design-responsivo-a-palavra-de-ordem-em-e-mail-marketing\/\" \/>\n<meta property=\"og:locale\" content=\"pt_BR\" \/>\n<meta property=\"og:type\" content=\"article\" \/>\n<meta property=\"og:title\" content=\"Design responsivo: a palavra de ordem em e-mail marketing -\" \/>\n<meta property=\"og:description\" content=\"Imagine que voc\u00ea investiu um bom tempo e uma quantidade consider\u00e1vel de dinheiro na concep\u00e7\u00e3o de um e-mail marketing para sua loja virtual que ser\u00e1 disparado na semana daquela queima de estoque incr\u00edvel que voc\u00ea est\u00e1 programando. A liquida\u00e7\u00e3o vem sendo planejada h\u00e1 meses e voc\u00ea apostou todas as suas fichas nela. Por\u00e9m, quando voc\u00ea [&hellip;]\" \/>\n<meta property=\"og:url\" content=\"https:\/\/uolhost.uol.com.br\/blog\/design-responsivo-a-palavra-de-ordem-em-e-mail-marketing\/\" \/>\n<meta property=\"article:published_time\" content=\"2020-06-08T16:44:40+00:00\" \/>\n<meta property=\"article:modified_time\" content=\"2026-01-14T12:57:40+00:00\" \/>\n<meta property=\"og:image\" content=\"https:\/\/uolhost.uol.com.br\/blog\/wp-content\/uploads\/2020\/06\/design-responsivo-a-palavra-de-ordem-em-e-mail-marketing-1401893749833_553x380.png\" \/>\n\t<meta property=\"og:image:width\" content=\"553\" \/>\n\t<meta property=\"og:image:height\" content=\"380\" \/>\n\t<meta property=\"og:image:type\" content=\"image\/png\" \/>\n<meta name=\"author\" content=\"Yuri Torres\" \/>\n<meta name=\"twitter:card\" content=\"summary_large_image\" \/>\n<meta name=\"twitter:label1\" content=\"Escrito por\" \/>\n\t<meta name=\"twitter:data1\" content=\"Yuri Torres\" \/>\n\t<meta name=\"twitter:label2\" content=\"Est. tempo de leitura\" \/>\n\t<meta name=\"twitter:data2\" content=\"2 minutos\" \/>\n<script type=\"application\/ld+json\" class=\"yoast-schema-graph\">{\"@context\":\"https:\/\/schema.org\",\"@graph\":[{\"@type\":\"Article\",\"@id\":\"https:\/\/uolhost.uol.com.br\/blog\/design-responsivo-a-palavra-de-ordem-em-e-mail-marketing\/#article\",\"isPartOf\":{\"@id\":\"https:\/\/uolhost.uol.com.br\/blog\/design-responsivo-a-palavra-de-ordem-em-e-mail-marketing\/\"},\"author\":{\"name\":\"Yuri Torres\",\"@id\":\"https:\/\/uolhost.uol.com.br\/blog\/#\/schema\/person\/41505c2cd07dc07109e30bea51edee93\"},\"headline\":\"Design responsivo: a palavra de ordem em e-mail marketing\",\"datePublished\":\"2020-06-08T16:44:40+00:00\",\"dateModified\":\"2026-01-14T12:57:40+00:00\",\"mainEntityOfPage\":{\"@id\":\"https:\/\/uolhost.uol.com.br\/blog\/design-responsivo-a-palavra-de-ordem-em-e-mail-marketing\/\"},\"wordCount\":327,\"publisher\":{\"@id\":\"https:\/\/uolhost.uol.com.br\/blog\/#organization\"},\"image\":{\"@id\":\"https:\/\/uolhost.uol.com.br\/blog\/design-responsivo-a-palavra-de-ordem-em-e-mail-marketing\/#primaryimage\"},\"thumbnailUrl\":\"https:\/\/uolhost.uol.com.br\/blog\/wp-content\/uploads\/2020\/06\/design-responsivo-a-palavra-de-ordem-em-e-mail-marketing-1401893749833_553x380.png?wsr\",\"keywords\":[\"Inbound\",\"Otimiza\u00e7\u00e3o\",\"SEO\",\"Site\"],\"articleSection\":{\"0\":\"CRM\",\"1\":\"Divulga\u00e7\u00e3o\",\"2\":\"E-mail Marketing\",\"3\":\"Marketing Digital\",\"4\":\"Redes Sociais\",\"6\":\"SEO\"},\"inLanguage\":\"pt-BR\"},{\"@type\":\"WebPage\",\"@id\":\"https:\/\/uolhost.uol.com.br\/blog\/design-responsivo-a-palavra-de-ordem-em-e-mail-marketing\/\",\"url\":\"https:\/\/uolhost.uol.com.br\/blog\/design-responsivo-a-palavra-de-ordem-em-e-mail-marketing\/\",\"name\":\"Design responsivo: a palavra de ordem em e-mail marketing -\",\"isPartOf\":{\"@id\":\"https:\/\/uolhost.uol.com.br\/blog\/#website\"},\"primaryImageOfPage\":{\"@id\":\"https:\/\/uolhost.uol.com.br\/blog\/design-responsivo-a-palavra-de-ordem-em-e-mail-marketing\/#primaryimage\"},\"image\":{\"@id\":\"https:\/\/uolhost.uol.com.br\/blog\/design-responsivo-a-palavra-de-ordem-em-e-mail-marketing\/#primaryimage\"},\"thumbnailUrl\":\"https:\/\/uolhost.uol.com.br\/blog\/wp-content\/uploads\/2020\/06\/design-responsivo-a-palavra-de-ordem-em-e-mail-marketing-1401893749833_553x380.png?wsr\",\"datePublished\":\"2020-06-08T16:44:40+00:00\",\"dateModified\":\"2026-01-14T12:57:40+00:00\",\"breadcrumb\":{\"@id\":\"https:\/\/uolhost.uol.com.br\/blog\/design-responsivo-a-palavra-de-ordem-em-e-mail-marketing\/#breadcrumb\"},\"inLanguage\":\"pt-BR\",\"potentialAction\":[{\"@type\":\"ReadAction\",\"target\":[\"https:\/\/uolhost.uol.com.br\/blog\/design-responsivo-a-palavra-de-ordem-em-e-mail-marketing\/\"]}]},{\"@type\":\"ImageObject\",\"inLanguage\":\"pt-BR\",\"@id\":\"https:\/\/uolhost.uol.com.br\/blog\/design-responsivo-a-palavra-de-ordem-em-e-mail-marketing\/#primaryimage\",\"url\":\"https:\/\/uolhost.uol.com.br\/blog\/wp-content\/uploads\/2020\/06\/design-responsivo-a-palavra-de-ordem-em-e-mail-marketing-1401893749833_553x380.png?wsr\",\"contentUrl\":\"https:\/\/uolhost.uol.com.br\/blog\/wp-content\/uploads\/2020\/06\/design-responsivo-a-palavra-de-ordem-em-e-mail-marketing-1401893749833_553x380.png?wsr\",\"width\":553,\"height\":380},{\"@type\":\"BreadcrumbList\",\"@id\":\"https:\/\/uolhost.uol.com.br\/blog\/design-responsivo-a-palavra-de-ordem-em-e-mail-marketing\/#breadcrumb\",\"itemListElement\":[{\"@type\":\"ListItem\",\"position\":1,\"name\":\"In\u00edcio\",\"item\":\"https:\/\/uolhost.uol.com.br\/blog\/\"},{\"@type\":\"ListItem\",\"position\":2,\"name\":\"Design responsivo: a palavra de ordem em e-mail marketing\"}]},{\"@type\":\"WebSite\",\"@id\":\"https:\/\/uolhost.uol.com.br\/blog\/#website\",\"url\":\"https:\/\/uolhost.uol.com.br\/blog\/\",\"name\":\"Blog UOL Host\",\"description\":\"\",\"publisher\":{\"@id\":\"https:\/\/uolhost.uol.com.br\/blog\/#organization\"},\"potentialAction\":[{\"@type\":\"SearchAction\",\"target\":{\"@type\":\"EntryPoint\",\"urlTemplate\":\"https:\/\/uolhost.uol.com.br\/blog\/?s={search_term_string}\"},\"query-input\":{\"@type\":\"PropertyValueSpecification\",\"valueRequired\":true,\"valueName\":\"search_term_string\"}}],\"inLanguage\":\"pt-BR\"},{\"@type\":\"Organization\",\"@id\":\"https:\/\/uolhost.uol.com.br\/blog\/#organization\",\"name\":\"Blog UOL Host\",\"url\":\"https:\/\/uolhost.uol.com.br\/blog\/\",\"logo\":{\"@type\":\"ImageObject\",\"inLanguage\":\"pt-BR\",\"@id\":\"https:\/\/uolhost.uol.com.br\/blog\/#\/schema\/logo\/image\/\",\"url\":\"https:\/\/uolhost.uol.com.br\/blog\/wp-content\/uploads\/2025\/01\/UOL_Host.png?wsr\",\"contentUrl\":\"https:\/\/uolhost.uol.com.br\/blog\/wp-content\/uploads\/2025\/01\/UOL_Host.png?wsr\",\"width\":2000,\"height\":393,\"caption\":\"Blog UOL Host\"},\"image\":{\"@id\":\"https:\/\/uolhost.uol.com.br\/blog\/#\/schema\/logo\/image\/\"}},{\"@type\":\"Person\",\"@id\":\"https:\/\/uolhost.uol.com.br\/blog\/#\/schema\/person\/41505c2cd07dc07109e30bea51edee93\",\"name\":\"Yuri Torres\",\"image\":{\"@type\":\"ImageObject\",\"inLanguage\":\"pt-BR\",\"@id\":\"https:\/\/uolhost.uol.com.br\/blog\/#\/schema\/person\/image\/\",\"url\":\"https:\/\/secure.gravatar.com\/avatar\/4c96a05faea9fdf86f95d5b723e438c9cc14ad5c342d76486e5a4c8ac8259492?s=96&d=mm&r=g\",\"contentUrl\":\"https:\/\/secure.gravatar.com\/avatar\/4c96a05faea9fdf86f95d5b723e438c9cc14ad5c342d76486e5a4c8ac8259492?s=96&d=mm&r=g\",\"caption\":\"Yuri Torres\"},\"description\":\"Profissional de Reda\u00e7\u00e3o e Marketing, com 10 anos de experi\u00eancia no desenvolvimento de estrat\u00e9gias de conte\u00fado voltadas \u00e0 comunica\u00e7\u00e3o de marcas. Atua na cria\u00e7\u00e3o de materiais que fortalecem a presen\u00e7a digital, ampliam o engajamento e contribuem para o alcance de resultados alinhados aos objetivos de neg\u00f3cio, com experi\u00eancia no atendimento a empresas de diferentes segmentos. LinkedIn\",\"sameAs\":[\"https:\/\/www.linkedin.com\/in\/yuri-torres-271093108\/\"],\"url\":\"https:\/\/uolhost.uol.com.br\/blog\/author\/yuri-torres\/\"}]}<\/script>\n<!-- \/ Yoast SEO plugin. -->","yoast_head_json":{"title":"Design responsivo: a palavra de ordem em e-mail marketing -","robots":{"index":"index","follow":"follow","max-snippet":"max-snippet:-1","max-image-preview":"max-image-preview:large","max-video-preview":"max-video-preview:-1"},"canonical":"https:\/\/uolhost.uol.com.br\/blog\/design-responsivo-a-palavra-de-ordem-em-e-mail-marketing\/","og_locale":"pt_BR","og_type":"article","og_title":"Design responsivo: a palavra de ordem em e-mail marketing -","og_description":"Imagine que voc\u00ea investiu um bom tempo e uma quantidade consider\u00e1vel de dinheiro na concep\u00e7\u00e3o de um e-mail marketing para sua loja virtual que ser\u00e1 disparado na semana daquela queima de estoque incr\u00edvel que voc\u00ea est\u00e1 programando. A liquida\u00e7\u00e3o vem sendo planejada h\u00e1 meses e voc\u00ea apostou todas as suas fichas nela. Por\u00e9m, quando voc\u00ea [&hellip;]","og_url":"https:\/\/uolhost.uol.com.br\/blog\/design-responsivo-a-palavra-de-ordem-em-e-mail-marketing\/","article_published_time":"2020-06-08T16:44:40+00:00","article_modified_time":"2026-01-14T12:57:40+00:00","og_image":[{"width":553,"height":380,"url":"https:\/\/uolhost.uol.com.br\/blog\/wp-content\/uploads\/2020\/06\/design-responsivo-a-palavra-de-ordem-em-e-mail-marketing-1401893749833_553x380.png","type":"image\/png"}],"author":"Yuri Torres","twitter_card":"summary_large_image","twitter_misc":{"Escrito por":"Yuri Torres","Est. tempo de leitura":"2 minutos"},"schema":{"@context":"https:\/\/schema.org","@graph":[{"@type":"Article","@id":"https:\/\/uolhost.uol.com.br\/blog\/design-responsivo-a-palavra-de-ordem-em-e-mail-marketing\/#article","isPartOf":{"@id":"https:\/\/uolhost.uol.com.br\/blog\/design-responsivo-a-palavra-de-ordem-em-e-mail-marketing\/"},"author":{"name":"Yuri Torres","@id":"https:\/\/uolhost.uol.com.br\/blog\/#\/schema\/person\/41505c2cd07dc07109e30bea51edee93"},"headline":"Design responsivo: a palavra de ordem em e-mail marketing","datePublished":"2020-06-08T16:44:40+00:00","dateModified":"2026-01-14T12:57:40+00:00","mainEntityOfPage":{"@id":"https:\/\/uolhost.uol.com.br\/blog\/design-responsivo-a-palavra-de-ordem-em-e-mail-marketing\/"},"wordCount":327,"publisher":{"@id":"https:\/\/uolhost.uol.com.br\/blog\/#organization"},"image":{"@id":"https:\/\/uolhost.uol.com.br\/blog\/design-responsivo-a-palavra-de-ordem-em-e-mail-marketing\/#primaryimage"},"thumbnailUrl":"https:\/\/uolhost.uol.com.br\/blog\/wp-content\/uploads\/2020\/06\/design-responsivo-a-palavra-de-ordem-em-e-mail-marketing-1401893749833_553x380.png?wsr","keywords":["Inbound","Otimiza\u00e7\u00e3o","SEO","Site"],"articleSection":{"0":"CRM","1":"Divulga\u00e7\u00e3o","2":"E-mail Marketing","3":"Marketing Digital","4":"Redes Sociais","6":"SEO"},"inLanguage":"pt-BR"},{"@type":"WebPage","@id":"https:\/\/uolhost.uol.com.br\/blog\/design-responsivo-a-palavra-de-ordem-em-e-mail-marketing\/","url":"https:\/\/uolhost.uol.com.br\/blog\/design-responsivo-a-palavra-de-ordem-em-e-mail-marketing\/","name":"Design responsivo: a palavra de ordem em e-mail marketing -","isPartOf":{"@id":"https:\/\/uolhost.uol.com.br\/blog\/#website"},"primaryImageOfPage":{"@id":"https:\/\/uolhost.uol.com.br\/blog\/design-responsivo-a-palavra-de-ordem-em-e-mail-marketing\/#primaryimage"},"image":{"@id":"https:\/\/uolhost.uol.com.br\/blog\/design-responsivo-a-palavra-de-ordem-em-e-mail-marketing\/#primaryimage"},"thumbnailUrl":"https:\/\/uolhost.uol.com.br\/blog\/wp-content\/uploads\/2020\/06\/design-responsivo-a-palavra-de-ordem-em-e-mail-marketing-1401893749833_553x380.png?wsr","datePublished":"2020-06-08T16:44:40+00:00","dateModified":"2026-01-14T12:57:40+00:00","breadcrumb":{"@id":"https:\/\/uolhost.uol.com.br\/blog\/design-responsivo-a-palavra-de-ordem-em-e-mail-marketing\/#breadcrumb"},"inLanguage":"pt-BR","potentialAction":[{"@type":"ReadAction","target":["https:\/\/uolhost.uol.com.br\/blog\/design-responsivo-a-palavra-de-ordem-em-e-mail-marketing\/"]}]},{"@type":"ImageObject","inLanguage":"pt-BR","@id":"https:\/\/uolhost.uol.com.br\/blog\/design-responsivo-a-palavra-de-ordem-em-e-mail-marketing\/#primaryimage","url":"https:\/\/uolhost.uol.com.br\/blog\/wp-content\/uploads\/2020\/06\/design-responsivo-a-palavra-de-ordem-em-e-mail-marketing-1401893749833_553x380.png?wsr","contentUrl":"https:\/\/uolhost.uol.com.br\/blog\/wp-content\/uploads\/2020\/06\/design-responsivo-a-palavra-de-ordem-em-e-mail-marketing-1401893749833_553x380.png?wsr","width":553,"height":380},{"@type":"BreadcrumbList","@id":"https:\/\/uolhost.uol.com.br\/blog\/design-responsivo-a-palavra-de-ordem-em-e-mail-marketing\/#breadcrumb","itemListElement":[{"@type":"ListItem","position":1,"name":"In\u00edcio","item":"https:\/\/uolhost.uol.com.br\/blog\/"},{"@type":"ListItem","position":2,"name":"Design responsivo: a palavra de ordem em e-mail marketing"}]},{"@type":"WebSite","@id":"https:\/\/uolhost.uol.com.br\/blog\/#website","url":"https:\/\/uolhost.uol.com.br\/blog\/","name":"Blog UOL Host","description":"","publisher":{"@id":"https:\/\/uolhost.uol.com.br\/blog\/#organization"},"potentialAction":[{"@type":"SearchAction","target":{"@type":"EntryPoint","urlTemplate":"https:\/\/uolhost.uol.com.br\/blog\/?s={search_term_string}"},"query-input":{"@type":"PropertyValueSpecification","valueRequired":true,"valueName":"search_term_string"}}],"inLanguage":"pt-BR"},{"@type":"Organization","@id":"https:\/\/uolhost.uol.com.br\/blog\/#organization","name":"Blog UOL Host","url":"https:\/\/uolhost.uol.com.br\/blog\/","logo":{"@type":"ImageObject","inLanguage":"pt-BR","@id":"https:\/\/uolhost.uol.com.br\/blog\/#\/schema\/logo\/image\/","url":"https:\/\/uolhost.uol.com.br\/blog\/wp-content\/uploads\/2025\/01\/UOL_Host.png?wsr","contentUrl":"https:\/\/uolhost.uol.com.br\/blog\/wp-content\/uploads\/2025\/01\/UOL_Host.png?wsr","width":2000,"height":393,"caption":"Blog UOL Host"},"image":{"@id":"https:\/\/uolhost.uol.com.br\/blog\/#\/schema\/logo\/image\/"}},{"@type":"Person","@id":"https:\/\/uolhost.uol.com.br\/blog\/#\/schema\/person\/41505c2cd07dc07109e30bea51edee93","name":"Yuri Torres","image":{"@type":"ImageObject","inLanguage":"pt-BR","@id":"https:\/\/uolhost.uol.com.br\/blog\/#\/schema\/person\/image\/","url":"https:\/\/secure.gravatar.com\/avatar\/4c96a05faea9fdf86f95d5b723e438c9cc14ad5c342d76486e5a4c8ac8259492?s=96&d=mm&r=g","contentUrl":"https:\/\/secure.gravatar.com\/avatar\/4c96a05faea9fdf86f95d5b723e438c9cc14ad5c342d76486e5a4c8ac8259492?s=96&d=mm&r=g","caption":"Yuri Torres"},"description":"Profissional de Reda\u00e7\u00e3o e Marketing, com 10 anos de experi\u00eancia no desenvolvimento de estrat\u00e9gias de conte\u00fado voltadas \u00e0 comunica\u00e7\u00e3o de marcas. Atua na cria\u00e7\u00e3o de materiais que fortalecem a presen\u00e7a digital, ampliam o engajamento e contribuem para o alcance de resultados alinhados aos objetivos de neg\u00f3cio, com experi\u00eancia no atendimento a empresas de diferentes segmentos. LinkedIn","sameAs":["https:\/\/www.linkedin.com\/in\/yuri-torres-271093108\/"],"url":"https:\/\/uolhost.uol.com.br\/blog\/author\/yuri-torres\/"}]}},"_links":{"self":[{"href":"https:\/\/uolhost.uol.com.br\/blog\/wp-json\/wp\/v2\/posts\/7034","targetHints":{"allow":["GET"]}}],"collection":[{"href":"https:\/\/uolhost.uol.com.br\/blog\/wp-json\/wp\/v2\/posts"}],"about":[{"href":"https:\/\/uolhost.uol.com.br\/blog\/wp-json\/wp\/v2\/types\/post"}],"author":[{"embeddable":true,"href":"https:\/\/uolhost.uol.com.br\/blog\/wp-json\/wp\/v2\/users\/24"}],"replies":[{"embeddable":true,"href":"https:\/\/uolhost.uol.com.br\/blog\/wp-json\/wp\/v2\/comments?post=7034"}],"version-history":[{"count":1,"href":"https:\/\/uolhost.uol.com.br\/blog\/wp-json\/wp\/v2\/posts\/7034\/revisions"}],"predecessor-version":[{"id":19494,"href":"https:\/\/uolhost.uol.com.br\/blog\/wp-json\/wp\/v2\/posts\/7034\/revisions\/19494"}],"wp:featuredmedia":[{"embeddable":true,"href":"https:\/\/uolhost.uol.com.br\/blog\/wp-json\/wp\/v2\/media\/7035"}],"wp:attachment":[{"href":"https:\/\/uolhost.uol.com.br\/blog\/wp-json\/wp\/v2\/media?parent=7034"}],"wp:term":[{"taxonomy":"category","embeddable":true,"href":"https:\/\/uolhost.uol.com.br\/blog\/wp-json\/wp\/v2\/categories?post=7034"},{"taxonomy":"post_tag","embeddable":true,"href":"https:\/\/uolhost.uol.com.br\/blog\/wp-json\/wp\/v2\/tags?post=7034"}],"curies":[{"name":"wp","href":"https:\/\/api.w.org\/{rel}","templated":true}]}}