{"id":7053,"date":"2020-06-08T14:10:36","date_gmt":"2020-06-08T17:10:36","guid":{"rendered":"https:\/\/meunegocio.uol.com.br\/blog\/?p=7053"},"modified":"2026-01-14T09:57:39","modified_gmt":"2026-01-14T12:57:39","slug":"digital-business-day-chega-a-sao-paulo-com-organizacao-do-uol-host","status":"publish","type":"post","link":"https:\/\/uolhost.uol.com.br\/blog\/digital-business-day-chega-a-sao-paulo-com-organizacao-do-uol-host\/","title":{"rendered":"Digital Business Day chega a S\u00e3o Paulo com organiza\u00e7\u00e3o do UOL Meu Neg\u00f3cio"},"content":{"rendered":"<h2 style=\"font-family: UOLText, Arial, sans-serif; font-weight: 100; line-height: 1.1; color: #444444; margin-bottom: 25px; font-size: 26px; letter-spacing: normal; text-align: start;\">Evento reuniu especialistas e interessados em marketing digital no e-commerce<\/h2>\n<p style=\"font-size: 17px; line-height: 24px; word-break: break-word; color: #666666; font-family: UOLText, Arial, sans-serif; letter-spacing: normal;\">Um dos principais eventos de marketing digital do pa\u00eds, o Digital Business Day aconteceu em S\u00e3o Paulo na \u00faltima quinta-feira (21\/07). E o UOL Meu Neg\u00f3cio foi um dos organizadores desse grande encontro.<\/p>\n<p style=\"font-size: 17px; line-height: 24px; word-break: break-word; color: #666666; font-family: UOLText, Arial, sans-serif; letter-spacing: normal;\">Com o objetivo de qualificar a m\u00e3o de obra e conscientizar sobre a import\u00e2ncia de se investir no meio digital, o evento recebeu pequenas apresenta\u00e7\u00f5es de 45 minutos, seguidas de bate-papo com os palestrantes. Para completar, havia um espa\u00e7o de intera\u00e7\u00e3o entre os participantes no coffee break, no qual eles podiam trocar experi\u00eancias e construir networking.<\/p>\n<p style=\"font-size: 17px; line-height: 24px; word-break: break-word; color: #666666; font-family: UOLText, Arial, sans-serif; letter-spacing: normal;\">A plateia do encontro era basicamente formada por profissionais de ag\u00eancias digitais e de publicidade, profissionais de e-commerce e varejo, empres\u00e1rios e estudantes dos cursos de Publicidade e Propaganda e Tecnologia da Informa\u00e7\u00e3o.<\/p>\n<p style=\"margin-bottom: 20px; font-size: 17px; line-height: 24px; word-break: break-word; color: #666666; font-family: UOLText, Arial, sans-serif; letter-spacing: normal;\">Ao todo, foram tr\u00eas palestras voltadas para o\u00a0<a style=\"color: #1082be;\" href=\"https:\/\/www.uolhost.uol.com.br\/academia\/noticias\/marketing-digital\/2016\/07\/04\/o-que-e-marketing-digital-e-por-que-voce-precisa-investir-nele-agora.html\">marketing digital no com\u00e9rcio eletr\u00f4nico<\/a>.<\/p>\n<p><a href=\"http:\/\/clicklogger.rm.uol.com.br\/?prd=939&amp;grp=src:13;chn:546;cpg:cross-sell-banner-site-pronto;&amp;msr=Cliques%20de%20Origem:1&amp;oper=11&amp;redir=https:\/\/cadastro.uol.com.br\/indexb.html?eos=yes&amp;skin=cadastrounificado\/visitor\/pf&amp;skinPath=meunegocio&amp;promochild=PROMOCRIATIVO\"><br \/>\n<img loading=\"lazy\" decoding=\"async\" src=\"https:\/\/uolhost.uol.com.br\/blog\/wp-content\/uploads\/2020\/04\/banner_uolmn_criadordesites_academia-2.jpg\" sizes=\"auto, (max-width: 600px) 100vw, 600px\" srcset=\"https:\/\/uolhost.uol.com.br\/blog\/wp-content\/uploads\/2020\/04\/banner_uolmn_criadordesites_academia-2.jpg 600w, https:\/\/uolhost.uol.com.br\/blog\/wp-content\/uploads\/2020\/04\/banner_uolmn_criadordesites_academia-2-300x75.jpg 300w, https:\/\/uolhost.uol.com.br\/blog\/wp-content\/uploads\/2020\/04\/banner_uolmn_criadordesites_academia-2-370x93.jpg 370w\" alt=\"\" width=\"600\" height=\"150\" \/> <\/a><\/p>\n<p style=\"font-size: 17px; line-height: 24px; word-break: break-word; color: #666666; font-family: UOLText, Arial, sans-serif; letter-spacing: normal;\">Na apresenta\u00e7\u00e3o, o especialista destaca como deve ser feito um planejamento de promo\u00e7\u00f5es em datas especiais. Ferramentas como\u00a0<a style=\"color: #1082be;\" href=\"https:\/\/www.uolhost.uol.com.br\/google-ads\/\" target=\"_blank\" rel=\"noopener noreferrer\">Google Ads<\/a>\u00a0para divulga\u00e7\u00e3o e\u00a0<a style=\"color: #1082be;\" href=\"https:\/\/www.uolhost.uol.com.br\/e-mail-marketing\" target=\"_blank\" rel=\"noopener noreferrer\">e-mail marketing<\/a>\u00a0para relacionamento p\u00f3s-venda est\u00e3o na pauta da apresenta\u00e7\u00e3o.<\/p>\n<p style=\"font-size: 17px; line-height: 24px; word-break: break-word; color: #666666; font-family: UOLText, Arial, sans-serif; letter-spacing: normal;\">\u21d2\u00a0Saiba mais sobre esses assuntos no\u00a0<a style=\"color: #1082be;\" href=\"https:\/\/www.uolhost.uol.com.br\/academia\/superguia\/tudo-sobre-marketing-digital\/marketing-digital-introducao.html\" target=\"_blank\" rel=\"noopener noreferrer\">Superguia Academia UOL Meu Neg\u00f3cio Tudo sobre marketing digital para micro e pequenas empresas.<\/a><\/p>\n<p style=\"font-size: 17px; line-height: 24px; word-break: break-word; color: #666666; font-family: UOLText, Arial, sans-serif; letter-spacing: normal;\">Dando sequ\u00eancia \u00e0s palestras, Fernando Mansano, s\u00f3cio-diretor da Rebellion Digital, ministrou a apresenta\u00e7\u00e3o\u00a0Como vender mais em tempos de crise. Ap\u00f3s o coffee break, Edilaine Godoi, gerente de e-commerce da Ikesaki Cosm\u00e9ticos, encerrou o dia com sua palestra\u00a0Inovar para conquistar consumidores mais exigentes.<\/p>\n<p style=\"margin-bottom: 20px; font-size: 17px; line-height: 24px; word-break: break-word; color: #666666; font-family: UOLText, Arial, sans-serif; letter-spacing: normal;\">Criado em 2011, o evento j\u00e1 contou com mais de 30 horas de conte\u00fado gratuito sobre Marketing Digital e mais de 5 mil participantes. Ontem, aconteceu mais um encontro no Quality Hotel Faria Lima. Para mais detalhes, confira o\u00a0<a style=\"color: #1082be;\" href=\"https:\/\/credencial.imasters.com.br\/digital-business-day-sp-julho-2016\" target=\"_blank\" rel=\"noopener noreferrer\">site oficial do evento<\/a>.<\/p>\n","protected":false},"excerpt":{"rendered":"<p>Evento reuniu especialistas e interessados em marketing digital no e-commerce Um dos principais eventos de marketing digital do pa\u00eds, o Digital Business Day aconteceu em S\u00e3o Paulo na \u00faltima quinta-feira (21\/07). E o UOL Meu Neg\u00f3cio foi um dos organizadores desse grande encontro. Com o objetivo de qualificar a m\u00e3o de obra e conscientizar sobre [&hellip;]<\/p>\n","protected":false},"author":24,"featured_media":7057,"comment_status":"closed","ping_status":"closed","sticky":false,"template":"","format":"standard","meta":{"footnotes":""},"categories":[55,14,15,17,77,28,30,44],"tags":[695,696,749,1229,1242],"class_list":["post-7053","post","type-post","status-publish","format-standard","has-post-thumbnail","hentry","category-cases-de-sucessos","category-empreendedorismo","category-empreender-na-internet","category-gestao-de-processos","category-mercado-digital","category-planejamento-de-negocio","category-plano-de-negocios","category-vendas-online","tag-marketing","tag-marketing-digital","tag-mobile","tag-site","tag-site-responsivo"],"gutentor_comment":0,"yoast_head":"<!-- This site is optimized with the Yoast SEO plugin v26.4 - https:\/\/yoast.com\/wordpress\/plugins\/seo\/ -->\n<title>Digital Business Day chega a S\u00e3o Paulo com organiza\u00e7\u00e3o do UOL Meu Neg\u00f3cio -<\/title>\n<meta name=\"robots\" content=\"index, follow, max-snippet:-1, max-image-preview:large, max-video-preview:-1\" \/>\n<link rel=\"canonical\" href=\"https:\/\/uolhost.uol.com.br\/blog\/digital-business-day-chega-a-sao-paulo-com-organizacao-do-uol-host\/\" \/>\n<meta property=\"og:locale\" content=\"pt_BR\" \/>\n<meta property=\"og:type\" content=\"article\" \/>\n<meta property=\"og:title\" content=\"Digital Business Day chega a S\u00e3o Paulo com organiza\u00e7\u00e3o do UOL Meu Neg\u00f3cio -\" \/>\n<meta property=\"og:description\" content=\"Evento reuniu especialistas e interessados em marketing digital no e-commerce Um dos principais eventos de marketing digital do pa\u00eds, o Digital Business Day aconteceu em S\u00e3o Paulo na \u00faltima quinta-feira (21\/07). E o UOL Meu Neg\u00f3cio foi um dos organizadores desse grande encontro. Com o objetivo de qualificar a m\u00e3o de obra e conscientizar sobre [&hellip;]\" \/>\n<meta property=\"og:url\" content=\"https:\/\/uolhost.uol.com.br\/blog\/digital-business-day-chega-a-sao-paulo-com-organizacao-do-uol-host\/\" \/>\n<meta property=\"article:published_time\" content=\"2020-06-08T17:10:36+00:00\" \/>\n<meta property=\"article:modified_time\" content=\"2026-01-14T12:57:39+00:00\" \/>\n<meta property=\"og:image\" content=\"https:\/\/uolhost.uol.com.br\/blog\/wp-content\/uploads\/2020\/06\/digital-business-1469199434695_600x320-1.png\" \/>\n\t<meta property=\"og:image:width\" content=\"600\" \/>\n\t<meta property=\"og:image:height\" content=\"320\" \/>\n\t<meta property=\"og:image:type\" content=\"image\/png\" \/>\n<meta name=\"author\" content=\"Yuri Torres\" \/>\n<meta name=\"twitter:card\" content=\"summary_large_image\" \/>\n<meta name=\"twitter:label1\" content=\"Escrito por\" \/>\n\t<meta name=\"twitter:data1\" content=\"Yuri Torres\" \/>\n\t<meta name=\"twitter:label2\" content=\"Est. tempo de leitura\" \/>\n\t<meta name=\"twitter:data2\" content=\"2 minutos\" \/>\n<script type=\"application\/ld+json\" class=\"yoast-schema-graph\">{\"@context\":\"https:\/\/schema.org\",\"@graph\":[{\"@type\":\"Article\",\"@id\":\"https:\/\/uolhost.uol.com.br\/blog\/digital-business-day-chega-a-sao-paulo-com-organizacao-do-uol-host\/#article\",\"isPartOf\":{\"@id\":\"https:\/\/uolhost.uol.com.br\/blog\/digital-business-day-chega-a-sao-paulo-com-organizacao-do-uol-host\/\"},\"author\":{\"name\":\"Yuri Torres\",\"@id\":\"https:\/\/uolhost.uol.com.br\/blog\/#\/schema\/person\/41505c2cd07dc07109e30bea51edee93\"},\"headline\":\"Digital Business Day chega a S\u00e3o Paulo com organiza\u00e7\u00e3o do UOL Meu Neg\u00f3cio\",\"datePublished\":\"2020-06-08T17:10:36+00:00\",\"dateModified\":\"2026-01-14T12:57:39+00:00\",\"mainEntityOfPage\":{\"@id\":\"https:\/\/uolhost.uol.com.br\/blog\/digital-business-day-chega-a-sao-paulo-com-organizacao-do-uol-host\/\"},\"wordCount\":324,\"publisher\":{\"@id\":\"https:\/\/uolhost.uol.com.br\/blog\/#organization\"},\"image\":{\"@id\":\"https:\/\/uolhost.uol.com.br\/blog\/digital-business-day-chega-a-sao-paulo-com-organizacao-do-uol-host\/#primaryimage\"},\"thumbnailUrl\":\"https:\/\/uolhost.uol.com.br\/blog\/wp-content\/uploads\/2020\/06\/digital-business-1469199434695_600x320-1.png?wsr\",\"keywords\":[\"Marketing\",\"Marketing digital\",\"Mobile\",\"Site\",\"Site responsivo\"],\"articleSection\":[\"Cases de sucessos\",\"Empreendedorismo\",\"Empreender na internet\",\"Gest\u00e3o de processos\",\"Mercado Digital\",\"Planejamento de Neg\u00f3cio\",\"Plano de neg\u00f3cios\",\"Vendas Online\"],\"inLanguage\":\"pt-BR\"},{\"@type\":\"WebPage\",\"@id\":\"https:\/\/uolhost.uol.com.br\/blog\/digital-business-day-chega-a-sao-paulo-com-organizacao-do-uol-host\/\",\"url\":\"https:\/\/uolhost.uol.com.br\/blog\/digital-business-day-chega-a-sao-paulo-com-organizacao-do-uol-host\/\",\"name\":\"Digital Business Day chega a S\u00e3o Paulo com organiza\u00e7\u00e3o do UOL Meu Neg\u00f3cio -\",\"isPartOf\":{\"@id\":\"https:\/\/uolhost.uol.com.br\/blog\/#website\"},\"primaryImageOfPage\":{\"@id\":\"https:\/\/uolhost.uol.com.br\/blog\/digital-business-day-chega-a-sao-paulo-com-organizacao-do-uol-host\/#primaryimage\"},\"image\":{\"@id\":\"https:\/\/uolhost.uol.com.br\/blog\/digital-business-day-chega-a-sao-paulo-com-organizacao-do-uol-host\/#primaryimage\"},\"thumbnailUrl\":\"https:\/\/uolhost.uol.com.br\/blog\/wp-content\/uploads\/2020\/06\/digital-business-1469199434695_600x320-1.png?wsr\",\"datePublished\":\"2020-06-08T17:10:36+00:00\",\"dateModified\":\"2026-01-14T12:57:39+00:00\",\"breadcrumb\":{\"@id\":\"https:\/\/uolhost.uol.com.br\/blog\/digital-business-day-chega-a-sao-paulo-com-organizacao-do-uol-host\/#breadcrumb\"},\"inLanguage\":\"pt-BR\",\"potentialAction\":[{\"@type\":\"ReadAction\",\"target\":[\"https:\/\/uolhost.uol.com.br\/blog\/digital-business-day-chega-a-sao-paulo-com-organizacao-do-uol-host\/\"]}]},{\"@type\":\"ImageObject\",\"inLanguage\":\"pt-BR\",\"@id\":\"https:\/\/uolhost.uol.com.br\/blog\/digital-business-day-chega-a-sao-paulo-com-organizacao-do-uol-host\/#primaryimage\",\"url\":\"https:\/\/uolhost.uol.com.br\/blog\/wp-content\/uploads\/2020\/06\/digital-business-1469199434695_600x320-1.png?wsr\",\"contentUrl\":\"https:\/\/uolhost.uol.com.br\/blog\/wp-content\/uploads\/2020\/06\/digital-business-1469199434695_600x320-1.png?wsr\",\"width\":600,\"height\":320},{\"@type\":\"BreadcrumbList\",\"@id\":\"https:\/\/uolhost.uol.com.br\/blog\/digital-business-day-chega-a-sao-paulo-com-organizacao-do-uol-host\/#breadcrumb\",\"itemListElement\":[{\"@type\":\"ListItem\",\"position\":1,\"name\":\"In\u00edcio\",\"item\":\"https:\/\/uolhost.uol.com.br\/blog\/\"},{\"@type\":\"ListItem\",\"position\":2,\"name\":\"Digital Business Day chega a S\u00e3o Paulo com organiza\u00e7\u00e3o do UOL Meu Neg\u00f3cio\"}]},{\"@type\":\"WebSite\",\"@id\":\"https:\/\/uolhost.uol.com.br\/blog\/#website\",\"url\":\"https:\/\/uolhost.uol.com.br\/blog\/\",\"name\":\"Blog UOL Host\",\"description\":\"\",\"publisher\":{\"@id\":\"https:\/\/uolhost.uol.com.br\/blog\/#organization\"},\"potentialAction\":[{\"@type\":\"SearchAction\",\"target\":{\"@type\":\"EntryPoint\",\"urlTemplate\":\"https:\/\/uolhost.uol.com.br\/blog\/?s={search_term_string}\"},\"query-input\":{\"@type\":\"PropertyValueSpecification\",\"valueRequired\":true,\"valueName\":\"search_term_string\"}}],\"inLanguage\":\"pt-BR\"},{\"@type\":\"Organization\",\"@id\":\"https:\/\/uolhost.uol.com.br\/blog\/#organization\",\"name\":\"Blog UOL Host\",\"url\":\"https:\/\/uolhost.uol.com.br\/blog\/\",\"logo\":{\"@type\":\"ImageObject\",\"inLanguage\":\"pt-BR\",\"@id\":\"https:\/\/uolhost.uol.com.br\/blog\/#\/schema\/logo\/image\/\",\"url\":\"https:\/\/uolhost.uol.com.br\/blog\/wp-content\/uploads\/2025\/01\/UOL_Host.png?wsr\",\"contentUrl\":\"https:\/\/uolhost.uol.com.br\/blog\/wp-content\/uploads\/2025\/01\/UOL_Host.png?wsr\",\"width\":2000,\"height\":393,\"caption\":\"Blog UOL Host\"},\"image\":{\"@id\":\"https:\/\/uolhost.uol.com.br\/blog\/#\/schema\/logo\/image\/\"}},{\"@type\":\"Person\",\"@id\":\"https:\/\/uolhost.uol.com.br\/blog\/#\/schema\/person\/41505c2cd07dc07109e30bea51edee93\",\"name\":\"Yuri Torres\",\"image\":{\"@type\":\"ImageObject\",\"inLanguage\":\"pt-BR\",\"@id\":\"https:\/\/uolhost.uol.com.br\/blog\/#\/schema\/person\/image\/\",\"url\":\"https:\/\/secure.gravatar.com\/avatar\/4c96a05faea9fdf86f95d5b723e438c9cc14ad5c342d76486e5a4c8ac8259492?s=96&d=mm&r=g\",\"contentUrl\":\"https:\/\/secure.gravatar.com\/avatar\/4c96a05faea9fdf86f95d5b723e438c9cc14ad5c342d76486e5a4c8ac8259492?s=96&d=mm&r=g\",\"caption\":\"Yuri Torres\"},\"description\":\"Profissional de Reda\u00e7\u00e3o e Marketing, com 10 anos de experi\u00eancia no desenvolvimento de estrat\u00e9gias de conte\u00fado voltadas \u00e0 comunica\u00e7\u00e3o de marcas. Atua na cria\u00e7\u00e3o de materiais que fortalecem a presen\u00e7a digital, ampliam o engajamento e contribuem para o alcance de resultados alinhados aos objetivos de neg\u00f3cio, com experi\u00eancia no atendimento a empresas de diferentes segmentos. LinkedIn\",\"sameAs\":[\"https:\/\/www.linkedin.com\/in\/yuri-torres-271093108\/\"],\"url\":\"https:\/\/uolhost.uol.com.br\/blog\/author\/yuri-torres\/\"}]}<\/script>\n<!-- \/ Yoast SEO plugin. -->","yoast_head_json":{"title":"Digital Business Day chega a S\u00e3o Paulo com organiza\u00e7\u00e3o do UOL Meu Neg\u00f3cio -","robots":{"index":"index","follow":"follow","max-snippet":"max-snippet:-1","max-image-preview":"max-image-preview:large","max-video-preview":"max-video-preview:-1"},"canonical":"https:\/\/uolhost.uol.com.br\/blog\/digital-business-day-chega-a-sao-paulo-com-organizacao-do-uol-host\/","og_locale":"pt_BR","og_type":"article","og_title":"Digital Business Day chega a S\u00e3o Paulo com organiza\u00e7\u00e3o do UOL Meu Neg\u00f3cio -","og_description":"Evento reuniu especialistas e interessados em marketing digital no e-commerce Um dos principais eventos de marketing digital do pa\u00eds, o Digital Business Day aconteceu em S\u00e3o Paulo na \u00faltima quinta-feira (21\/07). E o UOL Meu Neg\u00f3cio foi um dos organizadores desse grande encontro. Com o objetivo de qualificar a m\u00e3o de obra e conscientizar sobre [&hellip;]","og_url":"https:\/\/uolhost.uol.com.br\/blog\/digital-business-day-chega-a-sao-paulo-com-organizacao-do-uol-host\/","article_published_time":"2020-06-08T17:10:36+00:00","article_modified_time":"2026-01-14T12:57:39+00:00","og_image":[{"width":600,"height":320,"url":"https:\/\/uolhost.uol.com.br\/blog\/wp-content\/uploads\/2020\/06\/digital-business-1469199434695_600x320-1.png","type":"image\/png"}],"author":"Yuri Torres","twitter_card":"summary_large_image","twitter_misc":{"Escrito por":"Yuri Torres","Est. tempo de leitura":"2 minutos"},"schema":{"@context":"https:\/\/schema.org","@graph":[{"@type":"Article","@id":"https:\/\/uolhost.uol.com.br\/blog\/digital-business-day-chega-a-sao-paulo-com-organizacao-do-uol-host\/#article","isPartOf":{"@id":"https:\/\/uolhost.uol.com.br\/blog\/digital-business-day-chega-a-sao-paulo-com-organizacao-do-uol-host\/"},"author":{"name":"Yuri Torres","@id":"https:\/\/uolhost.uol.com.br\/blog\/#\/schema\/person\/41505c2cd07dc07109e30bea51edee93"},"headline":"Digital Business Day chega a S\u00e3o Paulo com organiza\u00e7\u00e3o do UOL Meu Neg\u00f3cio","datePublished":"2020-06-08T17:10:36+00:00","dateModified":"2026-01-14T12:57:39+00:00","mainEntityOfPage":{"@id":"https:\/\/uolhost.uol.com.br\/blog\/digital-business-day-chega-a-sao-paulo-com-organizacao-do-uol-host\/"},"wordCount":324,"publisher":{"@id":"https:\/\/uolhost.uol.com.br\/blog\/#organization"},"image":{"@id":"https:\/\/uolhost.uol.com.br\/blog\/digital-business-day-chega-a-sao-paulo-com-organizacao-do-uol-host\/#primaryimage"},"thumbnailUrl":"https:\/\/uolhost.uol.com.br\/blog\/wp-content\/uploads\/2020\/06\/digital-business-1469199434695_600x320-1.png?wsr","keywords":["Marketing","Marketing digital","Mobile","Site","Site responsivo"],"articleSection":["Cases de sucessos","Empreendedorismo","Empreender na internet","Gest\u00e3o de processos","Mercado Digital","Planejamento de Neg\u00f3cio","Plano de neg\u00f3cios","Vendas Online"],"inLanguage":"pt-BR"},{"@type":"WebPage","@id":"https:\/\/uolhost.uol.com.br\/blog\/digital-business-day-chega-a-sao-paulo-com-organizacao-do-uol-host\/","url":"https:\/\/uolhost.uol.com.br\/blog\/digital-business-day-chega-a-sao-paulo-com-organizacao-do-uol-host\/","name":"Digital Business Day chega a S\u00e3o Paulo com organiza\u00e7\u00e3o do UOL Meu Neg\u00f3cio -","isPartOf":{"@id":"https:\/\/uolhost.uol.com.br\/blog\/#website"},"primaryImageOfPage":{"@id":"https:\/\/uolhost.uol.com.br\/blog\/digital-business-day-chega-a-sao-paulo-com-organizacao-do-uol-host\/#primaryimage"},"image":{"@id":"https:\/\/uolhost.uol.com.br\/blog\/digital-business-day-chega-a-sao-paulo-com-organizacao-do-uol-host\/#primaryimage"},"thumbnailUrl":"https:\/\/uolhost.uol.com.br\/blog\/wp-content\/uploads\/2020\/06\/digital-business-1469199434695_600x320-1.png?wsr","datePublished":"2020-06-08T17:10:36+00:00","dateModified":"2026-01-14T12:57:39+00:00","breadcrumb":{"@id":"https:\/\/uolhost.uol.com.br\/blog\/digital-business-day-chega-a-sao-paulo-com-organizacao-do-uol-host\/#breadcrumb"},"inLanguage":"pt-BR","potentialAction":[{"@type":"ReadAction","target":["https:\/\/uolhost.uol.com.br\/blog\/digital-business-day-chega-a-sao-paulo-com-organizacao-do-uol-host\/"]}]},{"@type":"ImageObject","inLanguage":"pt-BR","@id":"https:\/\/uolhost.uol.com.br\/blog\/digital-business-day-chega-a-sao-paulo-com-organizacao-do-uol-host\/#primaryimage","url":"https:\/\/uolhost.uol.com.br\/blog\/wp-content\/uploads\/2020\/06\/digital-business-1469199434695_600x320-1.png?wsr","contentUrl":"https:\/\/uolhost.uol.com.br\/blog\/wp-content\/uploads\/2020\/06\/digital-business-1469199434695_600x320-1.png?wsr","width":600,"height":320},{"@type":"BreadcrumbList","@id":"https:\/\/uolhost.uol.com.br\/blog\/digital-business-day-chega-a-sao-paulo-com-organizacao-do-uol-host\/#breadcrumb","itemListElement":[{"@type":"ListItem","position":1,"name":"In\u00edcio","item":"https:\/\/uolhost.uol.com.br\/blog\/"},{"@type":"ListItem","position":2,"name":"Digital Business Day chega a S\u00e3o Paulo com organiza\u00e7\u00e3o do UOL Meu Neg\u00f3cio"}]},{"@type":"WebSite","@id":"https:\/\/uolhost.uol.com.br\/blog\/#website","url":"https:\/\/uolhost.uol.com.br\/blog\/","name":"Blog UOL Host","description":"","publisher":{"@id":"https:\/\/uolhost.uol.com.br\/blog\/#organization"},"potentialAction":[{"@type":"SearchAction","target":{"@type":"EntryPoint","urlTemplate":"https:\/\/uolhost.uol.com.br\/blog\/?s={search_term_string}"},"query-input":{"@type":"PropertyValueSpecification","valueRequired":true,"valueName":"search_term_string"}}],"inLanguage":"pt-BR"},{"@type":"Organization","@id":"https:\/\/uolhost.uol.com.br\/blog\/#organization","name":"Blog UOL Host","url":"https:\/\/uolhost.uol.com.br\/blog\/","logo":{"@type":"ImageObject","inLanguage":"pt-BR","@id":"https:\/\/uolhost.uol.com.br\/blog\/#\/schema\/logo\/image\/","url":"https:\/\/uolhost.uol.com.br\/blog\/wp-content\/uploads\/2025\/01\/UOL_Host.png?wsr","contentUrl":"https:\/\/uolhost.uol.com.br\/blog\/wp-content\/uploads\/2025\/01\/UOL_Host.png?wsr","width":2000,"height":393,"caption":"Blog UOL Host"},"image":{"@id":"https:\/\/uolhost.uol.com.br\/blog\/#\/schema\/logo\/image\/"}},{"@type":"Person","@id":"https:\/\/uolhost.uol.com.br\/blog\/#\/schema\/person\/41505c2cd07dc07109e30bea51edee93","name":"Yuri Torres","image":{"@type":"ImageObject","inLanguage":"pt-BR","@id":"https:\/\/uolhost.uol.com.br\/blog\/#\/schema\/person\/image\/","url":"https:\/\/secure.gravatar.com\/avatar\/4c96a05faea9fdf86f95d5b723e438c9cc14ad5c342d76486e5a4c8ac8259492?s=96&d=mm&r=g","contentUrl":"https:\/\/secure.gravatar.com\/avatar\/4c96a05faea9fdf86f95d5b723e438c9cc14ad5c342d76486e5a4c8ac8259492?s=96&d=mm&r=g","caption":"Yuri Torres"},"description":"Profissional de Reda\u00e7\u00e3o e Marketing, com 10 anos de experi\u00eancia no desenvolvimento de estrat\u00e9gias de conte\u00fado voltadas \u00e0 comunica\u00e7\u00e3o de marcas. Atua na cria\u00e7\u00e3o de materiais que fortalecem a presen\u00e7a digital, ampliam o engajamento e contribuem para o alcance de resultados alinhados aos objetivos de neg\u00f3cio, com experi\u00eancia no atendimento a empresas de diferentes segmentos. LinkedIn","sameAs":["https:\/\/www.linkedin.com\/in\/yuri-torres-271093108\/"],"url":"https:\/\/uolhost.uol.com.br\/blog\/author\/yuri-torres\/"}]}},"_links":{"self":[{"href":"https:\/\/uolhost.uol.com.br\/blog\/wp-json\/wp\/v2\/posts\/7053","targetHints":{"allow":["GET"]}}],"collection":[{"href":"https:\/\/uolhost.uol.com.br\/blog\/wp-json\/wp\/v2\/posts"}],"about":[{"href":"https:\/\/uolhost.uol.com.br\/blog\/wp-json\/wp\/v2\/types\/post"}],"author":[{"embeddable":true,"href":"https:\/\/uolhost.uol.com.br\/blog\/wp-json\/wp\/v2\/users\/24"}],"replies":[{"embeddable":true,"href":"https:\/\/uolhost.uol.com.br\/blog\/wp-json\/wp\/v2\/comments?post=7053"}],"version-history":[{"count":1,"href":"https:\/\/uolhost.uol.com.br\/blog\/wp-json\/wp\/v2\/posts\/7053\/revisions"}],"predecessor-version":[{"id":18391,"href":"https:\/\/uolhost.uol.com.br\/blog\/wp-json\/wp\/v2\/posts\/7053\/revisions\/18391"}],"wp:featuredmedia":[{"embeddable":true,"href":"https:\/\/uolhost.uol.com.br\/blog\/wp-json\/wp\/v2\/media\/7057"}],"wp:attachment":[{"href":"https:\/\/uolhost.uol.com.br\/blog\/wp-json\/wp\/v2\/media?parent=7053"}],"wp:term":[{"taxonomy":"category","embeddable":true,"href":"https:\/\/uolhost.uol.com.br\/blog\/wp-json\/wp\/v2\/categories?post=7053"},{"taxonomy":"post_tag","embeddable":true,"href":"https:\/\/uolhost.uol.com.br\/blog\/wp-json\/wp\/v2\/tags?post=7053"}],"curies":[{"name":"wp","href":"https:\/\/api.w.org\/{rel}","templated":true}]}}