{"id":8850,"date":"2020-07-01T17:56:17","date_gmt":"2020-07-01T20:56:17","guid":{"rendered":"https:\/\/meunegocio.uol.com.br\/blog\/?p=8850"},"modified":"2026-01-05T10:58:01","modified_gmt":"2026-01-05T13:58:01","slug":"dia-mundial-do-rock-conheca-10-roqueiros-empreendedores","status":"publish","type":"post","link":"https:\/\/uolhost.uol.com.br\/blog\/dia-mundial-do-rock-conheca-10-roqueiros-empreendedores\/","title":{"rendered":"Dia Mundial do Rock: Conhe\u00e7a 10 roqueiros empreendedores"},"content":{"rendered":"<h2 style=\"font-family: UOLText, Arial, sans-serif; font-weight: 100; line-height: 1.1; color: #444444; margin-bottom: 25px; font-size: 26px; letter-spacing: normal; text-align: start;\">Eles aumentam suas fortunas se ?aventurando? no mundo do empreendedorismo<\/h2>\n<p style=\"font-size: 17px; line-height: 24px; word-break: break-word; color: #666666; font-family: UOLText, Arial, sans-serif; letter-spacing: normal;\">Consagrado pelos seus riffs de guitarra, sua \u201crebeldia\u201d e shows eletrizantes, o rock n roll revelou \u2013 e ainda revela \u2013 grandes astros e estrelas que ganham muito dinheiro com seus discos e turn\u00eas.<\/p>\n<p style=\"font-size: 17px; line-height: 24px; word-break: break-word; color: #666666; font-family: UOLText, Arial, sans-serif; letter-spacing: normal;\">Mas, muitos roqueiros n\u00e3o param por a\u00ed. Eles aumentam suas fortunas se \u201caventurando\u201d no mundo do\u00a0<a style=\"color: #1082be;\" href=\"https:\/\/www.uolhost.uol.com.br\/academia\/noticias\/2015\/04\/14\/inspire-se-7-jovens-que-empreenderam-antes-dos-18-anos.html\">empreendedorismo<\/a>. Moda, gastronomia e entretenimento s\u00e3o algumas das \u00e1reas que contam com celebridades do rock como investidores.<\/p>\n<p style=\"font-size: 17px; line-height: 24px; word-break: break-word; color: #666666; font-family: UOLText, Arial, sans-serif; letter-spacing: normal;\">Para comemorar o Dia Mundial do Rock (13 de julho), reunimos algumas dessas personalidades que est\u00e3o presentes no mundo dos neg\u00f3cios. Confira logo abaixo:<\/p>\n<p style=\"font-size: 17px; line-height: 24px; word-break: break-word; color: #666666; font-family: UOLText, Arial, sans-serif; letter-spacing: normal;\">1. Gene Simmons, Kiss<\/p>\n<p style=\"font-size: 17px; line-height: 24px; word-break: break-word; color: #666666; font-family: UOLText, Arial, sans-serif; letter-spacing: normal;\">O baixista e l\u00edder da banda Kiss \u00e9 uma verdadeira lenda quando o assunto \u00e9 empreendedorismo e\u00a0<a style=\"color: #1082be;\" href=\"https:\/\/www.uolhost.uol.com.br\/academia\/noticias\/2014\/06\/27\/marco-gomes-construa-a-confianca-da-sua-marca-faca-branding.html\">constru\u00e7\u00e3o de marca<\/a>. S\u00e3o mais de 2900 produtos que levam o nome da banda ou sua imagem.<\/p>\n<p style=\"font-size: 17px; line-height: 24px; word-break: break-word; color: #666666; font-family: UOLText, Arial, sans-serif; letter-spacing: normal;\">Al\u00e9m disso, ele \u00e9 dono de uma gravadora, fundador \u2013 junto com seus colegas de palco \u2013 de um time de futebol americano com o nome de La Kiss e cofundador de uma rede de restaurantes, a\u00a0<a style=\"color: #1082be;\" href=\"https:\/\/www.rockandbrews.com\/\" target=\"_blank\" rel=\"noopener noreferrer\">Rock &amp; Brews<\/a>.<\/p>\n<p style=\"font-size: 17px; line-height: 24px; word-break: break-word; color: #666666; font-family: UOLText, Arial, sans-serif; letter-spacing: normal;\">Ciente de seu sucesso no mundo do business, Simmons escreveu o livro:\u00a0<em>Me, Inc. &#8211; build an army of one, unleash your inner rock god and win in life and business<\/em>, em tradu\u00e7\u00e3o,\u00a0<em>Eu, S.A. &#8211; Construa um ex\u00e9rcito de um homem s\u00f3, liberte seu deus interior (do rock) e ven\u00e7a na vida e nos neg\u00f3cios<\/em>.<\/p>\n<p style=\"font-size: 17px; line-height: 24px; word-break: break-word; color: #666666; font-family: UOLText, Arial, sans-serif; letter-spacing: normal;\">A publica\u00e7\u00e3o \u00e9 composta de 13 princ\u00edpios intitulados de The Art of More (A Arte do Mais), que traz dicas para criar estrat\u00e9gias de neg\u00f3cio, aproveitar ferramentas digitais e ter confian\u00e7a. Ali\u00e1s,\u00a0<a style=\"color: #1082be;\" href=\"https:\/\/www.uolhost.uol.com.br\/academia\/noticias\/2015\/04\/15\/8-livros-que-todo-empreendedor-deve-ler-no-momento-de-lazer.html\">ler<\/a>\u00a0e aprender com outros mestres s\u00e3o uns dos ensinamentos apresentados por Simmons.<\/p>\n<p style=\"font-size: 17px; line-height: 24px; word-break: break-word; color: #666666; font-family: UOLText, Arial, sans-serif; letter-spacing: normal;\"><em>&#8220;Eu sou um leitor voraz. Eu leio sobre todo o tipo de coisa, at\u00e9 sobre as quais eu n\u00e3o me interesso. A biblioteca \u00e9 a casa de Deus&#8221;<\/em>, destaca o astro em uma\u00a0<a style=\"color: #1082be;\" href=\"https:\/\/www.inc.com\/neil-parmar\/lessons-from-a-rock-legend-turned-entrepreneur-on-becoming-me-inc-.html\" target=\"_blank\" rel=\"noopener noreferrer\">entrevista<\/a>\u00a0a Revista Inc.<\/p>\n<p style=\"font-size: 17px; line-height: 24px; word-break: break-word; color: #666666; font-family: UOLText, Arial, sans-serif; letter-spacing: normal;\">Fica a dica!<\/p>\n<p style=\"font-size: 17px; line-height: 24px; word-break: break-word; color: #666666; font-family: UOLText, Arial, sans-serif; letter-spacing: normal;\">2. Badau\u00ed, CPM 22<\/p>\n<p style=\"font-size: 17px; line-height: 24px; word-break: break-word; color: #666666; font-family: UOLText, Arial, sans-serif; letter-spacing: normal;\">No cen\u00e1rio nacional, o vocalista da banda CPM 22 decidiu apostar, tamb\u00e9m, na gastronomia. O\u00a0<a style=\"color: #1082be;\" href=\"https:\/\/caoveio.com.br\/\" target=\"_blank\" rel=\"noopener noreferrer\">C\u00e3o V\u00e9io<\/a>\u00a0\u00e9 um restaurante-pub que nasceu da parceria entre o roqueiro, o chef Henrique Foga\u00e7a e o promoter Kichi.<\/p>\n<p style=\"font-size: 17px; line-height: 24px; word-break: break-word; color: #666666; font-family: UOLText, Arial, sans-serif; letter-spacing: normal;\">O estabelecimento fica em S\u00e3o Paulo e conta com uma decora\u00e7\u00e3o descolada com elementos caninos. Um dos destaques \u00e9 a grande varia\u00e7\u00e3o de cervejas importadas e\u00a0<em>premiuns<\/em>, al\u00e9m das comidas de boteco reinventadas por Foga\u00e7a, que recebem nomes relacionados a tem\u00e1tica do bar, como o fila brasileiro: fil\u00e9 mignon empanado e recheado com queijo gruy\u00e8re e gorgonzola.<\/p>\n<p style=\"font-size: 17px; line-height: 24px; word-break: break-word; color: #666666; font-family: UOLText, Arial, sans-serif; letter-spacing: normal;\">3. Bono Vox, U2<\/p>\n<p style=\"font-size: 17px; line-height: 24px; word-break: break-word; color: #666666; font-family: UOLText, Arial, sans-serif; letter-spacing: normal;\">No mundo dos neg\u00f3cios, o vocalista da banda U2 \u00e9 s\u00f3cio da\u00a0<a style=\"color: #1082be;\" href=\"https:\/\/www.elevation.com\/\" target=\"_blank\" rel=\"noopener noreferrer\">Elevation<\/a>, uma companhia focada em grandes investimentos em empresas de m\u00eddia, entretenimento e tecnologia.<\/p>\n<p style=\"font-size: 17px; line-height: 24px; word-break: break-word; color: #666666; font-family: UOLText, Arial, sans-serif; letter-spacing: normal;\">Em 2006, a Elevation investiu na Forbes m\u00eddia, a \u201cm\u00e3e\u201d da revista Forbes e do site Forbes.com, ganhando, assim, uma participa\u00e7\u00e3o de cerca de 40% na empresa. O custo dessa empreitada foi estimado em 250 milh\u00f5es de d\u00f3lares. J\u00e1 em 2010, a Elevation Partners adquiriu 1% do Facebook, pelo valor de 90 milh\u00f5es de d\u00f3lares.<\/p>\n<p style=\"font-size: 17px; line-height: 24px; word-break: break-word; color: #666666; font-family: UOLText, Arial, sans-serif; letter-spacing: normal;\">Al\u00e9m do mundo dos investimentos, Bono Vox aposta no segmento de vestu\u00e1rio. Em 2005, fundou, junto com a sua esposa Ali Hewson, a marca de roupas\u00a0<a style=\"color: #1082be;\" href=\"https:\/\/edun.com\/\" target=\"_blank\" rel=\"noopener noreferrer\">EDUN<\/a>, com sede em Nova York. A empresa tem como miss\u00e3o utilizar materiais apenas do continente africano com a inten\u00e7\u00e3o de criar oportunidades de trabalho e incentivar o com\u00e9rcio local.<\/p>\n<p style=\"font-size: 17px; line-height: 24px; word-break: break-word; color: #666666; font-family: UOLText, Arial, sans-serif; letter-spacing: normal;\">4. Gwen Stefani, No Doubt<\/p>\n<p style=\"font-size: 17px; line-height: 24px; word-break: break-word; color: #666666; font-family: UOLText, Arial, sans-serif; letter-spacing: normal;\">Al\u00e9m de vocalista do grupo No Doubt, Gwen Stefani \u00e9 estilista e dona de sua pr\u00f3pria linha de roupas e acess\u00f3rios, a\u00a0<a style=\"color: #1082be;\" href=\"https:\/\/www.shoplamb.com\/\" target=\"_blank\" rel=\"noopener noreferrer\">L.A.M.B<\/a>, lan\u00e7ada em 2004.<\/p>\n<p style=\"font-size: 17px; line-height: 24px; word-break: break-word; color: #666666; font-family: UOLText, Arial, sans-serif; letter-spacing: normal;\">No site de sua marca ela revela que \u00e9 apaixonada por esse trabalho:\u00a0<em>\u201cdesenhar \u00e9 algo que eu sempre amei e sonhei! E a L.A.M.B s\u00f3 tem crescido a cada esta\u00e7\u00e3o\u201d<\/em>.<\/p>\n<p style=\"font-size: 17px; line-height: 24px; word-break: break-word; color: #666666; font-family: UOLText, Arial, sans-serif; letter-spacing: normal;\">A renda anual da empresa chegou a 90 milh\u00f5es de d\u00f3lares em 2007. A marca \u00e9 vendida em mais de 275 lojas em todo o mundo, al\u00e9m de contar com um com\u00e9rcio eletr\u00f4nico exclusivo.<\/p>\n<p style=\"font-size: 17px; line-height: 24px; word-break: break-word; color: #666666; font-family: UOLText, Arial, sans-serif; letter-spacing: normal;\">Gwen participou da New York Fashion Week de 2014, quando apresentou sua cole\u00e7\u00e3o de primavera para 2015.\u00a0<a style=\"color: #1082be;\" href=\"https:\/\/www.youtube.com\/watch?v=C2DWo75ZF30\" target=\"_blank\" rel=\"noopener noreferrer\">Confira<\/a>\u00a0uma entrevista com a cantora nessa ocasi\u00e3o.<\/p>\n<p style=\"font-size: 17px; line-height: 24px; word-break: break-word; color: #666666; font-family: UOLText, Arial, sans-serif; letter-spacing: normal;\">5. Bruce Dickinson, Iron Maiden<\/p>\n<p style=\"font-size: 17px; line-height: 24px; word-break: break-word; color: #666666; font-family: UOLText, Arial, sans-serif; letter-spacing: normal;\">Uma das grandes vozes do heavy metal, o vocalista do Iron Maiden tamb\u00e9m \u00e9 piloto e j\u00e1 chegou a transportar a banda em algumas viagens de turn\u00ea. Em 2012, ele investiu cerca de 6,7 milh\u00f5es de reais para fundar a Cardiff Aviation, uma empresa de reparos de aeronaves com sede no Reino Unido.<\/p>\n<p style=\"font-size: 17px; line-height: 24px; word-break: break-word; color: #666666; font-family: UOLText, Arial, sans-serif; letter-spacing: normal;\">O roqueiro tamb\u00e9m \u00e9 s\u00f3cio de uma escola de avia\u00e7\u00e3o e tem o sonho de criar sua pr\u00f3pria companhia \u00e1rea.<\/p>\n<p style=\"font-size: 17px; line-height: 24px; word-break: break-word; color: #666666; font-family: UOLText, Arial, sans-serif; letter-spacing: normal;\">Al\u00e9m disso, ele tamb\u00e9m \u00e9 um empreendedor de sucesso, que comercializa artigos relacionados \u00e0 banda, como\u00a0<a style=\"color: #1082be;\" href=\"https:\/\/www.ironmaidenbeer.com\/\" target=\"_blank\" rel=\"noopener noreferrer\">cerveja<\/a>.<\/p>\n<p style=\"font-size: 17px; line-height: 24px; word-break: break-word; color: #666666; font-family: UOLText, Arial, sans-serif; letter-spacing: normal;\">Em 2014, Dickinson esteve no Brasil para participar do evento Campus Party e deu algumas dicas para quem sonha ser empreendedor. Para ele, voc\u00ea precisa ter uma grande ideia e unir-se \u00e0s pessoas certas.<\/p>\n<p style=\"font-size: 17px; line-height: 24px; word-break: break-word; color: #666666; font-family: UOLText, Arial, sans-serif; letter-spacing: normal;\"><em>\u201cEu n\u00e3o sou engenheiro, meu s\u00f3cio n\u00e3o \u00e9 engenheiro, mas n\u00f3s temos bons engenheiros trabalhando conosco\u201d<\/em>, revelou durante sua passagem pelo evento.\u00a0<a style=\"color: #1082be;\" href=\"https:\/\/www.youtube.com\/watch?v=CqwhpSXJRCE\" target=\"_blank\" rel=\"noopener noreferrer\">Confira<\/a>\u00a0a palestra completa do roqueiro na Campus Party.<\/p>\n<p style=\"font-size: 17px; line-height: 24px; word-break: break-word; color: #666666; font-family: UOLText, Arial, sans-serif; letter-spacing: normal;\"><iframe loading=\"lazy\" src=\"https:\/\/www.youtube.com\/embed\/CqwhpSXJRCE\" width=\"560\" height=\"315\" frameborder=\"0\" allowfullscreen=\"allowfullscreen\"><\/iframe><\/p>\n<p style=\"font-size: 17px; line-height: 24px; word-break: break-word; color: #666666; font-family: UOLText, Arial, sans-serif; letter-spacing: normal;\">6. Marcelo Bonf\u00e1, Legi\u00e3o Urbana<\/p>\n<p style=\"font-size: 17px; line-height: 24px; word-break: break-word; color: #666666; font-family: UOLText, Arial, sans-serif; letter-spacing: normal;\">Nascido em Itapira, interior de S\u00e3o Paulo, o ex-baterista da Legi\u00e3o Urbana tamb\u00e9m \u00e9 empreendedor. Sua escolha foi produzir artesanalmente cacha\u00e7a org\u00e2nica, criando a marca\u00a0<a style=\"color: #1082be;\" href=\"https:\/\/www.cachacaperfeicao.com.br\/\" target=\"_blank\" rel=\"noopener noreferrer\">Cacha\u00e7a Perfei\u00e7\u00e3o<\/a>.<\/p>\n<p style=\"font-size: 17px; line-height: 24px; word-break: break-word; color: #666666; font-family: UOLText, Arial, sans-serif; letter-spacing: normal;\">A produ\u00e7\u00e3o \u00e9 feita em Santo Ant\u00f4nio do Rio Grande, em Minas Gerais, e a empresa tem capacidade para produzir em torno de 4 mil litros de cacha\u00e7a por ano. O investimento inicial em equipamentos foi de 200 mil reais. Uma garrafa de 750 ml custa a partir de 180 reais.<\/p>\n<p style=\"font-size: 17px; line-height: 24px; word-break: break-word; color: #666666; font-family: UOLText, Arial, sans-serif; letter-spacing: normal;\">No site da marca voc\u00ea encontra Bonf\u00e1 explicando em\u00a0<a style=\"color: #1082be;\" href=\"https:\/\/vimeo.com\/89012965\" target=\"_blank\" rel=\"noopener noreferrer\">v\u00eddeo<\/a>\u00a0sobre o processo de produ\u00e7\u00e3o.<\/p>\n<p style=\"font-size: 17px; line-height: 24px; word-break: break-word; color: #666666; font-family: UOLText, Arial, sans-serif; letter-spacing: normal;\">7. Marky Ramone, Ramones<\/p>\n<p style=\"font-size: 17px; line-height: 24px; word-break: break-word; color: #666666; font-family: UOLText, Arial, sans-serif; letter-spacing: normal;\">O americano ficou famoso como o baterista de uma das bandas mais consagradas do punk rock. Mas, Marky Ramone tamb\u00e9m teve uma ideia um tanto inusitada para empreender. Ele criou uma\u00a0<a style=\"color: #1082be;\" href=\"https:\/\/www.markyramone.com\/marky-ramones-brooklyns-own-marinara-pasta-sauce\/\" target=\"_blank\" rel=\"noopener noreferrer\">massa de tomate<\/a>\u00a0com o seu nome.<\/p>\n<p style=\"font-size: 17px; line-height: 24px; word-break: break-word; color: #666666; font-family: UOLText, Arial, sans-serif; letter-spacing: normal;\">Cada vidro custa 6,99 d\u00f3lares e pode ser comprado pelo site do roqueiro, por\u00e9m as entregas s\u00f3 acontecem nos Estados Unidos. Que tal um Fettuccine ao molho Ramones?\u00a0<a style=\"color: #1082be;\" href=\"https:\/\/www.youtube.com\/watch?v=nJfTR6qNI4k\" target=\"_blank\" rel=\"noopener noreferrer\">Nesse v\u00eddeo<\/a>,\u00a0voc\u00ea ouve o pr\u00f3prio Marky falando sobre sua cria\u00e7\u00e3o.<\/p>\n<p style=\"font-size: 17px; line-height: 24px; word-break: break-word; color: #666666; font-family: UOLText, Arial, sans-serif; letter-spacing: normal;\"><iframe loading=\"lazy\" src=\"https:\/\/www.youtube.com\/embed\/nJfTR6qNI4k\" width=\"420\" height=\"315\" frameborder=\"0\" allowfullscreen=\"allowfullscreen\"><\/iframe><\/p>\n<p style=\"font-size: 17px; line-height: 24px; word-break: break-word; color: #666666; font-family: UOLText, Arial, sans-serif; letter-spacing: normal;\">8. Paul McCartney, Beatles<\/p>\n<p style=\"font-size: 17px; line-height: 24px; word-break: break-word; color: #666666; font-family: UOLText, Arial, sans-serif; letter-spacing: normal;\">Criada em 1970, a\u00a0<a style=\"color: #1082be;\" href=\"https:\/\/mplcommunications.com\/\" target=\"_blank\" rel=\"noopener noreferrer\">MPL Communications<\/a>\u00a0\u00e9 uma grande editora de m\u00fasicas, com sede em Londres, foi fundada quando McCartney quis distanciar-se da Apple Corps e Allen Klein. A primeira men\u00e7\u00e3o do MPL surgiu em 1975 no Wings\u00a0LP &#8220;Venus and Mars&#8221;.<\/p>\n<p style=\"font-size: 17px; line-height: 24px; word-break: break-word; color: #666666; font-family: UOLText, Arial, sans-serif; letter-spacing: normal;\">Hoje, ela possui diversos trabalhos de m\u00fasicos sob seus Direitos Autorais. Entre os compositores protegidos pela MPL Communications est\u00e3o Buddy Holly, Carl Perkins e Meredith Willson. A empresa tem sede em Nova York e Londres.<\/p>\n<p style=\"font-size: 17px; line-height: 24px; word-break: break-word; color: #666666; font-family: UOLText, Arial, sans-serif; letter-spacing: normal;\">9. Chester Bennington, Linkin Park<\/p>\n<p style=\"font-size: 17px; line-height: 24px; word-break: break-word; color: #666666; font-family: UOLText, Arial, sans-serif; letter-spacing: normal;\">O vocalista do Linkin Park resolveu investir em um est\u00fadio de tatuagens. Criado em 1995, o\u00a0<a style=\"color: #1082be;\" href=\"https:\/\/clubtattoo.com\/\" target=\"_blank\" rel=\"noopener noreferrer\">Club Tattoo<\/a>\u00a0conta com seis est\u00fadios em Arizona, Las Vegas, San Franciscoe The Linq Hotel &amp; Casino.<\/p>\n<p style=\"font-size: 17px; line-height: 24px; word-break: break-word; color: #666666; font-family: UOLText, Arial, sans-serif; letter-spacing: normal;\">No site da empresa eles afiram que o\u00a0<em>\u201cClub Tatto tem come\u00e7ado uma tend\u00eancia, criando um conceito de estilo de vida e n\u00e3o apenas uma tatuagem\u201d.<\/em><\/p>\n<p style=\"font-size: 17px; line-height: 24px; word-break: break-word; color: #666666; font-family: UOLText, Arial, sans-serif; letter-spacing: normal;\">\u00a0Na loja virtual \u00e9 poss\u00edvel comprar ainda piercings de diferentes tipos de ouro e acess\u00f3rios como bon\u00e9s e braceletes customizados da marca.<\/p>\n<p style=\"font-size: 17px; line-height: 24px; word-break: break-word; color: #666666; font-family: UOLText, Arial, sans-serif; letter-spacing: normal;\">10. Tit\u00e3s<\/p>\n<p style=\"font-size: 17px; line-height: 24px; word-break: break-word; color: #666666; font-family: UOLText, Arial, sans-serif; letter-spacing: normal;\">A banda de rock come\u00e7ou nos anos 80 e tem mais de 30 anos de carreira. No ramo dos neg\u00f3cios, os integrantes do grupo se juntaram a Cervejaria Colorado para criar uma cerveja com o nome da banda, ideia comum entre as estrelas do rock.<\/p>\n<p style=\"font-size: 17px; line-height: 24px; word-break: break-word; color: #666666; font-family: UOLText, Arial, sans-serif; letter-spacing: normal;\">A bebida recebeu o nome de\u00a0<a style=\"color: #1082be;\" href=\"https:\/\/www.coloradotitas.com.br\/colorado-titas\/\" target=\"_blank\" rel=\"noopener noreferrer\">Colorado Tit\u00e3s<\/a>\u00a0e foi uma comemora\u00e7\u00e3o aos 30 anos do lan\u00e7amento do primeiro disco da banda.<\/p>\n<p style=\"font-size: 17px; line-height: 24px; word-break: break-word; color: #666666; font-family: UOLText, Arial, sans-serif; letter-spacing: normal;\">Segundo o site oficial da cerveja, ela possui um toque especial c\u00edtrico de laranja e \u00e9 produzida em Ribeir\u00e3o Preto. O pre\u00e7o de uma garrafa de 600 ml \u00e9 de 17,90 reais.<\/p>\n<p style=\"margin-bottom: 20px; font-size: 17px; line-height: 24px; word-break: break-word; color: #666666; font-family: UOLText, Arial, sans-serif; letter-spacing: normal;\">Inspire-se nesses astros do rock e coloque sua ideia tamb\u00e9m para tocar!<\/p>\n<p><a href=\"http:\/\/clicklogger.rm.uol.com.br\/?prd=939&amp;grp=src:13;chn:546;cpg:cross-sell-banner-site-pronto;&amp;msr=Cliques%20de%20Origem:1&amp;oper=11&amp;redir=https:\/\/cadastro.uol.com.br\/indexb.html?eos=yes&amp;skin=cadastrounificado\/visitor\/pf&amp;skinPath=meunegocio&amp;promochild=PROMPKSC3387\"><br \/>\n<img loading=\"lazy\" decoding=\"async\" src=\"https:\/\/uolhost.uol.com.br\/blog\/wp-content\/uploads\/2020\/04\/banner_uolmn_lojavirtuol_academia.gif\" alt=\"\" width=\"600\" height=\"150\" \/> <\/a><\/p>\n","protected":false},"excerpt":{"rendered":"<p>Eles aumentam suas fortunas se ?aventurando? no mundo do empreendedorismo Consagrado pelos seus riffs de guitarra, sua \u201crebeldia\u201d e shows eletrizantes, o rock n roll revelou \u2013 e ainda revela \u2013 grandes astros e estrelas que ganham muito dinheiro com seus discos e turn\u00eas. Mas, muitos roqueiros n\u00e3o param por a\u00ed. Eles aumentam suas fortunas [&hellip;]<\/p>\n","protected":false},"author":24,"featured_media":8853,"comment_status":"closed","ping_status":"closed","sticky":false,"template":"","format":"standard","meta":{"footnotes":""},"categories":[49,55,14,24,77,28,30,44],"tags":[488,534,578,1024],"class_list":["post-8850","post","type-post","status-publish","format-standard","has-post-thumbnail","hentry","category-abertura-de-empresa","category-cases-de-sucessos","category-empreendedorismo","category-mercado","category-mercado-digital","category-planejamento-de-negocio","category-plano-de-negocios","category-vendas-online","tag-financas","tag-gestao","tag-ideias-de-negocio","tag-plano-de-negocios"],"gutentor_comment":0,"yoast_head":"<!-- This site is optimized with the Yoast SEO plugin v26.4 - https:\/\/yoast.com\/wordpress\/plugins\/seo\/ -->\n<title>Dia Mundial do Rock: Conhe\u00e7a 10 roqueiros empreendedores -<\/title>\n<meta name=\"robots\" content=\"index, follow, max-snippet:-1, max-image-preview:large, max-video-preview:-1\" \/>\n<link rel=\"canonical\" href=\"https:\/\/uolhost.uol.com.br\/blog\/dia-mundial-do-rock-conheca-10-roqueiros-empreendedores\/\" \/>\n<meta property=\"og:locale\" content=\"pt_BR\" \/>\n<meta property=\"og:type\" content=\"article\" \/>\n<meta property=\"og:title\" content=\"Dia Mundial do Rock: Conhe\u00e7a 10 roqueiros empreendedores -\" \/>\n<meta property=\"og:description\" content=\"Eles aumentam suas fortunas se ?aventurando? no mundo do empreendedorismo Consagrado pelos seus riffs de guitarra, sua \u201crebeldia\u201d e shows eletrizantes, o rock n roll revelou \u2013 e ainda revela \u2013 grandes astros e estrelas que ganham muito dinheiro com seus discos e turn\u00eas. Mas, muitos roqueiros n\u00e3o param por a\u00ed. Eles aumentam suas fortunas [&hellip;]\" \/>\n<meta property=\"og:url\" content=\"https:\/\/uolhost.uol.com.br\/blog\/dia-mundial-do-rock-conheca-10-roqueiros-empreendedores\/\" \/>\n<meta property=\"article:published_time\" content=\"2020-07-01T20:56:17+00:00\" \/>\n<meta property=\"article:modified_time\" content=\"2026-01-05T13:58:01+00:00\" \/>\n<meta property=\"og:image\" content=\"https:\/\/uolhost.uol.com.br\/blog\/wp-content\/uploads\/2020\/07\/rock2-1440459657275_600x320.png\" \/>\n\t<meta property=\"og:image:width\" content=\"600\" \/>\n\t<meta property=\"og:image:height\" content=\"320\" \/>\n\t<meta property=\"og:image:type\" content=\"image\/png\" \/>\n<meta name=\"author\" content=\"Yuri Torres\" \/>\n<meta name=\"twitter:card\" content=\"summary_large_image\" \/>\n<meta name=\"twitter:label1\" content=\"Escrito por\" \/>\n\t<meta name=\"twitter:data1\" content=\"Yuri Torres\" \/>\n\t<meta name=\"twitter:label2\" content=\"Est. tempo de leitura\" \/>\n\t<meta name=\"twitter:data2\" content=\"8 minutos\" \/>\n<script type=\"application\/ld+json\" class=\"yoast-schema-graph\">{\"@context\":\"https:\/\/schema.org\",\"@graph\":[{\"@type\":\"Article\",\"@id\":\"https:\/\/uolhost.uol.com.br\/blog\/dia-mundial-do-rock-conheca-10-roqueiros-empreendedores\/#article\",\"isPartOf\":{\"@id\":\"https:\/\/uolhost.uol.com.br\/blog\/dia-mundial-do-rock-conheca-10-roqueiros-empreendedores\/\"},\"author\":{\"name\":\"Yuri Torres\",\"@id\":\"https:\/\/uolhost.uol.com.br\/blog\/#\/schema\/person\/41505c2cd07dc07109e30bea51edee93\"},\"headline\":\"Dia Mundial do Rock: Conhe\u00e7a 10 roqueiros empreendedores\",\"datePublished\":\"2020-07-01T20:56:17+00:00\",\"dateModified\":\"2026-01-05T13:58:01+00:00\",\"mainEntityOfPage\":{\"@id\":\"https:\/\/uolhost.uol.com.br\/blog\/dia-mundial-do-rock-conheca-10-roqueiros-empreendedores\/\"},\"wordCount\":1355,\"publisher\":{\"@id\":\"https:\/\/uolhost.uol.com.br\/blog\/#organization\"},\"image\":{\"@id\":\"https:\/\/uolhost.uol.com.br\/blog\/dia-mundial-do-rock-conheca-10-roqueiros-empreendedores\/#primaryimage\"},\"thumbnailUrl\":\"https:\/\/uolhost.uol.com.br\/blog\/wp-content\/uploads\/2020\/07\/rock2-1440459657275_600x320.png?wsr\",\"keywords\":[\"Finan\u00e7as\",\"Gest\u00e3o\",\"ideias de neg\u00f3cio\",\"Plano de neg\u00f3cios\"],\"articleSection\":[\"Abertura de empresa\",\"Cases de sucessos\",\"Empreendedorismo\",\"Mercado\",\"Mercado Digital\",\"Planejamento de Neg\u00f3cio\",\"Plano de neg\u00f3cios\",\"Vendas Online\"],\"inLanguage\":\"pt-BR\"},{\"@type\":\"WebPage\",\"@id\":\"https:\/\/uolhost.uol.com.br\/blog\/dia-mundial-do-rock-conheca-10-roqueiros-empreendedores\/\",\"url\":\"https:\/\/uolhost.uol.com.br\/blog\/dia-mundial-do-rock-conheca-10-roqueiros-empreendedores\/\",\"name\":\"Dia Mundial do Rock: Conhe\u00e7a 10 roqueiros empreendedores -\",\"isPartOf\":{\"@id\":\"https:\/\/uolhost.uol.com.br\/blog\/#website\"},\"primaryImageOfPage\":{\"@id\":\"https:\/\/uolhost.uol.com.br\/blog\/dia-mundial-do-rock-conheca-10-roqueiros-empreendedores\/#primaryimage\"},\"image\":{\"@id\":\"https:\/\/uolhost.uol.com.br\/blog\/dia-mundial-do-rock-conheca-10-roqueiros-empreendedores\/#primaryimage\"},\"thumbnailUrl\":\"https:\/\/uolhost.uol.com.br\/blog\/wp-content\/uploads\/2020\/07\/rock2-1440459657275_600x320.png?wsr\",\"datePublished\":\"2020-07-01T20:56:17+00:00\",\"dateModified\":\"2026-01-05T13:58:01+00:00\",\"breadcrumb\":{\"@id\":\"https:\/\/uolhost.uol.com.br\/blog\/dia-mundial-do-rock-conheca-10-roqueiros-empreendedores\/#breadcrumb\"},\"inLanguage\":\"pt-BR\",\"potentialAction\":[{\"@type\":\"ReadAction\",\"target\":[\"https:\/\/uolhost.uol.com.br\/blog\/dia-mundial-do-rock-conheca-10-roqueiros-empreendedores\/\"]}]},{\"@type\":\"ImageObject\",\"inLanguage\":\"pt-BR\",\"@id\":\"https:\/\/uolhost.uol.com.br\/blog\/dia-mundial-do-rock-conheca-10-roqueiros-empreendedores\/#primaryimage\",\"url\":\"https:\/\/uolhost.uol.com.br\/blog\/wp-content\/uploads\/2020\/07\/rock2-1440459657275_600x320.png?wsr\",\"contentUrl\":\"https:\/\/uolhost.uol.com.br\/blog\/wp-content\/uploads\/2020\/07\/rock2-1440459657275_600x320.png?wsr\",\"width\":600,\"height\":320},{\"@type\":\"BreadcrumbList\",\"@id\":\"https:\/\/uolhost.uol.com.br\/blog\/dia-mundial-do-rock-conheca-10-roqueiros-empreendedores\/#breadcrumb\",\"itemListElement\":[{\"@type\":\"ListItem\",\"position\":1,\"name\":\"In\u00edcio\",\"item\":\"https:\/\/uolhost.uol.com.br\/blog\/\"},{\"@type\":\"ListItem\",\"position\":2,\"name\":\"Dia Mundial do Rock: Conhe\u00e7a 10 roqueiros empreendedores\"}]},{\"@type\":\"WebSite\",\"@id\":\"https:\/\/uolhost.uol.com.br\/blog\/#website\",\"url\":\"https:\/\/uolhost.uol.com.br\/blog\/\",\"name\":\"Blog UOL Host\",\"description\":\"\",\"publisher\":{\"@id\":\"https:\/\/uolhost.uol.com.br\/blog\/#organization\"},\"potentialAction\":[{\"@type\":\"SearchAction\",\"target\":{\"@type\":\"EntryPoint\",\"urlTemplate\":\"https:\/\/uolhost.uol.com.br\/blog\/?s={search_term_string}\"},\"query-input\":{\"@type\":\"PropertyValueSpecification\",\"valueRequired\":true,\"valueName\":\"search_term_string\"}}],\"inLanguage\":\"pt-BR\"},{\"@type\":\"Organization\",\"@id\":\"https:\/\/uolhost.uol.com.br\/blog\/#organization\",\"name\":\"Blog UOL Host\",\"url\":\"https:\/\/uolhost.uol.com.br\/blog\/\",\"logo\":{\"@type\":\"ImageObject\",\"inLanguage\":\"pt-BR\",\"@id\":\"https:\/\/uolhost.uol.com.br\/blog\/#\/schema\/logo\/image\/\",\"url\":\"https:\/\/uolhost.uol.com.br\/blog\/wp-content\/uploads\/2025\/01\/UOL_Host.png?wsr\",\"contentUrl\":\"https:\/\/uolhost.uol.com.br\/blog\/wp-content\/uploads\/2025\/01\/UOL_Host.png?wsr\",\"width\":2000,\"height\":393,\"caption\":\"Blog UOL Host\"},\"image\":{\"@id\":\"https:\/\/uolhost.uol.com.br\/blog\/#\/schema\/logo\/image\/\"}},{\"@type\":\"Person\",\"@id\":\"https:\/\/uolhost.uol.com.br\/blog\/#\/schema\/person\/41505c2cd07dc07109e30bea51edee93\",\"name\":\"Yuri Torres\",\"image\":{\"@type\":\"ImageObject\",\"inLanguage\":\"pt-BR\",\"@id\":\"https:\/\/uolhost.uol.com.br\/blog\/#\/schema\/person\/image\/\",\"url\":\"https:\/\/secure.gravatar.com\/avatar\/4c96a05faea9fdf86f95d5b723e438c9cc14ad5c342d76486e5a4c8ac8259492?s=96&d=mm&r=g\",\"contentUrl\":\"https:\/\/secure.gravatar.com\/avatar\/4c96a05faea9fdf86f95d5b723e438c9cc14ad5c342d76486e5a4c8ac8259492?s=96&d=mm&r=g\",\"caption\":\"Yuri Torres\"},\"description\":\"Profissional de Reda\u00e7\u00e3o e Marketing, com 10 anos de experi\u00eancia no desenvolvimento de estrat\u00e9gias de conte\u00fado voltadas \u00e0 comunica\u00e7\u00e3o de marcas. Atua na cria\u00e7\u00e3o de materiais que fortalecem a presen\u00e7a digital, ampliam o engajamento e contribuem para o alcance de resultados alinhados aos objetivos de neg\u00f3cio, com experi\u00eancia no atendimento a empresas de diferentes segmentos. LinkedIn\",\"sameAs\":[\"https:\/\/www.linkedin.com\/in\/yuri-torres-271093108\/\"],\"url\":\"https:\/\/uolhost.uol.com.br\/blog\/author\/yuri-torres\/\"}]}<\/script>\n<!-- \/ Yoast SEO plugin. -->","yoast_head_json":{"title":"Dia Mundial do Rock: Conhe\u00e7a 10 roqueiros empreendedores -","robots":{"index":"index","follow":"follow","max-snippet":"max-snippet:-1","max-image-preview":"max-image-preview:large","max-video-preview":"max-video-preview:-1"},"canonical":"https:\/\/uolhost.uol.com.br\/blog\/dia-mundial-do-rock-conheca-10-roqueiros-empreendedores\/","og_locale":"pt_BR","og_type":"article","og_title":"Dia Mundial do Rock: Conhe\u00e7a 10 roqueiros empreendedores -","og_description":"Eles aumentam suas fortunas se ?aventurando? no mundo do empreendedorismo Consagrado pelos seus riffs de guitarra, sua \u201crebeldia\u201d e shows eletrizantes, o rock n roll revelou \u2013 e ainda revela \u2013 grandes astros e estrelas que ganham muito dinheiro com seus discos e turn\u00eas. Mas, muitos roqueiros n\u00e3o param por a\u00ed. Eles aumentam suas fortunas [&hellip;]","og_url":"https:\/\/uolhost.uol.com.br\/blog\/dia-mundial-do-rock-conheca-10-roqueiros-empreendedores\/","article_published_time":"2020-07-01T20:56:17+00:00","article_modified_time":"2026-01-05T13:58:01+00:00","og_image":[{"width":600,"height":320,"url":"https:\/\/uolhost.uol.com.br\/blog\/wp-content\/uploads\/2020\/07\/rock2-1440459657275_600x320.png","type":"image\/png"}],"author":"Yuri Torres","twitter_card":"summary_large_image","twitter_misc":{"Escrito por":"Yuri Torres","Est. tempo de leitura":"8 minutos"},"schema":{"@context":"https:\/\/schema.org","@graph":[{"@type":"Article","@id":"https:\/\/uolhost.uol.com.br\/blog\/dia-mundial-do-rock-conheca-10-roqueiros-empreendedores\/#article","isPartOf":{"@id":"https:\/\/uolhost.uol.com.br\/blog\/dia-mundial-do-rock-conheca-10-roqueiros-empreendedores\/"},"author":{"name":"Yuri Torres","@id":"https:\/\/uolhost.uol.com.br\/blog\/#\/schema\/person\/41505c2cd07dc07109e30bea51edee93"},"headline":"Dia Mundial do Rock: Conhe\u00e7a 10 roqueiros empreendedores","datePublished":"2020-07-01T20:56:17+00:00","dateModified":"2026-01-05T13:58:01+00:00","mainEntityOfPage":{"@id":"https:\/\/uolhost.uol.com.br\/blog\/dia-mundial-do-rock-conheca-10-roqueiros-empreendedores\/"},"wordCount":1355,"publisher":{"@id":"https:\/\/uolhost.uol.com.br\/blog\/#organization"},"image":{"@id":"https:\/\/uolhost.uol.com.br\/blog\/dia-mundial-do-rock-conheca-10-roqueiros-empreendedores\/#primaryimage"},"thumbnailUrl":"https:\/\/uolhost.uol.com.br\/blog\/wp-content\/uploads\/2020\/07\/rock2-1440459657275_600x320.png?wsr","keywords":["Finan\u00e7as","Gest\u00e3o","ideias de neg\u00f3cio","Plano de neg\u00f3cios"],"articleSection":["Abertura de empresa","Cases de sucessos","Empreendedorismo","Mercado","Mercado Digital","Planejamento de Neg\u00f3cio","Plano de neg\u00f3cios","Vendas Online"],"inLanguage":"pt-BR"},{"@type":"WebPage","@id":"https:\/\/uolhost.uol.com.br\/blog\/dia-mundial-do-rock-conheca-10-roqueiros-empreendedores\/","url":"https:\/\/uolhost.uol.com.br\/blog\/dia-mundial-do-rock-conheca-10-roqueiros-empreendedores\/","name":"Dia Mundial do Rock: Conhe\u00e7a 10 roqueiros empreendedores -","isPartOf":{"@id":"https:\/\/uolhost.uol.com.br\/blog\/#website"},"primaryImageOfPage":{"@id":"https:\/\/uolhost.uol.com.br\/blog\/dia-mundial-do-rock-conheca-10-roqueiros-empreendedores\/#primaryimage"},"image":{"@id":"https:\/\/uolhost.uol.com.br\/blog\/dia-mundial-do-rock-conheca-10-roqueiros-empreendedores\/#primaryimage"},"thumbnailUrl":"https:\/\/uolhost.uol.com.br\/blog\/wp-content\/uploads\/2020\/07\/rock2-1440459657275_600x320.png?wsr","datePublished":"2020-07-01T20:56:17+00:00","dateModified":"2026-01-05T13:58:01+00:00","breadcrumb":{"@id":"https:\/\/uolhost.uol.com.br\/blog\/dia-mundial-do-rock-conheca-10-roqueiros-empreendedores\/#breadcrumb"},"inLanguage":"pt-BR","potentialAction":[{"@type":"ReadAction","target":["https:\/\/uolhost.uol.com.br\/blog\/dia-mundial-do-rock-conheca-10-roqueiros-empreendedores\/"]}]},{"@type":"ImageObject","inLanguage":"pt-BR","@id":"https:\/\/uolhost.uol.com.br\/blog\/dia-mundial-do-rock-conheca-10-roqueiros-empreendedores\/#primaryimage","url":"https:\/\/uolhost.uol.com.br\/blog\/wp-content\/uploads\/2020\/07\/rock2-1440459657275_600x320.png?wsr","contentUrl":"https:\/\/uolhost.uol.com.br\/blog\/wp-content\/uploads\/2020\/07\/rock2-1440459657275_600x320.png?wsr","width":600,"height":320},{"@type":"BreadcrumbList","@id":"https:\/\/uolhost.uol.com.br\/blog\/dia-mundial-do-rock-conheca-10-roqueiros-empreendedores\/#breadcrumb","itemListElement":[{"@type":"ListItem","position":1,"name":"In\u00edcio","item":"https:\/\/uolhost.uol.com.br\/blog\/"},{"@type":"ListItem","position":2,"name":"Dia Mundial do Rock: Conhe\u00e7a 10 roqueiros empreendedores"}]},{"@type":"WebSite","@id":"https:\/\/uolhost.uol.com.br\/blog\/#website","url":"https:\/\/uolhost.uol.com.br\/blog\/","name":"Blog UOL Host","description":"","publisher":{"@id":"https:\/\/uolhost.uol.com.br\/blog\/#organization"},"potentialAction":[{"@type":"SearchAction","target":{"@type":"EntryPoint","urlTemplate":"https:\/\/uolhost.uol.com.br\/blog\/?s={search_term_string}"},"query-input":{"@type":"PropertyValueSpecification","valueRequired":true,"valueName":"search_term_string"}}],"inLanguage":"pt-BR"},{"@type":"Organization","@id":"https:\/\/uolhost.uol.com.br\/blog\/#organization","name":"Blog UOL Host","url":"https:\/\/uolhost.uol.com.br\/blog\/","logo":{"@type":"ImageObject","inLanguage":"pt-BR","@id":"https:\/\/uolhost.uol.com.br\/blog\/#\/schema\/logo\/image\/","url":"https:\/\/uolhost.uol.com.br\/blog\/wp-content\/uploads\/2025\/01\/UOL_Host.png?wsr","contentUrl":"https:\/\/uolhost.uol.com.br\/blog\/wp-content\/uploads\/2025\/01\/UOL_Host.png?wsr","width":2000,"height":393,"caption":"Blog UOL Host"},"image":{"@id":"https:\/\/uolhost.uol.com.br\/blog\/#\/schema\/logo\/image\/"}},{"@type":"Person","@id":"https:\/\/uolhost.uol.com.br\/blog\/#\/schema\/person\/41505c2cd07dc07109e30bea51edee93","name":"Yuri Torres","image":{"@type":"ImageObject","inLanguage":"pt-BR","@id":"https:\/\/uolhost.uol.com.br\/blog\/#\/schema\/person\/image\/","url":"https:\/\/secure.gravatar.com\/avatar\/4c96a05faea9fdf86f95d5b723e438c9cc14ad5c342d76486e5a4c8ac8259492?s=96&d=mm&r=g","contentUrl":"https:\/\/secure.gravatar.com\/avatar\/4c96a05faea9fdf86f95d5b723e438c9cc14ad5c342d76486e5a4c8ac8259492?s=96&d=mm&r=g","caption":"Yuri Torres"},"description":"Profissional de Reda\u00e7\u00e3o e Marketing, com 10 anos de experi\u00eancia no desenvolvimento de estrat\u00e9gias de conte\u00fado voltadas \u00e0 comunica\u00e7\u00e3o de marcas. Atua na cria\u00e7\u00e3o de materiais que fortalecem a presen\u00e7a digital, ampliam o engajamento e contribuem para o alcance de resultados alinhados aos objetivos de neg\u00f3cio, com experi\u00eancia no atendimento a empresas de diferentes segmentos. LinkedIn","sameAs":["https:\/\/www.linkedin.com\/in\/yuri-torres-271093108\/"],"url":"https:\/\/uolhost.uol.com.br\/blog\/author\/yuri-torres\/"}]}},"_links":{"self":[{"href":"https:\/\/uolhost.uol.com.br\/blog\/wp-json\/wp\/v2\/posts\/8850","targetHints":{"allow":["GET"]}}],"collection":[{"href":"https:\/\/uolhost.uol.com.br\/blog\/wp-json\/wp\/v2\/posts"}],"about":[{"href":"https:\/\/uolhost.uol.com.br\/blog\/wp-json\/wp\/v2\/types\/post"}],"author":[{"embeddable":true,"href":"https:\/\/uolhost.uol.com.br\/blog\/wp-json\/wp\/v2\/users\/24"}],"replies":[{"embeddable":true,"href":"https:\/\/uolhost.uol.com.br\/blog\/wp-json\/wp\/v2\/comments?post=8850"}],"version-history":[{"count":1,"href":"https:\/\/uolhost.uol.com.br\/blog\/wp-json\/wp\/v2\/posts\/8850\/revisions"}],"predecessor-version":[{"id":19240,"href":"https:\/\/uolhost.uol.com.br\/blog\/wp-json\/wp\/v2\/posts\/8850\/revisions\/19240"}],"wp:featuredmedia":[{"embeddable":true,"href":"https:\/\/uolhost.uol.com.br\/blog\/wp-json\/wp\/v2\/media\/8853"}],"wp:attachment":[{"href":"https:\/\/uolhost.uol.com.br\/blog\/wp-json\/wp\/v2\/media?parent=8850"}],"wp:term":[{"taxonomy":"category","embeddable":true,"href":"https:\/\/uolhost.uol.com.br\/blog\/wp-json\/wp\/v2\/categories?post=8850"},{"taxonomy":"post_tag","embeddable":true,"href":"https:\/\/uolhost.uol.com.br\/blog\/wp-json\/wp\/v2\/tags?post=8850"}],"curies":[{"name":"wp","href":"https:\/\/api.w.org\/{rel}","templated":true}]}}