{"id":9021,"date":"2020-07-02T13:22:18","date_gmt":"2020-07-02T16:22:18","guid":{"rendered":"https:\/\/meunegocio.uol.com.br\/blog\/?p=9021"},"modified":"2026-01-15T11:33:10","modified_gmt":"2026-01-15T14:33:10","slug":"novo-teto-do-supersimples-permite-que-micro-e-pequenas-empresas-faturem-mais-anualmente","status":"publish","type":"post","link":"https:\/\/uolhost.uol.com.br\/blog\/novo-teto-do-supersimples-permite-que-micro-e-pequenas-empresas-faturem-mais-anualmente\/","title":{"rendered":"Novo teto do Supersimples permite que micro e pequenas empresas faturem mais anualmente"},"content":{"rendered":"<h2 style=\"font-family: UOLText, Arial, sans-serif; font-weight: 100; line-height: 1.1; color: #444444; margin-bottom: 25px; font-size: 26px; letter-spacing: normal; text-align: start;\">As mudan\u00e7as nos limites de faturamento para MEI, micro e pequenas empresas entram em vigor em 2018<\/h2>\n<p style=\"font-size: 17px; line-height: 24px; word-break: break-word; color: #666666; font-family: UOLText, Arial, sans-serif; letter-spacing: normal;\">Na \u00faltima quinta-feira (27), o presidente, Michel Temer, assinou um projeto de lei que aumenta o teto de faturamento para micro e pequenas que pretendem aderir ao\u00a0Simples Nacional, modalidade de recolhimento de tributos para pequenas e m\u00e9dias empresas.<\/p>\n<p style=\"font-size: 17px; line-height: 24px; word-break: break-word; color: #666666; font-family: UOLText, Arial, sans-serif; letter-spacing: normal;\">Com a mudan\u00e7a, que entra em vigor a partir de 2018, o Microempreendedor Individual (MEI) poder\u00e1 faturar at\u00e9 81 mil reais por ano; atualmente, o m\u00e1ximo permitido \u00e9 60 mil reais. O faturamento das microempresas (ME) passa do limite de 360 mil reais para 900 mil reais. E as pequenas empresas, que at\u00e9 ent\u00e3o podiam receber 3,6 milh\u00f5es de reais, v\u00e3o poder faturar at\u00e9 4,8 milh\u00f5es de reais por ano.<\/p>\n<p style=\"font-size: 17px; line-height: 24px; word-break: break-word; color: #666666; font-family: UOLText, Arial, sans-serif; letter-spacing: normal;\">\u21d2\u00a0Baixe e-book gr\u00e1tis:\u00a0<a style=\"color: #1082be;\" href=\"https:\/\/meunegocio.uol.com.br\/academia\/downloads\/e-books\/passo-a-passo-para-obter-um-cnpj-e-formalizar-sua-empresa.html\">Passo a passo para obter um CNPJ e formalizar sua empresa<\/a><\/p>\n<p style=\"font-size: 17px; line-height: 24px; word-break: break-word; color: #666666; font-family: UOLText, Arial, sans-serif; letter-spacing: normal;\">O MEI \u00e9 uma das modalidades mais populares do Simples Nacional, pois ajudou muitos profissionais que trabalhavam em regime freelancer, trabalhadores aut\u00f4nomos ou aqueles que tinham microneg\u00f3cios a sair da informalidade.<\/p>\n<p style=\"font-size: 17px; line-height: 24px; word-break: break-word; color: #666666; font-family: UOLText, Arial, sans-serif; letter-spacing: normal;\">De acordo com o Serasa Experian, nos primeiros seis meses deste ano, mais de 816 mil Microempreendedores Individuais se formalizaram como MEI. O n\u00famero representa um aumento de 9,1% em rela\u00e7\u00e3o ao mesmo per\u00edodo de 2015.<\/p>\n<p style=\"font-size: 17px; line-height: 24px; word-break: break-word; color: #666666; font-family: UOLText, Arial, sans-serif; letter-spacing: normal;\">As mudan\u00e7as devem tranquilizar empreendedores e empres\u00e1rios que, por estarem pr\u00f3ximos do limite antigo de faturamento, j\u00e1 estavam se preparando para trocar suas empresas de modalidade.<\/p>\n<p style=\"font-size: 17px; line-height: 24px; word-break: break-word; color: #666666; font-family: UOLText, Arial, sans-serif; letter-spacing: normal;\">D\u00edvidas tribut\u00e1rias<\/p>\n<p style=\"font-size: 17px; line-height: 24px; word-break: break-word; color: #666666; font-family: UOLText, Arial, sans-serif; letter-spacing: normal;\">A nova lei tamb\u00e9m pretende estender o prazo de parcelamento de d\u00edvidas tribut\u00e1rias das empresas com a Previd\u00eancia Social. Atualmente, o empres\u00e1rio tem um limite m\u00e1ximo de 60 meses para colocar d\u00edvidas em dia. Com a atualiza\u00e7\u00e3o, este prazo dobra, alcan\u00e7ando os 120 meses.<\/p>\n<p style=\"font-size: 17px; line-height: 24px; word-break: break-word; color: #666666; font-family: UOLText, Arial, sans-serif; letter-spacing: normal;\">De acordo com informa\u00e7\u00f5es dadas pelo presidente do Sebrae, Guilherme Afif Domingos, durante a cerim\u00f4nia de san\u00e7\u00e3o da lei, atualmente, cerca de 600 mil micro e pequenas empresas encontram-se com d\u00edvidas em atraso.<\/p>\n<p style=\"margin-bottom: 20px; font-size: 17px; line-height: 24px; word-break: break-word; color: #666666; font-family: UOLText, Arial, sans-serif; letter-spacing: normal;\">Essa regra entra em vigor assim que a regulamenta\u00e7\u00e3o for feita pelo Comit\u00ea Gestor do Simples Nacional, vinculado \u00e0 Receita Federal.<\/p>\n<p><a href=\"http:\/\/clicklogger.rm.uol.com.br\/?prd=939&amp;grp=src:13;chn:546;cpg:cross-sell-banner-site-pronto;&amp;msr=Cliques%20de%20Origem:1&amp;oper=11&amp;redir=https:\/\/cadastro.uol.com.br\/indexb.html?eos=yes&amp;skin=cadastrounificado\/visitor\/pf&amp;skinPath=meunegocio&amp;promochild=PRFACEADS549E90\"><br \/>\n<img decoding=\"async\" title=\"banner_uolmn_facebookads_academia\" src=\"https:\/\/uolhost.uol.com.br\/blog\/wp-content\/uploads\/2020\/04\/banner_uolmn_facebookads_academia.gif\" alt=\"banner_uolmn_facebookads_academia\" \/> <\/a><\/p>\n<p style=\"font-size: 17px; line-height: 24px; word-break: break-word; color: #666666; font-family: UOLText, Arial, sans-serif; letter-spacing: normal;\">Investidor-anjo<\/p>\n<p style=\"font-size: 17px; line-height: 24px; word-break: break-word; color: #666666; font-family: UOLText, Arial, sans-serif; letter-spacing: normal;\">Outra novidade que acompanha o projeto \u00e9 a regulamenta\u00e7\u00e3o do investidor-anjo, pessoa disposta a investir em uma\u00a0startup, empresa no in\u00edcio de carreira que desenvolve produtos e servi\u00e7os inovadores, sem ter de ser tornar s\u00f3cio da mesma.<\/p>\n<p style=\"font-size: 17px; line-height: 24px; word-break: break-word; color: #666666; font-family: UOLText, Arial, sans-serif; letter-spacing: normal;\">A medida deve facilitar a vida de neg\u00f3cios que encontram grande dificuldade de obter aporte financeiro para colocar seus projetos em pr\u00e1tica.<\/p>\n<p style=\"margin-bottom: 20px; font-size: 17px; line-height: 24px; word-break: break-word; color: #666666; font-family: UOLText, Arial, sans-serif; letter-spacing: normal;\">Desde sua implanta\u00e7\u00e3o, em 2006, o Supersimples facilitou a cria\u00e7\u00e3o de micro e pequenos neg\u00f3cios. Prova disso \u00e9 que o n\u00famero de novas empresas cresceu muito nos \u00faltimos anos. No primeiro semestre deste ano, foi superada a marca de 1 milh\u00e3o de estabelecimentos criados, de acordo com o Indicador Serasa Experian de Nascimento de Empresas.<\/p>\n","protected":false},"excerpt":{"rendered":"<p>As mudan\u00e7as nos limites de faturamento para MEI, micro e pequenas empresas entram em vigor em 2018 Na \u00faltima quinta-feira (27), o presidente, Michel Temer, assinou um projeto de lei que aumenta o teto de faturamento para micro e pequenas que pretendem aderir ao\u00a0Simples Nacional, modalidade de recolhimento de tributos para pequenas e m\u00e9dias empresas. [&hellip;]<\/p>\n","protected":false},"author":24,"featured_media":9028,"comment_status":"closed","ping_status":"closed","sticky":false,"template":"","format":"standard","meta":{"footnotes":""},"categories":[14,70,16],"tags":[],"class_list":["post-9021","post","type-post","status-publish","format-standard","has-post-thumbnail","hentry","category-empreendedorismo","category-gestao","category-gestao-de-financas"],"gutentor_comment":0,"yoast_head":"<!-- This site is optimized with the Yoast SEO plugin v26.4 - https:\/\/yoast.com\/wordpress\/plugins\/seo\/ -->\n<title>Novo teto do Supersimples permite que empresas faturem mais<\/title>\n<meta name=\"description\" content=\"Novo teto do Supersimples permite que micro e pequenas empresas faturem mais anualmente: leia este ou outros artigos sobre Gest\u00e3o de Empresas na Academia UOL Meu neg\u00f3cio.\" \/>\n<meta name=\"robots\" content=\"index, follow, max-snippet:-1, max-image-preview:large, max-video-preview:-1\" \/>\n<link rel=\"canonical\" href=\"https:\/\/uolhost.uol.com.br\/blog\/novo-teto-do-supersimples-permite-que-micro-e-pequenas-empresas-faturem-mais-anualmente\/\" \/>\n<meta property=\"og:locale\" content=\"pt_BR\" \/>\n<meta property=\"og:type\" content=\"article\" \/>\n<meta property=\"og:title\" content=\"Novo teto do Supersimples permite que empresas faturem mais\" \/>\n<meta property=\"og:description\" content=\"Novo teto do Supersimples permite que micro e pequenas empresas faturem mais anualmente: leia este ou outros artigos sobre Gest\u00e3o de Empresas na Academia UOL Meu neg\u00f3cio.\" \/>\n<meta property=\"og:url\" content=\"https:\/\/uolhost.uol.com.br\/blog\/novo-teto-do-supersimples-permite-que-micro-e-pequenas-empresas-faturem-mais-anualmente\/\" \/>\n<meta property=\"article:published_time\" content=\"2020-07-02T16:22:18+00:00\" \/>\n<meta property=\"article:modified_time\" content=\"2026-01-15T14:33:10+00:00\" \/>\n<meta property=\"og:image\" content=\"https:\/\/uolhost.uol.com.br\/blog\/wp-content\/uploads\/2020\/07\/nov-oteto-1478025662698_600x320.jpg\" \/>\n\t<meta property=\"og:image:width\" content=\"600\" \/>\n\t<meta property=\"og:image:height\" content=\"320\" \/>\n\t<meta property=\"og:image:type\" content=\"image\/jpeg\" \/>\n<meta name=\"author\" content=\"Yuri Torres\" \/>\n<meta name=\"twitter:card\" content=\"summary_large_image\" \/>\n<meta name=\"twitter:label1\" content=\"Escrito por\" \/>\n\t<meta name=\"twitter:data1\" content=\"Yuri Torres\" \/>\n\t<meta name=\"twitter:label2\" content=\"Est. tempo de leitura\" \/>\n\t<meta name=\"twitter:data2\" content=\"3 minutos\" \/>\n<script type=\"application\/ld+json\" class=\"yoast-schema-graph\">{\"@context\":\"https:\/\/schema.org\",\"@graph\":[{\"@type\":\"Article\",\"@id\":\"https:\/\/uolhost.uol.com.br\/blog\/novo-teto-do-supersimples-permite-que-micro-e-pequenas-empresas-faturem-mais-anualmente\/#article\",\"isPartOf\":{\"@id\":\"https:\/\/uolhost.uol.com.br\/blog\/novo-teto-do-supersimples-permite-que-micro-e-pequenas-empresas-faturem-mais-anualmente\/\"},\"author\":{\"name\":\"Yuri Torres\",\"@id\":\"https:\/\/uolhost.uol.com.br\/blog\/#\/schema\/person\/41505c2cd07dc07109e30bea51edee93\"},\"headline\":\"Novo teto do Supersimples permite que micro e pequenas empresas faturem mais anualmente\",\"datePublished\":\"2020-07-02T16:22:18+00:00\",\"dateModified\":\"2026-01-15T14:33:10+00:00\",\"mainEntityOfPage\":{\"@id\":\"https:\/\/uolhost.uol.com.br\/blog\/novo-teto-do-supersimples-permite-que-micro-e-pequenas-empresas-faturem-mais-anualmente\/\"},\"wordCount\":483,\"publisher\":{\"@id\":\"https:\/\/uolhost.uol.com.br\/blog\/#organization\"},\"image\":{\"@id\":\"https:\/\/uolhost.uol.com.br\/blog\/novo-teto-do-supersimples-permite-que-micro-e-pequenas-empresas-faturem-mais-anualmente\/#primaryimage\"},\"thumbnailUrl\":\"https:\/\/uolhost.uol.com.br\/blog\/wp-content\/uploads\/2020\/07\/nov-oteto-1478025662698_600x320.jpg?wsr\",\"articleSection\":[\"Empreendedorismo\",\"Gest\u00e3o\",\"Gest\u00e3o de Finan\u00e7as\"],\"inLanguage\":\"pt-BR\"},{\"@type\":\"WebPage\",\"@id\":\"https:\/\/uolhost.uol.com.br\/blog\/novo-teto-do-supersimples-permite-que-micro-e-pequenas-empresas-faturem-mais-anualmente\/\",\"url\":\"https:\/\/uolhost.uol.com.br\/blog\/novo-teto-do-supersimples-permite-que-micro-e-pequenas-empresas-faturem-mais-anualmente\/\",\"name\":\"Novo teto do Supersimples permite que empresas faturem mais\",\"isPartOf\":{\"@id\":\"https:\/\/uolhost.uol.com.br\/blog\/#website\"},\"primaryImageOfPage\":{\"@id\":\"https:\/\/uolhost.uol.com.br\/blog\/novo-teto-do-supersimples-permite-que-micro-e-pequenas-empresas-faturem-mais-anualmente\/#primaryimage\"},\"image\":{\"@id\":\"https:\/\/uolhost.uol.com.br\/blog\/novo-teto-do-supersimples-permite-que-micro-e-pequenas-empresas-faturem-mais-anualmente\/#primaryimage\"},\"thumbnailUrl\":\"https:\/\/uolhost.uol.com.br\/blog\/wp-content\/uploads\/2020\/07\/nov-oteto-1478025662698_600x320.jpg?wsr\",\"datePublished\":\"2020-07-02T16:22:18+00:00\",\"dateModified\":\"2026-01-15T14:33:10+00:00\",\"description\":\"Novo teto do Supersimples permite que micro e pequenas empresas faturem mais anualmente: leia este ou outros artigos sobre Gest\u00e3o de Empresas na Academia UOL Meu neg\u00f3cio.\",\"breadcrumb\":{\"@id\":\"https:\/\/uolhost.uol.com.br\/blog\/novo-teto-do-supersimples-permite-que-micro-e-pequenas-empresas-faturem-mais-anualmente\/#breadcrumb\"},\"inLanguage\":\"pt-BR\",\"potentialAction\":[{\"@type\":\"ReadAction\",\"target\":[\"https:\/\/uolhost.uol.com.br\/blog\/novo-teto-do-supersimples-permite-que-micro-e-pequenas-empresas-faturem-mais-anualmente\/\"]}]},{\"@type\":\"ImageObject\",\"inLanguage\":\"pt-BR\",\"@id\":\"https:\/\/uolhost.uol.com.br\/blog\/novo-teto-do-supersimples-permite-que-micro-e-pequenas-empresas-faturem-mais-anualmente\/#primaryimage\",\"url\":\"https:\/\/uolhost.uol.com.br\/blog\/wp-content\/uploads\/2020\/07\/nov-oteto-1478025662698_600x320.jpg?wsr\",\"contentUrl\":\"https:\/\/uolhost.uol.com.br\/blog\/wp-content\/uploads\/2020\/07\/nov-oteto-1478025662698_600x320.jpg?wsr\",\"width\":600,\"height\":320},{\"@type\":\"BreadcrumbList\",\"@id\":\"https:\/\/uolhost.uol.com.br\/blog\/novo-teto-do-supersimples-permite-que-micro-e-pequenas-empresas-faturem-mais-anualmente\/#breadcrumb\",\"itemListElement\":[{\"@type\":\"ListItem\",\"position\":1,\"name\":\"In\u00edcio\",\"item\":\"https:\/\/uolhost.uol.com.br\/blog\/\"},{\"@type\":\"ListItem\",\"position\":2,\"name\":\"Novo teto do Supersimples permite que micro e pequenas empresas faturem mais anualmente\"}]},{\"@type\":\"WebSite\",\"@id\":\"https:\/\/uolhost.uol.com.br\/blog\/#website\",\"url\":\"https:\/\/uolhost.uol.com.br\/blog\/\",\"name\":\"Blog UOL Host\",\"description\":\"\",\"publisher\":{\"@id\":\"https:\/\/uolhost.uol.com.br\/blog\/#organization\"},\"potentialAction\":[{\"@type\":\"SearchAction\",\"target\":{\"@type\":\"EntryPoint\",\"urlTemplate\":\"https:\/\/uolhost.uol.com.br\/blog\/?s={search_term_string}\"},\"query-input\":{\"@type\":\"PropertyValueSpecification\",\"valueRequired\":true,\"valueName\":\"search_term_string\"}}],\"inLanguage\":\"pt-BR\"},{\"@type\":\"Organization\",\"@id\":\"https:\/\/uolhost.uol.com.br\/blog\/#organization\",\"name\":\"Blog UOL Host\",\"url\":\"https:\/\/uolhost.uol.com.br\/blog\/\",\"logo\":{\"@type\":\"ImageObject\",\"inLanguage\":\"pt-BR\",\"@id\":\"https:\/\/uolhost.uol.com.br\/blog\/#\/schema\/logo\/image\/\",\"url\":\"https:\/\/uolhost.uol.com.br\/blog\/wp-content\/uploads\/2025\/01\/UOL_Host.png?wsr\",\"contentUrl\":\"https:\/\/uolhost.uol.com.br\/blog\/wp-content\/uploads\/2025\/01\/UOL_Host.png?wsr\",\"width\":2000,\"height\":393,\"caption\":\"Blog UOL Host\"},\"image\":{\"@id\":\"https:\/\/uolhost.uol.com.br\/blog\/#\/schema\/logo\/image\/\"}},{\"@type\":\"Person\",\"@id\":\"https:\/\/uolhost.uol.com.br\/blog\/#\/schema\/person\/41505c2cd07dc07109e30bea51edee93\",\"name\":\"Yuri Torres\",\"image\":{\"@type\":\"ImageObject\",\"inLanguage\":\"pt-BR\",\"@id\":\"https:\/\/uolhost.uol.com.br\/blog\/#\/schema\/person\/image\/\",\"url\":\"https:\/\/secure.gravatar.com\/avatar\/4c96a05faea9fdf86f95d5b723e438c9cc14ad5c342d76486e5a4c8ac8259492?s=96&d=mm&r=g\",\"contentUrl\":\"https:\/\/secure.gravatar.com\/avatar\/4c96a05faea9fdf86f95d5b723e438c9cc14ad5c342d76486e5a4c8ac8259492?s=96&d=mm&r=g\",\"caption\":\"Yuri Torres\"},\"description\":\"Profissional de Reda\u00e7\u00e3o e Marketing, com 10 anos de experi\u00eancia no desenvolvimento de estrat\u00e9gias de conte\u00fado voltadas \u00e0 comunica\u00e7\u00e3o de marcas. Atua na cria\u00e7\u00e3o de materiais que fortalecem a presen\u00e7a digital, ampliam o engajamento e contribuem para o alcance de resultados alinhados aos objetivos de neg\u00f3cio, com experi\u00eancia no atendimento a empresas de diferentes segmentos. LinkedIn\",\"sameAs\":[\"https:\/\/www.linkedin.com\/in\/yuri-torres-271093108\/\"],\"url\":\"https:\/\/uolhost.uol.com.br\/blog\/author\/yuri-torres\/\"}]}<\/script>\n<!-- \/ Yoast SEO plugin. -->","yoast_head_json":{"title":"Novo teto do Supersimples permite que empresas faturem mais","description":"Novo teto do Supersimples permite que micro e pequenas empresas faturem mais anualmente: leia este ou outros artigos sobre Gest\u00e3o de Empresas na Academia UOL Meu neg\u00f3cio.","robots":{"index":"index","follow":"follow","max-snippet":"max-snippet:-1","max-image-preview":"max-image-preview:large","max-video-preview":"max-video-preview:-1"},"canonical":"https:\/\/uolhost.uol.com.br\/blog\/novo-teto-do-supersimples-permite-que-micro-e-pequenas-empresas-faturem-mais-anualmente\/","og_locale":"pt_BR","og_type":"article","og_title":"Novo teto do Supersimples permite que empresas faturem mais","og_description":"Novo teto do Supersimples permite que micro e pequenas empresas faturem mais anualmente: leia este ou outros artigos sobre Gest\u00e3o de Empresas na Academia UOL Meu neg\u00f3cio.","og_url":"https:\/\/uolhost.uol.com.br\/blog\/novo-teto-do-supersimples-permite-que-micro-e-pequenas-empresas-faturem-mais-anualmente\/","article_published_time":"2020-07-02T16:22:18+00:00","article_modified_time":"2026-01-15T14:33:10+00:00","og_image":[{"width":600,"height":320,"url":"https:\/\/uolhost.uol.com.br\/blog\/wp-content\/uploads\/2020\/07\/nov-oteto-1478025662698_600x320.jpg","type":"image\/jpeg"}],"author":"Yuri Torres","twitter_card":"summary_large_image","twitter_misc":{"Escrito por":"Yuri Torres","Est. tempo de leitura":"3 minutos"},"schema":{"@context":"https:\/\/schema.org","@graph":[{"@type":"Article","@id":"https:\/\/uolhost.uol.com.br\/blog\/novo-teto-do-supersimples-permite-que-micro-e-pequenas-empresas-faturem-mais-anualmente\/#article","isPartOf":{"@id":"https:\/\/uolhost.uol.com.br\/blog\/novo-teto-do-supersimples-permite-que-micro-e-pequenas-empresas-faturem-mais-anualmente\/"},"author":{"name":"Yuri Torres","@id":"https:\/\/uolhost.uol.com.br\/blog\/#\/schema\/person\/41505c2cd07dc07109e30bea51edee93"},"headline":"Novo teto do Supersimples permite que micro e pequenas empresas faturem mais anualmente","datePublished":"2020-07-02T16:22:18+00:00","dateModified":"2026-01-15T14:33:10+00:00","mainEntityOfPage":{"@id":"https:\/\/uolhost.uol.com.br\/blog\/novo-teto-do-supersimples-permite-que-micro-e-pequenas-empresas-faturem-mais-anualmente\/"},"wordCount":483,"publisher":{"@id":"https:\/\/uolhost.uol.com.br\/blog\/#organization"},"image":{"@id":"https:\/\/uolhost.uol.com.br\/blog\/novo-teto-do-supersimples-permite-que-micro-e-pequenas-empresas-faturem-mais-anualmente\/#primaryimage"},"thumbnailUrl":"https:\/\/uolhost.uol.com.br\/blog\/wp-content\/uploads\/2020\/07\/nov-oteto-1478025662698_600x320.jpg?wsr","articleSection":["Empreendedorismo","Gest\u00e3o","Gest\u00e3o de Finan\u00e7as"],"inLanguage":"pt-BR"},{"@type":"WebPage","@id":"https:\/\/uolhost.uol.com.br\/blog\/novo-teto-do-supersimples-permite-que-micro-e-pequenas-empresas-faturem-mais-anualmente\/","url":"https:\/\/uolhost.uol.com.br\/blog\/novo-teto-do-supersimples-permite-que-micro-e-pequenas-empresas-faturem-mais-anualmente\/","name":"Novo teto do Supersimples permite que empresas faturem mais","isPartOf":{"@id":"https:\/\/uolhost.uol.com.br\/blog\/#website"},"primaryImageOfPage":{"@id":"https:\/\/uolhost.uol.com.br\/blog\/novo-teto-do-supersimples-permite-que-micro-e-pequenas-empresas-faturem-mais-anualmente\/#primaryimage"},"image":{"@id":"https:\/\/uolhost.uol.com.br\/blog\/novo-teto-do-supersimples-permite-que-micro-e-pequenas-empresas-faturem-mais-anualmente\/#primaryimage"},"thumbnailUrl":"https:\/\/uolhost.uol.com.br\/blog\/wp-content\/uploads\/2020\/07\/nov-oteto-1478025662698_600x320.jpg?wsr","datePublished":"2020-07-02T16:22:18+00:00","dateModified":"2026-01-15T14:33:10+00:00","description":"Novo teto do Supersimples permite que micro e pequenas empresas faturem mais anualmente: leia este ou outros artigos sobre Gest\u00e3o de Empresas na Academia UOL Meu neg\u00f3cio.","breadcrumb":{"@id":"https:\/\/uolhost.uol.com.br\/blog\/novo-teto-do-supersimples-permite-que-micro-e-pequenas-empresas-faturem-mais-anualmente\/#breadcrumb"},"inLanguage":"pt-BR","potentialAction":[{"@type":"ReadAction","target":["https:\/\/uolhost.uol.com.br\/blog\/novo-teto-do-supersimples-permite-que-micro-e-pequenas-empresas-faturem-mais-anualmente\/"]}]},{"@type":"ImageObject","inLanguage":"pt-BR","@id":"https:\/\/uolhost.uol.com.br\/blog\/novo-teto-do-supersimples-permite-que-micro-e-pequenas-empresas-faturem-mais-anualmente\/#primaryimage","url":"https:\/\/uolhost.uol.com.br\/blog\/wp-content\/uploads\/2020\/07\/nov-oteto-1478025662698_600x320.jpg?wsr","contentUrl":"https:\/\/uolhost.uol.com.br\/blog\/wp-content\/uploads\/2020\/07\/nov-oteto-1478025662698_600x320.jpg?wsr","width":600,"height":320},{"@type":"BreadcrumbList","@id":"https:\/\/uolhost.uol.com.br\/blog\/novo-teto-do-supersimples-permite-que-micro-e-pequenas-empresas-faturem-mais-anualmente\/#breadcrumb","itemListElement":[{"@type":"ListItem","position":1,"name":"In\u00edcio","item":"https:\/\/uolhost.uol.com.br\/blog\/"},{"@type":"ListItem","position":2,"name":"Novo teto do Supersimples permite que micro e pequenas empresas faturem mais anualmente"}]},{"@type":"WebSite","@id":"https:\/\/uolhost.uol.com.br\/blog\/#website","url":"https:\/\/uolhost.uol.com.br\/blog\/","name":"Blog UOL Host","description":"","publisher":{"@id":"https:\/\/uolhost.uol.com.br\/blog\/#organization"},"potentialAction":[{"@type":"SearchAction","target":{"@type":"EntryPoint","urlTemplate":"https:\/\/uolhost.uol.com.br\/blog\/?s={search_term_string}"},"query-input":{"@type":"PropertyValueSpecification","valueRequired":true,"valueName":"search_term_string"}}],"inLanguage":"pt-BR"},{"@type":"Organization","@id":"https:\/\/uolhost.uol.com.br\/blog\/#organization","name":"Blog UOL Host","url":"https:\/\/uolhost.uol.com.br\/blog\/","logo":{"@type":"ImageObject","inLanguage":"pt-BR","@id":"https:\/\/uolhost.uol.com.br\/blog\/#\/schema\/logo\/image\/","url":"https:\/\/uolhost.uol.com.br\/blog\/wp-content\/uploads\/2025\/01\/UOL_Host.png?wsr","contentUrl":"https:\/\/uolhost.uol.com.br\/blog\/wp-content\/uploads\/2025\/01\/UOL_Host.png?wsr","width":2000,"height":393,"caption":"Blog UOL Host"},"image":{"@id":"https:\/\/uolhost.uol.com.br\/blog\/#\/schema\/logo\/image\/"}},{"@type":"Person","@id":"https:\/\/uolhost.uol.com.br\/blog\/#\/schema\/person\/41505c2cd07dc07109e30bea51edee93","name":"Yuri Torres","image":{"@type":"ImageObject","inLanguage":"pt-BR","@id":"https:\/\/uolhost.uol.com.br\/blog\/#\/schema\/person\/image\/","url":"https:\/\/secure.gravatar.com\/avatar\/4c96a05faea9fdf86f95d5b723e438c9cc14ad5c342d76486e5a4c8ac8259492?s=96&d=mm&r=g","contentUrl":"https:\/\/secure.gravatar.com\/avatar\/4c96a05faea9fdf86f95d5b723e438c9cc14ad5c342d76486e5a4c8ac8259492?s=96&d=mm&r=g","caption":"Yuri Torres"},"description":"Profissional de Reda\u00e7\u00e3o e Marketing, com 10 anos de experi\u00eancia no desenvolvimento de estrat\u00e9gias de conte\u00fado voltadas \u00e0 comunica\u00e7\u00e3o de marcas. Atua na cria\u00e7\u00e3o de materiais que fortalecem a presen\u00e7a digital, ampliam o engajamento e contribuem para o alcance de resultados alinhados aos objetivos de neg\u00f3cio, com experi\u00eancia no atendimento a empresas de diferentes segmentos. LinkedIn","sameAs":["https:\/\/www.linkedin.com\/in\/yuri-torres-271093108\/"],"url":"https:\/\/uolhost.uol.com.br\/blog\/author\/yuri-torres\/"}]}},"_links":{"self":[{"href":"https:\/\/uolhost.uol.com.br\/blog\/wp-json\/wp\/v2\/posts\/9021","targetHints":{"allow":["GET"]}}],"collection":[{"href":"https:\/\/uolhost.uol.com.br\/blog\/wp-json\/wp\/v2\/posts"}],"about":[{"href":"https:\/\/uolhost.uol.com.br\/blog\/wp-json\/wp\/v2\/types\/post"}],"author":[{"embeddable":true,"href":"https:\/\/uolhost.uol.com.br\/blog\/wp-json\/wp\/v2\/users\/24"}],"replies":[{"embeddable":true,"href":"https:\/\/uolhost.uol.com.br\/blog\/wp-json\/wp\/v2\/comments?post=9021"}],"version-history":[{"count":1,"href":"https:\/\/uolhost.uol.com.br\/blog\/wp-json\/wp\/v2\/posts\/9021\/revisions"}],"predecessor-version":[{"id":18255,"href":"https:\/\/uolhost.uol.com.br\/blog\/wp-json\/wp\/v2\/posts\/9021\/revisions\/18255"}],"wp:featuredmedia":[{"embeddable":true,"href":"https:\/\/uolhost.uol.com.br\/blog\/wp-json\/wp\/v2\/media\/9028"}],"wp:attachment":[{"href":"https:\/\/uolhost.uol.com.br\/blog\/wp-json\/wp\/v2\/media?parent=9021"}],"wp:term":[{"taxonomy":"category","embeddable":true,"href":"https:\/\/uolhost.uol.com.br\/blog\/wp-json\/wp\/v2\/categories?post=9021"},{"taxonomy":"post_tag","embeddable":true,"href":"https:\/\/uolhost.uol.com.br\/blog\/wp-json\/wp\/v2\/tags?post=9021"}],"curies":[{"name":"wp","href":"https:\/\/api.w.org\/{rel}","templated":true}]}}