{"id":9403,"date":"2020-07-04T16:01:29","date_gmt":"2020-07-04T19:01:29","guid":{"rendered":"https:\/\/meunegocio.uol.com.br\/blog\/?p=9403"},"modified":"2026-01-15T11:31:11","modified_gmt":"2026-01-15T14:31:11","slug":"o-que-e-flat-design-e-como-aplica-lo-em-seu-site","status":"publish","type":"post","link":"https:\/\/uolhost.uol.com.br\/blog\/o-que-e-flat-design-e-como-aplica-lo-em-seu-site\/","title":{"rendered":"O que \u00e9 Flat Design (e como aplic\u00e1-lo em seu site)"},"content":{"rendered":"<h2 style=\"font-family: UOLText, Arial, sans-serif; font-weight: 100; line-height: 1.1; color: #444444; margin-bottom: 25px; font-size: 26px; letter-spacing: normal; text-align: start;\">Tend\u00eancia minimalista ganha cada vez mais espa\u00e7o na web<\/h2>\n<p style=\"font-size: 17px; line-height: 24px; word-break: break-word; color: #666666; font-family: UOLText, Arial, sans-serif; letter-spacing: normal;\">De um tempo para c\u00e1, voc\u00ea vem reparando que as marcas t\u00eam deixado seus logotipos, aplicativos e sites mais&nbsp;<em>clean&nbsp;<\/em>e com o m\u00ednimo de informa\u00e7\u00e3o poss\u00edvel? Isso nada mais \u00e9 do que o novo movimento de design, que recebe o nome de Flat Design, ou, em portugu\u00eas, design plano. Esse conceito come\u00e7ou a ganhar for\u00e7a nos \u00faltimos cinco anos, sobretudo, ap\u00f3s o lan\u00e7amento do Windows 8 da Microsoft, uma das empresas pioneiras no Flat Design.<\/p>\n<p style=\"font-size: 17px; line-height: 24px; word-break: break-word; color: #666666; font-family: UOLText, Arial, sans-serif; letter-spacing: normal;\">\u21d2&nbsp;Leia tamb\u00e9m:&nbsp;<a style=\"color: #1082be;\" href=\"https:\/\/www.uolhost.uol.com.br\/academia\/noticias\/2014\/10\/28\/ux-design-como-melhor-a-experiencia-do-usuario-na-sua-loja-virtual.html\">UX Design: Como melhorar a experi\u00eancia do usu\u00e1rio na sua loja virtual<\/a><\/p>\n<p style=\"font-size: 17px; line-height: 24px; word-break: break-word; color: #666666; font-family: UOLText, Arial, sans-serif; letter-spacing: normal;\">No in\u00edcio, os primeiros sites se preocupavam em chamar a aten\u00e7\u00e3o dos visitantes por meio de ilustra\u00e7\u00f5es e anima\u00e7\u00f5es chamativas e exageradas. Mais tarde, foi a vez da onda do design skeum\u00f3rfico. Basicamente, essa tend\u00eancia procurava levar aspectos da vida real \u00e0s telas de computadores e dispositivos m\u00f3veis. Nisso, era comum ver interfaces que tentavam imitar objetos do mundo f\u00edsico.<\/p>\n<p style=\"font-size: 17px; line-height: 24px; word-break: break-word; color: #666666; font-family: UOLText, Arial, sans-serif; letter-spacing: normal;\">Um exemplo cl\u00e1ssico s\u00e3o os aplicativos e \u00edcones das primeiras vers\u00f5es do sistema operacional da Apple, o iOS.<\/p>\n<p style=\"margin-bottom: 20px; font-size: 17px; line-height: 24px; word-break: break-word; color: #666666; font-family: UOLText, Arial, sans-serif; letter-spacing: normal;\">A calculadora, por exemplo, foi projetada para parecer uma de verdade. O uso de sombras, relevos, gradientes e outras ferramentas que adicionam profundidade s\u00e3o marcantes no design skeum\u00f3rfico.<\/p>\n<p><img loading=\"lazy\" decoding=\"async\" src=\"https:\/\/uolhost.uol.com.br\/blog\/wp-content\/uploads\/2020\/07\/calculadora-iphone-1473091093354_1279x960-1024x769.jpg\" alt=\"\" width=\"1024\" height=\"769\"><\/p>\n<p style=\"font-size: 17px; line-height: 24px; word-break: break-word; color: #666666; font-family: UOLText, Arial, sans-serif; letter-spacing: normal;\">O Flat Design chegou para derrubar todas essas caracter\u00edsticas. Como as telas diminu\u00edram de tamanho por conta da populariza\u00e7\u00e3o de smartphones e tablets, a interface plana facilita a experi\u00eancia e a intera\u00e7\u00e3o do usu\u00e1rio.<\/p>\n<p style=\"font-size: 17px; line-height: 24px; word-break: break-word; color: #666666; font-family: UOLText, Arial, sans-serif; letter-spacing: normal;\">\u21d2&nbsp;Leia tamb\u00e9m:&nbsp;<a style=\"color: #1082be;\" href=\"https:\/\/www.uolhost.uol.com.br\/academia\/noticias\/tecnologia\/2015\/09\/22\/esclareca-suas-duvidas-sobre-design-responsivo-e-invista-ja-nele.html\">Esclare\u00e7a suas d\u00favidas sobre design responsivo e invista j\u00e1 nele<\/a><\/p>\n<p style=\"font-size: 17px; line-height: 24px; word-break: break-word; color: #666666; font-family: UOLText, Arial, sans-serif; letter-spacing: normal;\">O conceito descarta diversos elementos visuais e detalhes extras e cria um design minimalista, que prefere substituir o estilo pela simplicidade, funcionalidade e clareza. Mais do que isso, o uso de imagens planas e \u00edcones ajuda o site a carregar mais r\u00e1pido, uma vez que o navegador n\u00e3o precisa processar todos os outros elementos gr\u00e1ficos que v\u00eam com a imagem principal.<\/p>\n<p style=\"margin-bottom: 20px; font-size: 17px; line-height: 24px; word-break: break-word; color: #666666; font-family: UOLText, Arial, sans-serif; letter-spacing: normal;\">Como foi mencionado acima, a Microsoft foi uma das primeiras grandes empresas de tecnologia que adotaram esse conceito, quando lan\u00e7ou o Windows 8. O sistema operacional valoriza a tipografia e organiza os aplicativos em gr\u00e1ficos.<\/p>\n<p style=\"margin-bottom: 20px; font-size: 17px; line-height: 24px; word-break: break-word; color: #666666; font-family: UOLText, Arial, sans-serif; letter-spacing: normal;\"><img loading=\"lazy\" decoding=\"async\" src=\"https:\/\/uolhost.uol.com.br\/blog\/wp-content\/uploads\/2020\/07\/windons-8-1473091138412_1168x730-1024x640.jpg\" alt=\"\" width=\"1024\" height=\"640\"><\/p>\n<p style=\"font-size: 17px; line-height: 24px; word-break: break-word; color: #666666; font-family: UOLText, Arial, sans-serif; letter-spacing: normal;\">Como aplicar Flat Design em seu site<\/p>\n<p style=\"font-size: 17px; line-height: 24px; word-break: break-word; color: #666666; font-family: UOLText, Arial, sans-serif; letter-spacing: normal;\">O Flat Design \u00e9 a tend\u00eancia e, cada vez mais, web designers est\u00e3o abra\u00e7ando essa t\u00e9cnica na&nbsp;<a style=\"color: #1082be;\" href=\"https:\/\/www.uolhost.uol.com.br\/academia\/downloads\/e-books\/passo-a-passo-para-criar-o-primeiro-site.html\">cria\u00e7\u00e3o de sites<\/a>. Aqui, os princ\u00edpios da simplicidade e da usabilidade orientam os profissionais na cria\u00e7\u00e3o de layouts, logotipos, softwares, \u00edcones e por a\u00ed vai.<\/p>\n<p>\t\t\t\t\t\t\t\t\t\t\t<a href=\"http:\/\/clicklogger.rm.uol.com.br\/?prd=939&amp;grp=src:13;chn:546;cpg:cross-sell-banner-site-pronto;&amp;msr=Cliques%20de%20Origem:1&amp;oper=11&amp;redir=https:\/\/cadastro.uol.com.br\/indexb.html?eos=yes&amp;skin=cadastrounificado\/visitor\/pf&amp;skinPath=meunegocio&amp;promochild=PROMPKSC3387\"><br \/>\n<img decoding=\"async\" src=\"https:\/\/uolhost.uol.com.br\/blog\/wp-content\/uploads\/2020\/04\/banner_uolmn_lojavirtuol_academia-1.gif\" title=\"banner_uolmn_lojavirtuol_academia\" alt=\"banner_uolmn_lojavirtuol_academia\">\t\t\t\t\t\t\t\t<\/a><\/p>\n<p style=\"font-size: 17px; line-height: 24px; word-break: break-word; color: #666666; font-family: UOLText, Arial, sans-serif; letter-spacing: normal;\">\u21d2&nbsp;Leia tamb\u00e9m:&nbsp;<a style=\"color: #1082be;\" href=\"https:\/\/www.uolhost.uol.com.br\/academia\/noticias\/e-commerce\/2016\/03\/31\/4-cases-de-sucesso-de-ux-design-para-inspirar-seu-e-commerce.html\">4 Cases de sucesso de UX Design para inspirar seu e-commerce<\/a><\/p>\n<p style=\"font-size: 17px; line-height: 24px; word-break: break-word; color: #666666; font-family: UOLText, Arial, sans-serif; letter-spacing: normal;\">Se voc\u00ea n\u00e3o quer ficar fora da moda, acompanhe as dicas abaixo e fique por dentro de alguns conceitos do design plano!<\/p>\n<ul style=\"margin-bottom: 10px; padding-left: 30px; color: #666666; font-family: UOLText, Arial, sans-serif; font-size: 14px; letter-spacing: normal;\">\n<li style=\"list-style: disc;\">\n<p style=\"margin-bottom: 20px; font-size: 17px; line-height: 24px; word-break: break-word;\">N\u00e3o \u00e0 profundidade!:&nbsp;a princ\u00edpio, esque\u00e7a completamente as no\u00e7\u00f5es de profundidade. Imagens em 3D n\u00e3o t\u00eam vez no Flat Design.<\/p>\n<\/li>\n<\/ul>\n<p><img loading=\"lazy\" decoding=\"async\" src=\"https:\/\/uolhost.uol.com.br\/blog\/wp-content\/uploads\/2020\/07\/shoptime-antigo-1473091177346_702x229.jpg\" alt=\"\" width=\"702\" height=\"229\">&nbsp;Logo antigo do Shoptime.com com efeito 3D.&nbsp;<\/p>\n<p><img loading=\"lazy\" decoding=\"async\" src=\"https:\/\/uolhost.uol.com.br\/blog\/wp-content\/uploads\/2020\/07\/shoptime-novo-1473091246413_280x100.jpg\" alt=\"\" width=\"280\" height=\"100\"><\/p>\n<p style=\"font-size: 17px; line-height: 24px; word-break: break-word; color: #666666; font-family: UOLText, Arial, sans-serif; letter-spacing: normal;\">Novo visual do e-commerce com logo mais \u201cclean\u201d<\/p>\n<ul style=\"margin-bottom: 10px; padding-left: 30px; color: #666666; font-family: UOLText, Arial, sans-serif; font-size: 14px; letter-spacing: normal;\">\n<li style=\"list-style: disc;\">\n<p style=\"margin-bottom: 20px; font-size: 17px; line-height: 24px; word-break: break-word;\">Simples e bonito:&nbsp;removendo todos os elementos que d\u00e3o profundidade, como sombras, bordas chanfradas e gradientes, as imagens e os \u00edcones ganham formatos simples \u2013 e at\u00e9 bonitos. Normalmente, utilizam-se formas geogr\u00e1ficas b\u00e1sicas, como c\u00edrculos, quadrados e ret\u00e2ngulos. Nada mais.<\/p>\n<\/li>\n<\/ul>\n<p><img loading=\"lazy\" decoding=\"async\" src=\"https:\/\/uolhost.uol.com.br\/blog\/wp-content\/uploads\/2020\/07\/instagram-1473091272307_550x300.jpg\" alt=\"\" width=\"550\" height=\"300\"><\/p>\n<p>&nbsp;\u00c0 esquerda, atual logo do Instagram baseado em conceitos de Flat Design. \u00c0 direita, o logo antigo.<\/p>\n<ul style=\"margin-bottom: 10px; padding-left: 30px; color: #666666; font-family: UOLText, Arial, sans-serif; font-size: 14px; letter-spacing: normal;\">\n<li style=\"list-style: disc;\">\n<p style=\"margin-bottom: 20px; font-size: 17px; line-height: 24px; word-break: break-word;\">Fontes limpas:&nbsp;a&nbsp;<a style=\"color: #1082be;\" href=\"https:\/\/www.uolhost.uol.com.br\/academia\/noticias\/gestao-de-empresas\/2016\/06\/29\/como-escolher-a-fonte-ideal-para-o-seu-site.html\">tipografia<\/a>&nbsp;\u00e9 um detalhe que recebe muita aten\u00e7\u00e3o no Flat Design. Com mais espa\u00e7os, o texto ganha legibilidade. Para dar mais facilidade \u00e0 leitura, use frases curtas e prefira as fontes sans serif, ou seja, aquelas que n\u00e3o possuem marcas de decora\u00e7\u00e3o.<\/p>\n<\/li>\n<\/ul>\n<p><img loading=\"lazy\" decoding=\"async\" src=\"https:\/\/uolhost.uol.com.br\/blog\/wp-content\/uploads\/2020\/07\/sobrebarba-1473091346340_600x320.jpg\" alt=\"\" width=\"600\" height=\"320\">&nbsp;<\/p>\n<p style=\"margin-left: 18pt; font-size: 17px; line-height: 24px; word-break: break-word; color: #666666; font-family: UOLText, Arial, sans-serif; letter-spacing: normal;\">Loja virtual Sobrebarba. Fontes simples, textos curtos.<\/p>\n<ul style=\"margin-bottom: 10px; padding-left: 30px; color: #666666; font-family: UOLText, Arial, sans-serif; font-size: 14px; letter-spacing: normal;\">\n<li style=\"list-style: disc;\">\n<p style=\"margin-bottom: 20px; font-size: 17px; line-height: 24px; word-break: break-word;\">Cores vibrantes est\u00e3o na moda:&nbsp;a paleta de cores do Flat Design traz cores brilhantes e que se contrastam entre si.<\/p>\n<\/li>\n<\/ul>\n<p><img loading=\"lazy\" decoding=\"async\" src=\"https:\/\/uolhost.uol.com.br\/blog\/wp-content\/uploads\/2020\/07\/netshoes-1473091400485_600x320.jpg\" alt=\"\" width=\"600\" height=\"320\"><\/p>\n<p style=\"margin-left: 18pt; font-size: 17px; line-height: 24px; word-break: break-word; color: #666666; font-family: UOLText, Arial, sans-serif; letter-spacing: normal;\">Site da Netshoes com cores da paleta de Flat Design.<\/p>\n<ul style=\"margin-bottom: 10px; padding-left: 30px; color: #666666; font-family: UOLText, Arial, sans-serif; font-size: 14px; letter-spacing: normal;\">\n<li style=\"list-style: disc;\">\n<p style=\"margin-bottom: 20px; font-size: 17px; line-height: 24px; word-break: break-word;\">Car\u00e1ter minimalista:&nbsp;sabe a express\u00e3o \u201cmenos \u00e9 mais\u201d? Ent\u00e3o, ela faz muito sentido no Flat Design. O seu site possui muitos elementos desnecess\u00e1rios que s\u00f3 servem para impressionar os visitantes? Pode jog\u00e1-los fora. Cores e textos s\u00e3o mais do que suficientes para passar suas mensagens. Inspirado nas revistas impressas, esse princ\u00edpio valoriza os espa\u00e7os em branco, dando um pouco de respiro aos textos.<\/p>\n<\/li>\n<\/ul>\n<p><img loading=\"lazy\" decoding=\"async\" src=\"https:\/\/uolhost.uol.com.br\/blog\/wp-content\/uploads\/2020\/07\/whitepepper-1473091448567_600x320.jpg\" alt=\"\" width=\"600\" height=\"320\"><\/p>\n<p style=\"font-size: 17px; line-height: 24px; word-break: break-word; color: #666666; font-family: UOLText, Arial, sans-serif; letter-spacing: normal;\">\n<p style=\"font-size: 17px; line-height: 24px; word-break: break-word; color: #666666; font-family: UOLText, Arial, sans-serif; letter-spacing: normal;\">Site da loja virtual The White Pepper com tra\u00e7os minimalistas.<\/p>\n<p style=\"font-size: 17px; line-height: 24px; word-break: break-word; color: #666666; font-family: UOLText, Arial, sans-serif; letter-spacing: normal;\">E voc\u00ea, vai aderir ao Flat Design e dar adeus a sombras, gradientes e reflexos?<\/p>\n<p style=\"margin-bottom: 20px; font-size: 17px; line-height: 24px; word-break: break-word; color: #666666; font-family: UOLText, Arial, sans-serif; letter-spacing: normal;\">Ainda est\u00e1 montando seu site? Ent\u00e3o conhe\u00e7a os planos de&nbsp;<a style=\"color: #1082be;\" href=\"https:\/\/clicklogger.rm.uol.com.br\/?prd=16&amp;grp=chn:546;cpg_int:textos_academia;creative:O-que-%C3%A9-Flat-Design-e-como-aplic%C3%A1-lo-em-seu-site&amp;msr=Cliques%20de%20Origem:1&amp;oper=8&amp;redir=\/\/www.uolhost.uol.com.br\/hospedagem-de-sites.html\">Hospedagem do UOL HOST<\/a>, que, com certeza, t\u00eam um ideal para o seu projeto.<\/p>\n","protected":false},"excerpt":{"rendered":"<p>Tend\u00eancia minimalista ganha cada vez mais espa\u00e7o na web De um tempo para c\u00e1, voc\u00ea vem reparando que as marcas t\u00eam deixado seus logotipos, aplicativos e sites mais&nbsp;clean&nbsp;e com o m\u00ednimo de informa\u00e7\u00e3o poss\u00edvel? Isso nada mais \u00e9 do que o novo movimento de design, que recebe o nome de Flat Design, ou, em portugu\u00eas, [&hellip;]<\/p>\n","protected":false},"author":24,"featured_media":9404,"comment_status":"closed","ping_status":"closed","sticky":false,"template":"","format":"standard","meta":{"footnotes":""},"categories":[81,39],"tags":[],"class_list":["post-9403","post","type-post","status-publish","format-standard","has-post-thumbnail","hentry","category-noticias-e-mercado","category-tecnologia"],"gutentor_comment":0,"yoast_head":"<!-- This site is optimized with the Yoast SEO plugin v26.4 - https:\/\/yoast.com\/wordpress\/plugins\/seo\/ -->\n<title>O que \u00e9 Flat Design (e como aplic\u00e1-lo em seu site) \u2013 Academia UOL Meu neg\u00f3cio<\/title>\n<meta name=\"description\" content=\"O que \u00e9 Flat Design (e como aplic\u00e1-lo em seu site): leia este ou outros artigos sobre Tecnologia na Academia UOL Meu neg\u00f3cio.\" \/>\n<meta name=\"robots\" content=\"index, follow, max-snippet:-1, max-image-preview:large, max-video-preview:-1\" \/>\n<link rel=\"canonical\" href=\"https:\/\/uolhost.uol.com.br\/blog\/o-que-e-flat-design-e-como-aplica-lo-em-seu-site\/\" \/>\n<meta property=\"og:locale\" content=\"pt_BR\" \/>\n<meta property=\"og:type\" content=\"article\" \/>\n<meta property=\"og:title\" content=\"O que \u00e9 Flat Design (e como aplic\u00e1-lo em seu site) \u2013 Academia UOL Meu neg\u00f3cio\" \/>\n<meta property=\"og:description\" content=\"O que \u00e9 Flat Design (e como aplic\u00e1-lo em seu site): leia este ou outros artigos sobre Tecnologia na Academia UOL Meu neg\u00f3cio.\" \/>\n<meta property=\"og:url\" content=\"https:\/\/uolhost.uol.com.br\/blog\/o-que-e-flat-design-e-como-aplica-lo-em-seu-site\/\" \/>\n<meta property=\"article:published_time\" content=\"2020-07-04T19:01:29+00:00\" \/>\n<meta property=\"article:modified_time\" content=\"2026-01-15T14:31:11+00:00\" \/>\n<meta property=\"og:image\" content=\"https:\/\/uolhost.uol.com.br\/blog\/wp-content\/uploads\/2020\/07\/o-que-e-flat-design-e-como-aplica-lo-em-seu-site-1473091019343_600x320.jpg\" \/>\n\t<meta property=\"og:image:width\" content=\"600\" \/>\n\t<meta property=\"og:image:height\" content=\"320\" \/>\n\t<meta property=\"og:image:type\" content=\"image\/jpeg\" \/>\n<meta name=\"author\" content=\"Yuri Torres\" \/>\n<meta name=\"twitter:card\" content=\"summary_large_image\" \/>\n<meta name=\"twitter:label1\" content=\"Escrito por\" \/>\n\t<meta name=\"twitter:data1\" content=\"Yuri Torres\" \/>\n\t<meta name=\"twitter:label2\" content=\"Est. tempo de leitura\" \/>\n\t<meta name=\"twitter:data2\" content=\"4 minutos\" \/>\n<script type=\"application\/ld+json\" class=\"yoast-schema-graph\">{\"@context\":\"https:\/\/schema.org\",\"@graph\":[{\"@type\":\"Article\",\"@id\":\"https:\/\/uolhost.uol.com.br\/blog\/o-que-e-flat-design-e-como-aplica-lo-em-seu-site\/#article\",\"isPartOf\":{\"@id\":\"https:\/\/uolhost.uol.com.br\/blog\/o-que-e-flat-design-e-como-aplica-lo-em-seu-site\/\"},\"author\":{\"name\":\"Yuri Torres\",\"@id\":\"https:\/\/uolhost.uol.com.br\/blog\/#\/schema\/person\/41505c2cd07dc07109e30bea51edee93\"},\"headline\":\"O que \u00e9 Flat Design (e como aplic\u00e1-lo em seu site)\",\"datePublished\":\"2020-07-04T19:01:29+00:00\",\"dateModified\":\"2026-01-15T14:31:11+00:00\",\"mainEntityOfPage\":{\"@id\":\"https:\/\/uolhost.uol.com.br\/blog\/o-que-e-flat-design-e-como-aplica-lo-em-seu-site\/\"},\"wordCount\":818,\"publisher\":{\"@id\":\"https:\/\/uolhost.uol.com.br\/blog\/#organization\"},\"image\":{\"@id\":\"https:\/\/uolhost.uol.com.br\/blog\/o-que-e-flat-design-e-como-aplica-lo-em-seu-site\/#primaryimage\"},\"thumbnailUrl\":\"https:\/\/uolhost.uol.com.br\/blog\/wp-content\/uploads\/2020\/07\/o-que-e-flat-design-e-como-aplica-lo-em-seu-site-1473091019343_600x320.jpg?wsr\",\"articleSection\":[\"Not\u00edcias e Mercado\",\"Tecnologia\"],\"inLanguage\":\"pt-BR\"},{\"@type\":\"WebPage\",\"@id\":\"https:\/\/uolhost.uol.com.br\/blog\/o-que-e-flat-design-e-como-aplica-lo-em-seu-site\/\",\"url\":\"https:\/\/uolhost.uol.com.br\/blog\/o-que-e-flat-design-e-como-aplica-lo-em-seu-site\/\",\"name\":\"O que \u00e9 Flat Design (e como aplic\u00e1-lo em seu site) \u2013 Academia UOL Meu neg\u00f3cio\",\"isPartOf\":{\"@id\":\"https:\/\/uolhost.uol.com.br\/blog\/#website\"},\"primaryImageOfPage\":{\"@id\":\"https:\/\/uolhost.uol.com.br\/blog\/o-que-e-flat-design-e-como-aplica-lo-em-seu-site\/#primaryimage\"},\"image\":{\"@id\":\"https:\/\/uolhost.uol.com.br\/blog\/o-que-e-flat-design-e-como-aplica-lo-em-seu-site\/#primaryimage\"},\"thumbnailUrl\":\"https:\/\/uolhost.uol.com.br\/blog\/wp-content\/uploads\/2020\/07\/o-que-e-flat-design-e-como-aplica-lo-em-seu-site-1473091019343_600x320.jpg?wsr\",\"datePublished\":\"2020-07-04T19:01:29+00:00\",\"dateModified\":\"2026-01-15T14:31:11+00:00\",\"description\":\"O que \u00e9 Flat Design (e como aplic\u00e1-lo em seu site): leia este ou outros artigos sobre Tecnologia na Academia UOL Meu neg\u00f3cio.\",\"breadcrumb\":{\"@id\":\"https:\/\/uolhost.uol.com.br\/blog\/o-que-e-flat-design-e-como-aplica-lo-em-seu-site\/#breadcrumb\"},\"inLanguage\":\"pt-BR\",\"potentialAction\":[{\"@type\":\"ReadAction\",\"target\":[\"https:\/\/uolhost.uol.com.br\/blog\/o-que-e-flat-design-e-como-aplica-lo-em-seu-site\/\"]}]},{\"@type\":\"ImageObject\",\"inLanguage\":\"pt-BR\",\"@id\":\"https:\/\/uolhost.uol.com.br\/blog\/o-que-e-flat-design-e-como-aplica-lo-em-seu-site\/#primaryimage\",\"url\":\"https:\/\/uolhost.uol.com.br\/blog\/wp-content\/uploads\/2020\/07\/o-que-e-flat-design-e-como-aplica-lo-em-seu-site-1473091019343_600x320.jpg?wsr\",\"contentUrl\":\"https:\/\/uolhost.uol.com.br\/blog\/wp-content\/uploads\/2020\/07\/o-que-e-flat-design-e-como-aplica-lo-em-seu-site-1473091019343_600x320.jpg?wsr\",\"width\":600,\"height\":320},{\"@type\":\"BreadcrumbList\",\"@id\":\"https:\/\/uolhost.uol.com.br\/blog\/o-que-e-flat-design-e-como-aplica-lo-em-seu-site\/#breadcrumb\",\"itemListElement\":[{\"@type\":\"ListItem\",\"position\":1,\"name\":\"In\u00edcio\",\"item\":\"https:\/\/uolhost.uol.com.br\/blog\/\"},{\"@type\":\"ListItem\",\"position\":2,\"name\":\"O que \u00e9 Flat Design (e como aplic\u00e1-lo em seu site)\"}]},{\"@type\":\"WebSite\",\"@id\":\"https:\/\/uolhost.uol.com.br\/blog\/#website\",\"url\":\"https:\/\/uolhost.uol.com.br\/blog\/\",\"name\":\"Blog UOL Host\",\"description\":\"\",\"publisher\":{\"@id\":\"https:\/\/uolhost.uol.com.br\/blog\/#organization\"},\"potentialAction\":[{\"@type\":\"SearchAction\",\"target\":{\"@type\":\"EntryPoint\",\"urlTemplate\":\"https:\/\/uolhost.uol.com.br\/blog\/?s={search_term_string}\"},\"query-input\":{\"@type\":\"PropertyValueSpecification\",\"valueRequired\":true,\"valueName\":\"search_term_string\"}}],\"inLanguage\":\"pt-BR\"},{\"@type\":\"Organization\",\"@id\":\"https:\/\/uolhost.uol.com.br\/blog\/#organization\",\"name\":\"Blog UOL Host\",\"url\":\"https:\/\/uolhost.uol.com.br\/blog\/\",\"logo\":{\"@type\":\"ImageObject\",\"inLanguage\":\"pt-BR\",\"@id\":\"https:\/\/uolhost.uol.com.br\/blog\/#\/schema\/logo\/image\/\",\"url\":\"https:\/\/uolhost.uol.com.br\/blog\/wp-content\/uploads\/2025\/01\/UOL_Host.png?wsr\",\"contentUrl\":\"https:\/\/uolhost.uol.com.br\/blog\/wp-content\/uploads\/2025\/01\/UOL_Host.png?wsr\",\"width\":2000,\"height\":393,\"caption\":\"Blog UOL Host\"},\"image\":{\"@id\":\"https:\/\/uolhost.uol.com.br\/blog\/#\/schema\/logo\/image\/\"}},{\"@type\":\"Person\",\"@id\":\"https:\/\/uolhost.uol.com.br\/blog\/#\/schema\/person\/41505c2cd07dc07109e30bea51edee93\",\"name\":\"Yuri Torres\",\"image\":{\"@type\":\"ImageObject\",\"inLanguage\":\"pt-BR\",\"@id\":\"https:\/\/uolhost.uol.com.br\/blog\/#\/schema\/person\/image\/\",\"url\":\"https:\/\/secure.gravatar.com\/avatar\/4c96a05faea9fdf86f95d5b723e438c9cc14ad5c342d76486e5a4c8ac8259492?s=96&d=mm&r=g\",\"contentUrl\":\"https:\/\/secure.gravatar.com\/avatar\/4c96a05faea9fdf86f95d5b723e438c9cc14ad5c342d76486e5a4c8ac8259492?s=96&d=mm&r=g\",\"caption\":\"Yuri Torres\"},\"description\":\"Profissional de Reda\u00e7\u00e3o e Marketing, com 10 anos de experi\u00eancia no desenvolvimento de estrat\u00e9gias de conte\u00fado voltadas \u00e0 comunica\u00e7\u00e3o de marcas. Atua na cria\u00e7\u00e3o de materiais que fortalecem a presen\u00e7a digital, ampliam o engajamento e contribuem para o alcance de resultados alinhados aos objetivos de neg\u00f3cio, com experi\u00eancia no atendimento a empresas de diferentes segmentos. LinkedIn\",\"sameAs\":[\"https:\/\/www.linkedin.com\/in\/yuri-torres-271093108\/\"],\"url\":\"https:\/\/uolhost.uol.com.br\/blog\/author\/yuri-torres\/\"}]}<\/script>\n<!-- \/ Yoast SEO plugin. -->","yoast_head_json":{"title":"O que \u00e9 Flat Design (e como aplic\u00e1-lo em seu site) \u2013 Academia UOL Meu neg\u00f3cio","description":"O que \u00e9 Flat Design (e como aplic\u00e1-lo em seu site): leia este ou outros artigos sobre Tecnologia na Academia UOL Meu neg\u00f3cio.","robots":{"index":"index","follow":"follow","max-snippet":"max-snippet:-1","max-image-preview":"max-image-preview:large","max-video-preview":"max-video-preview:-1"},"canonical":"https:\/\/uolhost.uol.com.br\/blog\/o-que-e-flat-design-e-como-aplica-lo-em-seu-site\/","og_locale":"pt_BR","og_type":"article","og_title":"O que \u00e9 Flat Design (e como aplic\u00e1-lo em seu site) \u2013 Academia UOL Meu neg\u00f3cio","og_description":"O que \u00e9 Flat Design (e como aplic\u00e1-lo em seu site): leia este ou outros artigos sobre Tecnologia na Academia UOL Meu neg\u00f3cio.","og_url":"https:\/\/uolhost.uol.com.br\/blog\/o-que-e-flat-design-e-como-aplica-lo-em-seu-site\/","article_published_time":"2020-07-04T19:01:29+00:00","article_modified_time":"2026-01-15T14:31:11+00:00","og_image":[{"width":600,"height":320,"url":"https:\/\/uolhost.uol.com.br\/blog\/wp-content\/uploads\/2020\/07\/o-que-e-flat-design-e-como-aplica-lo-em-seu-site-1473091019343_600x320.jpg","type":"image\/jpeg"}],"author":"Yuri Torres","twitter_card":"summary_large_image","twitter_misc":{"Escrito por":"Yuri Torres","Est. tempo de leitura":"4 minutos"},"schema":{"@context":"https:\/\/schema.org","@graph":[{"@type":"Article","@id":"https:\/\/uolhost.uol.com.br\/blog\/o-que-e-flat-design-e-como-aplica-lo-em-seu-site\/#article","isPartOf":{"@id":"https:\/\/uolhost.uol.com.br\/blog\/o-que-e-flat-design-e-como-aplica-lo-em-seu-site\/"},"author":{"name":"Yuri Torres","@id":"https:\/\/uolhost.uol.com.br\/blog\/#\/schema\/person\/41505c2cd07dc07109e30bea51edee93"},"headline":"O que \u00e9 Flat Design (e como aplic\u00e1-lo em seu site)","datePublished":"2020-07-04T19:01:29+00:00","dateModified":"2026-01-15T14:31:11+00:00","mainEntityOfPage":{"@id":"https:\/\/uolhost.uol.com.br\/blog\/o-que-e-flat-design-e-como-aplica-lo-em-seu-site\/"},"wordCount":818,"publisher":{"@id":"https:\/\/uolhost.uol.com.br\/blog\/#organization"},"image":{"@id":"https:\/\/uolhost.uol.com.br\/blog\/o-que-e-flat-design-e-como-aplica-lo-em-seu-site\/#primaryimage"},"thumbnailUrl":"https:\/\/uolhost.uol.com.br\/blog\/wp-content\/uploads\/2020\/07\/o-que-e-flat-design-e-como-aplica-lo-em-seu-site-1473091019343_600x320.jpg?wsr","articleSection":["Not\u00edcias e Mercado","Tecnologia"],"inLanguage":"pt-BR"},{"@type":"WebPage","@id":"https:\/\/uolhost.uol.com.br\/blog\/o-que-e-flat-design-e-como-aplica-lo-em-seu-site\/","url":"https:\/\/uolhost.uol.com.br\/blog\/o-que-e-flat-design-e-como-aplica-lo-em-seu-site\/","name":"O que \u00e9 Flat Design (e como aplic\u00e1-lo em seu site) \u2013 Academia UOL Meu neg\u00f3cio","isPartOf":{"@id":"https:\/\/uolhost.uol.com.br\/blog\/#website"},"primaryImageOfPage":{"@id":"https:\/\/uolhost.uol.com.br\/blog\/o-que-e-flat-design-e-como-aplica-lo-em-seu-site\/#primaryimage"},"image":{"@id":"https:\/\/uolhost.uol.com.br\/blog\/o-que-e-flat-design-e-como-aplica-lo-em-seu-site\/#primaryimage"},"thumbnailUrl":"https:\/\/uolhost.uol.com.br\/blog\/wp-content\/uploads\/2020\/07\/o-que-e-flat-design-e-como-aplica-lo-em-seu-site-1473091019343_600x320.jpg?wsr","datePublished":"2020-07-04T19:01:29+00:00","dateModified":"2026-01-15T14:31:11+00:00","description":"O que \u00e9 Flat Design (e como aplic\u00e1-lo em seu site): leia este ou outros artigos sobre Tecnologia na Academia UOL Meu neg\u00f3cio.","breadcrumb":{"@id":"https:\/\/uolhost.uol.com.br\/blog\/o-que-e-flat-design-e-como-aplica-lo-em-seu-site\/#breadcrumb"},"inLanguage":"pt-BR","potentialAction":[{"@type":"ReadAction","target":["https:\/\/uolhost.uol.com.br\/blog\/o-que-e-flat-design-e-como-aplica-lo-em-seu-site\/"]}]},{"@type":"ImageObject","inLanguage":"pt-BR","@id":"https:\/\/uolhost.uol.com.br\/blog\/o-que-e-flat-design-e-como-aplica-lo-em-seu-site\/#primaryimage","url":"https:\/\/uolhost.uol.com.br\/blog\/wp-content\/uploads\/2020\/07\/o-que-e-flat-design-e-como-aplica-lo-em-seu-site-1473091019343_600x320.jpg?wsr","contentUrl":"https:\/\/uolhost.uol.com.br\/blog\/wp-content\/uploads\/2020\/07\/o-que-e-flat-design-e-como-aplica-lo-em-seu-site-1473091019343_600x320.jpg?wsr","width":600,"height":320},{"@type":"BreadcrumbList","@id":"https:\/\/uolhost.uol.com.br\/blog\/o-que-e-flat-design-e-como-aplica-lo-em-seu-site\/#breadcrumb","itemListElement":[{"@type":"ListItem","position":1,"name":"In\u00edcio","item":"https:\/\/uolhost.uol.com.br\/blog\/"},{"@type":"ListItem","position":2,"name":"O que \u00e9 Flat Design (e como aplic\u00e1-lo em seu site)"}]},{"@type":"WebSite","@id":"https:\/\/uolhost.uol.com.br\/blog\/#website","url":"https:\/\/uolhost.uol.com.br\/blog\/","name":"Blog UOL Host","description":"","publisher":{"@id":"https:\/\/uolhost.uol.com.br\/blog\/#organization"},"potentialAction":[{"@type":"SearchAction","target":{"@type":"EntryPoint","urlTemplate":"https:\/\/uolhost.uol.com.br\/blog\/?s={search_term_string}"},"query-input":{"@type":"PropertyValueSpecification","valueRequired":true,"valueName":"search_term_string"}}],"inLanguage":"pt-BR"},{"@type":"Organization","@id":"https:\/\/uolhost.uol.com.br\/blog\/#organization","name":"Blog UOL Host","url":"https:\/\/uolhost.uol.com.br\/blog\/","logo":{"@type":"ImageObject","inLanguage":"pt-BR","@id":"https:\/\/uolhost.uol.com.br\/blog\/#\/schema\/logo\/image\/","url":"https:\/\/uolhost.uol.com.br\/blog\/wp-content\/uploads\/2025\/01\/UOL_Host.png?wsr","contentUrl":"https:\/\/uolhost.uol.com.br\/blog\/wp-content\/uploads\/2025\/01\/UOL_Host.png?wsr","width":2000,"height":393,"caption":"Blog UOL Host"},"image":{"@id":"https:\/\/uolhost.uol.com.br\/blog\/#\/schema\/logo\/image\/"}},{"@type":"Person","@id":"https:\/\/uolhost.uol.com.br\/blog\/#\/schema\/person\/41505c2cd07dc07109e30bea51edee93","name":"Yuri Torres","image":{"@type":"ImageObject","inLanguage":"pt-BR","@id":"https:\/\/uolhost.uol.com.br\/blog\/#\/schema\/person\/image\/","url":"https:\/\/secure.gravatar.com\/avatar\/4c96a05faea9fdf86f95d5b723e438c9cc14ad5c342d76486e5a4c8ac8259492?s=96&d=mm&r=g","contentUrl":"https:\/\/secure.gravatar.com\/avatar\/4c96a05faea9fdf86f95d5b723e438c9cc14ad5c342d76486e5a4c8ac8259492?s=96&d=mm&r=g","caption":"Yuri Torres"},"description":"Profissional de Reda\u00e7\u00e3o e Marketing, com 10 anos de experi\u00eancia no desenvolvimento de estrat\u00e9gias de conte\u00fado voltadas \u00e0 comunica\u00e7\u00e3o de marcas. Atua na cria\u00e7\u00e3o de materiais que fortalecem a presen\u00e7a digital, ampliam o engajamento e contribuem para o alcance de resultados alinhados aos objetivos de neg\u00f3cio, com experi\u00eancia no atendimento a empresas de diferentes segmentos. LinkedIn","sameAs":["https:\/\/www.linkedin.com\/in\/yuri-torres-271093108\/"],"url":"https:\/\/uolhost.uol.com.br\/blog\/author\/yuri-torres\/"}]}},"_links":{"self":[{"href":"https:\/\/uolhost.uol.com.br\/blog\/wp-json\/wp\/v2\/posts\/9403","targetHints":{"allow":["GET"]}}],"collection":[{"href":"https:\/\/uolhost.uol.com.br\/blog\/wp-json\/wp\/v2\/posts"}],"about":[{"href":"https:\/\/uolhost.uol.com.br\/blog\/wp-json\/wp\/v2\/types\/post"}],"author":[{"embeddable":true,"href":"https:\/\/uolhost.uol.com.br\/blog\/wp-json\/wp\/v2\/users\/24"}],"replies":[{"embeddable":true,"href":"https:\/\/uolhost.uol.com.br\/blog\/wp-json\/wp\/v2\/comments?post=9403"}],"version-history":[{"count":1,"href":"https:\/\/uolhost.uol.com.br\/blog\/wp-json\/wp\/v2\/posts\/9403\/revisions"}],"predecessor-version":[{"id":20111,"href":"https:\/\/uolhost.uol.com.br\/blog\/wp-json\/wp\/v2\/posts\/9403\/revisions\/20111"}],"wp:featuredmedia":[{"embeddable":true,"href":"https:\/\/uolhost.uol.com.br\/blog\/wp-json\/wp\/v2\/media\/9404"}],"wp:attachment":[{"href":"https:\/\/uolhost.uol.com.br\/blog\/wp-json\/wp\/v2\/media?parent=9403"}],"wp:term":[{"taxonomy":"category","embeddable":true,"href":"https:\/\/uolhost.uol.com.br\/blog\/wp-json\/wp\/v2\/categories?post=9403"},{"taxonomy":"post_tag","embeddable":true,"href":"https:\/\/uolhost.uol.com.br\/blog\/wp-json\/wp\/v2\/tags?post=9403"}],"curies":[{"name":"wp","href":"https:\/\/api.w.org\/{rel}","templated":true}]}}