{"id":9675,"date":"2020-07-20T14:09:30","date_gmt":"2020-07-20T17:09:30","guid":{"rendered":"https:\/\/meunegocio.uol.com.br\/blog\/?p=9675"},"modified":"2026-01-15T11:29:36","modified_gmt":"2026-01-15T14:29:36","slug":"saiba-da-importancia-de-se-ter-uma-loja-virtual-mesmo-em-periodos-de-crise","status":"publish","type":"post","link":"https:\/\/uolhost.uol.com.br\/blog\/saiba-da-importancia-de-se-ter-uma-loja-virtual-mesmo-em-periodos-de-crise\/","title":{"rendered":"Saiba da import\u00e2ncia de se ter uma loja virtual, mesmo em per\u00edodos de crise"},"content":{"rendered":"<h2 style=\"font-family: UOLText, Arial, sans-serif; font-weight: 100; line-height: 1.1; color: #444444; margin-bottom: 25px; font-size: 26px; letter-spacing: normal; text-align: start;\">Veja as 3 principais vantagens que uma loja na internet oferece para voc\u00ea continuar com suas vendas<\/h2>\n<p style=\"margin-bottom: 11px; font-size: 17px; line-height: 24px; word-break: break-word; color: #666666; font-family: UOLText, Arial, sans-serif; letter-spacing: normal;\">Fique em casa. Quantas vezes voc\u00ea j\u00e1 ouviu ou leu isso nos \u00faltimos dias? Basta ligar a TV ou acessar um site de not\u00edcias para se deparar com essa recomenda\u00e7\u00e3o.<\/p>\n<p style=\"margin-bottom: 11px; font-size: 17px; line-height: 24px; word-break: break-word; color: #666666; font-family: UOLText, Arial, sans-serif; letter-spacing: normal;\">A quarentena pegou todos de surpresa. E para o empres\u00e1rio n\u00e3o foi diferente, afinal, tem sido um desafio tanto para a sa\u00fade quanto para a economia.<\/p>\n<p style=\"margin-bottom: 11px; font-size: 17px; line-height: 24px; word-break: break-word; color: #666666; font-family: UOLText, Arial, sans-serif; letter-spacing: normal;\">O que podemos tirar de proveito disso tudo s\u00e3o as oportunidades. E n\u00e3o s\u00e3o poucas.<\/p>\n<p style=\"margin-bottom: 11px; font-size: 17px; line-height: 24px; word-break: break-word; color: #666666; font-family: UOLText, Arial, sans-serif; letter-spacing: normal;\">Com a maioria das pessoas em casa, o acesso \u00e0 internet tamb\u00e9m aumentou e, como consequ\u00eancia, a maneira de consumir mudou. Sim, as pessoas v\u00e3o continuar consumindo, seja para pedir comida por aplicativo, fazer mercado e outras compras online.<\/p>\n<p style=\"margin-bottom: 11px; font-size: 17px; line-height: 24px; word-break: break-word; color: #666666; font-family: UOLText, Arial, sans-serif; letter-spacing: normal;\">A import\u00e2ncia de se ter lojas online em momentos de crise nunca foi t\u00e3o evidente como agora.<\/p>\n<p style=\"margin-bottom: 11px; font-size: 17px; line-height: 24px; word-break: break-word; color: #666666; font-family: UOLText, Arial, sans-serif; letter-spacing: normal;\">E como o seu neg\u00f3cio precisa se adaptar ao momento atual, preparamos uma lista com os principais pontos positivos em ter um neg\u00f3cio virtual e alcan\u00e7ar suas metas com vendas online durante a pandemia. Confira:<\/p>\n<p style=\"margin-bottom: 11px; font-size: 17px; line-height: 24px; word-break: break-word; color: #666666; font-family: UOLText, Arial, sans-serif; letter-spacing: normal;\">Seu neg\u00f3cio nunca para.<\/p>\n<p style=\"margin-bottom: 11px; font-size: 17px; line-height: 24px; word-break: break-word; color: #666666; font-family: UOLText, Arial, sans-serif; letter-spacing: normal;\">Diferente das lojas f\u00edsicas, uma <a href=\"https:\/\/meunegocio.uol.com.br\/loja-virtual\" target=\"_blank\" rel=\"noopener\">loja virtual funciona 24h<\/a>, ou seja, nunca fecha. Al\u00e9m de facilitar a vida de clientes que buscam produtos em hor\u00e1rios alternativos, essa \u00e9 uma grande vantagem para o empreendedor, que com uma <a href=\"https:\/\/meunegocio.uol.com.br\/loja-virtual\" target=\"_blank\" rel=\"noopener\">loja online<\/a> pode continuar vendendo seus produtos at\u00e9 quando ele mesmo n\u00e3o est\u00e1 trabalhando.<\/p>\n<p style=\"margin-bottom: 11px; font-size: 17px; line-height: 24px; word-break: break-word; color: #666666; font-family: UOLText, Arial, sans-serif; letter-spacing: normal;\">Venda para todo o Brasil<\/p>\n<p style=\"margin-bottom: 11px; font-size: 17px; line-height: 24px; word-break: break-word; color: #666666; font-family: UOLText, Arial, sans-serif; letter-spacing: normal;\">Com uma loja virtual, basta ter um endere\u00e7o na internet para vender seus produtos e pronto, todos que acessarem v\u00e3o ver seus produtos, ou seja, voc\u00ea n\u00e3o precisa abrir outros pontos f\u00edsicos de atendimento em cada lugar que seus clientes estiverem.<\/p>\n<p style=\"margin-bottom: 11px; font-size: 17px; line-height: 24px; word-break: break-word; color: #666666; font-family: UOLText, Arial, sans-serif; letter-spacing: normal;\">Al\u00e9m disso, as<a href=\"https:\/\/meunegocio.uol.com.br\/loja-virtual\"> lojas online t\u00eam integra\u00e7\u00e3o com as principais redes sociais<\/a> e podem facilitar a venda mesmo que seus clientes n\u00e3o acessem a loja oficial.<\/p>\n<p style=\"margin-bottom: 11px; font-size: 17px; line-height: 24px; word-break: break-word; color: #666666; font-family: UOLText, Arial, sans-serif; letter-spacing: normal;\">Mande mensagens por&nbsp;<a style=\"color: #1082be;\" href=\"https:\/\/www.uol.com.br\/tilt\/whatsapp\/\">WhatsApp<\/a>&nbsp;para seus clientes com o link da sua loja para que eles vejam suas novidades e promo\u00e7\u00f5es, divulgue seus produtos atrav\u00e9s de fotos e v\u00eddeos no&nbsp;<a style=\"color: #1082be;\" href=\"https:\/\/www.uol.com.br\/tilt\/facebook\/\">Facebook<\/a>&nbsp;e Instagram, interaja com seus clientes atrav\u00e9s de lives, trabalhe com op\u00e7\u00f5es de frete gr\u00e1tis e apresente essa condi\u00e7\u00e3o para todos os seus clientes. Enfim, deixe a criatividade fluir e mostre mesmo na situa\u00e7\u00e3o atual e do lugar do Brasil que seu neg\u00f3cio est\u00e1, seu cliente pode contar com seu neg\u00f3cio e continuar consumindo seus produtos.<\/p>\n<p>\t\t\t\t\t\t\t\t\t\t\t<a href=\"http:\/\/clicklogger.rm.uol.com.br\/?prd=939&amp;grp=src:13;chn:546;cpg:cross-sell-banner-site-pronto;&amp;msr=Cliques%20de%20Origem:1&amp;oper=11&amp;redir=https:\/\/cadastro.uol.com.br\/indexb.html?eos=yes&amp;skin=cadastrounificado\/visitor\/pf&amp;skinPath=meunegocio&amp;promochild=PROMPKSC3387\"><br \/>\n<img decoding=\"async\" src=\"https:\/\/uolhost.uol.com.br\/blog\/wp-content\/uploads\/2020\/04\/banner_uolmn_lojavirtuol_academia-1.gif\" title=\"banner_uolmn_lojavirtuol_academia\" alt=\"banner_uolmn_lojavirtuol_academia\">\t\t\t\t\t\t\t\t<\/a><\/p>\n<p style=\"margin-bottom: 11px; font-size: 17px; line-height: 24px; word-break: break-word; color: #666666; font-family: UOLText, Arial, sans-serif; letter-spacing: normal;\">Economia para o seu neg\u00f3cio<\/p>\n<p style=\"font-size: 17px; line-height: 24px; word-break: break-word; color: #666666; font-family: UOLText, Arial, sans-serif; letter-spacing: normal;\">\n<p style=\"margin-bottom: 11px; font-size: 17px; line-height: 24px; word-break: break-word; color: #666666; font-family: UOLText, Arial, sans-serif; letter-spacing: normal;\">Lojas virtuais n\u00e3o exigem tantos como uma loja f\u00edsica.<\/p>\n<p style=\"margin-bottom: 11px; font-size: 17px; line-height: 24px; word-break: break-word; color: #666666; font-family: UOLText, Arial, sans-serif; letter-spacing: normal;\">Pegue como exemplo uma loja de roupas ou cal\u00e7ados. Cada cliente que entra na loja exige o atendimento de um vendedor e nem sempre isso converte em vendas. Com uma loja online, o cliente pode navegar \u00e0 vontade e escolher seus produtos onde ele estiver.<\/p>\n<p style=\"margin-bottom: 11px; font-size: 17px; line-height: 24px; word-break: break-word; color: #666666; font-family: UOLText, Arial, sans-serif; letter-spacing: normal;\">Se formos pegar o valor de aluguel de um espa\u00e7o f\u00edsico para expor seus produtos, a\u00ed a matem\u00e1tica vai totalmente a favor do modelo virtual. Um ponto f\u00edsico exige reforma, manuten\u00e7\u00e3o, cuidado com higiene, folga para os funcion\u00e1rios e muitos outros fatores que geram custo elevado.<\/p>\n<p style=\"margin-bottom: 11px; font-size: 17px; line-height: 24px; word-break: break-word; color: #666666; font-family: UOLText, Arial, sans-serif; letter-spacing: normal;\">Vale deixar claro que economia para o seu neg\u00f3cio n\u00e3o quer dizer que voc\u00ea n\u00e3o ter\u00e1 custos. Claro que ser\u00e3o muito menores, como j\u00e1 falamos, mas voc\u00ea deve focar na boa experi\u00eancia do seu cliente a partir do momento que ele acessa sua loja online at\u00e9 ele efetuar o pagamento. Veja alguns pontos de aten\u00e7\u00e3o:<\/p>\n<p style=\"font-size: 17px; line-height: 24px; word-break: break-word; color: #666666; font-family: UOLText, Arial, sans-serif; letter-spacing: normal;\">\n<ul style=\"margin-bottom: 10px; padding-left: 30px; color: #666666; font-family: UOLText, Arial, sans-serif; font-size: 14px; letter-spacing: normal;\">\n<li style=\"list-style: disc; margin-left: 8px;\">Ofere\u00e7a uma loja f\u00e1cil de navegar;<\/li>\n<li style=\"list-style: disc; margin-left: 8px;\">Trabalhe com promo\u00e7\u00f5es. Voc\u00ea pode oferecer um desconto para a primeira compra;<\/li>\n<li style=\"list-style: disc; margin-left: 8px;\">Invista em fotos profissionais dos seus produtos;<\/li>\n<li style=\"list-style: disc; margin-left: 8px;\">Ofere\u00e7a op\u00e7\u00f5es de pagamento facilitadas: parcelamento, desconto no boleto, vouchers, cupons de desconto, entre outras;<\/li>\n<li style=\"list-style: disc; margin-left: 8px;\">Humanize seu atendimento: tenha um chat online dispon\u00edvel para pronto atendimento;<\/li>\n<li style=\"list-style: disc; margin-left: 8px;\">Forne\u00e7a op\u00e7\u00f5es de contato. Deixe dispon\u00edvel um n\u00famero de WhatsApp para que seu cliente possa ser atendido caso tenha alguma d\u00favida.<\/li>\n<li style=\"list-style: disc; margin-left: 8px;\">Integre sua loja as redes sociais: links da fanpage da sua marca no Facebook e no Instagram;<\/li>\n<li style=\"list-style: disc; margin-left: 8px;\">Ofere\u00e7a op\u00e7\u00f5es de trocas gr\u00e1tis. Isso \u00e9 muito utilizado em lojas de roupas e cal\u00e7ados, mas pode ser adaptado ao seu neg\u00f3cio;<\/li>\n<li style=\"list-style: disc; margin-left: 8px;\">No cadastro do seu cliente, pe\u00e7a apenas os dados necess\u00e1rios;<\/li>\n<li style=\"list-style: disc; margin-left: 8px;\">Passe seguran\u00e7a. Deixe claro que ao comprar no seu site, seu cliente n\u00e3o vai precisar se preocupar com v\u00edrus, hackers e exposi\u00e7\u00e3o de dados banc\u00e1rios e pessoais;<\/li>\n<li style=\"list-style: disc; margin-left: 8px;\">Pergunte ao seu cliente como foi a experi\u00eancia dele ao comprar na sua loja. Voc\u00ea pode fazer isso enviando um e-mail pedindo uma nota de 0 a 5, ou at\u00e9 mesmo na sua pr\u00f3pria loja ap\u00f3s efetuar a compra;<\/li>\n<li style=\"list-style: disc; margin-bottom: 11px; margin-left: 8px;\">Depois que seu cliente receber a mercadoria, trabalhe o p\u00f3s-venda. Pergunte se o produto chegou em bom estado, se chegou no prazo e se ele gostou.<\/li>\n<\/ul>\n<p style=\"font-size: 17px; line-height: 24px; word-break: break-word; color: #666666; font-family: UOLText, Arial, sans-serif; letter-spacing: normal;\">\n<p style=\"margin-bottom: 11px; font-size: 17px; line-height: 24px; word-break: break-word; color: #666666; font-family: UOLText, Arial, sans-serif; letter-spacing: normal;\">\n<p style=\"margin-bottom: 11px; font-size: 17px; line-height: 24px; word-break: break-word; color: #666666; font-family: UOLText, Arial, sans-serif; letter-spacing: normal;\">As pessoas est\u00e3o em casa, vivendo na incerteza do que vem por a\u00ed. Sendo assim, durante a crise, quanto mais o seu neg\u00f3cio deixar o seu cliente confort\u00e1vel, melhor.<\/p>\n<p style=\"margin-bottom: 11px; font-size: 17px; line-height: 24px; word-break: break-word; color: #666666; font-family: UOLText, Arial, sans-serif; letter-spacing: normal;\">Tanto agora quanto no futuro, vamos sempre te encorajar a empreender, pois sabemos a mudan\u00e7a de vida que um neg\u00f3cio online pode trazer na vida de uma pessoa.<\/p>\n<p style=\"margin-bottom: 11px; font-size: 17px; line-height: 24px; word-break: break-word; color: #666666; font-family: UOLText, Arial, sans-serif; letter-spacing: normal;\">Sempre d\u00e1 para fazer diferente. E \u00e9 nessa diferen\u00e7a que voc\u00ea vai oferecer, que seu cliente vai lembrar quando tudo isso passar.<\/p>\n<p style=\"margin-bottom: 11px; font-size: 17px; line-height: 24px; word-break: break-word; color: #666666; font-family: UOLText, Arial, sans-serif; letter-spacing: normal;\">\n<p style=\"margin-bottom: 11px; font-size: 17px; line-height: 24px; word-break: break-word; color: #666666; font-family: UOLText, Arial, sans-serif; letter-spacing: normal;\">Gostou das dicas para sua Loja Virtual? Acesse o&nbsp;<a style=\"color: #1082be;\" href=\"https:\/\/meunegocio.uol.com.br\/nao-para\">Meu Neg\u00f3cio N\u00e3o Para<\/a>&nbsp;e receba muitas outras. Al\u00e9m de dicas, essa iniciativa do UOL oferece cursos gr\u00e1tis, v\u00eddeos, papos com especialistas, e-books e muito mais para voc\u00ea enfrentar as dificuldades impostas pela crise.<\/p>\n","protected":false},"excerpt":{"rendered":"<p>Veja as 3 principais vantagens que uma loja na internet oferece para voc\u00ea continuar com suas vendas Fique em casa. Quantas vezes voc\u00ea j\u00e1 ouviu ou leu isso nos \u00faltimos dias? Basta ligar a TV ou acessar um site de not\u00edcias para se deparar com essa recomenda\u00e7\u00e3o. A quarentena pegou todos de surpresa. E para [&hellip;]<\/p>\n","protected":false},"author":24,"featured_media":4819,"comment_status":"closed","ping_status":"closed","sticky":false,"template":"","format":"standard","meta":{"footnotes":""},"categories":[33,88,38],"tags":[653],"class_list":["post-9675","post","type-post","status-publish","format-standard","has-post-thumbnail","hentry","category-presenca-digital","category-produtos-uol-meu-negocio","category-solucoes","tag-loja"],"gutentor_comment":0,"yoast_head":"<!-- This site is optimized with the Yoast SEO plugin v26.4 - https:\/\/yoast.com\/wordpress\/plugins\/seo\/ -->\n<title>Saiba da import\u00e2ncia de se ter uma loja virtual, mesmo em per\u00edodos de crise \u2013 Academia UOL Meu neg\u00f3cio<\/title>\n<meta name=\"description\" content=\"Saiba da import\u00e2ncia de se ter uma loja virtual, mesmo em per\u00edodos de crise: leia este ou outros artigos sobre Marketing Digital na Academia UOL Meu neg\u00f3cio.\" \/>\n<meta name=\"robots\" content=\"index, follow, max-snippet:-1, max-image-preview:large, max-video-preview:-1\" \/>\n<link rel=\"canonical\" href=\"https:\/\/uolhost.uol.com.br\/blog\/saiba-da-importancia-de-se-ter-uma-loja-virtual-mesmo-em-periodos-de-crise\/\" \/>\n<meta property=\"og:locale\" content=\"pt_BR\" \/>\n<meta property=\"og:type\" content=\"article\" \/>\n<meta property=\"og:title\" content=\"Saiba da import\u00e2ncia de se ter uma loja virtual, mesmo em per\u00edodos de crise \u2013 Academia UOL Meu neg\u00f3cio\" \/>\n<meta property=\"og:description\" content=\"Saiba da import\u00e2ncia de se ter uma loja virtual, mesmo em per\u00edodos de crise: leia este ou outros artigos sobre Marketing Digital na Academia UOL Meu neg\u00f3cio.\" \/>\n<meta property=\"og:url\" content=\"https:\/\/uolhost.uol.com.br\/blog\/saiba-da-importancia-de-se-ter-uma-loja-virtual-mesmo-em-periodos-de-crise\/\" \/>\n<meta property=\"article:published_time\" content=\"2020-07-20T17:09:30+00:00\" \/>\n<meta property=\"article:modified_time\" content=\"2026-01-15T14:29:36+00:00\" \/>\n<meta property=\"og:image\" content=\"https:\/\/uolhost.uol.com.br\/blog\/wp-content\/uploads\/2020\/04\/nova-academia-2-1441115872348_600x320__4_.jpg\" \/>\n\t<meta property=\"og:image:width\" content=\"600\" \/>\n\t<meta property=\"og:image:height\" content=\"320\" \/>\n\t<meta property=\"og:image:type\" content=\"image\/jpeg\" \/>\n<meta name=\"author\" content=\"Yuri Torres\" \/>\n<meta name=\"twitter:card\" content=\"summary_large_image\" \/>\n<meta name=\"twitter:label1\" content=\"Escrito por\" \/>\n\t<meta name=\"twitter:data1\" content=\"Yuri Torres\" \/>\n\t<meta name=\"twitter:label2\" content=\"Est. tempo de leitura\" \/>\n\t<meta name=\"twitter:data2\" content=\"5 minutos\" \/>\n<script type=\"application\/ld+json\" class=\"yoast-schema-graph\">{\"@context\":\"https:\/\/schema.org\",\"@graph\":[{\"@type\":\"Article\",\"@id\":\"https:\/\/uolhost.uol.com.br\/blog\/saiba-da-importancia-de-se-ter-uma-loja-virtual-mesmo-em-periodos-de-crise\/#article\",\"isPartOf\":{\"@id\":\"https:\/\/uolhost.uol.com.br\/blog\/saiba-da-importancia-de-se-ter-uma-loja-virtual-mesmo-em-periodos-de-crise\/\"},\"author\":{\"name\":\"Yuri Torres\",\"@id\":\"https:\/\/uolhost.uol.com.br\/blog\/#\/schema\/person\/41505c2cd07dc07109e30bea51edee93\"},\"headline\":\"Saiba da import\u00e2ncia de se ter uma loja virtual, mesmo em per\u00edodos de crise\",\"datePublished\":\"2020-07-20T17:09:30+00:00\",\"dateModified\":\"2026-01-15T14:29:36+00:00\",\"mainEntityOfPage\":{\"@id\":\"https:\/\/uolhost.uol.com.br\/blog\/saiba-da-importancia-de-se-ter-uma-loja-virtual-mesmo-em-periodos-de-crise\/\"},\"wordCount\":995,\"publisher\":{\"@id\":\"https:\/\/uolhost.uol.com.br\/blog\/#organization\"},\"image\":{\"@id\":\"https:\/\/uolhost.uol.com.br\/blog\/saiba-da-importancia-de-se-ter-uma-loja-virtual-mesmo-em-periodos-de-crise\/#primaryimage\"},\"thumbnailUrl\":\"https:\/\/uolhost.uol.com.br\/blog\/wp-content\/uploads\/2020\/04\/nova-academia-2-1441115872348_600x320__4_.jpg?wsr\",\"keywords\":[\"loja\"],\"articleSection\":[\"Presen\u00e7a digital\",\"Produtos UOL Meu Neg\u00f3cio\",\"Solu\u00e7\u00f5es\"],\"inLanguage\":\"pt-BR\"},{\"@type\":\"WebPage\",\"@id\":\"https:\/\/uolhost.uol.com.br\/blog\/saiba-da-importancia-de-se-ter-uma-loja-virtual-mesmo-em-periodos-de-crise\/\",\"url\":\"https:\/\/uolhost.uol.com.br\/blog\/saiba-da-importancia-de-se-ter-uma-loja-virtual-mesmo-em-periodos-de-crise\/\",\"name\":\"Saiba da import\u00e2ncia de se ter uma loja virtual, mesmo em per\u00edodos de crise \u2013 Academia UOL Meu neg\u00f3cio\",\"isPartOf\":{\"@id\":\"https:\/\/uolhost.uol.com.br\/blog\/#website\"},\"primaryImageOfPage\":{\"@id\":\"https:\/\/uolhost.uol.com.br\/blog\/saiba-da-importancia-de-se-ter-uma-loja-virtual-mesmo-em-periodos-de-crise\/#primaryimage\"},\"image\":{\"@id\":\"https:\/\/uolhost.uol.com.br\/blog\/saiba-da-importancia-de-se-ter-uma-loja-virtual-mesmo-em-periodos-de-crise\/#primaryimage\"},\"thumbnailUrl\":\"https:\/\/uolhost.uol.com.br\/blog\/wp-content\/uploads\/2020\/04\/nova-academia-2-1441115872348_600x320__4_.jpg?wsr\",\"datePublished\":\"2020-07-20T17:09:30+00:00\",\"dateModified\":\"2026-01-15T14:29:36+00:00\",\"description\":\"Saiba da import\u00e2ncia de se ter uma loja virtual, mesmo em per\u00edodos de crise: leia este ou outros artigos sobre Marketing Digital na Academia UOL Meu neg\u00f3cio.\",\"breadcrumb\":{\"@id\":\"https:\/\/uolhost.uol.com.br\/blog\/saiba-da-importancia-de-se-ter-uma-loja-virtual-mesmo-em-periodos-de-crise\/#breadcrumb\"},\"inLanguage\":\"pt-BR\",\"potentialAction\":[{\"@type\":\"ReadAction\",\"target\":[\"https:\/\/uolhost.uol.com.br\/blog\/saiba-da-importancia-de-se-ter-uma-loja-virtual-mesmo-em-periodos-de-crise\/\"]}]},{\"@type\":\"ImageObject\",\"inLanguage\":\"pt-BR\",\"@id\":\"https:\/\/uolhost.uol.com.br\/blog\/saiba-da-importancia-de-se-ter-uma-loja-virtual-mesmo-em-periodos-de-crise\/#primaryimage\",\"url\":\"https:\/\/uolhost.uol.com.br\/blog\/wp-content\/uploads\/2020\/04\/nova-academia-2-1441115872348_600x320__4_.jpg?wsr\",\"contentUrl\":\"https:\/\/uolhost.uol.com.br\/blog\/wp-content\/uploads\/2020\/04\/nova-academia-2-1441115872348_600x320__4_.jpg?wsr\",\"width\":600,\"height\":320},{\"@type\":\"BreadcrumbList\",\"@id\":\"https:\/\/uolhost.uol.com.br\/blog\/saiba-da-importancia-de-se-ter-uma-loja-virtual-mesmo-em-periodos-de-crise\/#breadcrumb\",\"itemListElement\":[{\"@type\":\"ListItem\",\"position\":1,\"name\":\"In\u00edcio\",\"item\":\"https:\/\/uolhost.uol.com.br\/blog\/\"},{\"@type\":\"ListItem\",\"position\":2,\"name\":\"Saiba da import\u00e2ncia de se ter uma loja virtual, mesmo em per\u00edodos de crise\"}]},{\"@type\":\"WebSite\",\"@id\":\"https:\/\/uolhost.uol.com.br\/blog\/#website\",\"url\":\"https:\/\/uolhost.uol.com.br\/blog\/\",\"name\":\"Blog UOL Host\",\"description\":\"\",\"publisher\":{\"@id\":\"https:\/\/uolhost.uol.com.br\/blog\/#organization\"},\"potentialAction\":[{\"@type\":\"SearchAction\",\"target\":{\"@type\":\"EntryPoint\",\"urlTemplate\":\"https:\/\/uolhost.uol.com.br\/blog\/?s={search_term_string}\"},\"query-input\":{\"@type\":\"PropertyValueSpecification\",\"valueRequired\":true,\"valueName\":\"search_term_string\"}}],\"inLanguage\":\"pt-BR\"},{\"@type\":\"Organization\",\"@id\":\"https:\/\/uolhost.uol.com.br\/blog\/#organization\",\"name\":\"Blog UOL Host\",\"url\":\"https:\/\/uolhost.uol.com.br\/blog\/\",\"logo\":{\"@type\":\"ImageObject\",\"inLanguage\":\"pt-BR\",\"@id\":\"https:\/\/uolhost.uol.com.br\/blog\/#\/schema\/logo\/image\/\",\"url\":\"https:\/\/uolhost.uol.com.br\/blog\/wp-content\/uploads\/2025\/01\/UOL_Host.png?wsr\",\"contentUrl\":\"https:\/\/uolhost.uol.com.br\/blog\/wp-content\/uploads\/2025\/01\/UOL_Host.png?wsr\",\"width\":2000,\"height\":393,\"caption\":\"Blog UOL Host\"},\"image\":{\"@id\":\"https:\/\/uolhost.uol.com.br\/blog\/#\/schema\/logo\/image\/\"}},{\"@type\":\"Person\",\"@id\":\"https:\/\/uolhost.uol.com.br\/blog\/#\/schema\/person\/41505c2cd07dc07109e30bea51edee93\",\"name\":\"Yuri Torres\",\"image\":{\"@type\":\"ImageObject\",\"inLanguage\":\"pt-BR\",\"@id\":\"https:\/\/uolhost.uol.com.br\/blog\/#\/schema\/person\/image\/\",\"url\":\"https:\/\/secure.gravatar.com\/avatar\/4c96a05faea9fdf86f95d5b723e438c9cc14ad5c342d76486e5a4c8ac8259492?s=96&d=mm&r=g\",\"contentUrl\":\"https:\/\/secure.gravatar.com\/avatar\/4c96a05faea9fdf86f95d5b723e438c9cc14ad5c342d76486e5a4c8ac8259492?s=96&d=mm&r=g\",\"caption\":\"Yuri Torres\"},\"description\":\"Profissional de Reda\u00e7\u00e3o e Marketing, com 10 anos de experi\u00eancia no desenvolvimento de estrat\u00e9gias de conte\u00fado voltadas \u00e0 comunica\u00e7\u00e3o de marcas. Atua na cria\u00e7\u00e3o de materiais que fortalecem a presen\u00e7a digital, ampliam o engajamento e contribuem para o alcance de resultados alinhados aos objetivos de neg\u00f3cio, com experi\u00eancia no atendimento a empresas de diferentes segmentos. LinkedIn\",\"sameAs\":[\"https:\/\/www.linkedin.com\/in\/yuri-torres-271093108\/\"],\"url\":\"https:\/\/uolhost.uol.com.br\/blog\/author\/yuri-torres\/\"}]}<\/script>\n<!-- \/ Yoast SEO plugin. -->","yoast_head_json":{"title":"Saiba da import\u00e2ncia de se ter uma loja virtual, mesmo em per\u00edodos de crise \u2013 Academia UOL Meu neg\u00f3cio","description":"Saiba da import\u00e2ncia de se ter uma loja virtual, mesmo em per\u00edodos de crise: leia este ou outros artigos sobre Marketing Digital na Academia UOL Meu neg\u00f3cio.","robots":{"index":"index","follow":"follow","max-snippet":"max-snippet:-1","max-image-preview":"max-image-preview:large","max-video-preview":"max-video-preview:-1"},"canonical":"https:\/\/uolhost.uol.com.br\/blog\/saiba-da-importancia-de-se-ter-uma-loja-virtual-mesmo-em-periodos-de-crise\/","og_locale":"pt_BR","og_type":"article","og_title":"Saiba da import\u00e2ncia de se ter uma loja virtual, mesmo em per\u00edodos de crise \u2013 Academia UOL Meu neg\u00f3cio","og_description":"Saiba da import\u00e2ncia de se ter uma loja virtual, mesmo em per\u00edodos de crise: leia este ou outros artigos sobre Marketing Digital na Academia UOL Meu neg\u00f3cio.","og_url":"https:\/\/uolhost.uol.com.br\/blog\/saiba-da-importancia-de-se-ter-uma-loja-virtual-mesmo-em-periodos-de-crise\/","article_published_time":"2020-07-20T17:09:30+00:00","article_modified_time":"2026-01-15T14:29:36+00:00","og_image":[{"width":600,"height":320,"url":"https:\/\/uolhost.uol.com.br\/blog\/wp-content\/uploads\/2020\/04\/nova-academia-2-1441115872348_600x320__4_.jpg","type":"image\/jpeg"}],"author":"Yuri Torres","twitter_card":"summary_large_image","twitter_misc":{"Escrito por":"Yuri Torres","Est. tempo de leitura":"5 minutos"},"schema":{"@context":"https:\/\/schema.org","@graph":[{"@type":"Article","@id":"https:\/\/uolhost.uol.com.br\/blog\/saiba-da-importancia-de-se-ter-uma-loja-virtual-mesmo-em-periodos-de-crise\/#article","isPartOf":{"@id":"https:\/\/uolhost.uol.com.br\/blog\/saiba-da-importancia-de-se-ter-uma-loja-virtual-mesmo-em-periodos-de-crise\/"},"author":{"name":"Yuri Torres","@id":"https:\/\/uolhost.uol.com.br\/blog\/#\/schema\/person\/41505c2cd07dc07109e30bea51edee93"},"headline":"Saiba da import\u00e2ncia de se ter uma loja virtual, mesmo em per\u00edodos de crise","datePublished":"2020-07-20T17:09:30+00:00","dateModified":"2026-01-15T14:29:36+00:00","mainEntityOfPage":{"@id":"https:\/\/uolhost.uol.com.br\/blog\/saiba-da-importancia-de-se-ter-uma-loja-virtual-mesmo-em-periodos-de-crise\/"},"wordCount":995,"publisher":{"@id":"https:\/\/uolhost.uol.com.br\/blog\/#organization"},"image":{"@id":"https:\/\/uolhost.uol.com.br\/blog\/saiba-da-importancia-de-se-ter-uma-loja-virtual-mesmo-em-periodos-de-crise\/#primaryimage"},"thumbnailUrl":"https:\/\/uolhost.uol.com.br\/blog\/wp-content\/uploads\/2020\/04\/nova-academia-2-1441115872348_600x320__4_.jpg?wsr","keywords":["loja"],"articleSection":["Presen\u00e7a digital","Produtos UOL Meu Neg\u00f3cio","Solu\u00e7\u00f5es"],"inLanguage":"pt-BR"},{"@type":"WebPage","@id":"https:\/\/uolhost.uol.com.br\/blog\/saiba-da-importancia-de-se-ter-uma-loja-virtual-mesmo-em-periodos-de-crise\/","url":"https:\/\/uolhost.uol.com.br\/blog\/saiba-da-importancia-de-se-ter-uma-loja-virtual-mesmo-em-periodos-de-crise\/","name":"Saiba da import\u00e2ncia de se ter uma loja virtual, mesmo em per\u00edodos de crise \u2013 Academia UOL Meu neg\u00f3cio","isPartOf":{"@id":"https:\/\/uolhost.uol.com.br\/blog\/#website"},"primaryImageOfPage":{"@id":"https:\/\/uolhost.uol.com.br\/blog\/saiba-da-importancia-de-se-ter-uma-loja-virtual-mesmo-em-periodos-de-crise\/#primaryimage"},"image":{"@id":"https:\/\/uolhost.uol.com.br\/blog\/saiba-da-importancia-de-se-ter-uma-loja-virtual-mesmo-em-periodos-de-crise\/#primaryimage"},"thumbnailUrl":"https:\/\/uolhost.uol.com.br\/blog\/wp-content\/uploads\/2020\/04\/nova-academia-2-1441115872348_600x320__4_.jpg?wsr","datePublished":"2020-07-20T17:09:30+00:00","dateModified":"2026-01-15T14:29:36+00:00","description":"Saiba da import\u00e2ncia de se ter uma loja virtual, mesmo em per\u00edodos de crise: leia este ou outros artigos sobre Marketing Digital na Academia UOL Meu neg\u00f3cio.","breadcrumb":{"@id":"https:\/\/uolhost.uol.com.br\/blog\/saiba-da-importancia-de-se-ter-uma-loja-virtual-mesmo-em-periodos-de-crise\/#breadcrumb"},"inLanguage":"pt-BR","potentialAction":[{"@type":"ReadAction","target":["https:\/\/uolhost.uol.com.br\/blog\/saiba-da-importancia-de-se-ter-uma-loja-virtual-mesmo-em-periodos-de-crise\/"]}]},{"@type":"ImageObject","inLanguage":"pt-BR","@id":"https:\/\/uolhost.uol.com.br\/blog\/saiba-da-importancia-de-se-ter-uma-loja-virtual-mesmo-em-periodos-de-crise\/#primaryimage","url":"https:\/\/uolhost.uol.com.br\/blog\/wp-content\/uploads\/2020\/04\/nova-academia-2-1441115872348_600x320__4_.jpg?wsr","contentUrl":"https:\/\/uolhost.uol.com.br\/blog\/wp-content\/uploads\/2020\/04\/nova-academia-2-1441115872348_600x320__4_.jpg?wsr","width":600,"height":320},{"@type":"BreadcrumbList","@id":"https:\/\/uolhost.uol.com.br\/blog\/saiba-da-importancia-de-se-ter-uma-loja-virtual-mesmo-em-periodos-de-crise\/#breadcrumb","itemListElement":[{"@type":"ListItem","position":1,"name":"In\u00edcio","item":"https:\/\/uolhost.uol.com.br\/blog\/"},{"@type":"ListItem","position":2,"name":"Saiba da import\u00e2ncia de se ter uma loja virtual, mesmo em per\u00edodos de crise"}]},{"@type":"WebSite","@id":"https:\/\/uolhost.uol.com.br\/blog\/#website","url":"https:\/\/uolhost.uol.com.br\/blog\/","name":"Blog UOL Host","description":"","publisher":{"@id":"https:\/\/uolhost.uol.com.br\/blog\/#organization"},"potentialAction":[{"@type":"SearchAction","target":{"@type":"EntryPoint","urlTemplate":"https:\/\/uolhost.uol.com.br\/blog\/?s={search_term_string}"},"query-input":{"@type":"PropertyValueSpecification","valueRequired":true,"valueName":"search_term_string"}}],"inLanguage":"pt-BR"},{"@type":"Organization","@id":"https:\/\/uolhost.uol.com.br\/blog\/#organization","name":"Blog UOL Host","url":"https:\/\/uolhost.uol.com.br\/blog\/","logo":{"@type":"ImageObject","inLanguage":"pt-BR","@id":"https:\/\/uolhost.uol.com.br\/blog\/#\/schema\/logo\/image\/","url":"https:\/\/uolhost.uol.com.br\/blog\/wp-content\/uploads\/2025\/01\/UOL_Host.png?wsr","contentUrl":"https:\/\/uolhost.uol.com.br\/blog\/wp-content\/uploads\/2025\/01\/UOL_Host.png?wsr","width":2000,"height":393,"caption":"Blog UOL Host"},"image":{"@id":"https:\/\/uolhost.uol.com.br\/blog\/#\/schema\/logo\/image\/"}},{"@type":"Person","@id":"https:\/\/uolhost.uol.com.br\/blog\/#\/schema\/person\/41505c2cd07dc07109e30bea51edee93","name":"Yuri Torres","image":{"@type":"ImageObject","inLanguage":"pt-BR","@id":"https:\/\/uolhost.uol.com.br\/blog\/#\/schema\/person\/image\/","url":"https:\/\/secure.gravatar.com\/avatar\/4c96a05faea9fdf86f95d5b723e438c9cc14ad5c342d76486e5a4c8ac8259492?s=96&d=mm&r=g","contentUrl":"https:\/\/secure.gravatar.com\/avatar\/4c96a05faea9fdf86f95d5b723e438c9cc14ad5c342d76486e5a4c8ac8259492?s=96&d=mm&r=g","caption":"Yuri Torres"},"description":"Profissional de Reda\u00e7\u00e3o e Marketing, com 10 anos de experi\u00eancia no desenvolvimento de estrat\u00e9gias de conte\u00fado voltadas \u00e0 comunica\u00e7\u00e3o de marcas. Atua na cria\u00e7\u00e3o de materiais que fortalecem a presen\u00e7a digital, ampliam o engajamento e contribuem para o alcance de resultados alinhados aos objetivos de neg\u00f3cio, com experi\u00eancia no atendimento a empresas de diferentes segmentos. LinkedIn","sameAs":["https:\/\/www.linkedin.com\/in\/yuri-torres-271093108\/"],"url":"https:\/\/uolhost.uol.com.br\/blog\/author\/yuri-torres\/"}]}},"_links":{"self":[{"href":"https:\/\/uolhost.uol.com.br\/blog\/wp-json\/wp\/v2\/posts\/9675","targetHints":{"allow":["GET"]}}],"collection":[{"href":"https:\/\/uolhost.uol.com.br\/blog\/wp-json\/wp\/v2\/posts"}],"about":[{"href":"https:\/\/uolhost.uol.com.br\/blog\/wp-json\/wp\/v2\/types\/post"}],"author":[{"embeddable":true,"href":"https:\/\/uolhost.uol.com.br\/blog\/wp-json\/wp\/v2\/users\/24"}],"replies":[{"embeddable":true,"href":"https:\/\/uolhost.uol.com.br\/blog\/wp-json\/wp\/v2\/comments?post=9675"}],"version-history":[{"count":1,"href":"https:\/\/uolhost.uol.com.br\/blog\/wp-json\/wp\/v2\/posts\/9675\/revisions"}],"predecessor-version":[{"id":20078,"href":"https:\/\/uolhost.uol.com.br\/blog\/wp-json\/wp\/v2\/posts\/9675\/revisions\/20078"}],"wp:featuredmedia":[{"embeddable":true,"href":"https:\/\/uolhost.uol.com.br\/blog\/wp-json\/wp\/v2\/media\/4819"}],"wp:attachment":[{"href":"https:\/\/uolhost.uol.com.br\/blog\/wp-json\/wp\/v2\/media?parent=9675"}],"wp:term":[{"taxonomy":"category","embeddable":true,"href":"https:\/\/uolhost.uol.com.br\/blog\/wp-json\/wp\/v2\/categories?post=9675"},{"taxonomy":"post_tag","embeddable":true,"href":"https:\/\/uolhost.uol.com.br\/blog\/wp-json\/wp\/v2\/tags?post=9675"}],"curies":[{"name":"wp","href":"https:\/\/api.w.org\/{rel}","templated":true}]}}